{"id":21409,"date":"2025-11-04T09:31:21","date_gmt":"2025-11-04T08:31:21","guid":{"rendered":"https:\/\/www.asajacyl.com\/palencia\/?p=21409"},"modified":"2025-11-04T09:31:24","modified_gmt":"2025-11-04T08:31:24","slug":"la-cotizacion-del-bovino-de-carne-lleva-plana-mas-de-un-mes-debido-a-la-dermatosis-nodular-contagiosa","status":"publish","type":"post","link":"https:\/\/www.asajacyl.com\/palencia\/asaja-palencia-informa\/la-cotizacion-del-bovino-de-carne-lleva-plana-mas-de-un-mes-debido-a-la-dermatosis-nodular-contagiosa","title":{"rendered":"La cotizaci\u00f3n del bovino de carne lleva plana m\u00e1s de un mes debido a la dermatosis nodular contagiosa"},"content":{"rendered":"\n<h2 class=\"wp-block-heading\">El bovino de carne lleva ya m\u00e1s de un mes con precios estables debido a la incertidumbre creada por la dermatosis nodular contagiosa (DNC), enfermedad que no se transmite al ser humano, ni por consumo de productos (carne, leche&#8230;), ni por contacto con animales infectados. Seg\u00fan se puso de manifiesto en la Lonja de Salamanca esta semana, la crisis sanitaria se percibe en un menor movimiento de ganado, aun cuando hasta ahora \u00fanicamente se han detectado focos en Gerona, y en Francia empiezan a flexibilizarse las restricciones iniciales.<\/h2>\n\n\n\n<p>Tras evaluar la situaci\u00f3n sanitaria en Francia, su Ministerio de Agricultura y Soberan\u00eda Alimentaria anunci\u00f3 la reanudaci\u00f3n de las exportaciones de ganado bovino desde el pasado 1 de noviembre, siempre bajo condiciones sanitarias controladas y con un seguimiento reforzado de las concentraciones de ganado. <\/p>\n\n\n\n<p>Por su parte, el Gobierno de Cantabria, que ha clausurado hasta fin de a\u00f1os los mercados y concentraciones ganaderas, ha reclamado al\u00a0Ministerio de Agricultura, Pesca y Alimentaci\u00f3n (MAPA) el cierre inmediato de las fronteras con Francia para el bovino tras esa decisi\u00f3n del pa\u00eds vecino, adoptada pese a no haber erradicado la enfermedad. <\/p>\n\n\n\n<p>El ejecutivo c\u00e1ntabro considera que se est\u00e1 poniendo en riesgo la ganader\u00eda de su comunidad; y teme que animales vacunados pero a\u00fan portadores del virus crucen la frontera, y causen un brote de consecuencias devastadoras\u00a0para la ganader\u00eda nacional. \u00a0<\/p>\n\n\n\n<p>Recordemos que la DNC es una enfermedad v\u00edrica que afecta a bovinos y que se transmite principalmente a trav\u00e9s de insectos. En los animales afectados causa fiebre, lesiones cut\u00e1neas, p\u00e9rdida de peso, infertilidad y disminuci\u00f3n dr\u00e1stica de la producci\u00f3n. Si bien no afecta a los humanos, el impacto econ\u00f3mico es grande, pues\u00a0obliga a sacrificar animales, restringir movimientos y suspender exportaciones.<\/p>\n\n\n\n<p><strong>VACUNACI\u00d3N EN CATALU\u00d1A Y ARAG\u00d3N. <\/strong>Por otro lado, la Comisi\u00f3n Europea ha autorizado recientemente al Ministerio de Agricultura de Espa\u00f1a ampliar el plan de vacunaci\u00f3n de emergencia contra el virus de la DNC a nuevas comarcas de Catalu\u00f1a y Arag\u00f3n, como medida de refuerzo para prevenir la expansi\u00f3n de la enfermedad tras la aparici\u00f3n de los dieciocho focos en explotaciones de Gerona.<\/p>\n\n\n\n<p>En ese contexto, ganaderos y compradores acordaron en la lonja salamantina este lunes, 3 de noviembre, mantener toda la tablilla, tanto en el bovino de vida como en el de sacrificio, a la espera de ver c\u00f3mo evoluciona la situaci\u00f3n sanitaria. <\/p>\n\n\n\n<p>Ya es la cuarta semana en la que se repiten las cotizaciones, situaci\u00f3n que nuestros ganaderos, pese al incremento de algunos costes, de momento est\u00e1n soportando mejor que otras crisis sanitarias anteriores gracias a la revalorizaci\u00f3n de los precios registrada en el \u00faltimo a\u00f1o, que a\u00fan ronda el 25 % pese al estancamiento de cotizaci\u00f3n que dura ya m\u00e1s de un mes.<strong>\/<\/strong><\/p>\n\n\n\n<figure class=\"wp-block-image size-large is-resized\"><img loading=\"lazy\" decoding=\"async\" width=\"1024\" height=\"768\" src=\"https:\/\/www.asajacyl.com\/palencia\/wp-content\/uploads\/sites\/3\/2025\/11\/Copia-de-Tabla-precios-ganaderia-1024x768.png\" alt=\"\" class=\"wp-image-21410\" style=\"width:1068px;height:auto\" srcset=\"https:\/\/www.asajacyl.com\/palencia\/wp-content\/uploads\/sites\/3\/2025\/11\/Copia-de-Tabla-precios-ganaderia-1024x768.png 1024w, https:\/\/www.asajacyl.com\/palencia\/wp-content\/uploads\/sites\/3\/2025\/11\/Copia-de-Tabla-precios-ganaderia-300x225.png 300w, https:\/\/www.asajacyl.com\/palencia\/wp-content\/uploads\/sites\/3\/2025\/11\/Copia-de-Tabla-precios-ganaderia-768x576.png 768w, https:\/\/www.asajacyl.com\/palencia\/wp-content\/uploads\/sites\/3\/2025\/11\/Copia-de-Tabla-precios-ganaderia-1536x1152.png 1536w, https:\/\/www.asajacyl.com\/palencia\/wp-content\/uploads\/sites\/3\/2025\/11\/Copia-de-Tabla-precios-ganaderia-2048x1536.png 2048w, https:\/\/www.asajacyl.com\/palencia\/wp-content\/uploads\/sites\/3\/2025\/11\/Copia-de-Tabla-precios-ganaderia-560x420.png 560w, https:\/\/www.asajacyl.com\/palencia\/wp-content\/uploads\/sites\/3\/2025\/11\/Copia-de-Tabla-precios-ganaderia-80x60.png 80w, https:\/\/www.asajacyl.com\/palencia\/wp-content\/uploads\/sites\/3\/2025\/11\/Copia-de-Tabla-precios-ganaderia-696x522.png 696w, https:\/\/www.asajacyl.com\/palencia\/wp-content\/uploads\/sites\/3\/2025\/11\/Copia-de-Tabla-precios-ganaderia-1068x801.png 1068w, https:\/\/www.asajacyl.com\/palencia\/wp-content\/uploads\/sites\/3\/2025\/11\/Copia-de-Tabla-precios-ganaderia-1920x1440.png 1920w\" sizes=\"(max-width: 1024px) 100vw, 1024px\" \/><\/figure>\n","protected":false},"excerpt":{"rendered":"<p>El bovino de carne lleva ya m\u00e1s de un mes con precios estables debido a la incertidumbre creada por la dermatosis nodular contagiosa (DNC), enfermedad que no se transmite al ser humano, ni por consumo de productos (carne, leche&#8230;), ni por contacto con animales infectados. Seg\u00fan se puso de manifiesto en la Lonja de Salamanca [&hellip;]<\/p>\n","protected":false},"author":9,"featured_media":21411,"comment_status":"open","ping_status":"open","sticky":false,"template":"","format":"standard","meta":{"footnotes":""},"categories":[9,29,36,28,13],"tags":[234,351,1490,1489,77,654,110,365,144],"yoast_head":"<!-- This site is optimized with the Yoast SEO plugin v24.5 - https:\/\/yoast.com\/wordpress\/plugins\/seo\/ -->\n<title>La cotizaci\u00f3n del bovino de carne lleva plana m\u00e1s de un mes debido a la dermatosis nodular contagiosa - ASAJA Palencia<\/title>\n<meta name=\"description\" content=\"El bovino de carne lleva ya m\u00e1s de un mes con precios estables debido a la incertidumbre creada por la dermatosis nodular contagiosa (DNC), enfermedad que\" \/>\n<meta name=\"robots\" content=\"index, follow, max-snippet:-1, max-image-preview:large, max-video-preview:-1\" \/>\n<link rel=\"canonical\" href=\"https:\/\/www.asajacyl.com\/palencia\/asaja-palencia-informa\/la-cotizacion-del-bovino-de-carne-lleva-plana-mas-de-un-mes-debido-a-la-dermatosis-nodular-contagiosa\" \/>\n<meta property=\"og:locale\" content=\"es_ES\" \/>\n<meta property=\"og:type\" content=\"article\" \/>\n<meta property=\"og:title\" content=\"La cotizaci\u00f3n del bovino de carne lleva plana m\u00e1s de un mes debido a la dermatosis nodular contagiosa - ASAJA Palencia\" \/>\n<meta property=\"og:description\" content=\"El bovino de carne lleva ya m\u00e1s de un mes con precios estables debido a la incertidumbre creada por la dermatosis nodular contagiosa (DNC), enfermedad que\" \/>\n<meta property=\"og:url\" content=\"https:\/\/www.asajacyl.com\/palencia\/asaja-palencia-informa\/la-cotizacion-del-bovino-de-carne-lleva-plana-mas-de-un-mes-debido-a-la-dermatosis-nodular-contagiosa\" \/>\n<meta property=\"og:site_name\" content=\"ASAJA Palencia\" \/>\n<meta property=\"article:published_time\" content=\"2025-11-04T08:31:21+00:00\" \/>\n<meta property=\"article:modified_time\" content=\"2025-11-04T08:31:24+00:00\" \/>\n<meta property=\"og:image\" content=\"https:\/\/www.asajacyl.com\/palencia\/wp-content\/uploads\/sites\/3\/2025\/11\/Bovino-carne-Palencia-1024x896.jpg\" \/>\n\t<meta property=\"og:image:width\" content=\"1024\" \/>\n\t<meta property=\"og:image:height\" content=\"896\" \/>\n\t<meta property=\"og:image:type\" content=\"image\/jpeg\" \/>\n<meta name=\"author\" content=\"Administrador\" \/>\n<meta name=\"twitter:card\" content=\"summary_large_image\" \/>\n<meta name=\"twitter:label1\" content=\"Escrito por\" \/>\n\t<meta name=\"twitter:data1\" content=\"Administrador\" \/>\n\t<meta name=\"twitter:label2\" content=\"Tiempo de lectura\" \/>\n\t<meta name=\"twitter:data2\" content=\"3 minutos\" \/>\n<script type=\"application\/ld+json\" class=\"yoast-schema-graph\">{\"@context\":\"https:\/\/schema.org\",\"@graph\":[{\"@type\":\"WebPage\",\"@id\":\"https:\/\/www.asajacyl.com\/palencia\/asaja-palencia-informa\/la-cotizacion-del-bovino-de-carne-lleva-plana-mas-de-un-mes-debido-a-la-dermatosis-nodular-contagiosa\",\"url\":\"https:\/\/www.asajacyl.com\/palencia\/asaja-palencia-informa\/la-cotizacion-del-bovino-de-carne-lleva-plana-mas-de-un-mes-debido-a-la-dermatosis-nodular-contagiosa\",\"name\":\"La cotizaci\u00f3n del bovino de carne lleva plana m\u00e1s de un mes debido a la dermatosis nodular contagiosa - ASAJA Palencia\",\"isPartOf\":{\"@id\":\"https:\/\/www.asajacyl.com\/palencia\/#website\"},\"primaryImageOfPage\":{\"@id\":\"https:\/\/www.asajacyl.com\/palencia\/asaja-palencia-informa\/la-cotizacion-del-bovino-de-carne-lleva-plana-mas-de-un-mes-debido-a-la-dermatosis-nodular-contagiosa#primaryimage\"},\"image\":{\"@id\":\"https:\/\/www.asajacyl.com\/palencia\/asaja-palencia-informa\/la-cotizacion-del-bovino-de-carne-lleva-plana-mas-de-un-mes-debido-a-la-dermatosis-nodular-contagiosa#primaryimage\"},\"thumbnailUrl\":\"https:\/\/www.asajacyl.com\/palencia\/wp-content\/uploads\/sites\/3\/2025\/11\/Bovino-carne-Palencia.jpg\",\"datePublished\":\"2025-11-04T08:31:21+00:00\",\"dateModified\":\"2025-11-04T08:31:24+00:00\",\"author\":{\"@id\":\"https:\/\/www.asajacyl.com\/palencia\/#\/schema\/person\/3ab17aeb03527485c317557fae64aab1\"},\"description\":\"El bovino de carne lleva ya m\u00e1s de un mes con precios estables debido a la incertidumbre creada por la dermatosis nodular contagiosa (DNC), enfermedad que\",\"breadcrumb\":{\"@id\":\"https:\/\/www.asajacyl.com\/palencia\/asaja-palencia-informa\/la-cotizacion-del-bovino-de-carne-lleva-plana-mas-de-un-mes-debido-a-la-dermatosis-nodular-contagiosa#breadcrumb\"},\"inLanguage\":\"es\",\"potentialAction\":[{\"@type\":\"ReadAction\",\"target\":[\"https:\/\/www.asajacyl.com\/palencia\/asaja-palencia-informa\/la-cotizacion-del-bovino-de-carne-lleva-plana-mas-de-un-mes-debido-a-la-dermatosis-nodular-contagiosa\"]}]},{\"@type\":\"ImageObject\",\"inLanguage\":\"es\",\"@id\":\"https:\/\/www.asajacyl.com\/palencia\/asaja-palencia-informa\/la-cotizacion-del-bovino-de-carne-lleva-plana-mas-de-un-mes-debido-a-la-dermatosis-nodular-contagiosa#primaryimage\",\"url\":\"https:\/\/www.asajacyl.com\/palencia\/wp-content\/uploads\/sites\/3\/2025\/11\/Bovino-carne-Palencia.jpg\",\"contentUrl\":\"https:\/\/www.asajacyl.com\/palencia\/wp-content\/uploads\/sites\/3\/2025\/11\/Bovino-carne-Palencia.jpg\",\"width\":1890,\"height\":1654},{\"@type\":\"BreadcrumbList\",\"@id\":\"https:\/\/www.asajacyl.com\/palencia\/asaja-palencia-informa\/la-cotizacion-del-bovino-de-carne-lleva-plana-mas-de-un-mes-debido-a-la-dermatosis-nodular-contagiosa#breadcrumb\",\"itemListElement\":[{\"@type\":\"ListItem\",\"position\":1,\"name\":\"Portada\",\"item\":\"https:\/\/www.asajacyl.com\/palencia\/\"},{\"@type\":\"ListItem\",\"position\":2,\"name\":\"La cotizaci\u00f3n del bovino de carne lleva plana m\u00e1s de un mes debido a la dermatosis nodular contagiosa\"}]},{\"@type\":\"WebSite\",\"@id\":\"https:\/\/www.asajacyl.com\/palencia\/#website\",\"url\":\"https:\/\/www.asajacyl.com\/palencia\/\",\"name\":\"ASAJA Palencia\",\"description\":\"Otro sitio m\u00e1s de Provincias ASAJA Castilla y Le\u00f3n\",\"potentialAction\":[{\"@type\":\"SearchAction\",\"target\":{\"@type\":\"EntryPoint\",\"urlTemplate\":\"https:\/\/www.asajacyl.com\/palencia\/?s={search_term_string}\"},\"query-input\":{\"@type\":\"PropertyValueSpecification\",\"valueRequired\":true,\"valueName\":\"search_term_string\"}}],\"inLanguage\":\"es\"},{\"@type\":\"Person\",\"@id\":\"https:\/\/www.asajacyl.com\/palencia\/#\/schema\/person\/3ab17aeb03527485c317557fae64aab1\",\"name\":\"Administrador\",\"image\":{\"@type\":\"ImageObject\",\"inLanguage\":\"es\",\"@id\":\"https:\/\/www.asajacyl.com\/palencia\/#\/schema\/person\/image\/\",\"url\":\"https:\/\/secure.gravatar.com\/avatar\/517384810d242ca9e38c180f3c9fb973?s=96&d=mm&r=g\",\"contentUrl\":\"https:\/\/secure.gravatar.com\/avatar\/517384810d242ca9e38c180f3c9fb973?s=96&d=mm&r=g\",\"caption\":\"Administrador\"},\"url\":\"https:\/\/www.asajacyl.com\/palencia\/author\/carlosrm\"}]}<\/script>\n<!-- \/ Yoast SEO plugin. -->","yoast_head_json":{"title":"La cotizaci\u00f3n del bovino de carne lleva plana m\u00e1s de un mes debido a la dermatosis nodular contagiosa - ASAJA Palencia","description":"El bovino de carne lleva ya m\u00e1s de un mes con precios estables debido a la incertidumbre creada por la dermatosis nodular contagiosa (DNC), enfermedad que","robots":{"index":"index","follow":"follow","max-snippet":"max-snippet:-1","max-image-preview":"max-image-preview:large","max-video-preview":"max-video-preview:-1"},"canonical":"https:\/\/www.asajacyl.com\/palencia\/asaja-palencia-informa\/la-cotizacion-del-bovino-de-carne-lleva-plana-mas-de-un-mes-debido-a-la-dermatosis-nodular-contagiosa","og_locale":"es_ES","og_type":"article","og_title":"La cotizaci\u00f3n del bovino de carne lleva plana m\u00e1s de un mes debido a la dermatosis nodular contagiosa - ASAJA Palencia","og_description":"El bovino de carne lleva ya m\u00e1s de un mes con precios estables debido a la incertidumbre creada por la dermatosis nodular contagiosa (DNC), enfermedad que","og_url":"https:\/\/www.asajacyl.com\/palencia\/asaja-palencia-informa\/la-cotizacion-del-bovino-de-carne-lleva-plana-mas-de-un-mes-debido-a-la-dermatosis-nodular-contagiosa","og_site_name":"ASAJA Palencia","article_published_time":"2025-11-04T08:31:21+00:00","article_modified_time":"2025-11-04T08:31:24+00:00","og_image":[{"width":1024,"height":896,"url":"https:\/\/www.asajacyl.com\/palencia\/wp-content\/uploads\/sites\/3\/2025\/11\/Bovino-carne-Palencia-1024x896.jpg","type":"image\/jpeg"}],"author":"Administrador","twitter_card":"summary_large_image","twitter_misc":{"Escrito por":"Administrador","Tiempo de lectura":"3 minutos"},"schema":{"@context":"https:\/\/schema.org","@graph":[{"@type":"WebPage","@id":"https:\/\/www.asajacyl.com\/palencia\/asaja-palencia-informa\/la-cotizacion-del-bovino-de-carne-lleva-plana-mas-de-un-mes-debido-a-la-dermatosis-nodular-contagiosa","url":"https:\/\/www.asajacyl.com\/palencia\/asaja-palencia-informa\/la-cotizacion-del-bovino-de-carne-lleva-plana-mas-de-un-mes-debido-a-la-dermatosis-nodular-contagiosa","name":"La cotizaci\u00f3n del bovino de carne lleva plana m\u00e1s de un mes debido a la dermatosis nodular contagiosa - ASAJA Palencia","isPartOf":{"@id":"https:\/\/www.asajacyl.com\/palencia\/#website"},"primaryImageOfPage":{"@id":"https:\/\/www.asajacyl.com\/palencia\/asaja-palencia-informa\/la-cotizacion-del-bovino-de-carne-lleva-plana-mas-de-un-mes-debido-a-la-dermatosis-nodular-contagiosa#primaryimage"},"image":{"@id":"https:\/\/www.asajacyl.com\/palencia\/asaja-palencia-informa\/la-cotizacion-del-bovino-de-carne-lleva-plana-mas-de-un-mes-debido-a-la-dermatosis-nodular-contagiosa#primaryimage"},"thumbnailUrl":"https:\/\/www.asajacyl.com\/palencia\/wp-content\/uploads\/sites\/3\/2025\/11\/Bovino-carne-Palencia.jpg","datePublished":"2025-11-04T08:31:21+00:00","dateModified":"2025-11-04T08:31:24+00:00","author":{"@id":"https:\/\/www.asajacyl.com\/palencia\/#\/schema\/person\/3ab17aeb03527485c317557fae64aab1"},"description":"El bovino de carne lleva ya m\u00e1s de un mes con precios estables debido a la incertidumbre creada por la dermatosis nodular contagiosa (DNC), enfermedad que","breadcrumb":{"@id":"https:\/\/www.asajacyl.com\/palencia\/asaja-palencia-informa\/la-cotizacion-del-bovino-de-carne-lleva-plana-mas-de-un-mes-debido-a-la-dermatosis-nodular-contagiosa#breadcrumb"},"inLanguage":"es","potentialAction":[{"@type":"ReadAction","target":["https:\/\/www.asajacyl.com\/palencia\/asaja-palencia-informa\/la-cotizacion-del-bovino-de-carne-lleva-plana-mas-de-un-mes-debido-a-la-dermatosis-nodular-contagiosa"]}]},{"@type":"ImageObject","inLanguage":"es","@id":"https:\/\/www.asajacyl.com\/palencia\/asaja-palencia-informa\/la-cotizacion-del-bovino-de-carne-lleva-plana-mas-de-un-mes-debido-a-la-dermatosis-nodular-contagiosa#primaryimage","url":"https:\/\/www.asajacyl.com\/palencia\/wp-content\/uploads\/sites\/3\/2025\/11\/Bovino-carne-Palencia.jpg","contentUrl":"https:\/\/www.asajacyl.com\/palencia\/wp-content\/uploads\/sites\/3\/2025\/11\/Bovino-carne-Palencia.jpg","width":1890,"height":1654},{"@type":"BreadcrumbList","@id":"https:\/\/www.asajacyl.com\/palencia\/asaja-palencia-informa\/la-cotizacion-del-bovino-de-carne-lleva-plana-mas-de-un-mes-debido-a-la-dermatosis-nodular-contagiosa#breadcrumb","itemListElement":[{"@type":"ListItem","position":1,"name":"Portada","item":"https:\/\/www.asajacyl.com\/palencia\/"},{"@type":"ListItem","position":2,"name":"La cotizaci\u00f3n del bovino de carne lleva plana m\u00e1s de un mes debido a la dermatosis nodular contagiosa"}]},{"@type":"WebSite","@id":"https:\/\/www.asajacyl.com\/palencia\/#website","url":"https:\/\/www.asajacyl.com\/palencia\/","name":"ASAJA Palencia","description":"Otro sitio m\u00e1s de Provincias ASAJA Castilla y Le\u00f3n","potentialAction":[{"@type":"SearchAction","target":{"@type":"EntryPoint","urlTemplate":"https:\/\/www.asajacyl.com\/palencia\/?s={search_term_string}"},"query-input":{"@type":"PropertyValueSpecification","valueRequired":true,"valueName":"search_term_string"}}],"inLanguage":"es"},{"@type":"Person","@id":"https:\/\/www.asajacyl.com\/palencia\/#\/schema\/person\/3ab17aeb03527485c317557fae64aab1","name":"Administrador","image":{"@type":"ImageObject","inLanguage":"es","@id":"https:\/\/www.asajacyl.com\/palencia\/#\/schema\/person\/image\/","url":"https:\/\/secure.gravatar.com\/avatar\/517384810d242ca9e38c180f3c9fb973?s=96&d=mm&r=g","contentUrl":"https:\/\/secure.gravatar.com\/avatar\/517384810d242ca9e38c180f3c9fb973?s=96&d=mm&r=g","caption":"Administrador"},"url":"https:\/\/www.asajacyl.com\/palencia\/author\/carlosrm"}]}},"_links":{"self":[{"href":"https:\/\/www.asajacyl.com\/palencia\/wp-json\/wp\/v2\/posts\/21409"}],"collection":[{"href":"https:\/\/www.asajacyl.com\/palencia\/wp-json\/wp\/v2\/posts"}],"about":[{"href":"https:\/\/www.asajacyl.com\/palencia\/wp-json\/wp\/v2\/types\/post"}],"author":[{"embeddable":true,"href":"https:\/\/www.asajacyl.com\/palencia\/wp-json\/wp\/v2\/users\/9"}],"replies":[{"embeddable":true,"href":"https:\/\/www.asajacyl.com\/palencia\/wp-json\/wp\/v2\/comments?post=21409"}],"version-history":[{"count":1,"href":"https:\/\/www.asajacyl.com\/palencia\/wp-json\/wp\/v2\/posts\/21409\/revisions"}],"predecessor-version":[{"id":21412,"href":"https:\/\/www.asajacyl.com\/palencia\/wp-json\/wp\/v2\/posts\/21409\/revisions\/21412"}],"wp:featuredmedia":[{"embeddable":true,"href":"https:\/\/www.asajacyl.com\/palencia\/wp-json\/wp\/v2\/media\/21411"}],"wp:attachment":[{"href":"https:\/\/www.asajacyl.com\/palencia\/wp-json\/wp\/v2\/media?parent=21409"}],"wp:term":[{"taxonomy":"category","embeddable":true,"href":"https:\/\/www.asajacyl.com\/palencia\/wp-json\/wp\/v2\/categories?post=21409"},{"taxonomy":"post_tag","embeddable":true,"href":"https:\/\/www.asajacyl.com\/palencia\/wp-json\/wp\/v2\/tags?post=21409"}],"curies":[{"name":"wp","href":"https:\/\/api.w.org\/{rel}","templated":true}]}}