{"id":21428,"date":"2025-11-07T07:30:00","date_gmt":"2025-11-07T06:30:00","guid":{"rendered":"https:\/\/www.asajacyl.com\/palencia\/?p=21428"},"modified":"2025-11-05T14:32:11","modified_gmt":"2025-11-05T13:32:11","slug":"asaja-pide-una-politica-del-agua-realista-moderna-y-coordinada-que-garantice-el-futuro-del-campo-espanol","status":"publish","type":"post","link":"https:\/\/www.asajacyl.com\/palencia\/asaja-palencia-informa\/asaja-pide-una-politica-del-agua-realista-moderna-y-coordinada-que-garantice-el-futuro-del-campo-espanol","title":{"rendered":"ASAJA pide una pol\u00edtica del agua realista, moderna y coordinada que garantice el futuro del campo espa\u00f1ol"},"content":{"rendered":"\n<h2 class=\"wp-block-heading\">El presidente nacional de&nbsp;ASAJA,&nbsp;Pedro Barato, ha participado este pasado martes, 4 de noviembre, en la jornada&nbsp;\u201cAportaciones de la sociedad civil al Pacto de Estado frente a la emergencia clim\u00e1tica\u201d, celebrada en el&nbsp;Congreso de los Diputados&nbsp;y organizada por la&nbsp;Comisi\u00f3n de Transici\u00f3n Ecol\u00f3gica y Reto Demogr\u00e1fico, presidida por&nbsp;Cristina Narbona.<\/h2>\n\n\n\n<figure class=\"wp-block-embed is-type-video is-provider-youtube wp-block-embed-youtube wp-embed-aspect-16-9 wp-has-aspect-ratio\"><div class=\"wp-block-embed__wrapper\">\n<div class=\"youtube-embed\" data-video_id=\"TSbgJKELr8g\"><iframe loading=\"lazy\" title=\"\ud83d\udca7 ASAJA reclama una pol\u00edtica del agua realista y moderna para garantizar el futuro del campo espa\u00f1ol\" width=\"696\" height=\"392\" src=\"https:\/\/www.youtube.com\/embed\/TSbgJKELr8g?feature=oembed&#038;enablejsapi=1\" frameborder=\"0\" allow=\"accelerometer; autoplay; clipboard-write; encrypted-media; gyroscope; picture-in-picture; web-share\" referrerpolicy=\"strict-origin-when-cross-origin\" allowfullscreen><\/iframe><\/div>\n<\/div><\/figure>\n\n\n\n<p>Durante su intervenci\u00f3n en la mesa dedicada al&nbsp;medio rural ante la emergencia clim\u00e1tica, Pedro Barato ha subrayado la necesidad de&nbsp;afrontar el cambio clim\u00e1tico desde el territorio, reconociendo el papel esencial de&nbsp;agricultores y ganaderos como agentes medioambientales activos. <\/p>\n\n\n\n<p>Adem\u00e1s, ha recordado que el&nbsp;sector agrario vive cada d\u00eda las consecuencias del cambio clim\u00e1tico&nbsp;y que las&nbsp;pol\u00edticas p\u00fablicas deben elaborarse contando con quienes habitan y gestionan el territorio.<\/p>\n\n\n\n<p>El presidente de ASAJA ha insistido en la&nbsp;<span style=\"text-decoration: underline\">importancia del agua como recurso estrat\u00e9gico<\/span>, reclamando una&nbsp;pol\u00edtica hidr\u00e1ulica&nbsp;que priorice la&nbsp;inversi\u00f3n en infraestructuras, la&nbsp;modernizaci\u00f3n del regad\u00edo, la&nbsp;reutilizaci\u00f3n de aguas urbanas&nbsp;y la&nbsp;recarga de acu\u00edferos. <\/p>\n\n\n\n<p><strong>\u00abDonde hay agua, hay empleo, hay actividad y hay futuro\u00bb<\/strong>, ha afirmado el presidente de nuestra organizaci\u00f3n, adem\u00e1s de reclamar la una r<span style=\"text-decoration: underline\">evisi\u00f3n del funcionamiento de las confederaciones hidrogr\u00e1ficas<\/span>, que necesitan de una gesti\u00f3n\u00a0m\u00e1s \u00e1gil, eficaz y adaptada a la realidad del campo.<\/p>\n\n\n\n<p>Entre las prioridades planteadas, Pedro Barato destac\u00f3 tres \u00e1mbitos clave:<\/p>\n\n\n\n<ul>\n<li>El agua y la gesti\u00f3n forestal\u00a0como pilares de la\u00a0<strong><span style=\"text-decoration: underline\">prevenci\u00f3n frente a incendios y sequ\u00edas<\/span>.<\/strong><\/li>\n\n\n\n<li>El <span style=\"text-decoration: underline\"><strong>fortalecimiento del sistema de seguros agrarios<\/strong><\/span>, proponiendo que su contrataci\u00f3n sea\u00a0obligatoria para los perceptores de ayudas de la PAC\u00a0y que se\u00a0revisen los rendimientos por zonas.<\/li>\n\n\n\n<li>La <span style=\"text-decoration: underline\"><strong>innovaci\u00f3n gen\u00e9tica<\/strong><\/span> y las nuevas t\u00e9cnicas gen\u00f3micas, esenciales para\u00a0adaptar los cultivos al cambio clim\u00e1tico\u00a0y\u00a0garantizar la seguridad y la soberan\u00eda alimentaria, tanto a nivel nacional como comunitario.<\/li>\n<\/ul>\n\n\n\n<p>Asimismo, reclam\u00f3 una\u00a0<span style=\"text-decoration: underline\">discriminaci\u00f3n positiva para la agricultura profesional<\/span>\u00a0en <strong>la pr\u00f3xima\u00a0Pol\u00edtica Agraria Com\u00fan <\/strong>(PAC) a partir de 2028, que <strong>\u00abllegar\u00e1 con menos presupuesto y no puede penalizar al agricultor activo\u00bb.<\/strong><\/p>\n\n\n\n<p>Pedro Barato insisti\u00f3 en que la&nbsp;<span style=\"text-decoration: underline\">gesti\u00f3n forestal activa<\/span> es una pol\u00edtica clim\u00e1tica eficaz&nbsp;y reclam\u00f3 m\u00e1s coordinaci\u00f3n nacional para&nbsp;prevenir incendios; <span style=\"text-decoration: underline\">reconocer la labor de agricultores, ganaderos y agentes medioambientales<\/span>;&nbsp;y&nbsp;reforzar la <span style=\"text-decoration: underline\">rentabilidad del medio rural<\/span>. <\/p>\n\n\n\n<p>Tambi\u00e9n subray\u00f3 que la&nbsp;<span style=\"text-decoration: underline\">migraci\u00f3n laboral en el campo<\/span> debe entenderse como una oportunidad, ya que las personas que llegan y trabajan en nuestros pueblos son parte de la soluci\u00f3n para mantener el territorio vivo.<strong>\/<\/strong><\/p>\n\n\n\n<p>El presidente de ASAJA cerr\u00f3 su intervenci\u00f3n apelando al&nbsp;consenso y a la cooperaci\u00f3n entre administraciones y sociedad civil&nbsp;para lograr un&nbsp;Pacto de Estado real y operativo frente al cambio clim\u00e1tico, basado en el&nbsp;sentido com\u00fan, la&nbsp;gesti\u00f3n activa&nbsp;y el&nbsp;reconocimiento del trabajo diario del campo espa\u00f1ol.<strong>\/<\/strong><\/p>\n","protected":false},"excerpt":{"rendered":"<p>El presidente nacional de&nbsp;ASAJA,&nbsp;Pedro Barato, ha participado este pasado martes, 4 de noviembre, en la jornada&nbsp;\u201cAportaciones de la sociedad civil al Pacto de Estado frente a la emergencia clim\u00e1tica\u201d, celebrada en el&nbsp;Congreso de los Diputados&nbsp;y organizada por la&nbsp;Comisi\u00f3n de Transici\u00f3n Ecol\u00f3gica y Reto Demogr\u00e1fico, presidida por&nbsp;Cristina Narbona. Durante su intervenci\u00f3n en la mesa dedicada al&nbsp;medio [&hellip;]<\/p>\n","protected":false},"author":9,"featured_media":21431,"comment_status":"open","ping_status":"open","sticky":false,"template":"","format":"standard","meta":{"footnotes":""},"categories":[9,38,29,28,13,8],"tags":[58,278,351,77,94,922,1099,716,1572,1333,45,1188,805,501],"yoast_head":"<!-- This site is optimized with the Yoast SEO plugin v24.5 - https:\/\/yoast.com\/wordpress\/plugins\/seo\/ -->\n<title>ASAJA pide una pol\u00edtica del agua realista, moderna y coordinada que garantice el futuro del campo espa\u00f1ol - ASAJA Palencia<\/title>\n<meta name=\"description\" content=\"El presidente nacional de&nbsp;ASAJA,&nbsp;Pedro Barato, ha participado este pasado martes, 4 de noviembre, en la jornada&nbsp;\u201cAportaciones de la\" \/>\n<meta name=\"robots\" content=\"index, follow, max-snippet:-1, max-image-preview:large, max-video-preview:-1\" \/>\n<link rel=\"canonical\" href=\"https:\/\/www.asajacyl.com\/palencia\/asaja-palencia-informa\/asaja-pide-una-politica-del-agua-realista-moderna-y-coordinada-que-garantice-el-futuro-del-campo-espanol\" \/>\n<meta property=\"og:locale\" content=\"es_ES\" \/>\n<meta property=\"og:type\" content=\"article\" \/>\n<meta property=\"og:title\" content=\"ASAJA pide una pol\u00edtica del agua realista, moderna y coordinada que garantice el futuro del campo espa\u00f1ol - ASAJA Palencia\" \/>\n<meta property=\"og:description\" content=\"El presidente nacional de&nbsp;ASAJA,&nbsp;Pedro Barato, ha participado este pasado martes, 4 de noviembre, en la jornada&nbsp;\u201cAportaciones de la\" \/>\n<meta property=\"og:url\" content=\"https:\/\/www.asajacyl.com\/palencia\/asaja-palencia-informa\/asaja-pide-una-politica-del-agua-realista-moderna-y-coordinada-que-garantice-el-futuro-del-campo-espanol\" \/>\n<meta property=\"og:site_name\" content=\"ASAJA Palencia\" \/>\n<meta property=\"article:published_time\" content=\"2025-11-07T06:30:00+00:00\" \/>\n<meta property=\"og:image\" content=\"https:\/\/www.asajacyl.com\/palencia\/wp-content\/uploads\/sites\/3\/2025\/11\/Barato-en-Congreso-4nov2025.jpg\" \/>\n\t<meta property=\"og:image:width\" content=\"1890\" \/>\n\t<meta property=\"og:image:height\" content=\"1654\" \/>\n\t<meta property=\"og:image:type\" content=\"image\/jpeg\" \/>\n<meta name=\"author\" content=\"Administrador\" \/>\n<meta name=\"twitter:card\" content=\"summary_large_image\" \/>\n<meta name=\"twitter:label1\" content=\"Escrito por\" \/>\n\t<meta name=\"twitter:data1\" content=\"Administrador\" \/>\n\t<meta name=\"twitter:label2\" content=\"Tiempo de lectura\" \/>\n\t<meta name=\"twitter:data2\" content=\"3 minutos\" \/>\n<script type=\"application\/ld+json\" class=\"yoast-schema-graph\">{\"@context\":\"https:\/\/schema.org\",\"@graph\":[{\"@type\":\"WebPage\",\"@id\":\"https:\/\/www.asajacyl.com\/palencia\/asaja-palencia-informa\/asaja-pide-una-politica-del-agua-realista-moderna-y-coordinada-que-garantice-el-futuro-del-campo-espanol\",\"url\":\"https:\/\/www.asajacyl.com\/palencia\/asaja-palencia-informa\/asaja-pide-una-politica-del-agua-realista-moderna-y-coordinada-que-garantice-el-futuro-del-campo-espanol\",\"name\":\"ASAJA pide una pol\u00edtica del agua realista, moderna y coordinada que garantice el futuro del campo espa\u00f1ol - ASAJA Palencia\",\"isPartOf\":{\"@id\":\"https:\/\/www.asajacyl.com\/palencia\/#website\"},\"primaryImageOfPage\":{\"@id\":\"https:\/\/www.asajacyl.com\/palencia\/asaja-palencia-informa\/asaja-pide-una-politica-del-agua-realista-moderna-y-coordinada-que-garantice-el-futuro-del-campo-espanol#primaryimage\"},\"image\":{\"@id\":\"https:\/\/www.asajacyl.com\/palencia\/asaja-palencia-informa\/asaja-pide-una-politica-del-agua-realista-moderna-y-coordinada-que-garantice-el-futuro-del-campo-espanol#primaryimage\"},\"thumbnailUrl\":\"https:\/\/www.asajacyl.com\/palencia\/wp-content\/uploads\/sites\/3\/2025\/11\/Barato-en-Congreso-4nov2025.jpg\",\"datePublished\":\"2025-11-07T06:30:00+00:00\",\"author\":{\"@id\":\"https:\/\/www.asajacyl.com\/palencia\/#\/schema\/person\/3ab17aeb03527485c317557fae64aab1\"},\"description\":\"El presidente nacional de&nbsp;ASAJA,&nbsp;Pedro Barato, ha participado este pasado martes, 4 de noviembre, en la jornada&nbsp;\u201cAportaciones de la\",\"breadcrumb\":{\"@id\":\"https:\/\/www.asajacyl.com\/palencia\/asaja-palencia-informa\/asaja-pide-una-politica-del-agua-realista-moderna-y-coordinada-que-garantice-el-futuro-del-campo-espanol#breadcrumb\"},\"inLanguage\":\"es\",\"potentialAction\":[{\"@type\":\"ReadAction\",\"target\":[\"https:\/\/www.asajacyl.com\/palencia\/asaja-palencia-informa\/asaja-pide-una-politica-del-agua-realista-moderna-y-coordinada-que-garantice-el-futuro-del-campo-espanol\"]}]},{\"@type\":\"ImageObject\",\"inLanguage\":\"es\",\"@id\":\"https:\/\/www.asajacyl.com\/palencia\/asaja-palencia-informa\/asaja-pide-una-politica-del-agua-realista-moderna-y-coordinada-que-garantice-el-futuro-del-campo-espanol#primaryimage\",\"url\":\"https:\/\/www.asajacyl.com\/palencia\/wp-content\/uploads\/sites\/3\/2025\/11\/Barato-en-Congreso-4nov2025.jpg\",\"contentUrl\":\"https:\/\/www.asajacyl.com\/palencia\/wp-content\/uploads\/sites\/3\/2025\/11\/Barato-en-Congreso-4nov2025.jpg\",\"width\":1890,\"height\":1654},{\"@type\":\"BreadcrumbList\",\"@id\":\"https:\/\/www.asajacyl.com\/palencia\/asaja-palencia-informa\/asaja-pide-una-politica-del-agua-realista-moderna-y-coordinada-que-garantice-el-futuro-del-campo-espanol#breadcrumb\",\"itemListElement\":[{\"@type\":\"ListItem\",\"position\":1,\"name\":\"Portada\",\"item\":\"https:\/\/www.asajacyl.com\/palencia\/\"},{\"@type\":\"ListItem\",\"position\":2,\"name\":\"ASAJA pide una pol\u00edtica del agua realista, moderna y coordinada que garantice el futuro del campo espa\u00f1ol\"}]},{\"@type\":\"WebSite\",\"@id\":\"https:\/\/www.asajacyl.com\/palencia\/#website\",\"url\":\"https:\/\/www.asajacyl.com\/palencia\/\",\"name\":\"ASAJA Palencia\",\"description\":\"Otro sitio m\u00e1s de Provincias ASAJA Castilla y Le\u00f3n\",\"potentialAction\":[{\"@type\":\"SearchAction\",\"target\":{\"@type\":\"EntryPoint\",\"urlTemplate\":\"https:\/\/www.asajacyl.com\/palencia\/?s={search_term_string}\"},\"query-input\":{\"@type\":\"PropertyValueSpecification\",\"valueRequired\":true,\"valueName\":\"search_term_string\"}}],\"inLanguage\":\"es\"},{\"@type\":\"Person\",\"@id\":\"https:\/\/www.asajacyl.com\/palencia\/#\/schema\/person\/3ab17aeb03527485c317557fae64aab1\",\"name\":\"Administrador\",\"image\":{\"@type\":\"ImageObject\",\"inLanguage\":\"es\",\"@id\":\"https:\/\/www.asajacyl.com\/palencia\/#\/schema\/person\/image\/\",\"url\":\"https:\/\/secure.gravatar.com\/avatar\/517384810d242ca9e38c180f3c9fb973?s=96&d=mm&r=g\",\"contentUrl\":\"https:\/\/secure.gravatar.com\/avatar\/517384810d242ca9e38c180f3c9fb973?s=96&d=mm&r=g\",\"caption\":\"Administrador\"},\"url\":\"https:\/\/www.asajacyl.com\/palencia\/author\/carlosrm\"}]}<\/script>\n<!-- \/ Yoast SEO plugin. -->","yoast_head_json":{"title":"ASAJA pide una pol\u00edtica del agua realista, moderna y coordinada que garantice el futuro del campo espa\u00f1ol - ASAJA Palencia","description":"El presidente nacional de&nbsp;ASAJA,&nbsp;Pedro Barato, ha participado este pasado martes, 4 de noviembre, en la jornada&nbsp;\u201cAportaciones de la","robots":{"index":"index","follow":"follow","max-snippet":"max-snippet:-1","max-image-preview":"max-image-preview:large","max-video-preview":"max-video-preview:-1"},"canonical":"https:\/\/www.asajacyl.com\/palencia\/asaja-palencia-informa\/asaja-pide-una-politica-del-agua-realista-moderna-y-coordinada-que-garantice-el-futuro-del-campo-espanol","og_locale":"es_ES","og_type":"article","og_title":"ASAJA pide una pol\u00edtica del agua realista, moderna y coordinada que garantice el futuro del campo espa\u00f1ol - ASAJA Palencia","og_description":"El presidente nacional de&nbsp;ASAJA,&nbsp;Pedro Barato, ha participado este pasado martes, 4 de noviembre, en la jornada&nbsp;\u201cAportaciones de la","og_url":"https:\/\/www.asajacyl.com\/palencia\/asaja-palencia-informa\/asaja-pide-una-politica-del-agua-realista-moderna-y-coordinada-que-garantice-el-futuro-del-campo-espanol","og_site_name":"ASAJA Palencia","article_published_time":"2025-11-07T06:30:00+00:00","og_image":[{"width":1890,"height":1654,"url":"https:\/\/www.asajacyl.com\/palencia\/wp-content\/uploads\/sites\/3\/2025\/11\/Barato-en-Congreso-4nov2025.jpg","type":"image\/jpeg"}],"author":"Administrador","twitter_card":"summary_large_image","twitter_misc":{"Escrito por":"Administrador","Tiempo de lectura":"3 minutos"},"schema":{"@context":"https:\/\/schema.org","@graph":[{"@type":"WebPage","@id":"https:\/\/www.asajacyl.com\/palencia\/asaja-palencia-informa\/asaja-pide-una-politica-del-agua-realista-moderna-y-coordinada-que-garantice-el-futuro-del-campo-espanol","url":"https:\/\/www.asajacyl.com\/palencia\/asaja-palencia-informa\/asaja-pide-una-politica-del-agua-realista-moderna-y-coordinada-que-garantice-el-futuro-del-campo-espanol","name":"ASAJA pide una pol\u00edtica del agua realista, moderna y coordinada que garantice el futuro del campo espa\u00f1ol - ASAJA Palencia","isPartOf":{"@id":"https:\/\/www.asajacyl.com\/palencia\/#website"},"primaryImageOfPage":{"@id":"https:\/\/www.asajacyl.com\/palencia\/asaja-palencia-informa\/asaja-pide-una-politica-del-agua-realista-moderna-y-coordinada-que-garantice-el-futuro-del-campo-espanol#primaryimage"},"image":{"@id":"https:\/\/www.asajacyl.com\/palencia\/asaja-palencia-informa\/asaja-pide-una-politica-del-agua-realista-moderna-y-coordinada-que-garantice-el-futuro-del-campo-espanol#primaryimage"},"thumbnailUrl":"https:\/\/www.asajacyl.com\/palencia\/wp-content\/uploads\/sites\/3\/2025\/11\/Barato-en-Congreso-4nov2025.jpg","datePublished":"2025-11-07T06:30:00+00:00","author":{"@id":"https:\/\/www.asajacyl.com\/palencia\/#\/schema\/person\/3ab17aeb03527485c317557fae64aab1"},"description":"El presidente nacional de&nbsp;ASAJA,&nbsp;Pedro Barato, ha participado este pasado martes, 4 de noviembre, en la jornada&nbsp;\u201cAportaciones de la","breadcrumb":{"@id":"https:\/\/www.asajacyl.com\/palencia\/asaja-palencia-informa\/asaja-pide-una-politica-del-agua-realista-moderna-y-coordinada-que-garantice-el-futuro-del-campo-espanol#breadcrumb"},"inLanguage":"es","potentialAction":[{"@type":"ReadAction","target":["https:\/\/www.asajacyl.com\/palencia\/asaja-palencia-informa\/asaja-pide-una-politica-del-agua-realista-moderna-y-coordinada-que-garantice-el-futuro-del-campo-espanol"]}]},{"@type":"ImageObject","inLanguage":"es","@id":"https:\/\/www.asajacyl.com\/palencia\/asaja-palencia-informa\/asaja-pide-una-politica-del-agua-realista-moderna-y-coordinada-que-garantice-el-futuro-del-campo-espanol#primaryimage","url":"https:\/\/www.asajacyl.com\/palencia\/wp-content\/uploads\/sites\/3\/2025\/11\/Barato-en-Congreso-4nov2025.jpg","contentUrl":"https:\/\/www.asajacyl.com\/palencia\/wp-content\/uploads\/sites\/3\/2025\/11\/Barato-en-Congreso-4nov2025.jpg","width":1890,"height":1654},{"@type":"BreadcrumbList","@id":"https:\/\/www.asajacyl.com\/palencia\/asaja-palencia-informa\/asaja-pide-una-politica-del-agua-realista-moderna-y-coordinada-que-garantice-el-futuro-del-campo-espanol#breadcrumb","itemListElement":[{"@type":"ListItem","position":1,"name":"Portada","item":"https:\/\/www.asajacyl.com\/palencia\/"},{"@type":"ListItem","position":2,"name":"ASAJA pide una pol\u00edtica del agua realista, moderna y coordinada que garantice el futuro del campo espa\u00f1ol"}]},{"@type":"WebSite","@id":"https:\/\/www.asajacyl.com\/palencia\/#website","url":"https:\/\/www.asajacyl.com\/palencia\/","name":"ASAJA Palencia","description":"Otro sitio m\u00e1s de Provincias ASAJA Castilla y Le\u00f3n","potentialAction":[{"@type":"SearchAction","target":{"@type":"EntryPoint","urlTemplate":"https:\/\/www.asajacyl.com\/palencia\/?s={search_term_string}"},"query-input":{"@type":"PropertyValueSpecification","valueRequired":true,"valueName":"search_term_string"}}],"inLanguage":"es"},{"@type":"Person","@id":"https:\/\/www.asajacyl.com\/palencia\/#\/schema\/person\/3ab17aeb03527485c317557fae64aab1","name":"Administrador","image":{"@type":"ImageObject","inLanguage":"es","@id":"https:\/\/www.asajacyl.com\/palencia\/#\/schema\/person\/image\/","url":"https:\/\/secure.gravatar.com\/avatar\/517384810d242ca9e38c180f3c9fb973?s=96&d=mm&r=g","contentUrl":"https:\/\/secure.gravatar.com\/avatar\/517384810d242ca9e38c180f3c9fb973?s=96&d=mm&r=g","caption":"Administrador"},"url":"https:\/\/www.asajacyl.com\/palencia\/author\/carlosrm"}]}},"_links":{"self":[{"href":"https:\/\/www.asajacyl.com\/palencia\/wp-json\/wp\/v2\/posts\/21428"}],"collection":[{"href":"https:\/\/www.asajacyl.com\/palencia\/wp-json\/wp\/v2\/posts"}],"about":[{"href":"https:\/\/www.asajacyl.com\/palencia\/wp-json\/wp\/v2\/types\/post"}],"author":[{"embeddable":true,"href":"https:\/\/www.asajacyl.com\/palencia\/wp-json\/wp\/v2\/users\/9"}],"replies":[{"embeddable":true,"href":"https:\/\/www.asajacyl.com\/palencia\/wp-json\/wp\/v2\/comments?post=21428"}],"version-history":[{"count":4,"href":"https:\/\/www.asajacyl.com\/palencia\/wp-json\/wp\/v2\/posts\/21428\/revisions"}],"predecessor-version":[{"id":21434,"href":"https:\/\/www.asajacyl.com\/palencia\/wp-json\/wp\/v2\/posts\/21428\/revisions\/21434"}],"wp:featuredmedia":[{"embeddable":true,"href":"https:\/\/www.asajacyl.com\/palencia\/wp-json\/wp\/v2\/media\/21431"}],"wp:attachment":[{"href":"https:\/\/www.asajacyl.com\/palencia\/wp-json\/wp\/v2\/media?parent=21428"}],"wp:term":[{"taxonomy":"category","embeddable":true,"href":"https:\/\/www.asajacyl.com\/palencia\/wp-json\/wp\/v2\/categories?post=21428"},{"taxonomy":"post_tag","embeddable":true,"href":"https:\/\/www.asajacyl.com\/palencia\/wp-json\/wp\/v2\/tags?post=21428"}],"curies":[{"name":"wp","href":"https:\/\/api.w.org\/{rel}","templated":true}]}}