{"id":21436,"date":"2025-11-06T07:30:00","date_gmt":"2025-11-06T06:30:00","guid":{"rendered":"https:\/\/www.asajacyl.com\/palencia\/?p=21436"},"modified":"2025-11-05T18:42:47","modified_gmt":"2025-11-05T17:42:47","slug":"la-retencion-de-producto-por-unos-precios-que-desaniman-la-venta-reactiva-la-cotizacion-del-cereal","status":"publish","type":"post","link":"https:\/\/www.asajacyl.com\/palencia\/asaja-palencia-informa\/la-retencion-de-producto-por-unos-precios-que-desaniman-la-venta-reactiva-la-cotizacion-del-cereal","title":{"rendered":"La retenci\u00f3n de producto por unos precios que desaniman la venta reactiva la cotizaci\u00f3n del cereal"},"content":{"rendered":"\n<h2 class=\"wp-block-heading\">La cotizaci\u00f3n de los cereales se ha reactivado en los \u00faltimos d\u00edas debido a la retenci\u00f3n de producto que se estaba registrando por unos precios que desincentivaban las operaciones. As\u00ed se ha constatado esta semana en la Lonja de Le\u00f3n, donde todos los cereales han subido ligeramente (a excepci\u00f3n del ma\u00edz, que a\u00fan se encuentra en plena campa\u00f1a de recolecci\u00f3n). <\/h2>\n\n\n\n<p>La tonelada de trigo ha subido un euro, al igual que la de centeno y avena, mientras la de cebada \u2014que es <a href=\"https:\/\/www.asajacyl.com\/palencia\/asaja-palencia-informa\/octubre-se-salda-con-un-ligero-repunte-de-la-cebada-y-la-estabilidad-en-los-precios-de-los-demas-cereales\" target=\"_blank\" rel=\"noreferrer noopener\">el cereal de invierno que anticip\u00f3 esta reactivaci\u00f3n<\/a>\u2014 opera ya a 187 euros, dos m\u00e1s que la pasada semana.<\/p>\n\n\n\n<p>En menos de mes y medio, la cebada ha escalado diez euros por tonelada (a primeros de octubre cotizaba a 177 euros), una subida del 5,65 % que busca vendedores, toda vez que se trata del mejor precio en el \u00faltimo medio a\u00f1o que ha alcanzado este cereal b\u00e1sico. <\/p>\n\n\n\n<p>Recordemos, no obstante, que la cebada operaba en la plaza leonesa a 213 euros no hace tanto tiempo \u2014el pasado enero\u2014, por lo que a\u00fan se halla hoy en el tramo bajo del rango en el que fluctu\u00f3 la pasada campa\u00f1a (180-213 \u20ac\/t).<\/p>\n\n\n\n<p><strong>POCA OFERTA Y BUENA PARIDAD CON EL D\u00d3LAR.<\/strong> Desde la lonja leonesa explican que el paso a la tendencia alcista se debe a la limitaci\u00f3n de la oferta. \u00abEl agricultor, no s\u00f3lo el espa\u00f1ol sino el del resto del mundo, no est\u00e1 dispuesto de momento a vender a estos precios y por tanto la demanda no se cubre\u00bb, se\u00f1alan.<\/p>\n\n\n\n<p>Asimismo, otro factor apuntado desde la Asociaci\u00f3n de Juntas Agropecuarias de Le\u00f3n, que gestiona la lonja, es que el tipo de cambio entre el euro y el d\u00f3lar est\u00e1 ayudando a que el cereal europeo resulte m\u00e1s competitivo en los mercados mundiales. <\/p>\n\n\n\n<p>\u00abEl cambio actual por debajo de 1,15 d\u00f3lares por euro no se alcanzaba desde el mes de julio\u00bb, subraya en su nota de prensa de este mi\u00e9rcoles, 5 de noviembre.<\/p>\n\n\n\n<p><strong>LA PATATA, EN CA\u00cdDA. <\/strong>La otra cara de la moneda ha venido en la sesi\u00f3n del lado de la mesa de la patata, con fuertes descensos, que sit\u00faan la tonelada de la variedad agria en 120 euros (tras perder veinte con respecto a la semana anterior), al igual que la Red Pontiac, mientras la de Kennebec baja a los 140, tras devaluarse nada menos que cuarenta euros. <\/p>\n\n\n\n<p>El resto de variedades cotizadas en la lonja leonesa (Jaerla, Red Scarlett y Yona caen a los cien euros por tonelada, precio que cuestiona incluso la recogida por parte del agricultor que no disponga de contrato. <\/p>\n\n\n\n<p>\u00abLos precios de la patata \u2014explican desde la Lonja de Le\u00f3n\u2014 siguen en ca\u00edda libre, con los almacenes llenos y sin venta; y en algunos casos incluso hay patatas contratadas en los remolques del agricultor sin poder descargar, y con fincas donde se retrasa la recolecci\u00f3n por la falta de espacio\u00bb.<strong>\/<\/strong> <\/p>\n\n\n\n<figure class=\"wp-block-image size-large is-resized\"><img loading=\"lazy\" decoding=\"async\" width=\"1024\" height=\"768\" src=\"https:\/\/www.asajacyl.com\/palencia\/wp-content\/uploads\/sites\/3\/2025\/11\/Precios-agricultura-5nov2025-1024x768.png\" alt=\"\" class=\"wp-image-21437\" style=\"width:1065px;height:auto\" srcset=\"https:\/\/www.asajacyl.com\/palencia\/wp-content\/uploads\/sites\/3\/2025\/11\/Precios-agricultura-5nov2025-1024x768.png 1024w, https:\/\/www.asajacyl.com\/palencia\/wp-content\/uploads\/sites\/3\/2025\/11\/Precios-agricultura-5nov2025-300x225.png 300w, https:\/\/www.asajacyl.com\/palencia\/wp-content\/uploads\/sites\/3\/2025\/11\/Precios-agricultura-5nov2025-768x576.png 768w, https:\/\/www.asajacyl.com\/palencia\/wp-content\/uploads\/sites\/3\/2025\/11\/Precios-agricultura-5nov2025-1536x1152.png 1536w, https:\/\/www.asajacyl.com\/palencia\/wp-content\/uploads\/sites\/3\/2025\/11\/Precios-agricultura-5nov2025-2048x1536.png 2048w, https:\/\/www.asajacyl.com\/palencia\/wp-content\/uploads\/sites\/3\/2025\/11\/Precios-agricultura-5nov2025-560x420.png 560w, https:\/\/www.asajacyl.com\/palencia\/wp-content\/uploads\/sites\/3\/2025\/11\/Precios-agricultura-5nov2025-80x60.png 80w, https:\/\/www.asajacyl.com\/palencia\/wp-content\/uploads\/sites\/3\/2025\/11\/Precios-agricultura-5nov2025-696x522.png 696w, https:\/\/www.asajacyl.com\/palencia\/wp-content\/uploads\/sites\/3\/2025\/11\/Precios-agricultura-5nov2025-1068x801.png 1068w, https:\/\/www.asajacyl.com\/palencia\/wp-content\/uploads\/sites\/3\/2025\/11\/Precios-agricultura-5nov2025-1920x1440.png 1920w\" sizes=\"(max-width: 1024px) 100vw, 1024px\" \/><\/figure>\n","protected":false},"excerpt":{"rendered":"<p>La cotizaci\u00f3n de los cereales se ha reactivado en los \u00faltimos d\u00edas debido a la retenci\u00f3n de producto que se estaba registrando por unos precios que desincentivaban las operaciones. As\u00ed se ha constatado esta semana en la Lonja de Le\u00f3n, donde todos los cereales han subido ligeramente (a excepci\u00f3n del ma\u00edz, que a\u00fan se encuentra [&hellip;]<\/p>\n","protected":false},"author":9,"featured_media":21440,"comment_status":"open","ping_status":"open","sticky":false,"template":"","format":"standard","meta":{"footnotes":""},"categories":[9,29,36,28,13],"tags":[58,221,289,46,77,1635,147,757],"yoast_head":"<!-- This site is optimized with the Yoast SEO plugin v24.5 - https:\/\/yoast.com\/wordpress\/plugins\/seo\/ -->\n<title>La retenci\u00f3n de producto por unos precios que desaniman la venta reactiva la cotizaci\u00f3n del cereal - ASAJA Palencia<\/title>\n<meta name=\"description\" content=\"La cotizaci\u00f3n de los cereales se ha reactivado en los \u00faltimos d\u00edas debido a la retenci\u00f3n de producto que se estaba registrando por unos precios que\" \/>\n<meta name=\"robots\" content=\"index, follow, max-snippet:-1, max-image-preview:large, max-video-preview:-1\" \/>\n<link rel=\"canonical\" href=\"https:\/\/www.asajacyl.com\/palencia\/asaja-palencia-informa\/la-retencion-de-producto-por-unos-precios-que-desaniman-la-venta-reactiva-la-cotizacion-del-cereal\" \/>\n<meta property=\"og:locale\" content=\"es_ES\" \/>\n<meta property=\"og:type\" content=\"article\" \/>\n<meta property=\"og:title\" content=\"La retenci\u00f3n de producto por unos precios que desaniman la venta reactiva la cotizaci\u00f3n del cereal - ASAJA Palencia\" \/>\n<meta property=\"og:description\" content=\"La cotizaci\u00f3n de los cereales se ha reactivado en los \u00faltimos d\u00edas debido a la retenci\u00f3n de producto que se estaba registrando por unos precios que\" \/>\n<meta property=\"og:url\" content=\"https:\/\/www.asajacyl.com\/palencia\/asaja-palencia-informa\/la-retencion-de-producto-por-unos-precios-que-desaniman-la-venta-reactiva-la-cotizacion-del-cereal\" \/>\n<meta property=\"og:site_name\" content=\"ASAJA Palencia\" \/>\n<meta property=\"article:published_time\" content=\"2025-11-06T06:30:00+00:00\" \/>\n<meta property=\"og:image\" content=\"https:\/\/www.asajacyl.com\/palencia\/wp-content\/uploads\/sites\/3\/2025\/11\/Cebada-remolque-descarga.jpg\" \/>\n\t<meta property=\"og:image:width\" content=\"1890\" \/>\n\t<meta property=\"og:image:height\" content=\"1654\" \/>\n\t<meta property=\"og:image:type\" content=\"image\/jpeg\" \/>\n<meta name=\"author\" content=\"Administrador\" \/>\n<meta name=\"twitter:card\" content=\"summary_large_image\" \/>\n<meta name=\"twitter:label1\" content=\"Escrito por\" \/>\n\t<meta name=\"twitter:data1\" content=\"Administrador\" \/>\n\t<meta name=\"twitter:label2\" content=\"Tiempo de lectura\" \/>\n\t<meta name=\"twitter:data2\" content=\"3 minutos\" \/>\n<script type=\"application\/ld+json\" class=\"yoast-schema-graph\">{\"@context\":\"https:\/\/schema.org\",\"@graph\":[{\"@type\":\"WebPage\",\"@id\":\"https:\/\/www.asajacyl.com\/palencia\/asaja-palencia-informa\/la-retencion-de-producto-por-unos-precios-que-desaniman-la-venta-reactiva-la-cotizacion-del-cereal\",\"url\":\"https:\/\/www.asajacyl.com\/palencia\/asaja-palencia-informa\/la-retencion-de-producto-por-unos-precios-que-desaniman-la-venta-reactiva-la-cotizacion-del-cereal\",\"name\":\"La retenci\u00f3n de producto por unos precios que desaniman la venta reactiva la cotizaci\u00f3n del cereal - ASAJA Palencia\",\"isPartOf\":{\"@id\":\"https:\/\/www.asajacyl.com\/palencia\/#website\"},\"primaryImageOfPage\":{\"@id\":\"https:\/\/www.asajacyl.com\/palencia\/asaja-palencia-informa\/la-retencion-de-producto-por-unos-precios-que-desaniman-la-venta-reactiva-la-cotizacion-del-cereal#primaryimage\"},\"image\":{\"@id\":\"https:\/\/www.asajacyl.com\/palencia\/asaja-palencia-informa\/la-retencion-de-producto-por-unos-precios-que-desaniman-la-venta-reactiva-la-cotizacion-del-cereal#primaryimage\"},\"thumbnailUrl\":\"https:\/\/www.asajacyl.com\/palencia\/wp-content\/uploads\/sites\/3\/2025\/11\/Cebada-remolque-descarga.jpg\",\"datePublished\":\"2025-11-06T06:30:00+00:00\",\"author\":{\"@id\":\"https:\/\/www.asajacyl.com\/palencia\/#\/schema\/person\/3ab17aeb03527485c317557fae64aab1\"},\"description\":\"La cotizaci\u00f3n de los cereales se ha reactivado en los \u00faltimos d\u00edas debido a la retenci\u00f3n de producto que se estaba registrando por unos precios que\",\"breadcrumb\":{\"@id\":\"https:\/\/www.asajacyl.com\/palencia\/asaja-palencia-informa\/la-retencion-de-producto-por-unos-precios-que-desaniman-la-venta-reactiva-la-cotizacion-del-cereal#breadcrumb\"},\"inLanguage\":\"es\",\"potentialAction\":[{\"@type\":\"ReadAction\",\"target\":[\"https:\/\/www.asajacyl.com\/palencia\/asaja-palencia-informa\/la-retencion-de-producto-por-unos-precios-que-desaniman-la-venta-reactiva-la-cotizacion-del-cereal\"]}]},{\"@type\":\"ImageObject\",\"inLanguage\":\"es\",\"@id\":\"https:\/\/www.asajacyl.com\/palencia\/asaja-palencia-informa\/la-retencion-de-producto-por-unos-precios-que-desaniman-la-venta-reactiva-la-cotizacion-del-cereal#primaryimage\",\"url\":\"https:\/\/www.asajacyl.com\/palencia\/wp-content\/uploads\/sites\/3\/2025\/11\/Cebada-remolque-descarga.jpg\",\"contentUrl\":\"https:\/\/www.asajacyl.com\/palencia\/wp-content\/uploads\/sites\/3\/2025\/11\/Cebada-remolque-descarga.jpg\",\"width\":1890,\"height\":1654},{\"@type\":\"BreadcrumbList\",\"@id\":\"https:\/\/www.asajacyl.com\/palencia\/asaja-palencia-informa\/la-retencion-de-producto-por-unos-precios-que-desaniman-la-venta-reactiva-la-cotizacion-del-cereal#breadcrumb\",\"itemListElement\":[{\"@type\":\"ListItem\",\"position\":1,\"name\":\"Portada\",\"item\":\"https:\/\/www.asajacyl.com\/palencia\/\"},{\"@type\":\"ListItem\",\"position\":2,\"name\":\"La retenci\u00f3n de producto por unos precios que desaniman la venta reactiva la cotizaci\u00f3n del cereal\"}]},{\"@type\":\"WebSite\",\"@id\":\"https:\/\/www.asajacyl.com\/palencia\/#website\",\"url\":\"https:\/\/www.asajacyl.com\/palencia\/\",\"name\":\"ASAJA Palencia\",\"description\":\"Otro sitio m\u00e1s de Provincias ASAJA Castilla y Le\u00f3n\",\"potentialAction\":[{\"@type\":\"SearchAction\",\"target\":{\"@type\":\"EntryPoint\",\"urlTemplate\":\"https:\/\/www.asajacyl.com\/palencia\/?s={search_term_string}\"},\"query-input\":{\"@type\":\"PropertyValueSpecification\",\"valueRequired\":true,\"valueName\":\"search_term_string\"}}],\"inLanguage\":\"es\"},{\"@type\":\"Person\",\"@id\":\"https:\/\/www.asajacyl.com\/palencia\/#\/schema\/person\/3ab17aeb03527485c317557fae64aab1\",\"name\":\"Administrador\",\"image\":{\"@type\":\"ImageObject\",\"inLanguage\":\"es\",\"@id\":\"https:\/\/www.asajacyl.com\/palencia\/#\/schema\/person\/image\/\",\"url\":\"https:\/\/secure.gravatar.com\/avatar\/517384810d242ca9e38c180f3c9fb973?s=96&d=mm&r=g\",\"contentUrl\":\"https:\/\/secure.gravatar.com\/avatar\/517384810d242ca9e38c180f3c9fb973?s=96&d=mm&r=g\",\"caption\":\"Administrador\"},\"url\":\"https:\/\/www.asajacyl.com\/palencia\/author\/carlosrm\"}]}<\/script>\n<!-- \/ Yoast SEO plugin. -->","yoast_head_json":{"title":"La retenci\u00f3n de producto por unos precios que desaniman la venta reactiva la cotizaci\u00f3n del cereal - ASAJA Palencia","description":"La cotizaci\u00f3n de los cereales se ha reactivado en los \u00faltimos d\u00edas debido a la retenci\u00f3n de producto que se estaba registrando por unos precios que","robots":{"index":"index","follow":"follow","max-snippet":"max-snippet:-1","max-image-preview":"max-image-preview:large","max-video-preview":"max-video-preview:-1"},"canonical":"https:\/\/www.asajacyl.com\/palencia\/asaja-palencia-informa\/la-retencion-de-producto-por-unos-precios-que-desaniman-la-venta-reactiva-la-cotizacion-del-cereal","og_locale":"es_ES","og_type":"article","og_title":"La retenci\u00f3n de producto por unos precios que desaniman la venta reactiva la cotizaci\u00f3n del cereal - ASAJA Palencia","og_description":"La cotizaci\u00f3n de los cereales se ha reactivado en los \u00faltimos d\u00edas debido a la retenci\u00f3n de producto que se estaba registrando por unos precios que","og_url":"https:\/\/www.asajacyl.com\/palencia\/asaja-palencia-informa\/la-retencion-de-producto-por-unos-precios-que-desaniman-la-venta-reactiva-la-cotizacion-del-cereal","og_site_name":"ASAJA Palencia","article_published_time":"2025-11-06T06:30:00+00:00","og_image":[{"width":1890,"height":1654,"url":"https:\/\/www.asajacyl.com\/palencia\/wp-content\/uploads\/sites\/3\/2025\/11\/Cebada-remolque-descarga.jpg","type":"image\/jpeg"}],"author":"Administrador","twitter_card":"summary_large_image","twitter_misc":{"Escrito por":"Administrador","Tiempo de lectura":"3 minutos"},"schema":{"@context":"https:\/\/schema.org","@graph":[{"@type":"WebPage","@id":"https:\/\/www.asajacyl.com\/palencia\/asaja-palencia-informa\/la-retencion-de-producto-por-unos-precios-que-desaniman-la-venta-reactiva-la-cotizacion-del-cereal","url":"https:\/\/www.asajacyl.com\/palencia\/asaja-palencia-informa\/la-retencion-de-producto-por-unos-precios-que-desaniman-la-venta-reactiva-la-cotizacion-del-cereal","name":"La retenci\u00f3n de producto por unos precios que desaniman la venta reactiva la cotizaci\u00f3n del cereal - ASAJA Palencia","isPartOf":{"@id":"https:\/\/www.asajacyl.com\/palencia\/#website"},"primaryImageOfPage":{"@id":"https:\/\/www.asajacyl.com\/palencia\/asaja-palencia-informa\/la-retencion-de-producto-por-unos-precios-que-desaniman-la-venta-reactiva-la-cotizacion-del-cereal#primaryimage"},"image":{"@id":"https:\/\/www.asajacyl.com\/palencia\/asaja-palencia-informa\/la-retencion-de-producto-por-unos-precios-que-desaniman-la-venta-reactiva-la-cotizacion-del-cereal#primaryimage"},"thumbnailUrl":"https:\/\/www.asajacyl.com\/palencia\/wp-content\/uploads\/sites\/3\/2025\/11\/Cebada-remolque-descarga.jpg","datePublished":"2025-11-06T06:30:00+00:00","author":{"@id":"https:\/\/www.asajacyl.com\/palencia\/#\/schema\/person\/3ab17aeb03527485c317557fae64aab1"},"description":"La cotizaci\u00f3n de los cereales se ha reactivado en los \u00faltimos d\u00edas debido a la retenci\u00f3n de producto que se estaba registrando por unos precios que","breadcrumb":{"@id":"https:\/\/www.asajacyl.com\/palencia\/asaja-palencia-informa\/la-retencion-de-producto-por-unos-precios-que-desaniman-la-venta-reactiva-la-cotizacion-del-cereal#breadcrumb"},"inLanguage":"es","potentialAction":[{"@type":"ReadAction","target":["https:\/\/www.asajacyl.com\/palencia\/asaja-palencia-informa\/la-retencion-de-producto-por-unos-precios-que-desaniman-la-venta-reactiva-la-cotizacion-del-cereal"]}]},{"@type":"ImageObject","inLanguage":"es","@id":"https:\/\/www.asajacyl.com\/palencia\/asaja-palencia-informa\/la-retencion-de-producto-por-unos-precios-que-desaniman-la-venta-reactiva-la-cotizacion-del-cereal#primaryimage","url":"https:\/\/www.asajacyl.com\/palencia\/wp-content\/uploads\/sites\/3\/2025\/11\/Cebada-remolque-descarga.jpg","contentUrl":"https:\/\/www.asajacyl.com\/palencia\/wp-content\/uploads\/sites\/3\/2025\/11\/Cebada-remolque-descarga.jpg","width":1890,"height":1654},{"@type":"BreadcrumbList","@id":"https:\/\/www.asajacyl.com\/palencia\/asaja-palencia-informa\/la-retencion-de-producto-por-unos-precios-que-desaniman-la-venta-reactiva-la-cotizacion-del-cereal#breadcrumb","itemListElement":[{"@type":"ListItem","position":1,"name":"Portada","item":"https:\/\/www.asajacyl.com\/palencia\/"},{"@type":"ListItem","position":2,"name":"La retenci\u00f3n de producto por unos precios que desaniman la venta reactiva la cotizaci\u00f3n del cereal"}]},{"@type":"WebSite","@id":"https:\/\/www.asajacyl.com\/palencia\/#website","url":"https:\/\/www.asajacyl.com\/palencia\/","name":"ASAJA Palencia","description":"Otro sitio m\u00e1s de Provincias ASAJA Castilla y Le\u00f3n","potentialAction":[{"@type":"SearchAction","target":{"@type":"EntryPoint","urlTemplate":"https:\/\/www.asajacyl.com\/palencia\/?s={search_term_string}"},"query-input":{"@type":"PropertyValueSpecification","valueRequired":true,"valueName":"search_term_string"}}],"inLanguage":"es"},{"@type":"Person","@id":"https:\/\/www.asajacyl.com\/palencia\/#\/schema\/person\/3ab17aeb03527485c317557fae64aab1","name":"Administrador","image":{"@type":"ImageObject","inLanguage":"es","@id":"https:\/\/www.asajacyl.com\/palencia\/#\/schema\/person\/image\/","url":"https:\/\/secure.gravatar.com\/avatar\/517384810d242ca9e38c180f3c9fb973?s=96&d=mm&r=g","contentUrl":"https:\/\/secure.gravatar.com\/avatar\/517384810d242ca9e38c180f3c9fb973?s=96&d=mm&r=g","caption":"Administrador"},"url":"https:\/\/www.asajacyl.com\/palencia\/author\/carlosrm"}]}},"_links":{"self":[{"href":"https:\/\/www.asajacyl.com\/palencia\/wp-json\/wp\/v2\/posts\/21436"}],"collection":[{"href":"https:\/\/www.asajacyl.com\/palencia\/wp-json\/wp\/v2\/posts"}],"about":[{"href":"https:\/\/www.asajacyl.com\/palencia\/wp-json\/wp\/v2\/types\/post"}],"author":[{"embeddable":true,"href":"https:\/\/www.asajacyl.com\/palencia\/wp-json\/wp\/v2\/users\/9"}],"replies":[{"embeddable":true,"href":"https:\/\/www.asajacyl.com\/palencia\/wp-json\/wp\/v2\/comments?post=21436"}],"version-history":[{"count":4,"href":"https:\/\/www.asajacyl.com\/palencia\/wp-json\/wp\/v2\/posts\/21436\/revisions"}],"predecessor-version":[{"id":21442,"href":"https:\/\/www.asajacyl.com\/palencia\/wp-json\/wp\/v2\/posts\/21436\/revisions\/21442"}],"wp:featuredmedia":[{"embeddable":true,"href":"https:\/\/www.asajacyl.com\/palencia\/wp-json\/wp\/v2\/media\/21440"}],"wp:attachment":[{"href":"https:\/\/www.asajacyl.com\/palencia\/wp-json\/wp\/v2\/media?parent=21436"}],"wp:term":[{"taxonomy":"category","embeddable":true,"href":"https:\/\/www.asajacyl.com\/palencia\/wp-json\/wp\/v2\/categories?post=21436"},{"taxonomy":"post_tag","embeddable":true,"href":"https:\/\/www.asajacyl.com\/palencia\/wp-json\/wp\/v2\/tags?post=21436"}],"curies":[{"name":"wp","href":"https:\/\/api.w.org\/{rel}","templated":true}]}}