{"id":21443,"date":"2025-11-06T14:14:01","date_gmt":"2025-11-06T13:14:01","guid":{"rendered":"https:\/\/www.asajacyl.com\/palencia\/?p=21443"},"modified":"2025-11-06T14:16:04","modified_gmt":"2025-11-06T13:16:04","slug":"el-xi-congreso-joven-agricultor-reune-este-viernes-en-expoagris-a-la-nueva-generacion-del-campo-espanol","status":"publish","type":"post","link":"https:\/\/www.asajacyl.com\/palencia\/asaja-palencia-informa\/el-xi-congreso-joven-agricultor-reune-este-viernes-en-expoagris-a-la-nueva-generacion-del-campo-espanol","title":{"rendered":"El XI Congreso Joven Agricultor re\u00fane este viernes en ExpoSagris a la nueva generaci\u00f3n del campo espa\u00f1ol"},"content":{"rendered":"\n<h2 class=\"wp-block-heading\">Este viernes 7 de noviembre, en el marco de\u00a0la primera edici\u00f3n de ExpoSagris, que se celebra en el IFEMA de Madrid, se celebrar\u00e1 el\u00a0XI Congreso Nacional y Premios Joven Agricultor ASAJA 2025, un encuentro que reunir\u00e1 a j\u00f3venes agricultores y ganaderos de toda Espa\u00f1a junto a representantes institucionales, empresas y entidades del sector.<\/h2>\n\n\n\n<p>La jornada combinar\u00e1&nbsp;debate, innovaci\u00f3n y reconocimiento, con mesas redondas sobre el futuro de la agricultura, la incorporaci\u00f3n de j\u00f3venes y la sostenibilidad, adem\u00e1s de la&nbsp;entrega de los Premios Nacionales Joven Agricultor 2025, que distinguen las mejores iniciativas agrarias del a\u00f1o. <\/p>\n\n\n\n<p>La imagen adjunta recoge el programa completo de la jornada. que organizan ASAJA, ASAJA-Joven y el grupo popular del Parlamento Europeo, con el patrocinio de Bayer, Semilla Certificada-Agricultores contra el Cambio Clim\u00e1tico y Philip Morris Spain. <\/p>\n\n\n\n<p>El congreso ser\u00e1 inaugurado por Eva Mar\u00edn, presidenta de ASAJA-Joven, y Juan Jos\u00e9 \u00c1lvarez, secretario de Organizaci\u00f3n de ASAJA; y ser\u00e1 clausurado por Pedro Barato, presidente nacional de ASAJA.<\/p>\n\n\n<div class=\"wp-block-image\">\n<figure class=\"aligncenter size-large is-resized\"><img loading=\"lazy\" decoding=\"async\" width=\"724\" height=\"1024\" src=\"https:\/\/www.asajacyl.com\/palencia\/wp-content\/uploads\/sites\/3\/2025\/11\/Programa-Premios-Asaja-Joven-2025-3-724x1024.jpg\" alt=\"\" class=\"wp-image-21444\" style=\"width:1066px;height:auto\" srcset=\"https:\/\/www.asajacyl.com\/palencia\/wp-content\/uploads\/sites\/3\/2025\/11\/Programa-Premios-Asaja-Joven-2025-3-724x1024.jpg 724w, https:\/\/www.asajacyl.com\/palencia\/wp-content\/uploads\/sites\/3\/2025\/11\/Programa-Premios-Asaja-Joven-2025-3-212x300.jpg 212w, https:\/\/www.asajacyl.com\/palencia\/wp-content\/uploads\/sites\/3\/2025\/11\/Programa-Premios-Asaja-Joven-2025-3-768x1086.jpg 768w, https:\/\/www.asajacyl.com\/palencia\/wp-content\/uploads\/sites\/3\/2025\/11\/Programa-Premios-Asaja-Joven-2025-3-1086x1536.jpg 1086w, https:\/\/www.asajacyl.com\/palencia\/wp-content\/uploads\/sites\/3\/2025\/11\/Programa-Premios-Asaja-Joven-2025-3-1448x2048.jpg 1448w, https:\/\/www.asajacyl.com\/palencia\/wp-content\/uploads\/sites\/3\/2025\/11\/Programa-Premios-Asaja-Joven-2025-3-297x420.jpg 297w, https:\/\/www.asajacyl.com\/palencia\/wp-content\/uploads\/sites\/3\/2025\/11\/Programa-Premios-Asaja-Joven-2025-3-696x985.jpg 696w, https:\/\/www.asajacyl.com\/palencia\/wp-content\/uploads\/sites\/3\/2025\/11\/Programa-Premios-Asaja-Joven-2025-3-1068x1511.jpg 1068w, https:\/\/www.asajacyl.com\/palencia\/wp-content\/uploads\/sites\/3\/2025\/11\/Programa-Premios-Asaja-Joven-2025-3.jpg 1587w\" sizes=\"(max-width: 724px) 100vw, 724px\" \/><\/figure><\/div>\n\n\n<p><\/p>\n","protected":false},"excerpt":{"rendered":"<p>Este viernes 7 de noviembre, en el marco de\u00a0la primera edici\u00f3n de ExpoSagris, que se celebra en el IFEMA de Madrid, se celebrar\u00e1 el\u00a0XI Congreso Nacional y Premios Joven Agricultor ASAJA 2025, un encuentro que reunir\u00e1 a j\u00f3venes agricultores y ganaderos de toda Espa\u00f1a junto a representantes institucionales, empresas y entidades del sector. La jornada [&hellip;]<\/p>\n","protected":false},"author":9,"featured_media":21445,"comment_status":"open","ping_status":"open","sticky":false,"template":"","format":"standard","meta":{"footnotes":""},"categories":[9,31,29,28,13],"tags":[58,351,77,1090,232],"yoast_head":"<!-- This site is optimized with the Yoast SEO plugin v24.5 - https:\/\/yoast.com\/wordpress\/plugins\/seo\/ -->\n<title>El XI Congreso Joven Agricultor re\u00fane este viernes en ExpoSagris a la nueva generaci\u00f3n del campo espa\u00f1ol - ASAJA Palencia<\/title>\n<meta name=\"description\" content=\"Este viernes 7 de noviembre, en el marco de\u00a0la primera edici\u00f3n de ExpoSagris, que se celebra en el IFEMA de Madrid, se celebrar\u00e1 el\u00a0XI Congreso Nacional y\" \/>\n<meta name=\"robots\" content=\"index, follow, max-snippet:-1, max-image-preview:large, max-video-preview:-1\" \/>\n<link rel=\"canonical\" href=\"https:\/\/www.asajacyl.com\/palencia\/asaja-palencia-informa\/el-xi-congreso-joven-agricultor-reune-este-viernes-en-expoagris-a-la-nueva-generacion-del-campo-espanol\" \/>\n<meta property=\"og:locale\" content=\"es_ES\" \/>\n<meta property=\"og:type\" content=\"article\" \/>\n<meta property=\"og:title\" content=\"El XI Congreso Joven Agricultor re\u00fane este viernes en ExpoSagris a la nueva generaci\u00f3n del campo espa\u00f1ol - ASAJA Palencia\" \/>\n<meta property=\"og:description\" content=\"Este viernes 7 de noviembre, en el marco de\u00a0la primera edici\u00f3n de ExpoSagris, que se celebra en el IFEMA de Madrid, se celebrar\u00e1 el\u00a0XI Congreso Nacional y\" \/>\n<meta property=\"og:url\" content=\"https:\/\/www.asajacyl.com\/palencia\/asaja-palencia-informa\/el-xi-congreso-joven-agricultor-reune-este-viernes-en-expoagris-a-la-nueva-generacion-del-campo-espanol\" \/>\n<meta property=\"og:site_name\" content=\"ASAJA Palencia\" \/>\n<meta property=\"article:published_time\" content=\"2025-11-06T13:14:01+00:00\" \/>\n<meta property=\"article:modified_time\" content=\"2025-11-06T13:16:04+00:00\" \/>\n<meta property=\"og:image\" content=\"https:\/\/www.asajacyl.com\/palencia\/wp-content\/uploads\/sites\/3\/2025\/11\/asaja-joven.jpg\" \/>\n\t<meta property=\"og:image:width\" content=\"1890\" \/>\n\t<meta property=\"og:image:height\" content=\"1654\" \/>\n\t<meta property=\"og:image:type\" content=\"image\/jpeg\" \/>\n<meta name=\"author\" content=\"Administrador\" \/>\n<meta name=\"twitter:card\" content=\"summary_large_image\" \/>\n<meta name=\"twitter:label1\" content=\"Escrito por\" \/>\n\t<meta name=\"twitter:data1\" content=\"Administrador\" \/>\n\t<meta name=\"twitter:label2\" content=\"Tiempo de lectura\" \/>\n\t<meta name=\"twitter:data2\" content=\"2 minutos\" \/>\n<script type=\"application\/ld+json\" class=\"yoast-schema-graph\">{\"@context\":\"https:\/\/schema.org\",\"@graph\":[{\"@type\":\"WebPage\",\"@id\":\"https:\/\/www.asajacyl.com\/palencia\/asaja-palencia-informa\/el-xi-congreso-joven-agricultor-reune-este-viernes-en-expoagris-a-la-nueva-generacion-del-campo-espanol\",\"url\":\"https:\/\/www.asajacyl.com\/palencia\/asaja-palencia-informa\/el-xi-congreso-joven-agricultor-reune-este-viernes-en-expoagris-a-la-nueva-generacion-del-campo-espanol\",\"name\":\"El XI Congreso Joven Agricultor re\u00fane este viernes en ExpoSagris a la nueva generaci\u00f3n del campo espa\u00f1ol - ASAJA Palencia\",\"isPartOf\":{\"@id\":\"https:\/\/www.asajacyl.com\/palencia\/#website\"},\"primaryImageOfPage\":{\"@id\":\"https:\/\/www.asajacyl.com\/palencia\/asaja-palencia-informa\/el-xi-congreso-joven-agricultor-reune-este-viernes-en-expoagris-a-la-nueva-generacion-del-campo-espanol#primaryimage\"},\"image\":{\"@id\":\"https:\/\/www.asajacyl.com\/palencia\/asaja-palencia-informa\/el-xi-congreso-joven-agricultor-reune-este-viernes-en-expoagris-a-la-nueva-generacion-del-campo-espanol#primaryimage\"},\"thumbnailUrl\":\"https:\/\/www.asajacyl.com\/palencia\/wp-content\/uploads\/sites\/3\/2025\/11\/asaja-joven.jpg\",\"datePublished\":\"2025-11-06T13:14:01+00:00\",\"dateModified\":\"2025-11-06T13:16:04+00:00\",\"author\":{\"@id\":\"https:\/\/www.asajacyl.com\/palencia\/#\/schema\/person\/3ab17aeb03527485c317557fae64aab1\"},\"description\":\"Este viernes 7 de noviembre, en el marco de\u00a0la primera edici\u00f3n de ExpoSagris, que se celebra en el IFEMA de Madrid, se celebrar\u00e1 el\u00a0XI Congreso Nacional y\",\"breadcrumb\":{\"@id\":\"https:\/\/www.asajacyl.com\/palencia\/asaja-palencia-informa\/el-xi-congreso-joven-agricultor-reune-este-viernes-en-expoagris-a-la-nueva-generacion-del-campo-espanol#breadcrumb\"},\"inLanguage\":\"es\",\"potentialAction\":[{\"@type\":\"ReadAction\",\"target\":[\"https:\/\/www.asajacyl.com\/palencia\/asaja-palencia-informa\/el-xi-congreso-joven-agricultor-reune-este-viernes-en-expoagris-a-la-nueva-generacion-del-campo-espanol\"]}]},{\"@type\":\"ImageObject\",\"inLanguage\":\"es\",\"@id\":\"https:\/\/www.asajacyl.com\/palencia\/asaja-palencia-informa\/el-xi-congreso-joven-agricultor-reune-este-viernes-en-expoagris-a-la-nueva-generacion-del-campo-espanol#primaryimage\",\"url\":\"https:\/\/www.asajacyl.com\/palencia\/wp-content\/uploads\/sites\/3\/2025\/11\/asaja-joven.jpg\",\"contentUrl\":\"https:\/\/www.asajacyl.com\/palencia\/wp-content\/uploads\/sites\/3\/2025\/11\/asaja-joven.jpg\",\"width\":1890,\"height\":1654},{\"@type\":\"BreadcrumbList\",\"@id\":\"https:\/\/www.asajacyl.com\/palencia\/asaja-palencia-informa\/el-xi-congreso-joven-agricultor-reune-este-viernes-en-expoagris-a-la-nueva-generacion-del-campo-espanol#breadcrumb\",\"itemListElement\":[{\"@type\":\"ListItem\",\"position\":1,\"name\":\"Portada\",\"item\":\"https:\/\/www.asajacyl.com\/palencia\/\"},{\"@type\":\"ListItem\",\"position\":2,\"name\":\"El XI Congreso Joven Agricultor re\u00fane este viernes en ExpoSagris a la nueva generaci\u00f3n del campo espa\u00f1ol\"}]},{\"@type\":\"WebSite\",\"@id\":\"https:\/\/www.asajacyl.com\/palencia\/#website\",\"url\":\"https:\/\/www.asajacyl.com\/palencia\/\",\"name\":\"ASAJA Palencia\",\"description\":\"Otro sitio m\u00e1s de Provincias ASAJA Castilla y Le\u00f3n\",\"potentialAction\":[{\"@type\":\"SearchAction\",\"target\":{\"@type\":\"EntryPoint\",\"urlTemplate\":\"https:\/\/www.asajacyl.com\/palencia\/?s={search_term_string}\"},\"query-input\":{\"@type\":\"PropertyValueSpecification\",\"valueRequired\":true,\"valueName\":\"search_term_string\"}}],\"inLanguage\":\"es\"},{\"@type\":\"Person\",\"@id\":\"https:\/\/www.asajacyl.com\/palencia\/#\/schema\/person\/3ab17aeb03527485c317557fae64aab1\",\"name\":\"Administrador\",\"image\":{\"@type\":\"ImageObject\",\"inLanguage\":\"es\",\"@id\":\"https:\/\/www.asajacyl.com\/palencia\/#\/schema\/person\/image\/\",\"url\":\"https:\/\/secure.gravatar.com\/avatar\/517384810d242ca9e38c180f3c9fb973?s=96&d=mm&r=g\",\"contentUrl\":\"https:\/\/secure.gravatar.com\/avatar\/517384810d242ca9e38c180f3c9fb973?s=96&d=mm&r=g\",\"caption\":\"Administrador\"},\"url\":\"https:\/\/www.asajacyl.com\/palencia\/author\/carlosrm\"}]}<\/script>\n<!-- \/ Yoast SEO plugin. -->","yoast_head_json":{"title":"El XI Congreso Joven Agricultor re\u00fane este viernes en ExpoSagris a la nueva generaci\u00f3n del campo espa\u00f1ol - ASAJA Palencia","description":"Este viernes 7 de noviembre, en el marco de\u00a0la primera edici\u00f3n de ExpoSagris, que se celebra en el IFEMA de Madrid, se celebrar\u00e1 el\u00a0XI Congreso Nacional y","robots":{"index":"index","follow":"follow","max-snippet":"max-snippet:-1","max-image-preview":"max-image-preview:large","max-video-preview":"max-video-preview:-1"},"canonical":"https:\/\/www.asajacyl.com\/palencia\/asaja-palencia-informa\/el-xi-congreso-joven-agricultor-reune-este-viernes-en-expoagris-a-la-nueva-generacion-del-campo-espanol","og_locale":"es_ES","og_type":"article","og_title":"El XI Congreso Joven Agricultor re\u00fane este viernes en ExpoSagris a la nueva generaci\u00f3n del campo espa\u00f1ol - ASAJA Palencia","og_description":"Este viernes 7 de noviembre, en el marco de\u00a0la primera edici\u00f3n de ExpoSagris, que se celebra en el IFEMA de Madrid, se celebrar\u00e1 el\u00a0XI Congreso Nacional y","og_url":"https:\/\/www.asajacyl.com\/palencia\/asaja-palencia-informa\/el-xi-congreso-joven-agricultor-reune-este-viernes-en-expoagris-a-la-nueva-generacion-del-campo-espanol","og_site_name":"ASAJA Palencia","article_published_time":"2025-11-06T13:14:01+00:00","article_modified_time":"2025-11-06T13:16:04+00:00","og_image":[{"width":1890,"height":1654,"url":"https:\/\/www.asajacyl.com\/palencia\/wp-content\/uploads\/sites\/3\/2025\/11\/asaja-joven.jpg","type":"image\/jpeg"}],"author":"Administrador","twitter_card":"summary_large_image","twitter_misc":{"Escrito por":"Administrador","Tiempo de lectura":"2 minutos"},"schema":{"@context":"https:\/\/schema.org","@graph":[{"@type":"WebPage","@id":"https:\/\/www.asajacyl.com\/palencia\/asaja-palencia-informa\/el-xi-congreso-joven-agricultor-reune-este-viernes-en-expoagris-a-la-nueva-generacion-del-campo-espanol","url":"https:\/\/www.asajacyl.com\/palencia\/asaja-palencia-informa\/el-xi-congreso-joven-agricultor-reune-este-viernes-en-expoagris-a-la-nueva-generacion-del-campo-espanol","name":"El XI Congreso Joven Agricultor re\u00fane este viernes en ExpoSagris a la nueva generaci\u00f3n del campo espa\u00f1ol - ASAJA Palencia","isPartOf":{"@id":"https:\/\/www.asajacyl.com\/palencia\/#website"},"primaryImageOfPage":{"@id":"https:\/\/www.asajacyl.com\/palencia\/asaja-palencia-informa\/el-xi-congreso-joven-agricultor-reune-este-viernes-en-expoagris-a-la-nueva-generacion-del-campo-espanol#primaryimage"},"image":{"@id":"https:\/\/www.asajacyl.com\/palencia\/asaja-palencia-informa\/el-xi-congreso-joven-agricultor-reune-este-viernes-en-expoagris-a-la-nueva-generacion-del-campo-espanol#primaryimage"},"thumbnailUrl":"https:\/\/www.asajacyl.com\/palencia\/wp-content\/uploads\/sites\/3\/2025\/11\/asaja-joven.jpg","datePublished":"2025-11-06T13:14:01+00:00","dateModified":"2025-11-06T13:16:04+00:00","author":{"@id":"https:\/\/www.asajacyl.com\/palencia\/#\/schema\/person\/3ab17aeb03527485c317557fae64aab1"},"description":"Este viernes 7 de noviembre, en el marco de\u00a0la primera edici\u00f3n de ExpoSagris, que se celebra en el IFEMA de Madrid, se celebrar\u00e1 el\u00a0XI Congreso Nacional y","breadcrumb":{"@id":"https:\/\/www.asajacyl.com\/palencia\/asaja-palencia-informa\/el-xi-congreso-joven-agricultor-reune-este-viernes-en-expoagris-a-la-nueva-generacion-del-campo-espanol#breadcrumb"},"inLanguage":"es","potentialAction":[{"@type":"ReadAction","target":["https:\/\/www.asajacyl.com\/palencia\/asaja-palencia-informa\/el-xi-congreso-joven-agricultor-reune-este-viernes-en-expoagris-a-la-nueva-generacion-del-campo-espanol"]}]},{"@type":"ImageObject","inLanguage":"es","@id":"https:\/\/www.asajacyl.com\/palencia\/asaja-palencia-informa\/el-xi-congreso-joven-agricultor-reune-este-viernes-en-expoagris-a-la-nueva-generacion-del-campo-espanol#primaryimage","url":"https:\/\/www.asajacyl.com\/palencia\/wp-content\/uploads\/sites\/3\/2025\/11\/asaja-joven.jpg","contentUrl":"https:\/\/www.asajacyl.com\/palencia\/wp-content\/uploads\/sites\/3\/2025\/11\/asaja-joven.jpg","width":1890,"height":1654},{"@type":"BreadcrumbList","@id":"https:\/\/www.asajacyl.com\/palencia\/asaja-palencia-informa\/el-xi-congreso-joven-agricultor-reune-este-viernes-en-expoagris-a-la-nueva-generacion-del-campo-espanol#breadcrumb","itemListElement":[{"@type":"ListItem","position":1,"name":"Portada","item":"https:\/\/www.asajacyl.com\/palencia\/"},{"@type":"ListItem","position":2,"name":"El XI Congreso Joven Agricultor re\u00fane este viernes en ExpoSagris a la nueva generaci\u00f3n del campo espa\u00f1ol"}]},{"@type":"WebSite","@id":"https:\/\/www.asajacyl.com\/palencia\/#website","url":"https:\/\/www.asajacyl.com\/palencia\/","name":"ASAJA Palencia","description":"Otro sitio m\u00e1s de Provincias ASAJA Castilla y Le\u00f3n","potentialAction":[{"@type":"SearchAction","target":{"@type":"EntryPoint","urlTemplate":"https:\/\/www.asajacyl.com\/palencia\/?s={search_term_string}"},"query-input":{"@type":"PropertyValueSpecification","valueRequired":true,"valueName":"search_term_string"}}],"inLanguage":"es"},{"@type":"Person","@id":"https:\/\/www.asajacyl.com\/palencia\/#\/schema\/person\/3ab17aeb03527485c317557fae64aab1","name":"Administrador","image":{"@type":"ImageObject","inLanguage":"es","@id":"https:\/\/www.asajacyl.com\/palencia\/#\/schema\/person\/image\/","url":"https:\/\/secure.gravatar.com\/avatar\/517384810d242ca9e38c180f3c9fb973?s=96&d=mm&r=g","contentUrl":"https:\/\/secure.gravatar.com\/avatar\/517384810d242ca9e38c180f3c9fb973?s=96&d=mm&r=g","caption":"Administrador"},"url":"https:\/\/www.asajacyl.com\/palencia\/author\/carlosrm"}]}},"_links":{"self":[{"href":"https:\/\/www.asajacyl.com\/palencia\/wp-json\/wp\/v2\/posts\/21443"}],"collection":[{"href":"https:\/\/www.asajacyl.com\/palencia\/wp-json\/wp\/v2\/posts"}],"about":[{"href":"https:\/\/www.asajacyl.com\/palencia\/wp-json\/wp\/v2\/types\/post"}],"author":[{"embeddable":true,"href":"https:\/\/www.asajacyl.com\/palencia\/wp-json\/wp\/v2\/users\/9"}],"replies":[{"embeddable":true,"href":"https:\/\/www.asajacyl.com\/palencia\/wp-json\/wp\/v2\/comments?post=21443"}],"version-history":[{"count":4,"href":"https:\/\/www.asajacyl.com\/palencia\/wp-json\/wp\/v2\/posts\/21443\/revisions"}],"predecessor-version":[{"id":21450,"href":"https:\/\/www.asajacyl.com\/palencia\/wp-json\/wp\/v2\/posts\/21443\/revisions\/21450"}],"wp:featuredmedia":[{"embeddable":true,"href":"https:\/\/www.asajacyl.com\/palencia\/wp-json\/wp\/v2\/media\/21445"}],"wp:attachment":[{"href":"https:\/\/www.asajacyl.com\/palencia\/wp-json\/wp\/v2\/media?parent=21443"}],"wp:term":[{"taxonomy":"category","embeddable":true,"href":"https:\/\/www.asajacyl.com\/palencia\/wp-json\/wp\/v2\/categories?post=21443"},{"taxonomy":"post_tag","embeddable":true,"href":"https:\/\/www.asajacyl.com\/palencia\/wp-json\/wp\/v2\/tags?post=21443"}],"curies":[{"name":"wp","href":"https:\/\/api.w.org\/{rel}","templated":true}]}}