{"id":21451,"date":"2025-11-07T10:01:40","date_gmt":"2025-11-07T09:01:40","guid":{"rendered":"https:\/\/www.asajacyl.com\/palencia\/?p=21451"},"modified":"2025-11-07T10:02:05","modified_gmt":"2025-11-07T09:02:05","slug":"se-amplian-hasta-el-30-de-noviembre-las-medidas-de-prevencion-frente-a-la-dermatosis-nodular-contagiosa","status":"publish","type":"post","link":"https:\/\/www.asajacyl.com\/palencia\/asaja-palencia-informa\/se-amplian-hasta-el-30-de-noviembre-las-medidas-de-prevencion-frente-a-la-dermatosis-nodular-contagiosa","title":{"rendered":"Se ampl\u00edan hasta el 30 de noviembre las medidas de prevenci\u00f3n frente a la dermatosis nodular contagiosa"},"content":{"rendered":"\n<h2 class=\"wp-block-heading\">El Bolet\u00edn Oficial de Castilla y Le\u00f3n (BOCyL) ha publicado este viernes, 7 de noviembre, la resoluci\u00f3n\u00a0de la Direcci\u00f3n General de Producci\u00f3n Agr\u00edcola y Ganadera\u00a0de la Junta de Castilla y Le\u00f3n\u00a0que establece\u00a0medidas\u00a0cautelares\u00a0de prevenci\u00f3n frente a la dermatosis nodular contagiosa\u00a0(DNC)\u00a0desde el 9 hasta el 30 de noviembre. Entre ellas, se extiende a todo el mes la <span style=\"text-decoration: underline\">suspensi\u00f3n de ferias, concursos, cert\u00e1menes, subastas, romer\u00edas, mercados y cualquier evento o concentraci\u00f3n de animales<\/span>\u00a0(salvo perros, gatos y otros animales de compa\u00f1\u00eda) cuando concurran animales\u00a0procedentes\u00a0de m\u00e1s de un C\u00f3digo de Explotaci\u00f3n Agraria (CEA).\u00a0\u00a0<\/h2>\n\n\n\n<p>Las decisiones adoptadas, consultadas con las organizaciones profesionales agrarias, persiguen minimizar el riesgo de aparici\u00f3n de la enfermedad en la comunidad,\u00a0reforzar la protecci\u00f3n de la caba\u00f1a ganadera y\u00a0dar estabilidad al sector,\u00a0en consonancia con la resoluci\u00f3n anterior del\u00a0pasado 25 de octubre.\u00a0\u00a0<\/p>\n\n\n\n<p>La DNC es una enfermedad v\u00edrica de difusi\u00f3n principalmente vectorial por insectos, que no afecta a los seres humanos ni por contacto con los animales ni por ingesti\u00f3n de productos ganaderos.\u00a0<\/p>\n\n\n\n<p><strong>Se mantiene la suspensi\u00f3n del\u00a0Mercado Nacional de Ganados de Salamanca<\/strong>\u00a0y\u00a0la\u00a0obligatoriedad de realizar la desinsectaci\u00f3n de los veh\u00edculos de transporte de ganado que realicen movimientos de entrada de bovinos en Castilla y Le\u00f3n.\u00a0Tambi\u00e9n deber\u00e1n desinsectarse los veh\u00edculos de transporte de animales de las diferentes especies, con car\u00e1cter previo a la salida de la explotaci\u00f3n ganadera con destino a vida.\u00a0\u00a0<\/p>\n\n\n\n<p>En los casos de explotaciones de Castilla y Le\u00f3n que reciban\u00a0animales procedentes de zonas consideradas de riesgo (\u00e1reas\u00a0donde\u00a0ya se ha vacunado y\u00a0se puede\u00a0autorizar\u00a0la salida de animales), se someter\u00e1n\u00a0a vigilancia veterinaria oficial, inmovilizaci\u00f3n cautelar durante veinti\u00fan d\u00edas de todos los bovinos de la explotaci\u00f3n y a la desinsectaci\u00f3n de\u00a0las reses.\u00a0\u00a0<\/p>\n\n\n\n<p><strong>POSIBILIDAD DE PR\u00d3RROGA. <\/strong>La resoluci\u00f3n podr\u00e1 prorrogarse\u00a0en\u00a0funci\u00f3n de la evoluci\u00f3n epidemiol\u00f3gica de la DNC, que en estos\u00a0momentos afecta \u00fanicamente a la provincia de Gerona, donde se han detectado dieciocho focos.\u00a0<\/p>\n\n\n\n<p>La Consejer\u00eda de Agricultura, Ganader\u00eda y Desarrollo Rural recuerda a los titulares de explotaciones, operadores y transportistas, la necesidad de reforzar la aplicaci\u00f3n de\u00a0las medidas de\u00a0bioseguridad,\u00a0la vigilancia del registro de entradas y salidas, as\u00ed como de la cl\u00ednica de los animales\u00a0y la obligaci\u00f3n de\u00a0notificar\u00a0cualquier sospecha a los servicios veterinarios oficiales.<\/p>\n\n\n\n<p><strong>ESTRATEGIA COM\u00daN.<\/strong> Las comunidades del norte de Espa\u00f1a (Cantabria, Castilla y Le\u00f3n, Galicia, Navarra Pa\u00eds Vasco y Principado de Asturias) han solicitado al Ministerio de Agricultura, Pesca y Alimentaci\u00f3n una estrategia com\u00fan coordinada para frenar la propagaci\u00f3n de la enfermedad, que ya ha obligado al sacrificio de m\u00e1s de 2500 cabezas de ganado, y la inmovilizaci\u00f3n de unos 150 000 animales en Catalu\u00f1a.<\/p>\n\n\n\n<p>La comunidad de Cantabria ha suspendido las ferias, concursos, subastas, romer\u00edas y mercados con presencia de animales en lo que queda de 2025. Asimismo, ha <strong>ampliado a todo este mes de noviembre el cierre del Mercado Nacional de Ganados de Torrelavega<\/strong>.<strong>\/<\/strong><\/p>\n","protected":false},"excerpt":{"rendered":"<p>El Bolet\u00edn Oficial de Castilla y Le\u00f3n (BOCyL) ha publicado este viernes, 7 de noviembre, la resoluci\u00f3n\u00a0de la Direcci\u00f3n General de Producci\u00f3n Agr\u00edcola y Ganadera\u00a0de la Junta de Castilla y Le\u00f3n\u00a0que establece\u00a0medidas\u00a0cautelares\u00a0de prevenci\u00f3n frente a la dermatosis nodular contagiosa\u00a0(DNC)\u00a0desde el 9 hasta el 30 de noviembre. Entre ellas, se extiende a todo el mes la [&hellip;]<\/p>\n","protected":false},"author":9,"featured_media":21452,"comment_status":"open","ping_status":"open","sticky":false,"template":"","format":"standard","meta":{"footnotes":""},"categories":[9,31,38,29,28,13],"tags":[234,1617,142,351,1490,77,1084,1619,66,1636,1637,110,365,449,144],"yoast_head":"<!-- This site is optimized with the Yoast SEO plugin v24.5 - https:\/\/yoast.com\/wordpress\/plugins\/seo\/ -->\n<title>Se ampl\u00edan hasta el 30 de noviembre las medidas de prevenci\u00f3n frente a la dermatosis nodular contagiosa - ASAJA Palencia<\/title>\n<meta name=\"description\" content=\"El Bolet\u00edn Oficial de Castilla y Le\u00f3n (BOCyL) ha publicado este viernes, 7 de noviembre, la resoluci\u00f3n\u00a0de la Direcci\u00f3n General de Producci\u00f3n Agr\u00edcola y\" \/>\n<meta name=\"robots\" content=\"index, follow, max-snippet:-1, max-image-preview:large, max-video-preview:-1\" \/>\n<link rel=\"canonical\" href=\"https:\/\/www.asajacyl.com\/palencia\/asaja-palencia-informa\/se-amplian-hasta-el-30-de-noviembre-las-medidas-de-prevencion-frente-a-la-dermatosis-nodular-contagiosa\" \/>\n<meta property=\"og:locale\" content=\"es_ES\" \/>\n<meta property=\"og:type\" content=\"article\" \/>\n<meta property=\"og:title\" content=\"Se ampl\u00edan hasta el 30 de noviembre las medidas de prevenci\u00f3n frente a la dermatosis nodular contagiosa - ASAJA Palencia\" \/>\n<meta property=\"og:description\" content=\"El Bolet\u00edn Oficial de Castilla y Le\u00f3n (BOCyL) ha publicado este viernes, 7 de noviembre, la resoluci\u00f3n\u00a0de la Direcci\u00f3n General de Producci\u00f3n Agr\u00edcola y\" \/>\n<meta property=\"og:url\" content=\"https:\/\/www.asajacyl.com\/palencia\/asaja-palencia-informa\/se-amplian-hasta-el-30-de-noviembre-las-medidas-de-prevencion-frente-a-la-dermatosis-nodular-contagiosa\" \/>\n<meta property=\"og:site_name\" content=\"ASAJA Palencia\" \/>\n<meta property=\"article:published_time\" content=\"2025-11-07T09:01:40+00:00\" \/>\n<meta property=\"article:modified_time\" content=\"2025-11-07T09:02:05+00:00\" \/>\n<meta property=\"og:image\" content=\"https:\/\/www.asajacyl.com\/palencia\/wp-content\/uploads\/sites\/3\/2025\/11\/Bovino-carne-Asaja-nacional-web2.jpg\" \/>\n\t<meta property=\"og:image:width\" content=\"1890\" \/>\n\t<meta property=\"og:image:height\" content=\"1654\" \/>\n\t<meta property=\"og:image:type\" content=\"image\/jpeg\" \/>\n<meta name=\"author\" content=\"Administrador\" \/>\n<meta name=\"twitter:card\" content=\"summary_large_image\" \/>\n<meta name=\"twitter:label1\" content=\"Escrito por\" \/>\n\t<meta name=\"twitter:data1\" content=\"Administrador\" \/>\n\t<meta name=\"twitter:label2\" content=\"Tiempo de lectura\" \/>\n\t<meta name=\"twitter:data2\" content=\"3 minutos\" \/>\n<script type=\"application\/ld+json\" class=\"yoast-schema-graph\">{\"@context\":\"https:\/\/schema.org\",\"@graph\":[{\"@type\":\"WebPage\",\"@id\":\"https:\/\/www.asajacyl.com\/palencia\/asaja-palencia-informa\/se-amplian-hasta-el-30-de-noviembre-las-medidas-de-prevencion-frente-a-la-dermatosis-nodular-contagiosa\",\"url\":\"https:\/\/www.asajacyl.com\/palencia\/asaja-palencia-informa\/se-amplian-hasta-el-30-de-noviembre-las-medidas-de-prevencion-frente-a-la-dermatosis-nodular-contagiosa\",\"name\":\"Se ampl\u00edan hasta el 30 de noviembre las medidas de prevenci\u00f3n frente a la dermatosis nodular contagiosa - ASAJA Palencia\",\"isPartOf\":{\"@id\":\"https:\/\/www.asajacyl.com\/palencia\/#website\"},\"primaryImageOfPage\":{\"@id\":\"https:\/\/www.asajacyl.com\/palencia\/asaja-palencia-informa\/se-amplian-hasta-el-30-de-noviembre-las-medidas-de-prevencion-frente-a-la-dermatosis-nodular-contagiosa#primaryimage\"},\"image\":{\"@id\":\"https:\/\/www.asajacyl.com\/palencia\/asaja-palencia-informa\/se-amplian-hasta-el-30-de-noviembre-las-medidas-de-prevencion-frente-a-la-dermatosis-nodular-contagiosa#primaryimage\"},\"thumbnailUrl\":\"https:\/\/www.asajacyl.com\/palencia\/wp-content\/uploads\/sites\/3\/2025\/11\/Bovino-carne-Asaja-nacional-web2.jpg\",\"datePublished\":\"2025-11-07T09:01:40+00:00\",\"dateModified\":\"2025-11-07T09:02:05+00:00\",\"author\":{\"@id\":\"https:\/\/www.asajacyl.com\/palencia\/#\/schema\/person\/3ab17aeb03527485c317557fae64aab1\"},\"description\":\"El Bolet\u00edn Oficial de Castilla y Le\u00f3n (BOCyL) ha publicado este viernes, 7 de noviembre, la resoluci\u00f3n\u00a0de la Direcci\u00f3n General de Producci\u00f3n Agr\u00edcola y\",\"breadcrumb\":{\"@id\":\"https:\/\/www.asajacyl.com\/palencia\/asaja-palencia-informa\/se-amplian-hasta-el-30-de-noviembre-las-medidas-de-prevencion-frente-a-la-dermatosis-nodular-contagiosa#breadcrumb\"},\"inLanguage\":\"es\",\"potentialAction\":[{\"@type\":\"ReadAction\",\"target\":[\"https:\/\/www.asajacyl.com\/palencia\/asaja-palencia-informa\/se-amplian-hasta-el-30-de-noviembre-las-medidas-de-prevencion-frente-a-la-dermatosis-nodular-contagiosa\"]}]},{\"@type\":\"ImageObject\",\"inLanguage\":\"es\",\"@id\":\"https:\/\/www.asajacyl.com\/palencia\/asaja-palencia-informa\/se-amplian-hasta-el-30-de-noviembre-las-medidas-de-prevencion-frente-a-la-dermatosis-nodular-contagiosa#primaryimage\",\"url\":\"https:\/\/www.asajacyl.com\/palencia\/wp-content\/uploads\/sites\/3\/2025\/11\/Bovino-carne-Asaja-nacional-web2.jpg\",\"contentUrl\":\"https:\/\/www.asajacyl.com\/palencia\/wp-content\/uploads\/sites\/3\/2025\/11\/Bovino-carne-Asaja-nacional-web2.jpg\",\"width\":1890,\"height\":1654},{\"@type\":\"BreadcrumbList\",\"@id\":\"https:\/\/www.asajacyl.com\/palencia\/asaja-palencia-informa\/se-amplian-hasta-el-30-de-noviembre-las-medidas-de-prevencion-frente-a-la-dermatosis-nodular-contagiosa#breadcrumb\",\"itemListElement\":[{\"@type\":\"ListItem\",\"position\":1,\"name\":\"Portada\",\"item\":\"https:\/\/www.asajacyl.com\/palencia\/\"},{\"@type\":\"ListItem\",\"position\":2,\"name\":\"Se ampl\u00edan hasta el 30 de noviembre las medidas de prevenci\u00f3n frente a la dermatosis nodular contagiosa\"}]},{\"@type\":\"WebSite\",\"@id\":\"https:\/\/www.asajacyl.com\/palencia\/#website\",\"url\":\"https:\/\/www.asajacyl.com\/palencia\/\",\"name\":\"ASAJA Palencia\",\"description\":\"Otro sitio m\u00e1s de Provincias ASAJA Castilla y Le\u00f3n\",\"potentialAction\":[{\"@type\":\"SearchAction\",\"target\":{\"@type\":\"EntryPoint\",\"urlTemplate\":\"https:\/\/www.asajacyl.com\/palencia\/?s={search_term_string}\"},\"query-input\":{\"@type\":\"PropertyValueSpecification\",\"valueRequired\":true,\"valueName\":\"search_term_string\"}}],\"inLanguage\":\"es\"},{\"@type\":\"Person\",\"@id\":\"https:\/\/www.asajacyl.com\/palencia\/#\/schema\/person\/3ab17aeb03527485c317557fae64aab1\",\"name\":\"Administrador\",\"image\":{\"@type\":\"ImageObject\",\"inLanguage\":\"es\",\"@id\":\"https:\/\/www.asajacyl.com\/palencia\/#\/schema\/person\/image\/\",\"url\":\"https:\/\/secure.gravatar.com\/avatar\/517384810d242ca9e38c180f3c9fb973?s=96&d=mm&r=g\",\"contentUrl\":\"https:\/\/secure.gravatar.com\/avatar\/517384810d242ca9e38c180f3c9fb973?s=96&d=mm&r=g\",\"caption\":\"Administrador\"},\"url\":\"https:\/\/www.asajacyl.com\/palencia\/author\/carlosrm\"}]}<\/script>\n<!-- \/ Yoast SEO plugin. -->","yoast_head_json":{"title":"Se ampl\u00edan hasta el 30 de noviembre las medidas de prevenci\u00f3n frente a la dermatosis nodular contagiosa - ASAJA Palencia","description":"El Bolet\u00edn Oficial de Castilla y Le\u00f3n (BOCyL) ha publicado este viernes, 7 de noviembre, la resoluci\u00f3n\u00a0de la Direcci\u00f3n General de Producci\u00f3n Agr\u00edcola y","robots":{"index":"index","follow":"follow","max-snippet":"max-snippet:-1","max-image-preview":"max-image-preview:large","max-video-preview":"max-video-preview:-1"},"canonical":"https:\/\/www.asajacyl.com\/palencia\/asaja-palencia-informa\/se-amplian-hasta-el-30-de-noviembre-las-medidas-de-prevencion-frente-a-la-dermatosis-nodular-contagiosa","og_locale":"es_ES","og_type":"article","og_title":"Se ampl\u00edan hasta el 30 de noviembre las medidas de prevenci\u00f3n frente a la dermatosis nodular contagiosa - ASAJA Palencia","og_description":"El Bolet\u00edn Oficial de Castilla y Le\u00f3n (BOCyL) ha publicado este viernes, 7 de noviembre, la resoluci\u00f3n\u00a0de la Direcci\u00f3n General de Producci\u00f3n Agr\u00edcola y","og_url":"https:\/\/www.asajacyl.com\/palencia\/asaja-palencia-informa\/se-amplian-hasta-el-30-de-noviembre-las-medidas-de-prevencion-frente-a-la-dermatosis-nodular-contagiosa","og_site_name":"ASAJA Palencia","article_published_time":"2025-11-07T09:01:40+00:00","article_modified_time":"2025-11-07T09:02:05+00:00","og_image":[{"width":1890,"height":1654,"url":"https:\/\/www.asajacyl.com\/palencia\/wp-content\/uploads\/sites\/3\/2025\/11\/Bovino-carne-Asaja-nacional-web2.jpg","type":"image\/jpeg"}],"author":"Administrador","twitter_card":"summary_large_image","twitter_misc":{"Escrito por":"Administrador","Tiempo de lectura":"3 minutos"},"schema":{"@context":"https:\/\/schema.org","@graph":[{"@type":"WebPage","@id":"https:\/\/www.asajacyl.com\/palencia\/asaja-palencia-informa\/se-amplian-hasta-el-30-de-noviembre-las-medidas-de-prevencion-frente-a-la-dermatosis-nodular-contagiosa","url":"https:\/\/www.asajacyl.com\/palencia\/asaja-palencia-informa\/se-amplian-hasta-el-30-de-noviembre-las-medidas-de-prevencion-frente-a-la-dermatosis-nodular-contagiosa","name":"Se ampl\u00edan hasta el 30 de noviembre las medidas de prevenci\u00f3n frente a la dermatosis nodular contagiosa - ASAJA Palencia","isPartOf":{"@id":"https:\/\/www.asajacyl.com\/palencia\/#website"},"primaryImageOfPage":{"@id":"https:\/\/www.asajacyl.com\/palencia\/asaja-palencia-informa\/se-amplian-hasta-el-30-de-noviembre-las-medidas-de-prevencion-frente-a-la-dermatosis-nodular-contagiosa#primaryimage"},"image":{"@id":"https:\/\/www.asajacyl.com\/palencia\/asaja-palencia-informa\/se-amplian-hasta-el-30-de-noviembre-las-medidas-de-prevencion-frente-a-la-dermatosis-nodular-contagiosa#primaryimage"},"thumbnailUrl":"https:\/\/www.asajacyl.com\/palencia\/wp-content\/uploads\/sites\/3\/2025\/11\/Bovino-carne-Asaja-nacional-web2.jpg","datePublished":"2025-11-07T09:01:40+00:00","dateModified":"2025-11-07T09:02:05+00:00","author":{"@id":"https:\/\/www.asajacyl.com\/palencia\/#\/schema\/person\/3ab17aeb03527485c317557fae64aab1"},"description":"El Bolet\u00edn Oficial de Castilla y Le\u00f3n (BOCyL) ha publicado este viernes, 7 de noviembre, la resoluci\u00f3n\u00a0de la Direcci\u00f3n General de Producci\u00f3n Agr\u00edcola y","breadcrumb":{"@id":"https:\/\/www.asajacyl.com\/palencia\/asaja-palencia-informa\/se-amplian-hasta-el-30-de-noviembre-las-medidas-de-prevencion-frente-a-la-dermatosis-nodular-contagiosa#breadcrumb"},"inLanguage":"es","potentialAction":[{"@type":"ReadAction","target":["https:\/\/www.asajacyl.com\/palencia\/asaja-palencia-informa\/se-amplian-hasta-el-30-de-noviembre-las-medidas-de-prevencion-frente-a-la-dermatosis-nodular-contagiosa"]}]},{"@type":"ImageObject","inLanguage":"es","@id":"https:\/\/www.asajacyl.com\/palencia\/asaja-palencia-informa\/se-amplian-hasta-el-30-de-noviembre-las-medidas-de-prevencion-frente-a-la-dermatosis-nodular-contagiosa#primaryimage","url":"https:\/\/www.asajacyl.com\/palencia\/wp-content\/uploads\/sites\/3\/2025\/11\/Bovino-carne-Asaja-nacional-web2.jpg","contentUrl":"https:\/\/www.asajacyl.com\/palencia\/wp-content\/uploads\/sites\/3\/2025\/11\/Bovino-carne-Asaja-nacional-web2.jpg","width":1890,"height":1654},{"@type":"BreadcrumbList","@id":"https:\/\/www.asajacyl.com\/palencia\/asaja-palencia-informa\/se-amplian-hasta-el-30-de-noviembre-las-medidas-de-prevencion-frente-a-la-dermatosis-nodular-contagiosa#breadcrumb","itemListElement":[{"@type":"ListItem","position":1,"name":"Portada","item":"https:\/\/www.asajacyl.com\/palencia\/"},{"@type":"ListItem","position":2,"name":"Se ampl\u00edan hasta el 30 de noviembre las medidas de prevenci\u00f3n frente a la dermatosis nodular contagiosa"}]},{"@type":"WebSite","@id":"https:\/\/www.asajacyl.com\/palencia\/#website","url":"https:\/\/www.asajacyl.com\/palencia\/","name":"ASAJA Palencia","description":"Otro sitio m\u00e1s de Provincias ASAJA Castilla y Le\u00f3n","potentialAction":[{"@type":"SearchAction","target":{"@type":"EntryPoint","urlTemplate":"https:\/\/www.asajacyl.com\/palencia\/?s={search_term_string}"},"query-input":{"@type":"PropertyValueSpecification","valueRequired":true,"valueName":"search_term_string"}}],"inLanguage":"es"},{"@type":"Person","@id":"https:\/\/www.asajacyl.com\/palencia\/#\/schema\/person\/3ab17aeb03527485c317557fae64aab1","name":"Administrador","image":{"@type":"ImageObject","inLanguage":"es","@id":"https:\/\/www.asajacyl.com\/palencia\/#\/schema\/person\/image\/","url":"https:\/\/secure.gravatar.com\/avatar\/517384810d242ca9e38c180f3c9fb973?s=96&d=mm&r=g","contentUrl":"https:\/\/secure.gravatar.com\/avatar\/517384810d242ca9e38c180f3c9fb973?s=96&d=mm&r=g","caption":"Administrador"},"url":"https:\/\/www.asajacyl.com\/palencia\/author\/carlosrm"}]}},"_links":{"self":[{"href":"https:\/\/www.asajacyl.com\/palencia\/wp-json\/wp\/v2\/posts\/21451"}],"collection":[{"href":"https:\/\/www.asajacyl.com\/palencia\/wp-json\/wp\/v2\/posts"}],"about":[{"href":"https:\/\/www.asajacyl.com\/palencia\/wp-json\/wp\/v2\/types\/post"}],"author":[{"embeddable":true,"href":"https:\/\/www.asajacyl.com\/palencia\/wp-json\/wp\/v2\/users\/9"}],"replies":[{"embeddable":true,"href":"https:\/\/www.asajacyl.com\/palencia\/wp-json\/wp\/v2\/comments?post=21451"}],"version-history":[{"count":2,"href":"https:\/\/www.asajacyl.com\/palencia\/wp-json\/wp\/v2\/posts\/21451\/revisions"}],"predecessor-version":[{"id":21454,"href":"https:\/\/www.asajacyl.com\/palencia\/wp-json\/wp\/v2\/posts\/21451\/revisions\/21454"}],"wp:featuredmedia":[{"embeddable":true,"href":"https:\/\/www.asajacyl.com\/palencia\/wp-json\/wp\/v2\/media\/21452"}],"wp:attachment":[{"href":"https:\/\/www.asajacyl.com\/palencia\/wp-json\/wp\/v2\/media?parent=21451"}],"wp:term":[{"taxonomy":"category","embeddable":true,"href":"https:\/\/www.asajacyl.com\/palencia\/wp-json\/wp\/v2\/categories?post=21451"},{"taxonomy":"post_tag","embeddable":true,"href":"https:\/\/www.asajacyl.com\/palencia\/wp-json\/wp\/v2\/tags?post=21451"}],"curies":[{"name":"wp","href":"https:\/\/api.w.org\/{rel}","templated":true}]}}