{"id":21460,"date":"2025-11-10T13:40:47","date_gmt":"2025-11-10T12:40:47","guid":{"rendered":"https:\/\/www.asajacyl.com\/palencia\/?p=21460"},"modified":"2025-11-10T13:58:08","modified_gmt":"2025-11-10T12:58:08","slug":"la-ganadera-palentina-nerea-del-rio-mejor-proyecto-de-eficiencia-en-el-xi-premio-joven-agricultor-asaja","status":"publish","type":"post","link":"https:\/\/www.asajacyl.com\/palencia\/asaja-palencia-informa\/la-ganadera-palentina-nerea-del-rio-mejor-proyecto-de-eficiencia-en-el-xi-premio-joven-agricultor-asaja","title":{"rendered":"La ganadera palentina Nerea del R\u00edo, mejor proyecto de eficiencia en el XI Premio Joven Agricultor ASAJA"},"content":{"rendered":"\n<h2 class=\"wp-block-heading\">Nerea del R\u00edo, joven ganadera de Robladillo de Ucieza (Palencia) recibi\u00f3 el pasado viernes, 7 de noviembre, el&nbsp;Premio al Mejor Proyecto de Eficiencia Energ\u00e9tica y Tecnol\u00f3gica&nbsp;por su iniciativa&nbsp;\u201cOvejas y r\u00edos\u201d, en el acto de entrega del Premio Joven Agricultor del A\u00f1o 2025, que en esta edici\u00f3n ha distinguiedo a la joven ganadera&nbsp;M\u00f3nica Dom\u00ednguez Garc\u00eda, de&nbsp;Valdefuentes de Sangus\u00edn (Salamanca). La ganadera palentina, socia de nuestra organizaci\u00f3n, mereci\u00f3 el premio en su modalidad por su modelo de&nbsp;ganader\u00eda semiextensiva autosuficiente,&nbsp;que demuestra que la eficiencia energ\u00e9tica tambi\u00e9n tiene rostro rural. El jurado destac\u00f3 su capacidad para integrar innovaci\u00f3n, sostenibilidad y bienestar animal. El acto de entrega del premio, que concede&nbsp;ASAJA, se celebr\u00f3 en el marco del&nbsp;XI Congreso Joven Agricultor, desarrollado en el recinto ferial del IFEMA en Madrid, dentro del amplio programa de EXPO SAGRIS, sal\u00f3n de la agricultura y la ganader\u00eda desarrollado del 6 al 8 de noviembre.<\/h2>\n\n\n\n<p>Los&nbsp;Premios Joven Agricultor ASAJA&nbsp;cumplen once ediciones reconociendo el talento, la innovaci\u00f3n y la sostenibilidad de j\u00f3venes agricultores y ganaderos de toda Espa\u00f1a. Estos galardones, patrocinados por&nbsp;Philip Morris Espa\u00f1a,&nbsp;Bayer&nbsp;y&nbsp;Semilla Certificada, forman parte del compromiso de ASAJA con el relevo generacional y la visibilizaci\u00f3n del papel de los j\u00f3venes en el medio rural.<\/p>\n\n\n\n<p>La joven ganadera&nbsp;salmantina M\u00f3nica Dom\u00ednguez Garc\u00eda recibi\u00f3, adem\u00e1s del Premio Joven Agricultor del A\u00f1o 2025, el&nbsp;<strong>Premio Compromiso Social<\/strong>, por el proyecto&nbsp;<em>Agricultura y apicultura sostenibles en Valdefuentes de Sangus\u00edn<\/em>, un modelo que integra&nbsp;ganader\u00eda extensiva, apicultura y agricultura sostenible, combinando tradici\u00f3n, tecnolog\u00eda y respeto por el medio ambiente. <\/p>\n\n\n<div class=\"wp-block-image\">\n<figure class=\"alignright size-large is-resized\"><img loading=\"lazy\" decoding=\"async\" width=\"1024\" height=\"576\" src=\"https:\/\/www.asajacyl.com\/palencia\/wp-content\/uploads\/sites\/3\/2025\/11\/Premio-Joven-Agricultor-2025-1024x576.jpg\" alt=\"\" class=\"wp-image-21463\" style=\"width:803px;height:auto\" srcset=\"https:\/\/www.asajacyl.com\/palencia\/wp-content\/uploads\/sites\/3\/2025\/11\/Premio-Joven-Agricultor-2025-1024x576.jpg 1024w, https:\/\/www.asajacyl.com\/palencia\/wp-content\/uploads\/sites\/3\/2025\/11\/Premio-Joven-Agricultor-2025-300x169.jpg 300w, https:\/\/www.asajacyl.com\/palencia\/wp-content\/uploads\/sites\/3\/2025\/11\/Premio-Joven-Agricultor-2025-768x432.jpg 768w, https:\/\/www.asajacyl.com\/palencia\/wp-content\/uploads\/sites\/3\/2025\/11\/Premio-Joven-Agricultor-2025-1536x864.jpg 1536w, https:\/\/www.asajacyl.com\/palencia\/wp-content\/uploads\/sites\/3\/2025\/11\/Premio-Joven-Agricultor-2025-746x420.jpg 746w, https:\/\/www.asajacyl.com\/palencia\/wp-content\/uploads\/sites\/3\/2025\/11\/Premio-Joven-Agricultor-2025-696x392.jpg 696w, https:\/\/www.asajacyl.com\/palencia\/wp-content\/uploads\/sites\/3\/2025\/11\/Premio-Joven-Agricultor-2025-1068x601.jpg 1068w, https:\/\/www.asajacyl.com\/palencia\/wp-content\/uploads\/sites\/3\/2025\/11\/Premio-Joven-Agricultor-2025-1920x1080.jpg 1920w, https:\/\/www.asajacyl.com\/palencia\/wp-content\/uploads\/sites\/3\/2025\/11\/Premio-Joven-Agricultor-2025.jpg 2040w\" sizes=\"(max-width: 1024px) 100vw, 1024px\" \/><figcaption class=\"wp-element-caption\">Inauguraci\u00f3n del XI Congreso Joven Agricultor, en el IFEMA, en el marco de la primera edici\u00f3n de EXPO SAGRIS, sal\u00f3n de la agricultura y la ganader\u00eda<\/figcaption><\/figure><\/div>\n\n<div class=\"wp-block-image\">\n<figure class=\"alignright size-large is-resized\"><img loading=\"lazy\" decoding=\"async\" width=\"1024\" height=\"896\" src=\"https:\/\/www.asajacyl.com\/palencia\/wp-content\/uploads\/sites\/3\/2025\/11\/Nerea-premio-eficiencia-energetica2-web-1024x896.jpg\" alt=\"\" class=\"wp-image-21462\" style=\"width:805px;height:auto\" srcset=\"https:\/\/www.asajacyl.com\/palencia\/wp-content\/uploads\/sites\/3\/2025\/11\/Nerea-premio-eficiencia-energetica2-web-1024x896.jpg 1024w, https:\/\/www.asajacyl.com\/palencia\/wp-content\/uploads\/sites\/3\/2025\/11\/Nerea-premio-eficiencia-energetica2-web-300x263.jpg 300w, https:\/\/www.asajacyl.com\/palencia\/wp-content\/uploads\/sites\/3\/2025\/11\/Nerea-premio-eficiencia-energetica2-web-768x672.jpg 768w, https:\/\/www.asajacyl.com\/palencia\/wp-content\/uploads\/sites\/3\/2025\/11\/Nerea-premio-eficiencia-energetica2-web-1536x1344.jpg 1536w, https:\/\/www.asajacyl.com\/palencia\/wp-content\/uploads\/sites\/3\/2025\/11\/Nerea-premio-eficiencia-energetica2-web-480x420.jpg 480w, https:\/\/www.asajacyl.com\/palencia\/wp-content\/uploads\/sites\/3\/2025\/11\/Nerea-premio-eficiencia-energetica2-web-696x609.jpg 696w, https:\/\/www.asajacyl.com\/palencia\/wp-content\/uploads\/sites\/3\/2025\/11\/Nerea-premio-eficiencia-energetica2-web-1068x935.jpg 1068w, https:\/\/www.asajacyl.com\/palencia\/wp-content\/uploads\/sites\/3\/2025\/11\/Nerea-premio-eficiencia-energetica2-web.jpg 1890w\" sizes=\"(max-width: 1024px) 100vw, 1024px\" \/><figcaption class=\"wp-element-caption\">El presidente nacional de ASAJA. Pedro Barato, entre la ganadera galardonada, Nerea del R\u00edo, y la europarlamentaria Carmen Crespo (Partido Popular Europeo) durante la entrega del premio.<\/figcaption><\/figure><\/div>\n\n\n<p>Su iniciativa fue valorada por el jurado por convertir una explotaci\u00f3n tradicional en un referente integral de sostenibilidad, innovaci\u00f3n y compromiso social, capaz de inspirar el relevo generacional.<\/p>\n\n\n\n<p>M\u00f3nica Dom\u00ednguez representar\u00e1 a Espa\u00f1a en el Congreso Europeo de J\u00f3venes Agricultores, que se celebrar\u00e1 el 19 de noviembre en Bruselas, donde presentar\u00e1 su proyecto ante j\u00f3venes de toda Europa.<\/p>\n\n\n\n<p>En la categor\u00eda&nbsp;<strong>Mejor Proyecto Digital<\/strong>, los galardonados han sido&nbsp;Luc\u00eda Ortiz Montes&nbsp;y&nbsp;Aar\u00f3n Vallines Guti\u00e9rrez, j\u00f3venes ganaderos de&nbsp;Barcenaciones y San Vicente de la Barquera (Cantabria), por su proyecto&nbsp;<em>Ganader\u00eda Ibiolimusin<\/em>, una explotaci\u00f3n tradicional transformada en referente de digitalizaci\u00f3n y sostenibilidad en el sector.<\/p>\n\n\n<div class=\"wp-block-image\">\n<figure class=\"alignright size-large is-resized\"><img loading=\"lazy\" decoding=\"async\" width=\"1024\" height=\"644\" src=\"https:\/\/www.asajacyl.com\/palencia\/wp-content\/uploads\/sites\/3\/2025\/11\/ASAJA-CyL-premios-joven-agricultor-2025-1024x644.jpg\" alt=\"\" class=\"wp-image-21464\" style=\"width:803px;height:auto\" srcset=\"https:\/\/www.asajacyl.com\/palencia\/wp-content\/uploads\/sites\/3\/2025\/11\/ASAJA-CyL-premios-joven-agricultor-2025-1024x644.jpg 1024w, https:\/\/www.asajacyl.com\/palencia\/wp-content\/uploads\/sites\/3\/2025\/11\/ASAJA-CyL-premios-joven-agricultor-2025-300x189.jpg 300w, https:\/\/www.asajacyl.com\/palencia\/wp-content\/uploads\/sites\/3\/2025\/11\/ASAJA-CyL-premios-joven-agricultor-2025-768x483.jpg 768w, https:\/\/www.asajacyl.com\/palencia\/wp-content\/uploads\/sites\/3\/2025\/11\/ASAJA-CyL-premios-joven-agricultor-2025-667x420.jpg 667w, https:\/\/www.asajacyl.com\/palencia\/wp-content\/uploads\/sites\/3\/2025\/11\/ASAJA-CyL-premios-joven-agricultor-2025-696x438.jpg 696w, https:\/\/www.asajacyl.com\/palencia\/wp-content\/uploads\/sites\/3\/2025\/11\/ASAJA-CyL-premios-joven-agricultor-2025-1068x672.jpg 1068w, https:\/\/www.asajacyl.com\/palencia\/wp-content\/uploads\/sites\/3\/2025\/11\/ASAJA-CyL-premios-joven-agricultor-2025.jpg 1257w\" sizes=\"(max-width: 1024px) 100vw, 1024px\" \/><figcaption class=\"wp-element-caption\">M\u00f3nica Dom\u00ednguez (primera fila, segunda por la derecha), XI Premio Joven Agricultor ASAJA 2025, junto con otras galardonadas de Castilla y Le\u00f3n, con dirigentes nacionales y regionales de ASAJA, y con representantes del Partido Popular y de las firmas patrocinadoras del premio.<\/figcaption><\/figure><\/div>\n\n\n<p>Durante la ceremonia, ASAJA entreg\u00f3 diplomas a los finalistas, seleccionados entre&nbsp;m\u00e1s de una treintena de proyectos procedentes de todas las comunidades aut\u00f3nomas, reflejo del talento y la vitalidad del campo espa\u00f1ol. Los <strong>finalistas<\/strong>&nbsp;de esta edici\u00f3n fueron:<\/p>\n\n\n\n<ul>\n<li>Mercedes L\u00f3pez Rey, joven apicultora de&nbsp;Mora (Toledo), con el proyecto <em>Montes de Toledo<\/em>, ejemplo de apicultura moderna y sostenible.<\/li>\n\n\n\n<li>Jos\u00e9 David D\u00edaz Mohedano, agricultor de&nbsp;C\u00f3rdoba, con&nbsp;<em>Inspira rural<\/em>, iniciativa de recuperaci\u00f3n de productos singulares con identidad local.<\/li>\n\n\n\n<li><strong>Elsa Garc\u00eda Barbero, ganadera de&nbsp;\u00c1vila<\/strong>, con&nbsp;<em>Campus dehesa viva<\/em>, un proyecto que combina ganader\u00eda, sostenibilidad y educaci\u00f3n ambiental.<\/li>\n\n\n\n<li>Mar\u00eda del Rosario Anguita Higueras, de&nbsp;Los Villares (Ja\u00e9n), con&nbsp;<em>Ra\u00edces vivas en el valle de Ot\u00ed\u00f1ar<\/em>, centrado en la conservaci\u00f3n de razas aut\u00f3ctonas y el turismo rural activo.<\/li>\n\n\n\n<li>\u00c1lvaro Mart\u00ednez de las Pe\u00f1as, agricultor de&nbsp;Valdelaguna (Madrid), por su finca de&nbsp;olivar ecol\u00f3gico y sostenible.<\/li>\n\n\n\n<li>\u00c1lvaro Mascort, citricultor de&nbsp;Valencia, con&nbsp;<em>Huerto de Santa Amelia<\/em>, ejemplo de mecanizaci\u00f3n y eficiencia h\u00eddrica.<\/li>\n\n\n\n<li>Jos\u00e9 Ram\u00f3n Montoya, ganadero de&nbsp;C\u00f3rdoba, con&nbsp;<em>Verdecer<\/em>, un sistema innovador de pastoreo que optimiza los recursos y mejora la sostenibilidad del territorio.<\/li>\n<\/ul>\n\n\n\n<p><strong>FUTURO CON RENTABILIDAD.<\/strong> El acto, presidido por&nbsp;Pedro Barato, presidente nacional de ASAJA, y la eurodiputada&nbsp;Carmen Crespo, celebr\u00f3 tras la clausura del Congreso Joven Agricultor, en el marco de EXPO SAGRIS. En su intervenci\u00f3n, Barato destac\u00f3 la importancia de apoyar el relevo generacional y la profesionalizaci\u00f3n del campo, al tiempo que expres\u00f3 la preocupaci\u00f3n de ASAJA por la falta de compromiso real de la Uni\u00f3n Europea con la juventud rural.<\/p>\n\n\n\n<p>\u00abSi no hay rentabilidad, no habr\u00e1 relevo; si no hay incentivos fiscales, acceso al agua y al cr\u00e9dito, no habr\u00e1 futuro. Nuestro pa\u00eds ha demostrado que cuando se dan las condiciones, los j\u00f3venes responden\u00bb, afirm\u00f3 el presidente de nuestra organizaci\u00f3n, quien subray\u00f3 tambi\u00e9n que los proyectos premiados \u00abreflejan el verdadero potencial del campo espa\u00f1ol cuando se apuesta por la innovaci\u00f3n y el compromiso con el territorio\u00bb.<\/p>\n\n\n\n<p>Desde Philips Morris se ha abordado &nbsp;el cultivo tabaco espa\u00f1ol-extreme\u00f1o, apuesta que necesita de un marco regulatorio basado en evidencia cient\u00edfica y sentido com\u00fan, que permita a los fumadores adultos conocer mejores alternativas de menor toxicidad. El futuro del campo extreme\u00f1o no se escribe con prohibiciones, sino con innovaci\u00f3n, unidad y&nbsp;reglas&nbsp;justas. <\/p>\n\n\n\n<p>Por su parte, desde Bayer se ha abordado la necesidad de una simplificaci\u00f3n reguladora y una apuesta decidida del legislador por la ciencia han de ser las bases de la sostenibilidad y competitividad de los j\u00f3venes&nbsp;agricultores. <\/p>\n\n\n\n<p>Desde Semilla Certificada se ha abordado que conseguir que la I+D+i desarrolle todo su potencial necesitamos que la regulaci\u00f3n acompa\u00f1e al desarrollo de los productos. Europa puede perder una oportunidad de oro si las nuevas t\u00e9cnicas gen\u00f3micas (NGTs) no se regulan de forma coherente y basada en criterios cient\u00edficos. Nuestra agricultura necesita las mejores herramientas para hacer frente a los retos actuales y futuros.<strong>\/<\/strong><\/p>\n","protected":false},"excerpt":{"rendered":"<p>Nerea del R\u00edo, joven ganadera de Robladillo de Ucieza (Palencia) recibi\u00f3 el pasado viernes, 7 de noviembre, el&nbsp;Premio al Mejor Proyecto de Eficiencia Energ\u00e9tica y Tecnol\u00f3gica&nbsp;por su iniciativa&nbsp;\u201cOvejas y r\u00edos\u201d, en el acto de entrega del Premio Joven Agricultor del A\u00f1o 2025, que en esta edici\u00f3n ha distinguiedo a la joven ganadera&nbsp;M\u00f3nica Dom\u00ednguez Garc\u00eda, de&nbsp;Valdefuentes [&hellip;]<\/p>\n","protected":false},"author":9,"featured_media":21461,"comment_status":"open","ping_status":"open","sticky":false,"template":"","format":"standard","meta":{"footnotes":""},"categories":[9,29,28],"tags":[58,351,1639,77,143,232,117,154],"yoast_head":"<!-- This site is optimized with the Yoast SEO plugin v24.5 - https:\/\/yoast.com\/wordpress\/plugins\/seo\/ -->\n<title>La ganadera palentina Nerea del R\u00edo, mejor proyecto de eficiencia en el XI Premio Joven Agricultor ASAJA - ASAJA Palencia<\/title>\n<meta name=\"description\" content=\"Nerea del R\u00edo, joven ganadera de Robladillo de Ucieza (Palencia) recibi\u00f3 el pasado viernes, 7 de noviembre, el&nbsp;Premio al Mejor Proyecto de Eficiencia\" \/>\n<meta name=\"robots\" content=\"index, follow, max-snippet:-1, max-image-preview:large, max-video-preview:-1\" \/>\n<link rel=\"canonical\" href=\"https:\/\/www.asajacyl.com\/palencia\/asaja-palencia-informa\/la-ganadera-palentina-nerea-del-rio-mejor-proyecto-de-eficiencia-en-el-xi-premio-joven-agricultor-asaja\" \/>\n<meta property=\"og:locale\" content=\"es_ES\" \/>\n<meta property=\"og:type\" content=\"article\" \/>\n<meta property=\"og:title\" content=\"La ganadera palentina Nerea del R\u00edo, mejor proyecto de eficiencia en el XI Premio Joven Agricultor ASAJA - ASAJA Palencia\" \/>\n<meta property=\"og:description\" content=\"Nerea del R\u00edo, joven ganadera de Robladillo de Ucieza (Palencia) recibi\u00f3 el pasado viernes, 7 de noviembre, el&nbsp;Premio al Mejor Proyecto de Eficiencia\" \/>\n<meta property=\"og:url\" content=\"https:\/\/www.asajacyl.com\/palencia\/asaja-palencia-informa\/la-ganadera-palentina-nerea-del-rio-mejor-proyecto-de-eficiencia-en-el-xi-premio-joven-agricultor-asaja\" \/>\n<meta property=\"og:site_name\" content=\"ASAJA Palencia\" \/>\n<meta property=\"article:published_time\" content=\"2025-11-10T12:40:47+00:00\" \/>\n<meta property=\"article:modified_time\" content=\"2025-11-10T12:58:08+00:00\" \/>\n<meta property=\"og:image\" content=\"https:\/\/www.asajacyl.com\/palencia\/wp-content\/uploads\/sites\/3\/2025\/11\/Nerea-premio-eficiencia-energetica.jpg\" \/>\n\t<meta property=\"og:image:width\" content=\"1890\" \/>\n\t<meta property=\"og:image:height\" content=\"1654\" \/>\n\t<meta property=\"og:image:type\" content=\"image\/jpeg\" \/>\n<meta name=\"author\" content=\"Administrador\" \/>\n<meta name=\"twitter:card\" content=\"summary_large_image\" \/>\n<meta name=\"twitter:label1\" content=\"Escrito por\" \/>\n\t<meta name=\"twitter:data1\" content=\"Administrador\" \/>\n\t<meta name=\"twitter:label2\" content=\"Tiempo de lectura\" \/>\n\t<meta name=\"twitter:data2\" content=\"6 minutos\" \/>\n<script type=\"application\/ld+json\" class=\"yoast-schema-graph\">{\"@context\":\"https:\/\/schema.org\",\"@graph\":[{\"@type\":\"WebPage\",\"@id\":\"https:\/\/www.asajacyl.com\/palencia\/asaja-palencia-informa\/la-ganadera-palentina-nerea-del-rio-mejor-proyecto-de-eficiencia-en-el-xi-premio-joven-agricultor-asaja\",\"url\":\"https:\/\/www.asajacyl.com\/palencia\/asaja-palencia-informa\/la-ganadera-palentina-nerea-del-rio-mejor-proyecto-de-eficiencia-en-el-xi-premio-joven-agricultor-asaja\",\"name\":\"La ganadera palentina Nerea del R\u00edo, mejor proyecto de eficiencia en el XI Premio Joven Agricultor ASAJA - ASAJA Palencia\",\"isPartOf\":{\"@id\":\"https:\/\/www.asajacyl.com\/palencia\/#website\"},\"primaryImageOfPage\":{\"@id\":\"https:\/\/www.asajacyl.com\/palencia\/asaja-palencia-informa\/la-ganadera-palentina-nerea-del-rio-mejor-proyecto-de-eficiencia-en-el-xi-premio-joven-agricultor-asaja#primaryimage\"},\"image\":{\"@id\":\"https:\/\/www.asajacyl.com\/palencia\/asaja-palencia-informa\/la-ganadera-palentina-nerea-del-rio-mejor-proyecto-de-eficiencia-en-el-xi-premio-joven-agricultor-asaja#primaryimage\"},\"thumbnailUrl\":\"https:\/\/www.asajacyl.com\/palencia\/wp-content\/uploads\/sites\/3\/2025\/11\/Nerea-premio-eficiencia-energetica.jpg\",\"datePublished\":\"2025-11-10T12:40:47+00:00\",\"dateModified\":\"2025-11-10T12:58:08+00:00\",\"author\":{\"@id\":\"https:\/\/www.asajacyl.com\/palencia\/#\/schema\/person\/3ab17aeb03527485c317557fae64aab1\"},\"description\":\"Nerea del R\u00edo, joven ganadera de Robladillo de Ucieza (Palencia) recibi\u00f3 el pasado viernes, 7 de noviembre, el&nbsp;Premio al Mejor Proyecto de Eficiencia\",\"breadcrumb\":{\"@id\":\"https:\/\/www.asajacyl.com\/palencia\/asaja-palencia-informa\/la-ganadera-palentina-nerea-del-rio-mejor-proyecto-de-eficiencia-en-el-xi-premio-joven-agricultor-asaja#breadcrumb\"},\"inLanguage\":\"es\",\"potentialAction\":[{\"@type\":\"ReadAction\",\"target\":[\"https:\/\/www.asajacyl.com\/palencia\/asaja-palencia-informa\/la-ganadera-palentina-nerea-del-rio-mejor-proyecto-de-eficiencia-en-el-xi-premio-joven-agricultor-asaja\"]}]},{\"@type\":\"ImageObject\",\"inLanguage\":\"es\",\"@id\":\"https:\/\/www.asajacyl.com\/palencia\/asaja-palencia-informa\/la-ganadera-palentina-nerea-del-rio-mejor-proyecto-de-eficiencia-en-el-xi-premio-joven-agricultor-asaja#primaryimage\",\"url\":\"https:\/\/www.asajacyl.com\/palencia\/wp-content\/uploads\/sites\/3\/2025\/11\/Nerea-premio-eficiencia-energetica.jpg\",\"contentUrl\":\"https:\/\/www.asajacyl.com\/palencia\/wp-content\/uploads\/sites\/3\/2025\/11\/Nerea-premio-eficiencia-energetica.jpg\",\"width\":1890,\"height\":1654},{\"@type\":\"BreadcrumbList\",\"@id\":\"https:\/\/www.asajacyl.com\/palencia\/asaja-palencia-informa\/la-ganadera-palentina-nerea-del-rio-mejor-proyecto-de-eficiencia-en-el-xi-premio-joven-agricultor-asaja#breadcrumb\",\"itemListElement\":[{\"@type\":\"ListItem\",\"position\":1,\"name\":\"Portada\",\"item\":\"https:\/\/www.asajacyl.com\/palencia\/\"},{\"@type\":\"ListItem\",\"position\":2,\"name\":\"La ganadera palentina Nerea del R\u00edo, mejor proyecto de eficiencia en el XI Premio Joven Agricultor ASAJA\"}]},{\"@type\":\"WebSite\",\"@id\":\"https:\/\/www.asajacyl.com\/palencia\/#website\",\"url\":\"https:\/\/www.asajacyl.com\/palencia\/\",\"name\":\"ASAJA Palencia\",\"description\":\"Otro sitio m\u00e1s de Provincias ASAJA Castilla y Le\u00f3n\",\"potentialAction\":[{\"@type\":\"SearchAction\",\"target\":{\"@type\":\"EntryPoint\",\"urlTemplate\":\"https:\/\/www.asajacyl.com\/palencia\/?s={search_term_string}\"},\"query-input\":{\"@type\":\"PropertyValueSpecification\",\"valueRequired\":true,\"valueName\":\"search_term_string\"}}],\"inLanguage\":\"es\"},{\"@type\":\"Person\",\"@id\":\"https:\/\/www.asajacyl.com\/palencia\/#\/schema\/person\/3ab17aeb03527485c317557fae64aab1\",\"name\":\"Administrador\",\"image\":{\"@type\":\"ImageObject\",\"inLanguage\":\"es\",\"@id\":\"https:\/\/www.asajacyl.com\/palencia\/#\/schema\/person\/image\/\",\"url\":\"https:\/\/secure.gravatar.com\/avatar\/517384810d242ca9e38c180f3c9fb973?s=96&d=mm&r=g\",\"contentUrl\":\"https:\/\/secure.gravatar.com\/avatar\/517384810d242ca9e38c180f3c9fb973?s=96&d=mm&r=g\",\"caption\":\"Administrador\"},\"url\":\"https:\/\/www.asajacyl.com\/palencia\/author\/carlosrm\"}]}<\/script>\n<!-- \/ Yoast SEO plugin. -->","yoast_head_json":{"title":"La ganadera palentina Nerea del R\u00edo, mejor proyecto de eficiencia en el XI Premio Joven Agricultor ASAJA - ASAJA Palencia","description":"Nerea del R\u00edo, joven ganadera de Robladillo de Ucieza (Palencia) recibi\u00f3 el pasado viernes, 7 de noviembre, el&nbsp;Premio al Mejor Proyecto de Eficiencia","robots":{"index":"index","follow":"follow","max-snippet":"max-snippet:-1","max-image-preview":"max-image-preview:large","max-video-preview":"max-video-preview:-1"},"canonical":"https:\/\/www.asajacyl.com\/palencia\/asaja-palencia-informa\/la-ganadera-palentina-nerea-del-rio-mejor-proyecto-de-eficiencia-en-el-xi-premio-joven-agricultor-asaja","og_locale":"es_ES","og_type":"article","og_title":"La ganadera palentina Nerea del R\u00edo, mejor proyecto de eficiencia en el XI Premio Joven Agricultor ASAJA - ASAJA Palencia","og_description":"Nerea del R\u00edo, joven ganadera de Robladillo de Ucieza (Palencia) recibi\u00f3 el pasado viernes, 7 de noviembre, el&nbsp;Premio al Mejor Proyecto de Eficiencia","og_url":"https:\/\/www.asajacyl.com\/palencia\/asaja-palencia-informa\/la-ganadera-palentina-nerea-del-rio-mejor-proyecto-de-eficiencia-en-el-xi-premio-joven-agricultor-asaja","og_site_name":"ASAJA Palencia","article_published_time":"2025-11-10T12:40:47+00:00","article_modified_time":"2025-11-10T12:58:08+00:00","og_image":[{"width":1890,"height":1654,"url":"https:\/\/www.asajacyl.com\/palencia\/wp-content\/uploads\/sites\/3\/2025\/11\/Nerea-premio-eficiencia-energetica.jpg","type":"image\/jpeg"}],"author":"Administrador","twitter_card":"summary_large_image","twitter_misc":{"Escrito por":"Administrador","Tiempo de lectura":"6 minutos"},"schema":{"@context":"https:\/\/schema.org","@graph":[{"@type":"WebPage","@id":"https:\/\/www.asajacyl.com\/palencia\/asaja-palencia-informa\/la-ganadera-palentina-nerea-del-rio-mejor-proyecto-de-eficiencia-en-el-xi-premio-joven-agricultor-asaja","url":"https:\/\/www.asajacyl.com\/palencia\/asaja-palencia-informa\/la-ganadera-palentina-nerea-del-rio-mejor-proyecto-de-eficiencia-en-el-xi-premio-joven-agricultor-asaja","name":"La ganadera palentina Nerea del R\u00edo, mejor proyecto de eficiencia en el XI Premio Joven Agricultor ASAJA - ASAJA Palencia","isPartOf":{"@id":"https:\/\/www.asajacyl.com\/palencia\/#website"},"primaryImageOfPage":{"@id":"https:\/\/www.asajacyl.com\/palencia\/asaja-palencia-informa\/la-ganadera-palentina-nerea-del-rio-mejor-proyecto-de-eficiencia-en-el-xi-premio-joven-agricultor-asaja#primaryimage"},"image":{"@id":"https:\/\/www.asajacyl.com\/palencia\/asaja-palencia-informa\/la-ganadera-palentina-nerea-del-rio-mejor-proyecto-de-eficiencia-en-el-xi-premio-joven-agricultor-asaja#primaryimage"},"thumbnailUrl":"https:\/\/www.asajacyl.com\/palencia\/wp-content\/uploads\/sites\/3\/2025\/11\/Nerea-premio-eficiencia-energetica.jpg","datePublished":"2025-11-10T12:40:47+00:00","dateModified":"2025-11-10T12:58:08+00:00","author":{"@id":"https:\/\/www.asajacyl.com\/palencia\/#\/schema\/person\/3ab17aeb03527485c317557fae64aab1"},"description":"Nerea del R\u00edo, joven ganadera de Robladillo de Ucieza (Palencia) recibi\u00f3 el pasado viernes, 7 de noviembre, el&nbsp;Premio al Mejor Proyecto de Eficiencia","breadcrumb":{"@id":"https:\/\/www.asajacyl.com\/palencia\/asaja-palencia-informa\/la-ganadera-palentina-nerea-del-rio-mejor-proyecto-de-eficiencia-en-el-xi-premio-joven-agricultor-asaja#breadcrumb"},"inLanguage":"es","potentialAction":[{"@type":"ReadAction","target":["https:\/\/www.asajacyl.com\/palencia\/asaja-palencia-informa\/la-ganadera-palentina-nerea-del-rio-mejor-proyecto-de-eficiencia-en-el-xi-premio-joven-agricultor-asaja"]}]},{"@type":"ImageObject","inLanguage":"es","@id":"https:\/\/www.asajacyl.com\/palencia\/asaja-palencia-informa\/la-ganadera-palentina-nerea-del-rio-mejor-proyecto-de-eficiencia-en-el-xi-premio-joven-agricultor-asaja#primaryimage","url":"https:\/\/www.asajacyl.com\/palencia\/wp-content\/uploads\/sites\/3\/2025\/11\/Nerea-premio-eficiencia-energetica.jpg","contentUrl":"https:\/\/www.asajacyl.com\/palencia\/wp-content\/uploads\/sites\/3\/2025\/11\/Nerea-premio-eficiencia-energetica.jpg","width":1890,"height":1654},{"@type":"BreadcrumbList","@id":"https:\/\/www.asajacyl.com\/palencia\/asaja-palencia-informa\/la-ganadera-palentina-nerea-del-rio-mejor-proyecto-de-eficiencia-en-el-xi-premio-joven-agricultor-asaja#breadcrumb","itemListElement":[{"@type":"ListItem","position":1,"name":"Portada","item":"https:\/\/www.asajacyl.com\/palencia\/"},{"@type":"ListItem","position":2,"name":"La ganadera palentina Nerea del R\u00edo, mejor proyecto de eficiencia en el XI Premio Joven Agricultor ASAJA"}]},{"@type":"WebSite","@id":"https:\/\/www.asajacyl.com\/palencia\/#website","url":"https:\/\/www.asajacyl.com\/palencia\/","name":"ASAJA Palencia","description":"Otro sitio m\u00e1s de Provincias ASAJA Castilla y Le\u00f3n","potentialAction":[{"@type":"SearchAction","target":{"@type":"EntryPoint","urlTemplate":"https:\/\/www.asajacyl.com\/palencia\/?s={search_term_string}"},"query-input":{"@type":"PropertyValueSpecification","valueRequired":true,"valueName":"search_term_string"}}],"inLanguage":"es"},{"@type":"Person","@id":"https:\/\/www.asajacyl.com\/palencia\/#\/schema\/person\/3ab17aeb03527485c317557fae64aab1","name":"Administrador","image":{"@type":"ImageObject","inLanguage":"es","@id":"https:\/\/www.asajacyl.com\/palencia\/#\/schema\/person\/image\/","url":"https:\/\/secure.gravatar.com\/avatar\/517384810d242ca9e38c180f3c9fb973?s=96&d=mm&r=g","contentUrl":"https:\/\/secure.gravatar.com\/avatar\/517384810d242ca9e38c180f3c9fb973?s=96&d=mm&r=g","caption":"Administrador"},"url":"https:\/\/www.asajacyl.com\/palencia\/author\/carlosrm"}]}},"_links":{"self":[{"href":"https:\/\/www.asajacyl.com\/palencia\/wp-json\/wp\/v2\/posts\/21460"}],"collection":[{"href":"https:\/\/www.asajacyl.com\/palencia\/wp-json\/wp\/v2\/posts"}],"about":[{"href":"https:\/\/www.asajacyl.com\/palencia\/wp-json\/wp\/v2\/types\/post"}],"author":[{"embeddable":true,"href":"https:\/\/www.asajacyl.com\/palencia\/wp-json\/wp\/v2\/users\/9"}],"replies":[{"embeddable":true,"href":"https:\/\/www.asajacyl.com\/palencia\/wp-json\/wp\/v2\/comments?post=21460"}],"version-history":[{"count":5,"href":"https:\/\/www.asajacyl.com\/palencia\/wp-json\/wp\/v2\/posts\/21460\/revisions"}],"predecessor-version":[{"id":21469,"href":"https:\/\/www.asajacyl.com\/palencia\/wp-json\/wp\/v2\/posts\/21460\/revisions\/21469"}],"wp:featuredmedia":[{"embeddable":true,"href":"https:\/\/www.asajacyl.com\/palencia\/wp-json\/wp\/v2\/media\/21461"}],"wp:attachment":[{"href":"https:\/\/www.asajacyl.com\/palencia\/wp-json\/wp\/v2\/media?parent=21460"}],"wp:term":[{"taxonomy":"category","embeddable":true,"href":"https:\/\/www.asajacyl.com\/palencia\/wp-json\/wp\/v2\/categories?post=21460"},{"taxonomy":"post_tag","embeddable":true,"href":"https:\/\/www.asajacyl.com\/palencia\/wp-json\/wp\/v2\/tags?post=21460"}],"curies":[{"name":"wp","href":"https:\/\/api.w.org\/{rel}","templated":true}]}}