{"id":21470,"date":"2025-11-10T14:23:12","date_gmt":"2025-11-10T13:23:12","guid":{"rendered":"https:\/\/www.asajacyl.com\/palencia\/?p=21470"},"modified":"2025-11-12T17:47:57","modified_gmt":"2025-11-12T16:47:57","slug":"el-ministerio-refuerza-medidas-preventivas-en-una-veintena-de-municipios-palentinos-por-gripe-aviar","status":"publish","type":"post","link":"https:\/\/www.asajacyl.com\/palencia\/asaja-palencia-informa\/noticias\/el-ministerio-refuerza-medidas-preventivas-en-una-veintena-de-municipios-palentinos-por-gripe-aviar","title":{"rendered":"El Ministerio refuerza medidas preventivas de la gripe aviar en una veintena de municipios palentinos"},"content":{"rendered":"\n<h2 class=\"wp-block-heading\">El Ministerio de Agricultura, Pesca y Alimentaci\u00f3n aplicado a partir de este lunes, 10 de noviembre, medidas adicionales de refuerzo para prevenir la propagaci\u00f3n del virus de la influenza aviar, al constatarse esta semana un aumento del riesgo por la proliferaci\u00f3n de casos en Europa \u2014sobre todo, en aves silvestres\u2014, los movimientos migratorios de avifauna y el descenso de las temperaturas. Entre estas medidas se incluye el confinamiento de las aves de corral en aquellas zonas consideradas de especial riesgo y de especial vigilancia, unos 1200 municipios de toda Espa\u00f1a, una veintena en la provincia de Palencia.<\/h2>\n\n\n\n<figure class=\"wp-block-video aligncenter\"><video controls src=\"https:\/\/www.asajacyl.com\/palencia\/wp-content\/uploads\/sites\/3\/2025\/11\/Municipios-gripe-aviar-MP4.mp4\"><\/video><\/figure>\n\n\n\n<p>De acuerdo con las comunidades aut\u00f3nomas, el Ministerio activa la totalidad de medidas de protecci\u00f3n frente a la gripe aviar previstas en la Orden&nbsp;<a href=\"https:\/\/www.boe.es\/buscar\/pdf\/2006\/BOE-A-2006-13654-consolidado.pdf\">APA\/2442\/2006, de 27 de julio<\/a>, y que incluye las siguientes prohibiciones y obligaciones <span style=\"text-decoration: underline\">en las <strong>zonas de especial riesgo<\/strong> y de <strong>especial vigilancia<\/strong><\/span>:<\/p>\n\n\n\n<ul>\n<li>Queda prohibida la utilizaci\u00f3n de p\u00e1jaros de los \u00f3rdenes anseriformes y charadriformes como se\u00f1uelo.<\/li>\n<\/ul>\n\n\n\n<ul>\n<li>Queda prohibida la cr\u00eda de patos y gansos con otras aves de corral.<\/li>\n<\/ul>\n\n\n\n<ul>\n<li>Queda prohibida la cr\u00eda de aves de corral al aire libre. No obstante, cuando esto no sea posible, la autoridad competente podr\u00e1 autorizar el mantenimiento de aves de corral al aire libre mediante la colocaci\u00f3n de telas pajareras o cualquier otro dispositivo que impida la entrada de aves silvestres. En este caso, las aves tendr\u00e1n que alimentarse y abrevarse en el interior de las instalaciones o en un refugio que impida la llegada de aves silvestres y evite el contacto de \u00e9stas con los alimentos y el agua destinados a las de corral.<\/li>\n<\/ul>\n\n\n\n<ul>\n<li>Queda prohibido dar agua a las aves de corral procedente de dep\u00f3sitos de a los que puedan acceder aves silvestres, salvo en caso de que sea tratada a fin de garantizar la inactivaci\u00f3n de posibles virus de influenza aviar.<\/li>\n<\/ul>\n\n\n\n<ul>\n<li>Los dep\u00f3sitos de agua situados en el exterior requeridos por motivos de bienestar animal para determinadas aves de corral quedar\u00e1n protegidos suficientemente contra las aves acu\u00e1ticas silvestres.<\/li>\n<\/ul>\n\n\n\n<ul>\n<li>Queda prohibida la presencia de aves de corral u otro tipo de aves cautivas en los centros de concentraci\u00f3n de animales, incluidos los cert\u00e1menes los cert\u00e1menes ganaderos, muestras, exhibiciones y celebraciones culturales, as\u00ed como cualquier concentraci\u00f3n de aves de corral u otro tipo de aves cautivas.<\/li>\n<\/ul>\n\n\n\n<p>En la provincia de Palencia la citada orden ministerial califica en la <strong>zona de especial riesgo<\/strong> los municipios de <strong>Abarca de Campos, Autillo de Campos, Baquer\u00edn de Campos, Becerril de Campos, Castromocho, Frechilla, Fuentes de Nava, Grijota, Mazariegos, Paredes de Nava, Pedraza de Campos, Torremormoj\u00f3n, Villamart\u00edn de Campos<\/strong> y <strong>Villaumbrales<\/strong>.  <\/p>\n\n\n\n<p>Asimismo, se consideran en <strong>zona de especial vigilancia<\/strong> los t\u00e9rminos municipales de <strong>Ampudia, Belmonte de Campos, Boada de Campos, Capillas, Castil de Vela, Meneses de Campos<\/strong> y <strong>Viller\u00edas de Campos<\/strong>.<\/p>\n\n\n\n<p>Para el <span style=\"text-decoration: underline\">resto del territorio<\/span>, el Ministerio recuerda la necesidad de<span style=\"text-decoration: underline\"> extremar las medidas de bioseguridad en las explotaciones av\u00edcolas<\/span>, especialmente las destinadas a evitar el contacto con aves silvestres, as\u00ed como reforzar la vigilancia pasiva, y notificar cuanto antes cualquier sospecha de enfermedad a los servicios veterinarios oficiales.<\/p>\n\n\n\n<p>Las zonas de especial riesgo y de especial vigilancia est\u00e1n determinadas en los anexos II y III de la mencionada orden; pero las comunidades aut\u00f3nomas, que tienen las competencias en sanidad animal, pueden determinar otras medidas complementarias para reforzar la protecci\u00f3n contra esta enfermedad.<\/p>\n\n\n\n<p>Las gr\u00e1ficas adjuntas muestran el incremento de focos tanto en la UE como en Espa\u00f1a en las \u00faltimas semanas, no s\u00f3lo en aves silvestres, sino tambi\u00e9n en las explotaciones av\u00edcolas.<strong>\/<\/strong><\/p>\n\n\n<div class=\"wp-block-image\">\n<figure class=\"aligncenter size-large is-resized\"><img loading=\"lazy\" decoding=\"async\" width=\"1024\" height=\"896\" src=\"https:\/\/www.asajacyl.com\/palencia\/wp-content\/uploads\/sites\/3\/2025\/11\/Casos-UE-y-Espana-gripe-aviar-1024x896.jpg\" alt=\"\" class=\"wp-image-21472\" style=\"width:1080px;height:auto\" srcset=\"https:\/\/www.asajacyl.com\/palencia\/wp-content\/uploads\/sites\/3\/2025\/11\/Casos-UE-y-Espana-gripe-aviar-1024x896.jpg 1024w, https:\/\/www.asajacyl.com\/palencia\/wp-content\/uploads\/sites\/3\/2025\/11\/Casos-UE-y-Espana-gripe-aviar-300x263.jpg 300w, https:\/\/www.asajacyl.com\/palencia\/wp-content\/uploads\/sites\/3\/2025\/11\/Casos-UE-y-Espana-gripe-aviar-768x672.jpg 768w, https:\/\/www.asajacyl.com\/palencia\/wp-content\/uploads\/sites\/3\/2025\/11\/Casos-UE-y-Espana-gripe-aviar-1536x1344.jpg 1536w, https:\/\/www.asajacyl.com\/palencia\/wp-content\/uploads\/sites\/3\/2025\/11\/Casos-UE-y-Espana-gripe-aviar-480x420.jpg 480w, https:\/\/www.asajacyl.com\/palencia\/wp-content\/uploads\/sites\/3\/2025\/11\/Casos-UE-y-Espana-gripe-aviar-696x609.jpg 696w, https:\/\/www.asajacyl.com\/palencia\/wp-content\/uploads\/sites\/3\/2025\/11\/Casos-UE-y-Espana-gripe-aviar-1068x935.jpg 1068w, https:\/\/www.asajacyl.com\/palencia\/wp-content\/uploads\/sites\/3\/2025\/11\/Casos-UE-y-Espana-gripe-aviar.jpg 1890w\" sizes=\"(max-width: 1024px) 100vw, 1024px\" \/><\/figure><\/div>","protected":false},"excerpt":{"rendered":"<p>El Ministerio de Agricultura, Pesca y Alimentaci\u00f3n aplicado a partir de este lunes, 10 de noviembre, medidas adicionales de refuerzo para prevenir la propagaci\u00f3n del virus de la influenza aviar, al constatarse esta semana un aumento del riesgo por la proliferaci\u00f3n de casos en Europa \u2014sobre todo, en aves silvestres\u2014, los movimientos migratorios de avifauna [&hellip;]<\/p>\n","protected":false},"author":9,"featured_media":21473,"comment_status":"open","ping_status":"open","sticky":false,"template":"","format":"standard","meta":{"footnotes":""},"categories":[9,31,38,29,28,13],"tags":[158,816,142,77,1253,282,1254,1577,66,1255,110,571,365],"yoast_head":"<!-- This site is optimized with the Yoast SEO plugin v24.5 - https:\/\/yoast.com\/wordpress\/plugins\/seo\/ -->\n<title>El Ministerio refuerza medidas preventivas de la gripe aviar en una veintena de municipios palentinos - ASAJA Palencia<\/title>\n<meta name=\"description\" content=\"El Ministerio de Agricultura, Pesca y Alimentaci\u00f3n aplicado a partir de este lunes, 10 de noviembre, medidas adicionales de refuerzo para prevenir la\" \/>\n<meta name=\"robots\" content=\"index, follow, max-snippet:-1, max-image-preview:large, max-video-preview:-1\" \/>\n<link rel=\"canonical\" href=\"https:\/\/www.asajacyl.com\/palencia\/asaja-palencia-informa\/noticias\/el-ministerio-refuerza-medidas-preventivas-en-una-veintena-de-municipios-palentinos-por-gripe-aviar\" \/>\n<meta property=\"og:locale\" content=\"es_ES\" \/>\n<meta property=\"og:type\" content=\"article\" \/>\n<meta property=\"og:title\" content=\"El Ministerio refuerza medidas preventivas de la gripe aviar en una veintena de municipios palentinos - ASAJA Palencia\" \/>\n<meta property=\"og:description\" content=\"El Ministerio de Agricultura, Pesca y Alimentaci\u00f3n aplicado a partir de este lunes, 10 de noviembre, medidas adicionales de refuerzo para prevenir la\" \/>\n<meta property=\"og:url\" content=\"https:\/\/www.asajacyl.com\/palencia\/asaja-palencia-informa\/noticias\/el-ministerio-refuerza-medidas-preventivas-en-una-veintena-de-municipios-palentinos-por-gripe-aviar\" \/>\n<meta property=\"og:site_name\" content=\"ASAJA Palencia\" \/>\n<meta property=\"article:published_time\" content=\"2025-11-10T13:23:12+00:00\" \/>\n<meta property=\"article:modified_time\" content=\"2025-11-12T16:47:57+00:00\" \/>\n<meta property=\"og:image\" content=\"https:\/\/www.asajacyl.com\/palencia\/wp-content\/uploads\/sites\/3\/2025\/11\/Mapa-Espana-gripe-aviar-ultima-semana.jpg\" \/>\n\t<meta property=\"og:image:width\" content=\"1890\" \/>\n\t<meta property=\"og:image:height\" content=\"1654\" \/>\n\t<meta property=\"og:image:type\" content=\"image\/jpeg\" \/>\n<meta name=\"author\" content=\"Administrador\" \/>\n<meta name=\"twitter:card\" content=\"summary_large_image\" \/>\n<meta name=\"twitter:label1\" content=\"Escrito por\" \/>\n\t<meta name=\"twitter:data1\" content=\"Administrador\" \/>\n\t<meta name=\"twitter:label2\" content=\"Tiempo de lectura\" \/>\n\t<meta name=\"twitter:data2\" content=\"4 minutos\" \/>\n<script type=\"application\/ld+json\" class=\"yoast-schema-graph\">{\"@context\":\"https:\/\/schema.org\",\"@graph\":[{\"@type\":\"WebPage\",\"@id\":\"https:\/\/www.asajacyl.com\/palencia\/asaja-palencia-informa\/noticias\/el-ministerio-refuerza-medidas-preventivas-en-una-veintena-de-municipios-palentinos-por-gripe-aviar\",\"url\":\"https:\/\/www.asajacyl.com\/palencia\/asaja-palencia-informa\/noticias\/el-ministerio-refuerza-medidas-preventivas-en-una-veintena-de-municipios-palentinos-por-gripe-aviar\",\"name\":\"El Ministerio refuerza medidas preventivas de la gripe aviar en una veintena de municipios palentinos - ASAJA Palencia\",\"isPartOf\":{\"@id\":\"https:\/\/www.asajacyl.com\/palencia\/#website\"},\"primaryImageOfPage\":{\"@id\":\"https:\/\/www.asajacyl.com\/palencia\/asaja-palencia-informa\/noticias\/el-ministerio-refuerza-medidas-preventivas-en-una-veintena-de-municipios-palentinos-por-gripe-aviar#primaryimage\"},\"image\":{\"@id\":\"https:\/\/www.asajacyl.com\/palencia\/asaja-palencia-informa\/noticias\/el-ministerio-refuerza-medidas-preventivas-en-una-veintena-de-municipios-palentinos-por-gripe-aviar#primaryimage\"},\"thumbnailUrl\":\"https:\/\/www.asajacyl.com\/palencia\/wp-content\/uploads\/sites\/3\/2025\/11\/Mapa-Espana-gripe-aviar-ultima-semana.jpg\",\"datePublished\":\"2025-11-10T13:23:12+00:00\",\"dateModified\":\"2025-11-12T16:47:57+00:00\",\"author\":{\"@id\":\"https:\/\/www.asajacyl.com\/palencia\/#\/schema\/person\/3ab17aeb03527485c317557fae64aab1\"},\"description\":\"El Ministerio de Agricultura, Pesca y Alimentaci\u00f3n aplicado a partir de este lunes, 10 de noviembre, medidas adicionales de refuerzo para prevenir la\",\"breadcrumb\":{\"@id\":\"https:\/\/www.asajacyl.com\/palencia\/asaja-palencia-informa\/noticias\/el-ministerio-refuerza-medidas-preventivas-en-una-veintena-de-municipios-palentinos-por-gripe-aviar#breadcrumb\"},\"inLanguage\":\"es\",\"potentialAction\":[{\"@type\":\"ReadAction\",\"target\":[\"https:\/\/www.asajacyl.com\/palencia\/asaja-palencia-informa\/noticias\/el-ministerio-refuerza-medidas-preventivas-en-una-veintena-de-municipios-palentinos-por-gripe-aviar\"]}]},{\"@type\":\"ImageObject\",\"inLanguage\":\"es\",\"@id\":\"https:\/\/www.asajacyl.com\/palencia\/asaja-palencia-informa\/noticias\/el-ministerio-refuerza-medidas-preventivas-en-una-veintena-de-municipios-palentinos-por-gripe-aviar#primaryimage\",\"url\":\"https:\/\/www.asajacyl.com\/palencia\/wp-content\/uploads\/sites\/3\/2025\/11\/Mapa-Espana-gripe-aviar-ultima-semana.jpg\",\"contentUrl\":\"https:\/\/www.asajacyl.com\/palencia\/wp-content\/uploads\/sites\/3\/2025\/11\/Mapa-Espana-gripe-aviar-ultima-semana.jpg\",\"width\":1890,\"height\":1654},{\"@type\":\"BreadcrumbList\",\"@id\":\"https:\/\/www.asajacyl.com\/palencia\/asaja-palencia-informa\/noticias\/el-ministerio-refuerza-medidas-preventivas-en-una-veintena-de-municipios-palentinos-por-gripe-aviar#breadcrumb\",\"itemListElement\":[{\"@type\":\"ListItem\",\"position\":1,\"name\":\"Portada\",\"item\":\"https:\/\/www.asajacyl.com\/palencia\/\"},{\"@type\":\"ListItem\",\"position\":2,\"name\":\"El Ministerio refuerza medidas preventivas de la gripe aviar en una veintena de municipios palentinos\"}]},{\"@type\":\"WebSite\",\"@id\":\"https:\/\/www.asajacyl.com\/palencia\/#website\",\"url\":\"https:\/\/www.asajacyl.com\/palencia\/\",\"name\":\"ASAJA Palencia\",\"description\":\"Otro sitio m\u00e1s de Provincias ASAJA Castilla y Le\u00f3n\",\"potentialAction\":[{\"@type\":\"SearchAction\",\"target\":{\"@type\":\"EntryPoint\",\"urlTemplate\":\"https:\/\/www.asajacyl.com\/palencia\/?s={search_term_string}\"},\"query-input\":{\"@type\":\"PropertyValueSpecification\",\"valueRequired\":true,\"valueName\":\"search_term_string\"}}],\"inLanguage\":\"es\"},{\"@type\":\"Person\",\"@id\":\"https:\/\/www.asajacyl.com\/palencia\/#\/schema\/person\/3ab17aeb03527485c317557fae64aab1\",\"name\":\"Administrador\",\"image\":{\"@type\":\"ImageObject\",\"inLanguage\":\"es\",\"@id\":\"https:\/\/www.asajacyl.com\/palencia\/#\/schema\/person\/image\/\",\"url\":\"https:\/\/secure.gravatar.com\/avatar\/517384810d242ca9e38c180f3c9fb973?s=96&d=mm&r=g\",\"contentUrl\":\"https:\/\/secure.gravatar.com\/avatar\/517384810d242ca9e38c180f3c9fb973?s=96&d=mm&r=g\",\"caption\":\"Administrador\"},\"url\":\"https:\/\/www.asajacyl.com\/palencia\/author\/carlosrm\"}]}<\/script>\n<!-- \/ Yoast SEO plugin. -->","yoast_head_json":{"title":"El Ministerio refuerza medidas preventivas de la gripe aviar en una veintena de municipios palentinos - ASAJA Palencia","description":"El Ministerio de Agricultura, Pesca y Alimentaci\u00f3n aplicado a partir de este lunes, 10 de noviembre, medidas adicionales de refuerzo para prevenir la","robots":{"index":"index","follow":"follow","max-snippet":"max-snippet:-1","max-image-preview":"max-image-preview:large","max-video-preview":"max-video-preview:-1"},"canonical":"https:\/\/www.asajacyl.com\/palencia\/asaja-palencia-informa\/noticias\/el-ministerio-refuerza-medidas-preventivas-en-una-veintena-de-municipios-palentinos-por-gripe-aviar","og_locale":"es_ES","og_type":"article","og_title":"El Ministerio refuerza medidas preventivas de la gripe aviar en una veintena de municipios palentinos - ASAJA Palencia","og_description":"El Ministerio de Agricultura, Pesca y Alimentaci\u00f3n aplicado a partir de este lunes, 10 de noviembre, medidas adicionales de refuerzo para prevenir la","og_url":"https:\/\/www.asajacyl.com\/palencia\/asaja-palencia-informa\/noticias\/el-ministerio-refuerza-medidas-preventivas-en-una-veintena-de-municipios-palentinos-por-gripe-aviar","og_site_name":"ASAJA Palencia","article_published_time":"2025-11-10T13:23:12+00:00","article_modified_time":"2025-11-12T16:47:57+00:00","og_image":[{"width":1890,"height":1654,"url":"https:\/\/www.asajacyl.com\/palencia\/wp-content\/uploads\/sites\/3\/2025\/11\/Mapa-Espana-gripe-aviar-ultima-semana.jpg","type":"image\/jpeg"}],"author":"Administrador","twitter_card":"summary_large_image","twitter_misc":{"Escrito por":"Administrador","Tiempo de lectura":"4 minutos"},"schema":{"@context":"https:\/\/schema.org","@graph":[{"@type":"WebPage","@id":"https:\/\/www.asajacyl.com\/palencia\/asaja-palencia-informa\/noticias\/el-ministerio-refuerza-medidas-preventivas-en-una-veintena-de-municipios-palentinos-por-gripe-aviar","url":"https:\/\/www.asajacyl.com\/palencia\/asaja-palencia-informa\/noticias\/el-ministerio-refuerza-medidas-preventivas-en-una-veintena-de-municipios-palentinos-por-gripe-aviar","name":"El Ministerio refuerza medidas preventivas de la gripe aviar en una veintena de municipios palentinos - ASAJA Palencia","isPartOf":{"@id":"https:\/\/www.asajacyl.com\/palencia\/#website"},"primaryImageOfPage":{"@id":"https:\/\/www.asajacyl.com\/palencia\/asaja-palencia-informa\/noticias\/el-ministerio-refuerza-medidas-preventivas-en-una-veintena-de-municipios-palentinos-por-gripe-aviar#primaryimage"},"image":{"@id":"https:\/\/www.asajacyl.com\/palencia\/asaja-palencia-informa\/noticias\/el-ministerio-refuerza-medidas-preventivas-en-una-veintena-de-municipios-palentinos-por-gripe-aviar#primaryimage"},"thumbnailUrl":"https:\/\/www.asajacyl.com\/palencia\/wp-content\/uploads\/sites\/3\/2025\/11\/Mapa-Espana-gripe-aviar-ultima-semana.jpg","datePublished":"2025-11-10T13:23:12+00:00","dateModified":"2025-11-12T16:47:57+00:00","author":{"@id":"https:\/\/www.asajacyl.com\/palencia\/#\/schema\/person\/3ab17aeb03527485c317557fae64aab1"},"description":"El Ministerio de Agricultura, Pesca y Alimentaci\u00f3n aplicado a partir de este lunes, 10 de noviembre, medidas adicionales de refuerzo para prevenir la","breadcrumb":{"@id":"https:\/\/www.asajacyl.com\/palencia\/asaja-palencia-informa\/noticias\/el-ministerio-refuerza-medidas-preventivas-en-una-veintena-de-municipios-palentinos-por-gripe-aviar#breadcrumb"},"inLanguage":"es","potentialAction":[{"@type":"ReadAction","target":["https:\/\/www.asajacyl.com\/palencia\/asaja-palencia-informa\/noticias\/el-ministerio-refuerza-medidas-preventivas-en-una-veintena-de-municipios-palentinos-por-gripe-aviar"]}]},{"@type":"ImageObject","inLanguage":"es","@id":"https:\/\/www.asajacyl.com\/palencia\/asaja-palencia-informa\/noticias\/el-ministerio-refuerza-medidas-preventivas-en-una-veintena-de-municipios-palentinos-por-gripe-aviar#primaryimage","url":"https:\/\/www.asajacyl.com\/palencia\/wp-content\/uploads\/sites\/3\/2025\/11\/Mapa-Espana-gripe-aviar-ultima-semana.jpg","contentUrl":"https:\/\/www.asajacyl.com\/palencia\/wp-content\/uploads\/sites\/3\/2025\/11\/Mapa-Espana-gripe-aviar-ultima-semana.jpg","width":1890,"height":1654},{"@type":"BreadcrumbList","@id":"https:\/\/www.asajacyl.com\/palencia\/asaja-palencia-informa\/noticias\/el-ministerio-refuerza-medidas-preventivas-en-una-veintena-de-municipios-palentinos-por-gripe-aviar#breadcrumb","itemListElement":[{"@type":"ListItem","position":1,"name":"Portada","item":"https:\/\/www.asajacyl.com\/palencia\/"},{"@type":"ListItem","position":2,"name":"El Ministerio refuerza medidas preventivas de la gripe aviar en una veintena de municipios palentinos"}]},{"@type":"WebSite","@id":"https:\/\/www.asajacyl.com\/palencia\/#website","url":"https:\/\/www.asajacyl.com\/palencia\/","name":"ASAJA Palencia","description":"Otro sitio m\u00e1s de Provincias ASAJA Castilla y Le\u00f3n","potentialAction":[{"@type":"SearchAction","target":{"@type":"EntryPoint","urlTemplate":"https:\/\/www.asajacyl.com\/palencia\/?s={search_term_string}"},"query-input":{"@type":"PropertyValueSpecification","valueRequired":true,"valueName":"search_term_string"}}],"inLanguage":"es"},{"@type":"Person","@id":"https:\/\/www.asajacyl.com\/palencia\/#\/schema\/person\/3ab17aeb03527485c317557fae64aab1","name":"Administrador","image":{"@type":"ImageObject","inLanguage":"es","@id":"https:\/\/www.asajacyl.com\/palencia\/#\/schema\/person\/image\/","url":"https:\/\/secure.gravatar.com\/avatar\/517384810d242ca9e38c180f3c9fb973?s=96&d=mm&r=g","contentUrl":"https:\/\/secure.gravatar.com\/avatar\/517384810d242ca9e38c180f3c9fb973?s=96&d=mm&r=g","caption":"Administrador"},"url":"https:\/\/www.asajacyl.com\/palencia\/author\/carlosrm"}]}},"_links":{"self":[{"href":"https:\/\/www.asajacyl.com\/palencia\/wp-json\/wp\/v2\/posts\/21470"}],"collection":[{"href":"https:\/\/www.asajacyl.com\/palencia\/wp-json\/wp\/v2\/posts"}],"about":[{"href":"https:\/\/www.asajacyl.com\/palencia\/wp-json\/wp\/v2\/types\/post"}],"author":[{"embeddable":true,"href":"https:\/\/www.asajacyl.com\/palencia\/wp-json\/wp\/v2\/users\/9"}],"replies":[{"embeddable":true,"href":"https:\/\/www.asajacyl.com\/palencia\/wp-json\/wp\/v2\/comments?post=21470"}],"version-history":[{"count":3,"href":"https:\/\/www.asajacyl.com\/palencia\/wp-json\/wp\/v2\/posts\/21470\/revisions"}],"predecessor-version":[{"id":21500,"href":"https:\/\/www.asajacyl.com\/palencia\/wp-json\/wp\/v2\/posts\/21470\/revisions\/21500"}],"wp:featuredmedia":[{"embeddable":true,"href":"https:\/\/www.asajacyl.com\/palencia\/wp-json\/wp\/v2\/media\/21473"}],"wp:attachment":[{"href":"https:\/\/www.asajacyl.com\/palencia\/wp-json\/wp\/v2\/media?parent=21470"}],"wp:term":[{"taxonomy":"category","embeddable":true,"href":"https:\/\/www.asajacyl.com\/palencia\/wp-json\/wp\/v2\/categories?post=21470"},{"taxonomy":"post_tag","embeddable":true,"href":"https:\/\/www.asajacyl.com\/palencia\/wp-json\/wp\/v2\/tags?post=21470"}],"curies":[{"name":"wp","href":"https:\/\/api.w.org\/{rel}","templated":true}]}}