{"id":21481,"date":"2025-11-12T10:05:14","date_gmt":"2025-11-12T09:05:14","guid":{"rendered":"https:\/\/www.asajacyl.com\/palencia\/?p=21481"},"modified":"2025-11-12T10:05:17","modified_gmt":"2025-11-12T09:05:17","slug":"el-ministerio-amplia-las-normas-de-las-organizaciones-interprofesionales-ganaderas-interovic-y-avianza","status":"publish","type":"post","link":"https:\/\/www.asajacyl.com\/palencia\/asaja-palencia-informa\/el-ministerio-amplia-las-normas-de-las-organizaciones-interprofesionales-ganaderas-interovic-y-avianza","title":{"rendered":"El Ministerio ampl\u00eda las normas de las organizaciones interprofesionales ganaderas Interovic y Avianza"},"content":{"rendered":"\n<h2 class=\"wp-block-heading\"><a href=\"https:\/\/www.mapa.gob.es\/dam\/mapa\/contenido\/prensa\/notas-de-prensa\/imagenes\/agricultura\/ganaderia\/25-11-11--extensiones-normas.jpg\"><\/a>El Bolet\u00edn Oficial del Estado ha publicado este martes, 11 de noviembre, las \u00f3rdenes del Ministerio de Agricultura, Pesca y Alimentaci\u00f3n que aprueban las extensiones de normas propuestas por las organizaciones interprofesionales de los sectores c\u00e1rnicos del ovino y caprino (Interovic) y av\u00edcola (Avianza), as\u00ed como de caza (Asiccaza) y de cerdo ib\u00e9rico (ASICI). Las extensiones se aplicar\u00e1n al conjunto de cada sector y <span style=\"text-decoration: underline\">establecen aportaciones econ\u00f3micas obligatorias<\/span> para financiar actividades de inter\u00e9s com\u00fan.<\/h2>\n\n\n\n<p>Las medidas se aprobaron tras el informe favorable del Consejo General de Organizaciones Interprofesionales Agroalimentarias (OIA), en su sesi\u00f3n del pasado 24 de octubre.<\/p>\n\n\n\n<p>Estos son algunos detalles de las extensiones de norma que aplicar\u00e1n las distintas interprofesionales (en cada enlace aparece el BOE con la norma, incluidos los importes de las respectivas aportaciones econ\u00f3micas obligatorias):<\/p>\n\n\n\n<p><strong>La Interprofesional Agroalimentaria del Ovino y el Caprino de Carne (Interovic<\/strong>)&nbsp;<a href=\"https:\/\/www.boe.es\/boe\/dias\/2025\/11\/11\/pdfs\/BOE-A-2025-22846.pdf\">propone una extensi\u00f3n de norma<\/a>&nbsp;por cinco a\u00f1os, a partir del 1 de diciembre de 2025. Sus acciones se centran en la promoci\u00f3n del sector, el impulso a la investigaci\u00f3n e innovaci\u00f3n tecnol\u00f3gica, y la mejora del acceso a informaci\u00f3n sobre producci\u00f3n y mercados.<\/p>\n\n\n\n<p><strong>La Asociaci\u00f3n Interprofesional Espa\u00f1ola de Carne Av\u00edcola (Avianza)<\/strong>&nbsp;<a href=\"https:\/\/www.boe.es\/boe\/dias\/2025\/11\/11\/pdfs\/BOE-A-2025-22845.pdf\">plantea una extensi\u00f3n<\/a>&nbsp;de tres a\u00f1os, con campa\u00f1as de comunicaci\u00f3n y promoci\u00f3n de la carne de pollo, pavo y codorniz, estudios de mercado y medidas para mejorar la coordinaci\u00f3n sectorial.<\/p>\n\n\n\n<p><strong>La Asociaci\u00f3n Interprofesional de Carne de Caza (Asiccaza)&nbsp;<\/strong><a href=\"https:\/\/www.boe.es\/boe\/dias\/2025\/11\/11\/pdfs\/BOE-A-2025-22844.pdf\">establece una extensi\u00f3n<\/a>&nbsp;de cinco a\u00f1os, orientada a mejorar la calidad de los productos, desarrollar programas de I+D, ofrecer formaci\u00f3n especializada y fortalecer el conocimiento del sector y sus productos.<\/p>\n\n\n\n<p><strong>La Asociaci\u00f3n Interprofesional del Cerdo Ib\u00e9rico (ASICI)<\/strong>&nbsp;<a href=\"https:\/\/www.boe.es\/boe\/dias\/2025\/11\/11\/pdfs\/BOE-A-2025-22843.pdf\">presenta una extensi\u00f3n<\/a>&nbsp;de cinco a\u00f1os, desde el 2 de enero de 2026. Incluye acciones de promoci\u00f3n del consumo y conocimiento de los productos ib\u00e9ricos, fomento de la I+D, mantenimiento y mejora del sistema inform\u00e1tico ITACA, y apoyo al cumplimiento de la norma de calidad del ib\u00e9rico.<\/p>\n","protected":false},"excerpt":{"rendered":"<p>El Bolet\u00edn Oficial del Estado ha publicado este martes, 11 de noviembre, las \u00f3rdenes del Ministerio de Agricultura, Pesca y Alimentaci\u00f3n que aprueban las extensiones de normas propuestas por las organizaciones interprofesionales de los sectores c\u00e1rnicos del ovino y caprino (Interovic) y av\u00edcola (Avianza), as\u00ed como de caza (Asiccaza) y de cerdo ib\u00e9rico (ASICI). Las [&hellip;]<\/p>\n","protected":false},"author":9,"featured_media":20063,"comment_status":"open","ping_status":"open","sticky":false,"template":"","format":"standard","meta":{"footnotes":""},"categories":[9,38,29,28,13],"tags":[817,1643,158,1644,871,203,133,351,77,1642,143,311,1115,217],"yoast_head":"<!-- This site is optimized with the Yoast SEO plugin v24.5 - https:\/\/yoast.com\/wordpress\/plugins\/seo\/ -->\n<title>El Ministerio ampl\u00eda las normas de las organizaciones interprofesionales ganaderas Interovic y Avianza - ASAJA Palencia<\/title>\n<meta name=\"description\" content=\"El Bolet\u00edn Oficial del Estado ha publicado este martes, 11 de noviembre, las \u00f3rdenes del Ministerio de Agricultura, Pesca y Alimentaci\u00f3n que aprueban las\" \/>\n<meta name=\"robots\" content=\"index, follow, max-snippet:-1, max-image-preview:large, max-video-preview:-1\" \/>\n<link rel=\"canonical\" href=\"https:\/\/www.asajacyl.com\/palencia\/asaja-palencia-informa\/el-ministerio-amplia-las-normas-de-las-organizaciones-interprofesionales-ganaderas-interovic-y-avianza\" \/>\n<meta property=\"og:locale\" content=\"es_ES\" \/>\n<meta property=\"og:type\" content=\"article\" \/>\n<meta property=\"og:title\" content=\"El Ministerio ampl\u00eda las normas de las organizaciones interprofesionales ganaderas Interovic y Avianza - ASAJA Palencia\" \/>\n<meta property=\"og:description\" content=\"El Bolet\u00edn Oficial del Estado ha publicado este martes, 11 de noviembre, las \u00f3rdenes del Ministerio de Agricultura, Pesca y Alimentaci\u00f3n que aprueban las\" \/>\n<meta property=\"og:url\" content=\"https:\/\/www.asajacyl.com\/palencia\/asaja-palencia-informa\/el-ministerio-amplia-las-normas-de-las-organizaciones-interprofesionales-ganaderas-interovic-y-avianza\" \/>\n<meta property=\"og:site_name\" content=\"ASAJA Palencia\" \/>\n<meta property=\"article:published_time\" content=\"2025-11-12T09:05:14+00:00\" \/>\n<meta property=\"article:modified_time\" content=\"2025-11-12T09:05:17+00:00\" \/>\n<meta property=\"og:image\" content=\"https:\/\/www.asajacyl.com\/palencia\/wp-content\/uploads\/sites\/3\/2025\/06\/Ovino-c-Guillermo-Escribano-1024x896.jpg\" \/>\n\t<meta property=\"og:image:width\" content=\"1024\" \/>\n\t<meta property=\"og:image:height\" content=\"896\" \/>\n\t<meta property=\"og:image:type\" content=\"image\/jpeg\" \/>\n<meta name=\"author\" content=\"Administrador\" \/>\n<meta name=\"twitter:card\" content=\"summary_large_image\" \/>\n<meta name=\"twitter:label1\" content=\"Escrito por\" \/>\n\t<meta name=\"twitter:data1\" content=\"Administrador\" \/>\n\t<meta name=\"twitter:label2\" content=\"Tiempo de lectura\" \/>\n\t<meta name=\"twitter:data2\" content=\"2 minutos\" \/>\n<script type=\"application\/ld+json\" class=\"yoast-schema-graph\">{\"@context\":\"https:\/\/schema.org\",\"@graph\":[{\"@type\":\"WebPage\",\"@id\":\"https:\/\/www.asajacyl.com\/palencia\/asaja-palencia-informa\/el-ministerio-amplia-las-normas-de-las-organizaciones-interprofesionales-ganaderas-interovic-y-avianza\",\"url\":\"https:\/\/www.asajacyl.com\/palencia\/asaja-palencia-informa\/el-ministerio-amplia-las-normas-de-las-organizaciones-interprofesionales-ganaderas-interovic-y-avianza\",\"name\":\"El Ministerio ampl\u00eda las normas de las organizaciones interprofesionales ganaderas Interovic y Avianza - ASAJA Palencia\",\"isPartOf\":{\"@id\":\"https:\/\/www.asajacyl.com\/palencia\/#website\"},\"primaryImageOfPage\":{\"@id\":\"https:\/\/www.asajacyl.com\/palencia\/asaja-palencia-informa\/el-ministerio-amplia-las-normas-de-las-organizaciones-interprofesionales-ganaderas-interovic-y-avianza#primaryimage\"},\"image\":{\"@id\":\"https:\/\/www.asajacyl.com\/palencia\/asaja-palencia-informa\/el-ministerio-amplia-las-normas-de-las-organizaciones-interprofesionales-ganaderas-interovic-y-avianza#primaryimage\"},\"thumbnailUrl\":\"https:\/\/www.asajacyl.com\/palencia\/wp-content\/uploads\/sites\/3\/2025\/06\/Ovino-c-Guillermo-Escribano.jpg\",\"datePublished\":\"2025-11-12T09:05:14+00:00\",\"dateModified\":\"2025-11-12T09:05:17+00:00\",\"author\":{\"@id\":\"https:\/\/www.asajacyl.com\/palencia\/#\/schema\/person\/3ab17aeb03527485c317557fae64aab1\"},\"description\":\"El Bolet\u00edn Oficial del Estado ha publicado este martes, 11 de noviembre, las \u00f3rdenes del Ministerio de Agricultura, Pesca y Alimentaci\u00f3n que aprueban las\",\"breadcrumb\":{\"@id\":\"https:\/\/www.asajacyl.com\/palencia\/asaja-palencia-informa\/el-ministerio-amplia-las-normas-de-las-organizaciones-interprofesionales-ganaderas-interovic-y-avianza#breadcrumb\"},\"inLanguage\":\"es\",\"potentialAction\":[{\"@type\":\"ReadAction\",\"target\":[\"https:\/\/www.asajacyl.com\/palencia\/asaja-palencia-informa\/el-ministerio-amplia-las-normas-de-las-organizaciones-interprofesionales-ganaderas-interovic-y-avianza\"]}]},{\"@type\":\"ImageObject\",\"inLanguage\":\"es\",\"@id\":\"https:\/\/www.asajacyl.com\/palencia\/asaja-palencia-informa\/el-ministerio-amplia-las-normas-de-las-organizaciones-interprofesionales-ganaderas-interovic-y-avianza#primaryimage\",\"url\":\"https:\/\/www.asajacyl.com\/palencia\/wp-content\/uploads\/sites\/3\/2025\/06\/Ovino-c-Guillermo-Escribano.jpg\",\"contentUrl\":\"https:\/\/www.asajacyl.com\/palencia\/wp-content\/uploads\/sites\/3\/2025\/06\/Ovino-c-Guillermo-Escribano.jpg\",\"width\":1890,\"height\":1654},{\"@type\":\"BreadcrumbList\",\"@id\":\"https:\/\/www.asajacyl.com\/palencia\/asaja-palencia-informa\/el-ministerio-amplia-las-normas-de-las-organizaciones-interprofesionales-ganaderas-interovic-y-avianza#breadcrumb\",\"itemListElement\":[{\"@type\":\"ListItem\",\"position\":1,\"name\":\"Portada\",\"item\":\"https:\/\/www.asajacyl.com\/palencia\/\"},{\"@type\":\"ListItem\",\"position\":2,\"name\":\"El Ministerio ampl\u00eda las normas de las organizaciones interprofesionales ganaderas Interovic y Avianza\"}]},{\"@type\":\"WebSite\",\"@id\":\"https:\/\/www.asajacyl.com\/palencia\/#website\",\"url\":\"https:\/\/www.asajacyl.com\/palencia\/\",\"name\":\"ASAJA Palencia\",\"description\":\"Otro sitio m\u00e1s de Provincias ASAJA Castilla y Le\u00f3n\",\"potentialAction\":[{\"@type\":\"SearchAction\",\"target\":{\"@type\":\"EntryPoint\",\"urlTemplate\":\"https:\/\/www.asajacyl.com\/palencia\/?s={search_term_string}\"},\"query-input\":{\"@type\":\"PropertyValueSpecification\",\"valueRequired\":true,\"valueName\":\"search_term_string\"}}],\"inLanguage\":\"es\"},{\"@type\":\"Person\",\"@id\":\"https:\/\/www.asajacyl.com\/palencia\/#\/schema\/person\/3ab17aeb03527485c317557fae64aab1\",\"name\":\"Administrador\",\"image\":{\"@type\":\"ImageObject\",\"inLanguage\":\"es\",\"@id\":\"https:\/\/www.asajacyl.com\/palencia\/#\/schema\/person\/image\/\",\"url\":\"https:\/\/secure.gravatar.com\/avatar\/517384810d242ca9e38c180f3c9fb973?s=96&d=mm&r=g\",\"contentUrl\":\"https:\/\/secure.gravatar.com\/avatar\/517384810d242ca9e38c180f3c9fb973?s=96&d=mm&r=g\",\"caption\":\"Administrador\"},\"url\":\"https:\/\/www.asajacyl.com\/palencia\/author\/carlosrm\"}]}<\/script>\n<!-- \/ Yoast SEO plugin. -->","yoast_head_json":{"title":"El Ministerio ampl\u00eda las normas de las organizaciones interprofesionales ganaderas Interovic y Avianza - ASAJA Palencia","description":"El Bolet\u00edn Oficial del Estado ha publicado este martes, 11 de noviembre, las \u00f3rdenes del Ministerio de Agricultura, Pesca y Alimentaci\u00f3n que aprueban las","robots":{"index":"index","follow":"follow","max-snippet":"max-snippet:-1","max-image-preview":"max-image-preview:large","max-video-preview":"max-video-preview:-1"},"canonical":"https:\/\/www.asajacyl.com\/palencia\/asaja-palencia-informa\/el-ministerio-amplia-las-normas-de-las-organizaciones-interprofesionales-ganaderas-interovic-y-avianza","og_locale":"es_ES","og_type":"article","og_title":"El Ministerio ampl\u00eda las normas de las organizaciones interprofesionales ganaderas Interovic y Avianza - ASAJA Palencia","og_description":"El Bolet\u00edn Oficial del Estado ha publicado este martes, 11 de noviembre, las \u00f3rdenes del Ministerio de Agricultura, Pesca y Alimentaci\u00f3n que aprueban las","og_url":"https:\/\/www.asajacyl.com\/palencia\/asaja-palencia-informa\/el-ministerio-amplia-las-normas-de-las-organizaciones-interprofesionales-ganaderas-interovic-y-avianza","og_site_name":"ASAJA Palencia","article_published_time":"2025-11-12T09:05:14+00:00","article_modified_time":"2025-11-12T09:05:17+00:00","og_image":[{"width":1024,"height":896,"url":"https:\/\/www.asajacyl.com\/palencia\/wp-content\/uploads\/sites\/3\/2025\/06\/Ovino-c-Guillermo-Escribano-1024x896.jpg","type":"image\/jpeg"}],"author":"Administrador","twitter_card":"summary_large_image","twitter_misc":{"Escrito por":"Administrador","Tiempo de lectura":"2 minutos"},"schema":{"@context":"https:\/\/schema.org","@graph":[{"@type":"WebPage","@id":"https:\/\/www.asajacyl.com\/palencia\/asaja-palencia-informa\/el-ministerio-amplia-las-normas-de-las-organizaciones-interprofesionales-ganaderas-interovic-y-avianza","url":"https:\/\/www.asajacyl.com\/palencia\/asaja-palencia-informa\/el-ministerio-amplia-las-normas-de-las-organizaciones-interprofesionales-ganaderas-interovic-y-avianza","name":"El Ministerio ampl\u00eda las normas de las organizaciones interprofesionales ganaderas Interovic y Avianza - ASAJA Palencia","isPartOf":{"@id":"https:\/\/www.asajacyl.com\/palencia\/#website"},"primaryImageOfPage":{"@id":"https:\/\/www.asajacyl.com\/palencia\/asaja-palencia-informa\/el-ministerio-amplia-las-normas-de-las-organizaciones-interprofesionales-ganaderas-interovic-y-avianza#primaryimage"},"image":{"@id":"https:\/\/www.asajacyl.com\/palencia\/asaja-palencia-informa\/el-ministerio-amplia-las-normas-de-las-organizaciones-interprofesionales-ganaderas-interovic-y-avianza#primaryimage"},"thumbnailUrl":"https:\/\/www.asajacyl.com\/palencia\/wp-content\/uploads\/sites\/3\/2025\/06\/Ovino-c-Guillermo-Escribano.jpg","datePublished":"2025-11-12T09:05:14+00:00","dateModified":"2025-11-12T09:05:17+00:00","author":{"@id":"https:\/\/www.asajacyl.com\/palencia\/#\/schema\/person\/3ab17aeb03527485c317557fae64aab1"},"description":"El Bolet\u00edn Oficial del Estado ha publicado este martes, 11 de noviembre, las \u00f3rdenes del Ministerio de Agricultura, Pesca y Alimentaci\u00f3n que aprueban las","breadcrumb":{"@id":"https:\/\/www.asajacyl.com\/palencia\/asaja-palencia-informa\/el-ministerio-amplia-las-normas-de-las-organizaciones-interprofesionales-ganaderas-interovic-y-avianza#breadcrumb"},"inLanguage":"es","potentialAction":[{"@type":"ReadAction","target":["https:\/\/www.asajacyl.com\/palencia\/asaja-palencia-informa\/el-ministerio-amplia-las-normas-de-las-organizaciones-interprofesionales-ganaderas-interovic-y-avianza"]}]},{"@type":"ImageObject","inLanguage":"es","@id":"https:\/\/www.asajacyl.com\/palencia\/asaja-palencia-informa\/el-ministerio-amplia-las-normas-de-las-organizaciones-interprofesionales-ganaderas-interovic-y-avianza#primaryimage","url":"https:\/\/www.asajacyl.com\/palencia\/wp-content\/uploads\/sites\/3\/2025\/06\/Ovino-c-Guillermo-Escribano.jpg","contentUrl":"https:\/\/www.asajacyl.com\/palencia\/wp-content\/uploads\/sites\/3\/2025\/06\/Ovino-c-Guillermo-Escribano.jpg","width":1890,"height":1654},{"@type":"BreadcrumbList","@id":"https:\/\/www.asajacyl.com\/palencia\/asaja-palencia-informa\/el-ministerio-amplia-las-normas-de-las-organizaciones-interprofesionales-ganaderas-interovic-y-avianza#breadcrumb","itemListElement":[{"@type":"ListItem","position":1,"name":"Portada","item":"https:\/\/www.asajacyl.com\/palencia\/"},{"@type":"ListItem","position":2,"name":"El Ministerio ampl\u00eda las normas de las organizaciones interprofesionales ganaderas Interovic y Avianza"}]},{"@type":"WebSite","@id":"https:\/\/www.asajacyl.com\/palencia\/#website","url":"https:\/\/www.asajacyl.com\/palencia\/","name":"ASAJA Palencia","description":"Otro sitio m\u00e1s de Provincias ASAJA Castilla y Le\u00f3n","potentialAction":[{"@type":"SearchAction","target":{"@type":"EntryPoint","urlTemplate":"https:\/\/www.asajacyl.com\/palencia\/?s={search_term_string}"},"query-input":{"@type":"PropertyValueSpecification","valueRequired":true,"valueName":"search_term_string"}}],"inLanguage":"es"},{"@type":"Person","@id":"https:\/\/www.asajacyl.com\/palencia\/#\/schema\/person\/3ab17aeb03527485c317557fae64aab1","name":"Administrador","image":{"@type":"ImageObject","inLanguage":"es","@id":"https:\/\/www.asajacyl.com\/palencia\/#\/schema\/person\/image\/","url":"https:\/\/secure.gravatar.com\/avatar\/517384810d242ca9e38c180f3c9fb973?s=96&d=mm&r=g","contentUrl":"https:\/\/secure.gravatar.com\/avatar\/517384810d242ca9e38c180f3c9fb973?s=96&d=mm&r=g","caption":"Administrador"},"url":"https:\/\/www.asajacyl.com\/palencia\/author\/carlosrm"}]}},"_links":{"self":[{"href":"https:\/\/www.asajacyl.com\/palencia\/wp-json\/wp\/v2\/posts\/21481"}],"collection":[{"href":"https:\/\/www.asajacyl.com\/palencia\/wp-json\/wp\/v2\/posts"}],"about":[{"href":"https:\/\/www.asajacyl.com\/palencia\/wp-json\/wp\/v2\/types\/post"}],"author":[{"embeddable":true,"href":"https:\/\/www.asajacyl.com\/palencia\/wp-json\/wp\/v2\/users\/9"}],"replies":[{"embeddable":true,"href":"https:\/\/www.asajacyl.com\/palencia\/wp-json\/wp\/v2\/comments?post=21481"}],"version-history":[{"count":3,"href":"https:\/\/www.asajacyl.com\/palencia\/wp-json\/wp\/v2\/posts\/21481\/revisions"}],"predecessor-version":[{"id":21484,"href":"https:\/\/www.asajacyl.com\/palencia\/wp-json\/wp\/v2\/posts\/21481\/revisions\/21484"}],"wp:featuredmedia":[{"embeddable":true,"href":"https:\/\/www.asajacyl.com\/palencia\/wp-json\/wp\/v2\/media\/20063"}],"wp:attachment":[{"href":"https:\/\/www.asajacyl.com\/palencia\/wp-json\/wp\/v2\/media?parent=21481"}],"wp:term":[{"taxonomy":"category","embeddable":true,"href":"https:\/\/www.asajacyl.com\/palencia\/wp-json\/wp\/v2\/categories?post=21481"},{"taxonomy":"post_tag","embeddable":true,"href":"https:\/\/www.asajacyl.com\/palencia\/wp-json\/wp\/v2\/tags?post=21481"}],"curies":[{"name":"wp","href":"https:\/\/api.w.org\/{rel}","templated":true}]}}