{"id":21489,"date":"2025-11-13T07:30:00","date_gmt":"2025-11-13T06:30:00","guid":{"rendered":"https:\/\/www.asajacyl.com\/palencia\/?p=21489"},"modified":"2025-11-13T08:55:31","modified_gmt":"2025-11-13T07:55:31","slug":"el-precio-del-cereal-pendiente-del-primer-informe-de-la-administracion-federal-de-eeuu-tras-su-cierre-temporal","status":"publish","type":"post","link":"https:\/\/www.asajacyl.com\/palencia\/asaja-palencia-informa\/el-precio-del-cereal-pendiente-del-primer-informe-de-la-administracion-federal-de-eeuu-tras-su-cierre-temporal","title":{"rendered":"El precio del cereal, pendiente del primer informe de la administraci\u00f3n federal de EEUU tras su cierre temporal"},"content":{"rendered":"\n<h2 class=\"wp-block-heading\">La cotizaci\u00f3n de los cereales en Espa\u00f1a se halla esta semana pendiente del primer informe que emitir\u00e1 la administraci\u00f3n federal de Estados Unidos tras concluir el cierre temporal que ha vivido desde el pasado 30 de septiembre. Seg\u00fan informa la Lonja de Le\u00f3n, los mercados agr\u00edcolas mundiales esperan el documento del USDA (Departamento Federal de Agricultura) sobre las estimaciones globales de oferta, demanda y reservas, previsto para este viernes, 14 de noviembre. Mientras tanto, la lonja leonesa ha constatado esta semana una nueva subida de la cebada (dos euros por tonelada, hasta situarse en los 189 euros), junto a unos t\u00edmidos retoques de apenas un euro por tonelada en la avena y la paja.<\/h2>\n\n\n\n<p>Desde la Lonja de Le\u00f3n explican que los mercados viven una tensa calma porque ese informe puede cambiar bastante el panorama, porque se esperan datos sustanciales que pueden orientar las cotizaciones cerealistas espa\u00f1olas, como son los siguientes:<\/p>\n\n\n\n<ul>\n<li>Rendimiento del ma\u00edz en Estados Unidos, as\u00ed como niveles de demanda interna y externa en este cereal<\/li>\n\n\n\n<li>Producciones estimadas de soja y ma\u00edz en Brasil<\/li>\n\n\n\n<li>Revisi\u00f3n de la exportaci\u00f3n de soja en Estados Unidos<\/li>\n\n\n\n<li>Previsi\u00f3n de importaciones agr\u00edcolas de China con origen en Estados Unidos y Sudam\u00e9rica<\/li>\n<\/ul>\n\n\n\n<p>Los expertos vaticinan una bajada de rendimiento del <strong>ma\u00edz <\/strong>en Estados Unidos, habida cuenta de las estimaciones decepcionantes en varios estados, por lo que podr\u00eda producirse una reacci\u00f3n positiva del precio, se\u00f1alan desde el mercado leon\u00e9s, donde han repetido todas las categor\u00edas en la mesa de <strong>patata <\/strong>y de <strong>forrajes <\/strong>(excepto la <strong>paja<\/strong>, que redondea en treinta euros por tonelada).<\/p>\n\n\n\n<p>En cuanto al <strong>trigo<\/strong>, principal producci\u00f3n cerealista de Palencia, se da por descontada una amplia oferta en el hemisferio norte, con buenas exportaciones de potencias como Rusia y Kazajist\u00e1n, mientras en el hemisferio sur tambi\u00e9n se esperan buenas cosechas en dos grandes productores como Argentina y Australia. <\/p>\n\n\n\n<p>En definitiva, siete senadores dem\u00f3cratas y otro independiente cambiaron su voto para acordar con los republicanos el final del cierre de la administraci\u00f3n federal (el m\u00e1s largo de la historia, con cuarenta y tres d\u00edas), que se ratific\u00f3 en el Congreso este jueves, antes de pasar a la firma del presidente estadounidense, Donald Trump.<\/p>\n\n\n\n<p>En el cap\u00edtulo ganadero, la Lonja de Le\u00f3n marc\u00f3 una subida de la<strong> leche de oveja<\/strong>, debido a la menor oferta de producto por la estacionalidad. Opera en las entregas de octubre a 0,10818 euros por extracto quesero en litro, casi el 6 % m\u00e1s que la cotizaci\u00f3n del trimestre anterior. La leche de cabra, en cambio, mantiene su precio.<strong>\/<\/strong><\/p>\n\n\n\n<figure class=\"wp-block-image size-large is-resized\"><img loading=\"lazy\" decoding=\"async\" width=\"1024\" height=\"768\" src=\"https:\/\/www.asajacyl.com\/palencia\/wp-content\/uploads\/sites\/3\/2025\/11\/Precios-agricultura-12nov2025-1024x768.png\" alt=\"\" class=\"wp-image-21493\" style=\"width:1064px;height:auto\" srcset=\"https:\/\/www.asajacyl.com\/palencia\/wp-content\/uploads\/sites\/3\/2025\/11\/Precios-agricultura-12nov2025-1024x768.png 1024w, https:\/\/www.asajacyl.com\/palencia\/wp-content\/uploads\/sites\/3\/2025\/11\/Precios-agricultura-12nov2025-300x225.png 300w, https:\/\/www.asajacyl.com\/palencia\/wp-content\/uploads\/sites\/3\/2025\/11\/Precios-agricultura-12nov2025-768x576.png 768w, https:\/\/www.asajacyl.com\/palencia\/wp-content\/uploads\/sites\/3\/2025\/11\/Precios-agricultura-12nov2025-1536x1152.png 1536w, https:\/\/www.asajacyl.com\/palencia\/wp-content\/uploads\/sites\/3\/2025\/11\/Precios-agricultura-12nov2025-2048x1536.png 2048w, https:\/\/www.asajacyl.com\/palencia\/wp-content\/uploads\/sites\/3\/2025\/11\/Precios-agricultura-12nov2025-560x420.png 560w, https:\/\/www.asajacyl.com\/palencia\/wp-content\/uploads\/sites\/3\/2025\/11\/Precios-agricultura-12nov2025-80x60.png 80w, https:\/\/www.asajacyl.com\/palencia\/wp-content\/uploads\/sites\/3\/2025\/11\/Precios-agricultura-12nov2025-696x522.png 696w, https:\/\/www.asajacyl.com\/palencia\/wp-content\/uploads\/sites\/3\/2025\/11\/Precios-agricultura-12nov2025-1068x801.png 1068w, https:\/\/www.asajacyl.com\/palencia\/wp-content\/uploads\/sites\/3\/2025\/11\/Precios-agricultura-12nov2025-1920x1440.png 1920w\" sizes=\"(max-width: 1024px) 100vw, 1024px\" \/><\/figure>\n\n\n\n<p><\/p>\n","protected":false},"excerpt":{"rendered":"<p>La cotizaci\u00f3n de los cereales en Espa\u00f1a se halla esta semana pendiente del primer informe que emitir\u00e1 la administraci\u00f3n federal de Estados Unidos tras concluir el cierre temporal que ha vivido desde el pasado 30 de septiembre. Seg\u00fan informa la Lonja de Le\u00f3n, los mercados agr\u00edcolas mundiales esperan el documento del USDA (Departamento Federal de [&hellip;]<\/p>\n","protected":false},"author":9,"featured_media":21496,"comment_status":"open","ping_status":"open","sticky":false,"template":"","format":"standard","meta":{"footnotes":""},"categories":[9,29,36,28,13],"tags":[58,290,183,872,221,46,1245,77,121,869,219,143,312,198,756,222,220,862],"yoast_head":"<!-- This site is optimized with the Yoast SEO plugin v24.5 - https:\/\/yoast.com\/wordpress\/plugins\/seo\/ -->\n<title>El precio del cereal, pendiente del primer informe de la administraci\u00f3n federal de EEUU tras su cierre temporal - ASAJA Palencia<\/title>\n<meta name=\"description\" content=\"La cotizaci\u00f3n de los cereales en Espa\u00f1a se halla esta semana pendiente del primer informe que emitir\u00e1 la administraci\u00f3n federal de Estados Unidos tras\" \/>\n<meta name=\"robots\" content=\"index, follow, max-snippet:-1, max-image-preview:large, max-video-preview:-1\" \/>\n<link rel=\"canonical\" href=\"https:\/\/www.asajacyl.com\/palencia\/asaja-palencia-informa\/el-precio-del-cereal-pendiente-del-primer-informe-de-la-administracion-federal-de-eeuu-tras-su-cierre-temporal\" \/>\n<meta property=\"og:locale\" content=\"es_ES\" \/>\n<meta property=\"og:type\" content=\"article\" \/>\n<meta property=\"og:title\" content=\"El precio del cereal, pendiente del primer informe de la administraci\u00f3n federal de EEUU tras su cierre temporal - ASAJA Palencia\" \/>\n<meta property=\"og:description\" content=\"La cotizaci\u00f3n de los cereales en Espa\u00f1a se halla esta semana pendiente del primer informe que emitir\u00e1 la administraci\u00f3n federal de Estados Unidos tras\" \/>\n<meta property=\"og:url\" content=\"https:\/\/www.asajacyl.com\/palencia\/asaja-palencia-informa\/el-precio-del-cereal-pendiente-del-primer-informe-de-la-administracion-federal-de-eeuu-tras-su-cierre-temporal\" \/>\n<meta property=\"og:site_name\" content=\"ASAJA Palencia\" \/>\n<meta property=\"article:published_time\" content=\"2025-11-13T06:30:00+00:00\" \/>\n<meta property=\"article:modified_time\" content=\"2025-11-13T07:55:31+00:00\" \/>\n<meta property=\"og:image\" content=\"https:\/\/www.asajacyl.com\/palencia\/wp-content\/uploads\/sites\/3\/2025\/11\/Primer-brote-trigo-c-Luis-Maria-Santiago-web-1024x896.jpg\" \/>\n\t<meta property=\"og:image:width\" content=\"1024\" \/>\n\t<meta property=\"og:image:height\" content=\"896\" \/>\n\t<meta property=\"og:image:type\" content=\"image\/jpeg\" \/>\n<meta name=\"author\" content=\"Administrador\" \/>\n<meta name=\"twitter:card\" content=\"summary_large_image\" \/>\n<meta name=\"twitter:label1\" content=\"Escrito por\" \/>\n\t<meta name=\"twitter:data1\" content=\"Administrador\" \/>\n\t<meta name=\"twitter:label2\" content=\"Tiempo de lectura\" \/>\n\t<meta name=\"twitter:data2\" content=\"3 minutos\" \/>\n<script type=\"application\/ld+json\" class=\"yoast-schema-graph\">{\"@context\":\"https:\/\/schema.org\",\"@graph\":[{\"@type\":\"WebPage\",\"@id\":\"https:\/\/www.asajacyl.com\/palencia\/asaja-palencia-informa\/el-precio-del-cereal-pendiente-del-primer-informe-de-la-administracion-federal-de-eeuu-tras-su-cierre-temporal\",\"url\":\"https:\/\/www.asajacyl.com\/palencia\/asaja-palencia-informa\/el-precio-del-cereal-pendiente-del-primer-informe-de-la-administracion-federal-de-eeuu-tras-su-cierre-temporal\",\"name\":\"El precio del cereal, pendiente del primer informe de la administraci\u00f3n federal de EEUU tras su cierre temporal - ASAJA Palencia\",\"isPartOf\":{\"@id\":\"https:\/\/www.asajacyl.com\/palencia\/#website\"},\"primaryImageOfPage\":{\"@id\":\"https:\/\/www.asajacyl.com\/palencia\/asaja-palencia-informa\/el-precio-del-cereal-pendiente-del-primer-informe-de-la-administracion-federal-de-eeuu-tras-su-cierre-temporal#primaryimage\"},\"image\":{\"@id\":\"https:\/\/www.asajacyl.com\/palencia\/asaja-palencia-informa\/el-precio-del-cereal-pendiente-del-primer-informe-de-la-administracion-federal-de-eeuu-tras-su-cierre-temporal#primaryimage\"},\"thumbnailUrl\":\"https:\/\/www.asajacyl.com\/palencia\/wp-content\/uploads\/sites\/3\/2025\/11\/Primer-brote-trigo-c-Luis-Maria-Santiago-web.jpg\",\"datePublished\":\"2025-11-13T06:30:00+00:00\",\"dateModified\":\"2025-11-13T07:55:31+00:00\",\"author\":{\"@id\":\"https:\/\/www.asajacyl.com\/palencia\/#\/schema\/person\/3ab17aeb03527485c317557fae64aab1\"},\"description\":\"La cotizaci\u00f3n de los cereales en Espa\u00f1a se halla esta semana pendiente del primer informe que emitir\u00e1 la administraci\u00f3n federal de Estados Unidos tras\",\"breadcrumb\":{\"@id\":\"https:\/\/www.asajacyl.com\/palencia\/asaja-palencia-informa\/el-precio-del-cereal-pendiente-del-primer-informe-de-la-administracion-federal-de-eeuu-tras-su-cierre-temporal#breadcrumb\"},\"inLanguage\":\"es\",\"potentialAction\":[{\"@type\":\"ReadAction\",\"target\":[\"https:\/\/www.asajacyl.com\/palencia\/asaja-palencia-informa\/el-precio-del-cereal-pendiente-del-primer-informe-de-la-administracion-federal-de-eeuu-tras-su-cierre-temporal\"]}]},{\"@type\":\"ImageObject\",\"inLanguage\":\"es\",\"@id\":\"https:\/\/www.asajacyl.com\/palencia\/asaja-palencia-informa\/el-precio-del-cereal-pendiente-del-primer-informe-de-la-administracion-federal-de-eeuu-tras-su-cierre-temporal#primaryimage\",\"url\":\"https:\/\/www.asajacyl.com\/palencia\/wp-content\/uploads\/sites\/3\/2025\/11\/Primer-brote-trigo-c-Luis-Maria-Santiago-web.jpg\",\"contentUrl\":\"https:\/\/www.asajacyl.com\/palencia\/wp-content\/uploads\/sites\/3\/2025\/11\/Primer-brote-trigo-c-Luis-Maria-Santiago-web.jpg\",\"width\":1890,\"height\":1654},{\"@type\":\"BreadcrumbList\",\"@id\":\"https:\/\/www.asajacyl.com\/palencia\/asaja-palencia-informa\/el-precio-del-cereal-pendiente-del-primer-informe-de-la-administracion-federal-de-eeuu-tras-su-cierre-temporal#breadcrumb\",\"itemListElement\":[{\"@type\":\"ListItem\",\"position\":1,\"name\":\"Portada\",\"item\":\"https:\/\/www.asajacyl.com\/palencia\/\"},{\"@type\":\"ListItem\",\"position\":2,\"name\":\"El precio del cereal, pendiente del primer informe de la administraci\u00f3n federal de EEUU tras su cierre temporal\"}]},{\"@type\":\"WebSite\",\"@id\":\"https:\/\/www.asajacyl.com\/palencia\/#website\",\"url\":\"https:\/\/www.asajacyl.com\/palencia\/\",\"name\":\"ASAJA Palencia\",\"description\":\"Otro sitio m\u00e1s de Provincias ASAJA Castilla y Le\u00f3n\",\"potentialAction\":[{\"@type\":\"SearchAction\",\"target\":{\"@type\":\"EntryPoint\",\"urlTemplate\":\"https:\/\/www.asajacyl.com\/palencia\/?s={search_term_string}\"},\"query-input\":{\"@type\":\"PropertyValueSpecification\",\"valueRequired\":true,\"valueName\":\"search_term_string\"}}],\"inLanguage\":\"es\"},{\"@type\":\"Person\",\"@id\":\"https:\/\/www.asajacyl.com\/palencia\/#\/schema\/person\/3ab17aeb03527485c317557fae64aab1\",\"name\":\"Administrador\",\"image\":{\"@type\":\"ImageObject\",\"inLanguage\":\"es\",\"@id\":\"https:\/\/www.asajacyl.com\/palencia\/#\/schema\/person\/image\/\",\"url\":\"https:\/\/secure.gravatar.com\/avatar\/517384810d242ca9e38c180f3c9fb973?s=96&d=mm&r=g\",\"contentUrl\":\"https:\/\/secure.gravatar.com\/avatar\/517384810d242ca9e38c180f3c9fb973?s=96&d=mm&r=g\",\"caption\":\"Administrador\"},\"url\":\"https:\/\/www.asajacyl.com\/palencia\/author\/carlosrm\"}]}<\/script>\n<!-- \/ Yoast SEO plugin. -->","yoast_head_json":{"title":"El precio del cereal, pendiente del primer informe de la administraci\u00f3n federal de EEUU tras su cierre temporal - ASAJA Palencia","description":"La cotizaci\u00f3n de los cereales en Espa\u00f1a se halla esta semana pendiente del primer informe que emitir\u00e1 la administraci\u00f3n federal de Estados Unidos tras","robots":{"index":"index","follow":"follow","max-snippet":"max-snippet:-1","max-image-preview":"max-image-preview:large","max-video-preview":"max-video-preview:-1"},"canonical":"https:\/\/www.asajacyl.com\/palencia\/asaja-palencia-informa\/el-precio-del-cereal-pendiente-del-primer-informe-de-la-administracion-federal-de-eeuu-tras-su-cierre-temporal","og_locale":"es_ES","og_type":"article","og_title":"El precio del cereal, pendiente del primer informe de la administraci\u00f3n federal de EEUU tras su cierre temporal - ASAJA Palencia","og_description":"La cotizaci\u00f3n de los cereales en Espa\u00f1a se halla esta semana pendiente del primer informe que emitir\u00e1 la administraci\u00f3n federal de Estados Unidos tras","og_url":"https:\/\/www.asajacyl.com\/palencia\/asaja-palencia-informa\/el-precio-del-cereal-pendiente-del-primer-informe-de-la-administracion-federal-de-eeuu-tras-su-cierre-temporal","og_site_name":"ASAJA Palencia","article_published_time":"2025-11-13T06:30:00+00:00","article_modified_time":"2025-11-13T07:55:31+00:00","og_image":[{"width":1024,"height":896,"url":"https:\/\/www.asajacyl.com\/palencia\/wp-content\/uploads\/sites\/3\/2025\/11\/Primer-brote-trigo-c-Luis-Maria-Santiago-web-1024x896.jpg","type":"image\/jpeg"}],"author":"Administrador","twitter_card":"summary_large_image","twitter_misc":{"Escrito por":"Administrador","Tiempo de lectura":"3 minutos"},"schema":{"@context":"https:\/\/schema.org","@graph":[{"@type":"WebPage","@id":"https:\/\/www.asajacyl.com\/palencia\/asaja-palencia-informa\/el-precio-del-cereal-pendiente-del-primer-informe-de-la-administracion-federal-de-eeuu-tras-su-cierre-temporal","url":"https:\/\/www.asajacyl.com\/palencia\/asaja-palencia-informa\/el-precio-del-cereal-pendiente-del-primer-informe-de-la-administracion-federal-de-eeuu-tras-su-cierre-temporal","name":"El precio del cereal, pendiente del primer informe de la administraci\u00f3n federal de EEUU tras su cierre temporal - ASAJA Palencia","isPartOf":{"@id":"https:\/\/www.asajacyl.com\/palencia\/#website"},"primaryImageOfPage":{"@id":"https:\/\/www.asajacyl.com\/palencia\/asaja-palencia-informa\/el-precio-del-cereal-pendiente-del-primer-informe-de-la-administracion-federal-de-eeuu-tras-su-cierre-temporal#primaryimage"},"image":{"@id":"https:\/\/www.asajacyl.com\/palencia\/asaja-palencia-informa\/el-precio-del-cereal-pendiente-del-primer-informe-de-la-administracion-federal-de-eeuu-tras-su-cierre-temporal#primaryimage"},"thumbnailUrl":"https:\/\/www.asajacyl.com\/palencia\/wp-content\/uploads\/sites\/3\/2025\/11\/Primer-brote-trigo-c-Luis-Maria-Santiago-web.jpg","datePublished":"2025-11-13T06:30:00+00:00","dateModified":"2025-11-13T07:55:31+00:00","author":{"@id":"https:\/\/www.asajacyl.com\/palencia\/#\/schema\/person\/3ab17aeb03527485c317557fae64aab1"},"description":"La cotizaci\u00f3n de los cereales en Espa\u00f1a se halla esta semana pendiente del primer informe que emitir\u00e1 la administraci\u00f3n federal de Estados Unidos tras","breadcrumb":{"@id":"https:\/\/www.asajacyl.com\/palencia\/asaja-palencia-informa\/el-precio-del-cereal-pendiente-del-primer-informe-de-la-administracion-federal-de-eeuu-tras-su-cierre-temporal#breadcrumb"},"inLanguage":"es","potentialAction":[{"@type":"ReadAction","target":["https:\/\/www.asajacyl.com\/palencia\/asaja-palencia-informa\/el-precio-del-cereal-pendiente-del-primer-informe-de-la-administracion-federal-de-eeuu-tras-su-cierre-temporal"]}]},{"@type":"ImageObject","inLanguage":"es","@id":"https:\/\/www.asajacyl.com\/palencia\/asaja-palencia-informa\/el-precio-del-cereal-pendiente-del-primer-informe-de-la-administracion-federal-de-eeuu-tras-su-cierre-temporal#primaryimage","url":"https:\/\/www.asajacyl.com\/palencia\/wp-content\/uploads\/sites\/3\/2025\/11\/Primer-brote-trigo-c-Luis-Maria-Santiago-web.jpg","contentUrl":"https:\/\/www.asajacyl.com\/palencia\/wp-content\/uploads\/sites\/3\/2025\/11\/Primer-brote-trigo-c-Luis-Maria-Santiago-web.jpg","width":1890,"height":1654},{"@type":"BreadcrumbList","@id":"https:\/\/www.asajacyl.com\/palencia\/asaja-palencia-informa\/el-precio-del-cereal-pendiente-del-primer-informe-de-la-administracion-federal-de-eeuu-tras-su-cierre-temporal#breadcrumb","itemListElement":[{"@type":"ListItem","position":1,"name":"Portada","item":"https:\/\/www.asajacyl.com\/palencia\/"},{"@type":"ListItem","position":2,"name":"El precio del cereal, pendiente del primer informe de la administraci\u00f3n federal de EEUU tras su cierre temporal"}]},{"@type":"WebSite","@id":"https:\/\/www.asajacyl.com\/palencia\/#website","url":"https:\/\/www.asajacyl.com\/palencia\/","name":"ASAJA Palencia","description":"Otro sitio m\u00e1s de Provincias ASAJA Castilla y Le\u00f3n","potentialAction":[{"@type":"SearchAction","target":{"@type":"EntryPoint","urlTemplate":"https:\/\/www.asajacyl.com\/palencia\/?s={search_term_string}"},"query-input":{"@type":"PropertyValueSpecification","valueRequired":true,"valueName":"search_term_string"}}],"inLanguage":"es"},{"@type":"Person","@id":"https:\/\/www.asajacyl.com\/palencia\/#\/schema\/person\/3ab17aeb03527485c317557fae64aab1","name":"Administrador","image":{"@type":"ImageObject","inLanguage":"es","@id":"https:\/\/www.asajacyl.com\/palencia\/#\/schema\/person\/image\/","url":"https:\/\/secure.gravatar.com\/avatar\/517384810d242ca9e38c180f3c9fb973?s=96&d=mm&r=g","contentUrl":"https:\/\/secure.gravatar.com\/avatar\/517384810d242ca9e38c180f3c9fb973?s=96&d=mm&r=g","caption":"Administrador"},"url":"https:\/\/www.asajacyl.com\/palencia\/author\/carlosrm"}]}},"_links":{"self":[{"href":"https:\/\/www.asajacyl.com\/palencia\/wp-json\/wp\/v2\/posts\/21489"}],"collection":[{"href":"https:\/\/www.asajacyl.com\/palencia\/wp-json\/wp\/v2\/posts"}],"about":[{"href":"https:\/\/www.asajacyl.com\/palencia\/wp-json\/wp\/v2\/types\/post"}],"author":[{"embeddable":true,"href":"https:\/\/www.asajacyl.com\/palencia\/wp-json\/wp\/v2\/users\/9"}],"replies":[{"embeddable":true,"href":"https:\/\/www.asajacyl.com\/palencia\/wp-json\/wp\/v2\/comments?post=21489"}],"version-history":[{"count":5,"href":"https:\/\/www.asajacyl.com\/palencia\/wp-json\/wp\/v2\/posts\/21489\/revisions"}],"predecessor-version":[{"id":21512,"href":"https:\/\/www.asajacyl.com\/palencia\/wp-json\/wp\/v2\/posts\/21489\/revisions\/21512"}],"wp:featuredmedia":[{"embeddable":true,"href":"https:\/\/www.asajacyl.com\/palencia\/wp-json\/wp\/v2\/media\/21496"}],"wp:attachment":[{"href":"https:\/\/www.asajacyl.com\/palencia\/wp-json\/wp\/v2\/media?parent=21489"}],"wp:term":[{"taxonomy":"category","embeddable":true,"href":"https:\/\/www.asajacyl.com\/palencia\/wp-json\/wp\/v2\/categories?post=21489"},{"taxonomy":"post_tag","embeddable":true,"href":"https:\/\/www.asajacyl.com\/palencia\/wp-json\/wp\/v2\/tags?post=21489"}],"curies":[{"name":"wp","href":"https:\/\/api.w.org\/{rel}","templated":true}]}}