{"id":21497,"date":"2025-11-14T07:30:00","date_gmt":"2025-11-14T06:30:00","guid":{"rendered":"https:\/\/www.asajacyl.com\/palencia\/?p=21497"},"modified":"2025-11-12T18:07:59","modified_gmt":"2025-11-12T17:07:59","slug":"asaja-denuncia-el-juego-de-trilerismo-de-la-comision-europea-con-los-fondos-rurales","status":"publish","type":"post","link":"https:\/\/www.asajacyl.com\/palencia\/asaja-palencia-informa\/asaja-denuncia-el-juego-de-trilerismo-de-la-comision-europea-con-los-fondos-rurales","title":{"rendered":"ASAJA critica a la trilera Comisi\u00f3n Europea por su nuevo criterio rural, que no oculta el recorte al campo"},"content":{"rendered":"\n<h2 class=\"wp-block-heading\">ASAJA critica la revisi\u00f3n del marco financiero del periodo 2028-2034 presentada por la presidenta de la Comisi\u00f3n Europea, Ursula von der Leyen, a su juicio un mero maquillaje pol\u00edtico y un intento de enga\u00f1o tanto al Parlamento Europeo como al sector agrario comunitario. Nuestra organizaci\u00f3n reclama a los eurodiputados una reacci\u00f3n urgente, con votaci\u00f3n de una resoluci\u00f3n de rechazo, y al Gobierno de Espa\u00f1a que el 18 de diciembre se oponga al marco financiero plurianual 2028-2034 en la reuni\u00f3n del Consejo Europeo. <\/h2>\n\n\n\n<p>La introducci\u00f3n del denominado \u201cObjetivo rural\u201d, que obliga a destinar al menos el 10 % de los recursos a zonas rurales, se presenta como un avance. Pero no compensa el recorte estructural del 18 % en los pagos b\u00e1sicos de la PAC y del 40 % en el fondo para los planes nacionales y regionales de desarrollo rural.<\/p>\n\n\n\n<p>ASAJA denuncia que los cuarenta millones de euros adicionales anunciados para programas Leader e infraestructuras rurales son insuficientes frente a la magnitud de esos recortes. Para la organizaci\u00f3n agraria, el retoque de la Comisi\u00f3n Europea es un juego de trilerismo, y se perjudica de modo especial al sector agroganadero espa\u00f1ol y sus profesionales.<\/p>\n\n\n\n<p><a href=\"https:\/\/www.asajacr.com\/wp-content\/uploads\/2025\/11\/URSU.jpg\"><\/a><\/p>\n\n\n\n<p>Asimismo, el traslado de determinados art\u00edculos del Reglamento de los Programas Nacionales y Regionales (PNR) al Reglamento de Ejecuci\u00f3n de la PAC \u2014como las definiciones de agricultor activo, joven agricultor, agricultura ecol\u00f3gica o sistema de conocimiento e innovaci\u00f3n agr\u00edcola\u2014 ni resuelve el problema de fondo, ni garantiza autonom\u00eda y control presupuestario reales.<\/p>\n\n\n\n<p>ASAJA advierte que esta propuesta perjudica gravemente a la agricultura y ganader\u00eda espa\u00f1olas, por tres motivos:<\/p>\n\n\n\n<ul>\n<li>limita la capacidad de inversi\u00f3n en desarrollo rural, <\/li>\n\n\n\n<li>reduce los pagos directos, y <\/li>\n\n\n\n<li>centraliza la toma de decisiones en los estados miembros, en detrimento de las comunidades aut\u00f3nomas y de las organizaciones agrarias. <\/li>\n<\/ul>\n\n\n\n<p>Dadas su estructura territorial descentralizada y su fuerte representaci\u00f3n regional, Espa\u00f1a necesita garant\u00edas claras de participaci\u00f3n efectiva en la elaboraci\u00f3n, ejecuci\u00f3n y seguimiento de los futuros planes nacionales y regionales. Adem\u00e1s, si bien el reconocimiento de un \u201cObjetivo rural\u201d puede considerarse un gesto pol\u00edtico, no puede sustituir los fondos de la PAC, ni justificar recortes estructurales.<\/p>\n\n\n\n<p><strong>RESOLUCI\u00d3N URGENTE DEL PARLAMENTO.<\/strong> Por ello, ASAJA exige al Parlamento Europeo la aprobaci\u00f3n inmediata de una resoluci\u00f3n de urgencia que rechace de manera contundente la propuesta de la Comisi\u00f3n, y que marque una posici\u00f3n firme en defensa del sector agrario.<\/p>\n\n\n\n<p>Nuestra organizaci\u00f3n advierte que el debate solo tendr\u00e1 sentido si se traduce en medidas concretas, y que sin una resoluci\u00f3n firme y vinculante no se avanzar\u00e1 en la defensa real de la PAC ni del campo europeo. <\/p>\n\n\n\n<p>ASAJA insta a todos los eurodiputados espa\u00f1oles y europeos a actuar con responsabilidad, pronunciarse p\u00fablicamente contra el marco financiero 2028-2034, votando en consecuencia.<\/p>\n\n\n\n<p><strong>MANIFESTACI\u00d3N EL 18 DE DICIEMBRE EN BRUSELAS. <\/strong>Nuestra organizaci\u00f3n anuncia que el pr\u00f3ximo 18 de diciembre el campo europeo se har\u00e1 o\u00edr en Bruselas en una manifestaci\u00f3n hist\u00f3rica, donde agricultores y ganaderos de toda Europa exigir\u00e1n una PAC con presupuesto propio, objetivos claros y autonom\u00eda real. <\/p>\n\n\n\n<p>Asimismo, ASAJA exige al Gobierno de Espa\u00f1a que vote en contra de la propuesta del marco financiero plurianual durante el Consejo Europeo que se celebrar\u00e1 esa misma jornada del 18 de diciembre, y que defienda con determinaci\u00f3n los intereses de la agricultura y la ganader\u00eda espa\u00f1olas, oponi\u00e9ndose a un modelo presupuestario que pone en riesgo la sostenibilidad y autonom\u00eda de nuestro sector.<strong>\/<\/strong><\/p>\n","protected":false},"excerpt":{"rendered":"<p>ASAJA critica la revisi\u00f3n del marco financiero del periodo 2028-2034 presentada por la presidenta de la Comisi\u00f3n Europea, Ursula von der Leyen, a su juicio un mero maquillaje pol\u00edtico y un intento de enga\u00f1o tanto al Parlamento Europeo como al sector agrario comunitario. Nuestra organizaci\u00f3n reclama a los eurodiputados una reacci\u00f3n urgente, con votaci\u00f3n de [&hellip;]<\/p>\n","protected":false},"author":9,"featured_media":21501,"comment_status":"open","ping_status":"open","sticky":false,"template":"","format":"standard","meta":{"footnotes":""},"categories":[9,38,29,28,13],"tags":[1648,58,260,332,351,370,77,1649,1631,45,1188,191,1647,1228],"yoast_head":"<!-- This site is optimized with the Yoast SEO plugin v24.5 - https:\/\/yoast.com\/wordpress\/plugins\/seo\/ -->\n<title>ASAJA critica a la trilera Comisi\u00f3n Europea por su nuevo criterio rural, que no oculta el recorte al campo - ASAJA Palencia<\/title>\n<meta name=\"description\" content=\"ASAJA critica la revisi\u00f3n del marco financiero del periodo 2028-2034 presentada por la presidenta de la Comisi\u00f3n Europea, Ursula von der Leyen, a su\" \/>\n<meta name=\"robots\" content=\"index, follow, max-snippet:-1, max-image-preview:large, max-video-preview:-1\" \/>\n<link rel=\"canonical\" href=\"https:\/\/www.asajacyl.com\/palencia\/asaja-palencia-informa\/asaja-denuncia-el-juego-de-trilerismo-de-la-comision-europea-con-los-fondos-rurales\" \/>\n<meta property=\"og:locale\" content=\"es_ES\" \/>\n<meta property=\"og:type\" content=\"article\" \/>\n<meta property=\"og:title\" content=\"ASAJA critica a la trilera Comisi\u00f3n Europea por su nuevo criterio rural, que no oculta el recorte al campo - ASAJA Palencia\" \/>\n<meta property=\"og:description\" content=\"ASAJA critica la revisi\u00f3n del marco financiero del periodo 2028-2034 presentada por la presidenta de la Comisi\u00f3n Europea, Ursula von der Leyen, a su\" \/>\n<meta property=\"og:url\" content=\"https:\/\/www.asajacyl.com\/palencia\/asaja-palencia-informa\/asaja-denuncia-el-juego-de-trilerismo-de-la-comision-europea-con-los-fondos-rurales\" \/>\n<meta property=\"og:site_name\" content=\"ASAJA Palencia\" \/>\n<meta property=\"article:published_time\" content=\"2025-11-14T06:30:00+00:00\" \/>\n<meta property=\"og:image\" content=\"https:\/\/www.asajacyl.com\/palencia\/wp-content\/uploads\/sites\/3\/2025\/11\/Ursula-von-del-Leyen-trilerismo-web.jpg\" \/>\n\t<meta property=\"og:image:width\" content=\"1890\" \/>\n\t<meta property=\"og:image:height\" content=\"1654\" \/>\n\t<meta property=\"og:image:type\" content=\"image\/jpeg\" \/>\n<meta name=\"author\" content=\"Administrador\" \/>\n<meta name=\"twitter:card\" content=\"summary_large_image\" \/>\n<meta name=\"twitter:label1\" content=\"Escrito por\" \/>\n\t<meta name=\"twitter:data1\" content=\"Administrador\" \/>\n\t<meta name=\"twitter:label2\" content=\"Tiempo de lectura\" \/>\n\t<meta name=\"twitter:data2\" content=\"3 minutos\" \/>\n<script type=\"application\/ld+json\" class=\"yoast-schema-graph\">{\"@context\":\"https:\/\/schema.org\",\"@graph\":[{\"@type\":\"WebPage\",\"@id\":\"https:\/\/www.asajacyl.com\/palencia\/asaja-palencia-informa\/asaja-denuncia-el-juego-de-trilerismo-de-la-comision-europea-con-los-fondos-rurales\",\"url\":\"https:\/\/www.asajacyl.com\/palencia\/asaja-palencia-informa\/asaja-denuncia-el-juego-de-trilerismo-de-la-comision-europea-con-los-fondos-rurales\",\"name\":\"ASAJA critica a la trilera Comisi\u00f3n Europea por su nuevo criterio rural, que no oculta el recorte al campo - ASAJA Palencia\",\"isPartOf\":{\"@id\":\"https:\/\/www.asajacyl.com\/palencia\/#website\"},\"primaryImageOfPage\":{\"@id\":\"https:\/\/www.asajacyl.com\/palencia\/asaja-palencia-informa\/asaja-denuncia-el-juego-de-trilerismo-de-la-comision-europea-con-los-fondos-rurales#primaryimage\"},\"image\":{\"@id\":\"https:\/\/www.asajacyl.com\/palencia\/asaja-palencia-informa\/asaja-denuncia-el-juego-de-trilerismo-de-la-comision-europea-con-los-fondos-rurales#primaryimage\"},\"thumbnailUrl\":\"https:\/\/www.asajacyl.com\/palencia\/wp-content\/uploads\/sites\/3\/2025\/11\/Ursula-von-del-Leyen-trilerismo-web.jpg\",\"datePublished\":\"2025-11-14T06:30:00+00:00\",\"author\":{\"@id\":\"https:\/\/www.asajacyl.com\/palencia\/#\/schema\/person\/3ab17aeb03527485c317557fae64aab1\"},\"description\":\"ASAJA critica la revisi\u00f3n del marco financiero del periodo 2028-2034 presentada por la presidenta de la Comisi\u00f3n Europea, Ursula von der Leyen, a su\",\"breadcrumb\":{\"@id\":\"https:\/\/www.asajacyl.com\/palencia\/asaja-palencia-informa\/asaja-denuncia-el-juego-de-trilerismo-de-la-comision-europea-con-los-fondos-rurales#breadcrumb\"},\"inLanguage\":\"es\",\"potentialAction\":[{\"@type\":\"ReadAction\",\"target\":[\"https:\/\/www.asajacyl.com\/palencia\/asaja-palencia-informa\/asaja-denuncia-el-juego-de-trilerismo-de-la-comision-europea-con-los-fondos-rurales\"]}]},{\"@type\":\"ImageObject\",\"inLanguage\":\"es\",\"@id\":\"https:\/\/www.asajacyl.com\/palencia\/asaja-palencia-informa\/asaja-denuncia-el-juego-de-trilerismo-de-la-comision-europea-con-los-fondos-rurales#primaryimage\",\"url\":\"https:\/\/www.asajacyl.com\/palencia\/wp-content\/uploads\/sites\/3\/2025\/11\/Ursula-von-del-Leyen-trilerismo-web.jpg\",\"contentUrl\":\"https:\/\/www.asajacyl.com\/palencia\/wp-content\/uploads\/sites\/3\/2025\/11\/Ursula-von-del-Leyen-trilerismo-web.jpg\",\"width\":1890,\"height\":1654},{\"@type\":\"BreadcrumbList\",\"@id\":\"https:\/\/www.asajacyl.com\/palencia\/asaja-palencia-informa\/asaja-denuncia-el-juego-de-trilerismo-de-la-comision-europea-con-los-fondos-rurales#breadcrumb\",\"itemListElement\":[{\"@type\":\"ListItem\",\"position\":1,\"name\":\"Portada\",\"item\":\"https:\/\/www.asajacyl.com\/palencia\/\"},{\"@type\":\"ListItem\",\"position\":2,\"name\":\"ASAJA critica a la trilera Comisi\u00f3n Europea por su nuevo criterio rural, que no oculta el recorte al campo\"}]},{\"@type\":\"WebSite\",\"@id\":\"https:\/\/www.asajacyl.com\/palencia\/#website\",\"url\":\"https:\/\/www.asajacyl.com\/palencia\/\",\"name\":\"ASAJA Palencia\",\"description\":\"Otro sitio m\u00e1s de Provincias ASAJA Castilla y Le\u00f3n\",\"potentialAction\":[{\"@type\":\"SearchAction\",\"target\":{\"@type\":\"EntryPoint\",\"urlTemplate\":\"https:\/\/www.asajacyl.com\/palencia\/?s={search_term_string}\"},\"query-input\":{\"@type\":\"PropertyValueSpecification\",\"valueRequired\":true,\"valueName\":\"search_term_string\"}}],\"inLanguage\":\"es\"},{\"@type\":\"Person\",\"@id\":\"https:\/\/www.asajacyl.com\/palencia\/#\/schema\/person\/3ab17aeb03527485c317557fae64aab1\",\"name\":\"Administrador\",\"image\":{\"@type\":\"ImageObject\",\"inLanguage\":\"es\",\"@id\":\"https:\/\/www.asajacyl.com\/palencia\/#\/schema\/person\/image\/\",\"url\":\"https:\/\/secure.gravatar.com\/avatar\/517384810d242ca9e38c180f3c9fb973?s=96&d=mm&r=g\",\"contentUrl\":\"https:\/\/secure.gravatar.com\/avatar\/517384810d242ca9e38c180f3c9fb973?s=96&d=mm&r=g\",\"caption\":\"Administrador\"},\"url\":\"https:\/\/www.asajacyl.com\/palencia\/author\/carlosrm\"}]}<\/script>\n<!-- \/ Yoast SEO plugin. -->","yoast_head_json":{"title":"ASAJA critica a la trilera Comisi\u00f3n Europea por su nuevo criterio rural, que no oculta el recorte al campo - ASAJA Palencia","description":"ASAJA critica la revisi\u00f3n del marco financiero del periodo 2028-2034 presentada por la presidenta de la Comisi\u00f3n Europea, Ursula von der Leyen, a su","robots":{"index":"index","follow":"follow","max-snippet":"max-snippet:-1","max-image-preview":"max-image-preview:large","max-video-preview":"max-video-preview:-1"},"canonical":"https:\/\/www.asajacyl.com\/palencia\/asaja-palencia-informa\/asaja-denuncia-el-juego-de-trilerismo-de-la-comision-europea-con-los-fondos-rurales","og_locale":"es_ES","og_type":"article","og_title":"ASAJA critica a la trilera Comisi\u00f3n Europea por su nuevo criterio rural, que no oculta el recorte al campo - ASAJA Palencia","og_description":"ASAJA critica la revisi\u00f3n del marco financiero del periodo 2028-2034 presentada por la presidenta de la Comisi\u00f3n Europea, Ursula von der Leyen, a su","og_url":"https:\/\/www.asajacyl.com\/palencia\/asaja-palencia-informa\/asaja-denuncia-el-juego-de-trilerismo-de-la-comision-europea-con-los-fondos-rurales","og_site_name":"ASAJA Palencia","article_published_time":"2025-11-14T06:30:00+00:00","og_image":[{"width":1890,"height":1654,"url":"https:\/\/www.asajacyl.com\/palencia\/wp-content\/uploads\/sites\/3\/2025\/11\/Ursula-von-del-Leyen-trilerismo-web.jpg","type":"image\/jpeg"}],"author":"Administrador","twitter_card":"summary_large_image","twitter_misc":{"Escrito por":"Administrador","Tiempo de lectura":"3 minutos"},"schema":{"@context":"https:\/\/schema.org","@graph":[{"@type":"WebPage","@id":"https:\/\/www.asajacyl.com\/palencia\/asaja-palencia-informa\/asaja-denuncia-el-juego-de-trilerismo-de-la-comision-europea-con-los-fondos-rurales","url":"https:\/\/www.asajacyl.com\/palencia\/asaja-palencia-informa\/asaja-denuncia-el-juego-de-trilerismo-de-la-comision-europea-con-los-fondos-rurales","name":"ASAJA critica a la trilera Comisi\u00f3n Europea por su nuevo criterio rural, que no oculta el recorte al campo - ASAJA Palencia","isPartOf":{"@id":"https:\/\/www.asajacyl.com\/palencia\/#website"},"primaryImageOfPage":{"@id":"https:\/\/www.asajacyl.com\/palencia\/asaja-palencia-informa\/asaja-denuncia-el-juego-de-trilerismo-de-la-comision-europea-con-los-fondos-rurales#primaryimage"},"image":{"@id":"https:\/\/www.asajacyl.com\/palencia\/asaja-palencia-informa\/asaja-denuncia-el-juego-de-trilerismo-de-la-comision-europea-con-los-fondos-rurales#primaryimage"},"thumbnailUrl":"https:\/\/www.asajacyl.com\/palencia\/wp-content\/uploads\/sites\/3\/2025\/11\/Ursula-von-del-Leyen-trilerismo-web.jpg","datePublished":"2025-11-14T06:30:00+00:00","author":{"@id":"https:\/\/www.asajacyl.com\/palencia\/#\/schema\/person\/3ab17aeb03527485c317557fae64aab1"},"description":"ASAJA critica la revisi\u00f3n del marco financiero del periodo 2028-2034 presentada por la presidenta de la Comisi\u00f3n Europea, Ursula von der Leyen, a su","breadcrumb":{"@id":"https:\/\/www.asajacyl.com\/palencia\/asaja-palencia-informa\/asaja-denuncia-el-juego-de-trilerismo-de-la-comision-europea-con-los-fondos-rurales#breadcrumb"},"inLanguage":"es","potentialAction":[{"@type":"ReadAction","target":["https:\/\/www.asajacyl.com\/palencia\/asaja-palencia-informa\/asaja-denuncia-el-juego-de-trilerismo-de-la-comision-europea-con-los-fondos-rurales"]}]},{"@type":"ImageObject","inLanguage":"es","@id":"https:\/\/www.asajacyl.com\/palencia\/asaja-palencia-informa\/asaja-denuncia-el-juego-de-trilerismo-de-la-comision-europea-con-los-fondos-rurales#primaryimage","url":"https:\/\/www.asajacyl.com\/palencia\/wp-content\/uploads\/sites\/3\/2025\/11\/Ursula-von-del-Leyen-trilerismo-web.jpg","contentUrl":"https:\/\/www.asajacyl.com\/palencia\/wp-content\/uploads\/sites\/3\/2025\/11\/Ursula-von-del-Leyen-trilerismo-web.jpg","width":1890,"height":1654},{"@type":"BreadcrumbList","@id":"https:\/\/www.asajacyl.com\/palencia\/asaja-palencia-informa\/asaja-denuncia-el-juego-de-trilerismo-de-la-comision-europea-con-los-fondos-rurales#breadcrumb","itemListElement":[{"@type":"ListItem","position":1,"name":"Portada","item":"https:\/\/www.asajacyl.com\/palencia\/"},{"@type":"ListItem","position":2,"name":"ASAJA critica a la trilera Comisi\u00f3n Europea por su nuevo criterio rural, que no oculta el recorte al campo"}]},{"@type":"WebSite","@id":"https:\/\/www.asajacyl.com\/palencia\/#website","url":"https:\/\/www.asajacyl.com\/palencia\/","name":"ASAJA Palencia","description":"Otro sitio m\u00e1s de Provincias ASAJA Castilla y Le\u00f3n","potentialAction":[{"@type":"SearchAction","target":{"@type":"EntryPoint","urlTemplate":"https:\/\/www.asajacyl.com\/palencia\/?s={search_term_string}"},"query-input":{"@type":"PropertyValueSpecification","valueRequired":true,"valueName":"search_term_string"}}],"inLanguage":"es"},{"@type":"Person","@id":"https:\/\/www.asajacyl.com\/palencia\/#\/schema\/person\/3ab17aeb03527485c317557fae64aab1","name":"Administrador","image":{"@type":"ImageObject","inLanguage":"es","@id":"https:\/\/www.asajacyl.com\/palencia\/#\/schema\/person\/image\/","url":"https:\/\/secure.gravatar.com\/avatar\/517384810d242ca9e38c180f3c9fb973?s=96&d=mm&r=g","contentUrl":"https:\/\/secure.gravatar.com\/avatar\/517384810d242ca9e38c180f3c9fb973?s=96&d=mm&r=g","caption":"Administrador"},"url":"https:\/\/www.asajacyl.com\/palencia\/author\/carlosrm"}]}},"_links":{"self":[{"href":"https:\/\/www.asajacyl.com\/palencia\/wp-json\/wp\/v2\/posts\/21497"}],"collection":[{"href":"https:\/\/www.asajacyl.com\/palencia\/wp-json\/wp\/v2\/posts"}],"about":[{"href":"https:\/\/www.asajacyl.com\/palencia\/wp-json\/wp\/v2\/types\/post"}],"author":[{"embeddable":true,"href":"https:\/\/www.asajacyl.com\/palencia\/wp-json\/wp\/v2\/users\/9"}],"replies":[{"embeddable":true,"href":"https:\/\/www.asajacyl.com\/palencia\/wp-json\/wp\/v2\/comments?post=21497"}],"version-history":[{"count":7,"href":"https:\/\/www.asajacyl.com\/palencia\/wp-json\/wp\/v2\/posts\/21497\/revisions"}],"predecessor-version":[{"id":21510,"href":"https:\/\/www.asajacyl.com\/palencia\/wp-json\/wp\/v2\/posts\/21497\/revisions\/21510"}],"wp:featuredmedia":[{"embeddable":true,"href":"https:\/\/www.asajacyl.com\/palencia\/wp-json\/wp\/v2\/media\/21501"}],"wp:attachment":[{"href":"https:\/\/www.asajacyl.com\/palencia\/wp-json\/wp\/v2\/media?parent=21497"}],"wp:term":[{"taxonomy":"category","embeddable":true,"href":"https:\/\/www.asajacyl.com\/palencia\/wp-json\/wp\/v2\/categories?post=21497"},{"taxonomy":"post_tag","embeddable":true,"href":"https:\/\/www.asajacyl.com\/palencia\/wp-json\/wp\/v2\/tags?post=21497"}],"curies":[{"name":"wp","href":"https:\/\/api.w.org\/{rel}","templated":true}]}}