{"id":21514,"date":"2025-11-13T12:02:50","date_gmt":"2025-11-13T11:02:50","guid":{"rendered":"https:\/\/www.asajacyl.com\/palencia\/?p=21514"},"modified":"2025-11-13T12:02:53","modified_gmt":"2025-11-13T11:02:53","slug":"el-ministerio-confina-en-toda-espana-las-aves-de-corral-incluidas-las-de-autoconsumo-por-la-gripe-aviar","status":"publish","type":"post","link":"https:\/\/www.asajacyl.com\/palencia\/asaja-palencia-informa\/el-ministerio-confina-en-toda-espana-las-aves-de-corral-incluidas-las-de-autoconsumo-por-la-gripe-aviar","title":{"rendered":"El Ministerio confina en toda Espa\u00f1a las aves de corral, incluidas las de autoconsumo, por la gripe aviar"},"content":{"rendered":"\n<h2 class=\"wp-block-heading\">El Ministerio de Agricultura, Pesca y Alimentaci\u00f3n ha decretado el confinamiento a partir de este jueves, 13 de noviembre, de todas las aves de corral que se cr\u00edan al aire libre en Espa\u00f1a. Se trata de un refuerzo de las medidas preventivas frente a la influenza aviar ante el aumento del riesgo de expansi\u00f3n de esta enfermedad altamente infecciosa.<\/h2>\n\n\n\n<p>La orden ministerial, publicada en el\u00a0<a href=\"https:\/\/www.boe.es\/boe\/dias\/2025\/11\/13\/pdfs\/BOE-A-2025-22954.pdf\">Bolet\u00edn Oficial del Estado,<\/a>\u00a0extiende a todas las granjas av\u00edcolas, incluidas las explotaciones ecol\u00f3gicas y las de autoconsumo, y las que produzcan carne o huevos para su venta directa al consumidor, la prohibici\u00f3n de que los animales permanezcan al aire libre que ya reg\u00eda desde el lunes para las zonas consideradas de especial riesgo y especial vigilancia (unos mil doscientos municipios).<\/p>\n\n\n\n<p>La medida se toma tras elevarse el riesgo de la entrada de la enfermedad en Espa\u00f1a en la \u00faltima semana. Para evaluar este riesgo se tienen en consideraci\u00f3n factores como el n\u00famero de focos notificados en Europa, los puntos en los que se localizan y los movimientos de aves silvestres desde zonas de riesgo en el continente. <\/p>\n\n\n\n<p>En Espa\u00f1a se ha constatado una abundancia de aves migratorias en zonas de humedales, habitual en esta \u00e9poca del a\u00f1o. Adem\u00e1s, el descenso de temperaturas es un factor que facilita la supervivencia del virus. Las medidas de confinamiento tratan de evitar el contacto de las aves de corral con las migratorias que pueden portar el virus.<\/p>\n\n\n\n<p><strong>LA MITAD DE FOCOS GANADEROS, EN CASTILLA Y LE\u00d3N. <\/strong>Desde julio se han notificado cerca de ciento cuarenta brotes de gripe aviar en granjas av\u00edcolas de Europa. En Espa\u00f1a se han producido catorce focos en explotaciones \u2014la mitad de ellos, en Castilla y Le\u00f3n\u2014, que han obligado al sacrificio de m\u00e1s de dos millones y medio de cabezas en todo el pa\u00eds, donde adem\u00e1s se llevan contabilizados otros cincuenta y tres casos en aves silvestres, y cinco m\u00e1s en cautivas.<\/p>\n\n\n\n<p>La orden incluye adem\u00e1s las siguientes medidas:<\/p>\n\n\n\n<ul>\n<li>Se proh\u00edbe la cr\u00eda de <strong>patos y gansos<\/strong> con otras especies de aves de corral.<\/li>\n<\/ul>\n\n\n\n<ul>\n<li>Se proh\u00edbe dar <strong>agua<\/strong> a las aves de corral procedente de dep\u00f3sitos de a los que puedan acceder aves silvestres, salvo en caso de que sea tratada a fin de garantizar la inactivaci\u00f3n de posibles virus de influenza aviar.<\/li>\n<\/ul>\n\n\n\n<ul>\n<li>Los <strong>dep\u00f3sitos de agua<\/strong> situados en el exterior requeridos por motivos de bienestar animal para determinadas aves de corral quedar\u00e1n protegidos suficientemente contra las aves acu\u00e1ticas silvestres.<\/li>\n<\/ul>\n\n\n\n<ul>\n<li>Se proh\u00edbe la presencia de aves de corral, u otro tipo de aves cautivas, en los <strong>centros de concentraci\u00f3n de animales<\/strong>, incluidos los cert\u00e1menes los cert\u00e1menes ganaderos, muestras, exhibiciones y celebraciones culturales, as\u00ed como <strong>cualquier concentraci\u00f3n de aves<\/strong> de corral u otro tipo de aves cautivas.<\/li>\n<\/ul>\n\n\n\n<ul>\n<li>En los casos en los que no fuera posible el confinamiento de las aves de corral, la autoridad competente de las comunidades aut\u00f3nomas podr\u00e1 autorizar el mantenimiento de la mismas al aire libre mediante la colocaci\u00f3n de <strong>telas pajareras o cualquier otro dispositivo<\/strong> que impida la entrada de aves silvestres. En este caso, las aves tendr\u00e1n que<strong> alimentarse y abrevarse en el interior de las instalaciones<\/strong> o en un refugio que impida la llegada de aves silvestres y evite el contacto de \u00e9stas con los alimentos y el agua destinados a las de corral.<strong>\/<\/strong><\/li>\n<\/ul>\n","protected":false},"excerpt":{"rendered":"<p>El Ministerio de Agricultura, Pesca y Alimentaci\u00f3n ha decretado el confinamiento a partir de este jueves, 13 de noviembre, de todas las aves de corral que se cr\u00edan al aire libre en Espa\u00f1a. Se trata de un refuerzo de las medidas preventivas frente a la influenza aviar ante el aumento del riesgo de expansi\u00f3n de [&hellip;]<\/p>\n","protected":false},"author":9,"featured_media":15675,"comment_status":"open","ping_status":"open","sticky":false,"template":"","format":"standard","meta":{"footnotes":""},"categories":[9,31,28,13],"tags":[195,158,1645,1644,798,77,1253,282,110,1115,123],"yoast_head":"<!-- This site is optimized with the Yoast SEO plugin v24.5 - https:\/\/yoast.com\/wordpress\/plugins\/seo\/ -->\n<title>El Ministerio confina en toda Espa\u00f1a las aves de corral, incluidas las de autoconsumo, por la gripe aviar - ASAJA Palencia<\/title>\n<meta name=\"description\" content=\"El Ministerio de Agricultura, Pesca y Alimentaci\u00f3n ha decretado el confinamiento a partir de este jueves, 13 de noviembre, de todas las aves de corral que\" \/>\n<meta name=\"robots\" content=\"index, follow, max-snippet:-1, max-image-preview:large, max-video-preview:-1\" \/>\n<link rel=\"canonical\" href=\"https:\/\/www.asajacyl.com\/palencia\/asaja-palencia-informa\/el-ministerio-confina-en-toda-espana-las-aves-de-corral-incluidas-las-de-autoconsumo-por-la-gripe-aviar\" \/>\n<meta property=\"og:locale\" content=\"es_ES\" \/>\n<meta property=\"og:type\" content=\"article\" \/>\n<meta property=\"og:title\" content=\"El Ministerio confina en toda Espa\u00f1a las aves de corral, incluidas las de autoconsumo, por la gripe aviar - ASAJA Palencia\" \/>\n<meta property=\"og:description\" content=\"El Ministerio de Agricultura, Pesca y Alimentaci\u00f3n ha decretado el confinamiento a partir de este jueves, 13 de noviembre, de todas las aves de corral que\" \/>\n<meta property=\"og:url\" content=\"https:\/\/www.asajacyl.com\/palencia\/asaja-palencia-informa\/el-ministerio-confina-en-toda-espana-las-aves-de-corral-incluidas-las-de-autoconsumo-por-la-gripe-aviar\" \/>\n<meta property=\"og:site_name\" content=\"ASAJA Palencia\" \/>\n<meta property=\"article:published_time\" content=\"2025-11-13T11:02:50+00:00\" \/>\n<meta property=\"article:modified_time\" content=\"2025-11-13T11:02:53+00:00\" \/>\n<meta property=\"og:image\" content=\"https:\/\/www.asajacyl.com\/palencia\/wp-content\/uploads\/sites\/3\/2024\/03\/Granja-gallinas-puesta-Dehe-1-1024x896.jpg\" \/>\n\t<meta property=\"og:image:width\" content=\"1024\" \/>\n\t<meta property=\"og:image:height\" content=\"896\" \/>\n\t<meta property=\"og:image:type\" content=\"image\/jpeg\" \/>\n<meta name=\"author\" content=\"Administrador\" \/>\n<meta name=\"twitter:card\" content=\"summary_large_image\" \/>\n<meta name=\"twitter:label1\" content=\"Escrito por\" \/>\n\t<meta name=\"twitter:data1\" content=\"Administrador\" \/>\n\t<meta name=\"twitter:label2\" content=\"Tiempo de lectura\" \/>\n\t<meta name=\"twitter:data2\" content=\"3 minutos\" \/>\n<script type=\"application\/ld+json\" class=\"yoast-schema-graph\">{\"@context\":\"https:\/\/schema.org\",\"@graph\":[{\"@type\":\"WebPage\",\"@id\":\"https:\/\/www.asajacyl.com\/palencia\/asaja-palencia-informa\/el-ministerio-confina-en-toda-espana-las-aves-de-corral-incluidas-las-de-autoconsumo-por-la-gripe-aviar\",\"url\":\"https:\/\/www.asajacyl.com\/palencia\/asaja-palencia-informa\/el-ministerio-confina-en-toda-espana-las-aves-de-corral-incluidas-las-de-autoconsumo-por-la-gripe-aviar\",\"name\":\"El Ministerio confina en toda Espa\u00f1a las aves de corral, incluidas las de autoconsumo, por la gripe aviar - ASAJA Palencia\",\"isPartOf\":{\"@id\":\"https:\/\/www.asajacyl.com\/palencia\/#website\"},\"primaryImageOfPage\":{\"@id\":\"https:\/\/www.asajacyl.com\/palencia\/asaja-palencia-informa\/el-ministerio-confina-en-toda-espana-las-aves-de-corral-incluidas-las-de-autoconsumo-por-la-gripe-aviar#primaryimage\"},\"image\":{\"@id\":\"https:\/\/www.asajacyl.com\/palencia\/asaja-palencia-informa\/el-ministerio-confina-en-toda-espana-las-aves-de-corral-incluidas-las-de-autoconsumo-por-la-gripe-aviar#primaryimage\"},\"thumbnailUrl\":\"https:\/\/www.asajacyl.com\/palencia\/wp-content\/uploads\/sites\/3\/2024\/03\/Granja-gallinas-puesta-Dehe-1.jpg\",\"datePublished\":\"2025-11-13T11:02:50+00:00\",\"dateModified\":\"2025-11-13T11:02:53+00:00\",\"author\":{\"@id\":\"https:\/\/www.asajacyl.com\/palencia\/#\/schema\/person\/3ab17aeb03527485c317557fae64aab1\"},\"description\":\"El Ministerio de Agricultura, Pesca y Alimentaci\u00f3n ha decretado el confinamiento a partir de este jueves, 13 de noviembre, de todas las aves de corral que\",\"breadcrumb\":{\"@id\":\"https:\/\/www.asajacyl.com\/palencia\/asaja-palencia-informa\/el-ministerio-confina-en-toda-espana-las-aves-de-corral-incluidas-las-de-autoconsumo-por-la-gripe-aviar#breadcrumb\"},\"inLanguage\":\"es\",\"potentialAction\":[{\"@type\":\"ReadAction\",\"target\":[\"https:\/\/www.asajacyl.com\/palencia\/asaja-palencia-informa\/el-ministerio-confina-en-toda-espana-las-aves-de-corral-incluidas-las-de-autoconsumo-por-la-gripe-aviar\"]}]},{\"@type\":\"ImageObject\",\"inLanguage\":\"es\",\"@id\":\"https:\/\/www.asajacyl.com\/palencia\/asaja-palencia-informa\/el-ministerio-confina-en-toda-espana-las-aves-de-corral-incluidas-las-de-autoconsumo-por-la-gripe-aviar#primaryimage\",\"url\":\"https:\/\/www.asajacyl.com\/palencia\/wp-content\/uploads\/sites\/3\/2024\/03\/Granja-gallinas-puesta-Dehe-1.jpg\",\"contentUrl\":\"https:\/\/www.asajacyl.com\/palencia\/wp-content\/uploads\/sites\/3\/2024\/03\/Granja-gallinas-puesta-Dehe-1.jpg\",\"width\":1890,\"height\":1654},{\"@type\":\"BreadcrumbList\",\"@id\":\"https:\/\/www.asajacyl.com\/palencia\/asaja-palencia-informa\/el-ministerio-confina-en-toda-espana-las-aves-de-corral-incluidas-las-de-autoconsumo-por-la-gripe-aviar#breadcrumb\",\"itemListElement\":[{\"@type\":\"ListItem\",\"position\":1,\"name\":\"Portada\",\"item\":\"https:\/\/www.asajacyl.com\/palencia\/\"},{\"@type\":\"ListItem\",\"position\":2,\"name\":\"El Ministerio confina en toda Espa\u00f1a las aves de corral, incluidas las de autoconsumo, por la gripe aviar\"}]},{\"@type\":\"WebSite\",\"@id\":\"https:\/\/www.asajacyl.com\/palencia\/#website\",\"url\":\"https:\/\/www.asajacyl.com\/palencia\/\",\"name\":\"ASAJA Palencia\",\"description\":\"Otro sitio m\u00e1s de Provincias ASAJA Castilla y Le\u00f3n\",\"potentialAction\":[{\"@type\":\"SearchAction\",\"target\":{\"@type\":\"EntryPoint\",\"urlTemplate\":\"https:\/\/www.asajacyl.com\/palencia\/?s={search_term_string}\"},\"query-input\":{\"@type\":\"PropertyValueSpecification\",\"valueRequired\":true,\"valueName\":\"search_term_string\"}}],\"inLanguage\":\"es\"},{\"@type\":\"Person\",\"@id\":\"https:\/\/www.asajacyl.com\/palencia\/#\/schema\/person\/3ab17aeb03527485c317557fae64aab1\",\"name\":\"Administrador\",\"image\":{\"@type\":\"ImageObject\",\"inLanguage\":\"es\",\"@id\":\"https:\/\/www.asajacyl.com\/palencia\/#\/schema\/person\/image\/\",\"url\":\"https:\/\/secure.gravatar.com\/avatar\/517384810d242ca9e38c180f3c9fb973?s=96&d=mm&r=g\",\"contentUrl\":\"https:\/\/secure.gravatar.com\/avatar\/517384810d242ca9e38c180f3c9fb973?s=96&d=mm&r=g\",\"caption\":\"Administrador\"},\"url\":\"https:\/\/www.asajacyl.com\/palencia\/author\/carlosrm\"}]}<\/script>\n<!-- \/ Yoast SEO plugin. -->","yoast_head_json":{"title":"El Ministerio confina en toda Espa\u00f1a las aves de corral, incluidas las de autoconsumo, por la gripe aviar - ASAJA Palencia","description":"El Ministerio de Agricultura, Pesca y Alimentaci\u00f3n ha decretado el confinamiento a partir de este jueves, 13 de noviembre, de todas las aves de corral que","robots":{"index":"index","follow":"follow","max-snippet":"max-snippet:-1","max-image-preview":"max-image-preview:large","max-video-preview":"max-video-preview:-1"},"canonical":"https:\/\/www.asajacyl.com\/palencia\/asaja-palencia-informa\/el-ministerio-confina-en-toda-espana-las-aves-de-corral-incluidas-las-de-autoconsumo-por-la-gripe-aviar","og_locale":"es_ES","og_type":"article","og_title":"El Ministerio confina en toda Espa\u00f1a las aves de corral, incluidas las de autoconsumo, por la gripe aviar - ASAJA Palencia","og_description":"El Ministerio de Agricultura, Pesca y Alimentaci\u00f3n ha decretado el confinamiento a partir de este jueves, 13 de noviembre, de todas las aves de corral que","og_url":"https:\/\/www.asajacyl.com\/palencia\/asaja-palencia-informa\/el-ministerio-confina-en-toda-espana-las-aves-de-corral-incluidas-las-de-autoconsumo-por-la-gripe-aviar","og_site_name":"ASAJA Palencia","article_published_time":"2025-11-13T11:02:50+00:00","article_modified_time":"2025-11-13T11:02:53+00:00","og_image":[{"width":1024,"height":896,"url":"https:\/\/www.asajacyl.com\/palencia\/wp-content\/uploads\/sites\/3\/2024\/03\/Granja-gallinas-puesta-Dehe-1-1024x896.jpg","type":"image\/jpeg"}],"author":"Administrador","twitter_card":"summary_large_image","twitter_misc":{"Escrito por":"Administrador","Tiempo de lectura":"3 minutos"},"schema":{"@context":"https:\/\/schema.org","@graph":[{"@type":"WebPage","@id":"https:\/\/www.asajacyl.com\/palencia\/asaja-palencia-informa\/el-ministerio-confina-en-toda-espana-las-aves-de-corral-incluidas-las-de-autoconsumo-por-la-gripe-aviar","url":"https:\/\/www.asajacyl.com\/palencia\/asaja-palencia-informa\/el-ministerio-confina-en-toda-espana-las-aves-de-corral-incluidas-las-de-autoconsumo-por-la-gripe-aviar","name":"El Ministerio confina en toda Espa\u00f1a las aves de corral, incluidas las de autoconsumo, por la gripe aviar - ASAJA Palencia","isPartOf":{"@id":"https:\/\/www.asajacyl.com\/palencia\/#website"},"primaryImageOfPage":{"@id":"https:\/\/www.asajacyl.com\/palencia\/asaja-palencia-informa\/el-ministerio-confina-en-toda-espana-las-aves-de-corral-incluidas-las-de-autoconsumo-por-la-gripe-aviar#primaryimage"},"image":{"@id":"https:\/\/www.asajacyl.com\/palencia\/asaja-palencia-informa\/el-ministerio-confina-en-toda-espana-las-aves-de-corral-incluidas-las-de-autoconsumo-por-la-gripe-aviar#primaryimage"},"thumbnailUrl":"https:\/\/www.asajacyl.com\/palencia\/wp-content\/uploads\/sites\/3\/2024\/03\/Granja-gallinas-puesta-Dehe-1.jpg","datePublished":"2025-11-13T11:02:50+00:00","dateModified":"2025-11-13T11:02:53+00:00","author":{"@id":"https:\/\/www.asajacyl.com\/palencia\/#\/schema\/person\/3ab17aeb03527485c317557fae64aab1"},"description":"El Ministerio de Agricultura, Pesca y Alimentaci\u00f3n ha decretado el confinamiento a partir de este jueves, 13 de noviembre, de todas las aves de corral que","breadcrumb":{"@id":"https:\/\/www.asajacyl.com\/palencia\/asaja-palencia-informa\/el-ministerio-confina-en-toda-espana-las-aves-de-corral-incluidas-las-de-autoconsumo-por-la-gripe-aviar#breadcrumb"},"inLanguage":"es","potentialAction":[{"@type":"ReadAction","target":["https:\/\/www.asajacyl.com\/palencia\/asaja-palencia-informa\/el-ministerio-confina-en-toda-espana-las-aves-de-corral-incluidas-las-de-autoconsumo-por-la-gripe-aviar"]}]},{"@type":"ImageObject","inLanguage":"es","@id":"https:\/\/www.asajacyl.com\/palencia\/asaja-palencia-informa\/el-ministerio-confina-en-toda-espana-las-aves-de-corral-incluidas-las-de-autoconsumo-por-la-gripe-aviar#primaryimage","url":"https:\/\/www.asajacyl.com\/palencia\/wp-content\/uploads\/sites\/3\/2024\/03\/Granja-gallinas-puesta-Dehe-1.jpg","contentUrl":"https:\/\/www.asajacyl.com\/palencia\/wp-content\/uploads\/sites\/3\/2024\/03\/Granja-gallinas-puesta-Dehe-1.jpg","width":1890,"height":1654},{"@type":"BreadcrumbList","@id":"https:\/\/www.asajacyl.com\/palencia\/asaja-palencia-informa\/el-ministerio-confina-en-toda-espana-las-aves-de-corral-incluidas-las-de-autoconsumo-por-la-gripe-aviar#breadcrumb","itemListElement":[{"@type":"ListItem","position":1,"name":"Portada","item":"https:\/\/www.asajacyl.com\/palencia\/"},{"@type":"ListItem","position":2,"name":"El Ministerio confina en toda Espa\u00f1a las aves de corral, incluidas las de autoconsumo, por la gripe aviar"}]},{"@type":"WebSite","@id":"https:\/\/www.asajacyl.com\/palencia\/#website","url":"https:\/\/www.asajacyl.com\/palencia\/","name":"ASAJA Palencia","description":"Otro sitio m\u00e1s de Provincias ASAJA Castilla y Le\u00f3n","potentialAction":[{"@type":"SearchAction","target":{"@type":"EntryPoint","urlTemplate":"https:\/\/www.asajacyl.com\/palencia\/?s={search_term_string}"},"query-input":{"@type":"PropertyValueSpecification","valueRequired":true,"valueName":"search_term_string"}}],"inLanguage":"es"},{"@type":"Person","@id":"https:\/\/www.asajacyl.com\/palencia\/#\/schema\/person\/3ab17aeb03527485c317557fae64aab1","name":"Administrador","image":{"@type":"ImageObject","inLanguage":"es","@id":"https:\/\/www.asajacyl.com\/palencia\/#\/schema\/person\/image\/","url":"https:\/\/secure.gravatar.com\/avatar\/517384810d242ca9e38c180f3c9fb973?s=96&d=mm&r=g","contentUrl":"https:\/\/secure.gravatar.com\/avatar\/517384810d242ca9e38c180f3c9fb973?s=96&d=mm&r=g","caption":"Administrador"},"url":"https:\/\/www.asajacyl.com\/palencia\/author\/carlosrm"}]}},"_links":{"self":[{"href":"https:\/\/www.asajacyl.com\/palencia\/wp-json\/wp\/v2\/posts\/21514"}],"collection":[{"href":"https:\/\/www.asajacyl.com\/palencia\/wp-json\/wp\/v2\/posts"}],"about":[{"href":"https:\/\/www.asajacyl.com\/palencia\/wp-json\/wp\/v2\/types\/post"}],"author":[{"embeddable":true,"href":"https:\/\/www.asajacyl.com\/palencia\/wp-json\/wp\/v2\/users\/9"}],"replies":[{"embeddable":true,"href":"https:\/\/www.asajacyl.com\/palencia\/wp-json\/wp\/v2\/comments?post=21514"}],"version-history":[{"count":4,"href":"https:\/\/www.asajacyl.com\/palencia\/wp-json\/wp\/v2\/posts\/21514\/revisions"}],"predecessor-version":[{"id":21518,"href":"https:\/\/www.asajacyl.com\/palencia\/wp-json\/wp\/v2\/posts\/21514\/revisions\/21518"}],"wp:featuredmedia":[{"embeddable":true,"href":"https:\/\/www.asajacyl.com\/palencia\/wp-json\/wp\/v2\/media\/15675"}],"wp:attachment":[{"href":"https:\/\/www.asajacyl.com\/palencia\/wp-json\/wp\/v2\/media?parent=21514"}],"wp:term":[{"taxonomy":"category","embeddable":true,"href":"https:\/\/www.asajacyl.com\/palencia\/wp-json\/wp\/v2\/categories?post=21514"},{"taxonomy":"post_tag","embeddable":true,"href":"https:\/\/www.asajacyl.com\/palencia\/wp-json\/wp\/v2\/tags?post=21514"}],"curies":[{"name":"wp","href":"https:\/\/api.w.org\/{rel}","templated":true}]}}