{"id":21519,"date":"2025-11-14T08:57:16","date_gmt":"2025-11-14T07:57:16","guid":{"rendered":"https:\/\/www.asajacyl.com\/palencia\/?p=21519"},"modified":"2025-11-15T12:04:52","modified_gmt":"2025-11-15T11:04:52","slug":"se-amplia-al-13-de-diciembre-el-plazo-de-la-ayuda-por-invertir-en-infraestructuras-de-ganaderia-extensiva","status":"publish","type":"post","link":"https:\/\/www.asajacyl.com\/palencia\/asaja-palencia-informa\/se-amplia-al-13-de-diciembre-el-plazo-de-la-ayuda-por-invertir-en-infraestructuras-de-ganaderia-extensiva","title":{"rendered":"Se ampl\u00eda al 12 de diciembre el plazo de la ayuda por invertir en infraestructuras de ganader\u00eda extensiva"},"content":{"rendered":"\n<h2 class=\"wp-block-heading\">La Consejer\u00eda de Agricultura, Ganader\u00eda y Desarrollo Rural ha informado que ampl\u00eda hasta el viernes 12 de diciembre del plazo de solicitud de las ayudas a los ganaderos de extensivo de Castilla y Le\u00f3n por inversiones en infraestructuras dentro de sus explotaciones que contribuyan a mejorar el estatus sanitario de la caba\u00f1a ganadera y potencien el aprovechamiento de los pastos. Hasta ahora, estas ayudas que gestiona la Junta de Castilla y Le\u00f3n se dirig\u00edan \u00fanicamente a las entidades p\u00fablicas locales, pero la administraci\u00f3n auton\u00f3mica ha atendido por fin la petici\u00f3n de ASAJA para que se diera opci\u00f3n tambi\u00e9n a los ganaderos.<\/h2>\n\n\n\n<p>Pueden optar a estas ayudas, cofinanciadas por el Fondo Europeo Agrario de Desarrollo Rural (FEADER) y el Ministerio de Agricultura, Pesca y Alimentaci\u00f3n (MAPA), personas f\u00edsicas, titularidades compartidas, comunidades de bienes, sociedades civiles y personas jur\u00eddicas titulares de una explotaci\u00f3n ganadera extensiva o propietarios de los terrenos donde se ubica una explotaci\u00f3n ganadera extensiva, en el \u00e1mbito territorial de Castilla y Le\u00f3n, siempre que cumplan con los programas nacionales de erradicaci\u00f3n de enfermedades.<\/p>\n\n\n\n<p>Puede consultarse m\u00e1s informaci\u00f3n en este enlace a nuestra informaci\u00f3n en la web cuando se anunci\u00f3 la convocatoria.<\/p>\n\n\n\n<figure class=\"wp-block-embed aligncenter is-type-wp-embed is-provider-asaja-palencia wp-block-embed-asaja-palencia\"><div class=\"wp-block-embed__wrapper\">\n<blockquote class=\"wp-embedded-content\" data-secret=\"bR9qVxSgtR\"><a href=\"https:\/\/www.asajacyl.com\/palencia\/asaja-palencia-informa\/los-ganaderos-en-extensivo-de-castilla-y-leon-pueden-optar-ya-a-ayudas-para-invertir-en-sus-infraestructuras\">Los ganaderos en extensivo de Castilla y Le\u00f3n pueden optar ya a ayudas para invertir en sus infraestructuras<\/a><\/blockquote><iframe class=\"wp-embedded-content\" sandbox=\"allow-scripts\" security=\"restricted\" style=\"position: absolute; clip: rect(1px, 1px, 1px, 1px);\" title=\"\u00abLos ganaderos en extensivo de Castilla y Le\u00f3n pueden optar ya a ayudas para invertir en sus infraestructuras\u00bb \u2014 ASAJA Palencia\" src=\"https:\/\/www.asajacyl.com\/palencia\/asaja-palencia-informa\/los-ganaderos-en-extensivo-de-castilla-y-leon-pueden-optar-ya-a-ayudas-para-invertir-en-sus-infraestructuras\/embed#?secret=DsHcykwtjh#?secret=bR9qVxSgtR\" data-secret=\"bR9qVxSgtR\" width=\"600\" height=\"338\" frameborder=\"0\" marginwidth=\"0\" marginheight=\"0\" scrolling=\"no\"><\/iframe>\n<\/div><\/figure>\n","protected":false},"excerpt":{"rendered":"<p>La Consejer\u00eda de Agricultura, Ganader\u00eda y Desarrollo Rural ha informado que ampl\u00eda hasta el viernes 12 de diciembre del plazo de solicitud de las ayudas a los ganaderos de extensivo de Castilla y Le\u00f3n por inversiones en infraestructuras dentro de sus explotaciones que contribuyan a mejorar el estatus sanitario de la caba\u00f1a ganadera y potencien [&hellip;]<\/p>\n","protected":false},"author":9,"featured_media":11557,"comment_status":"open","ping_status":"open","sticky":false,"template":"","format":"standard","meta":{"footnotes":""},"categories":[9,31,38,29,28,35,13],"tags":[59,142,351,77,474,1485,66,110,98,365],"yoast_head":"<!-- This site is optimized with the Yoast SEO plugin v24.5 - https:\/\/yoast.com\/wordpress\/plugins\/seo\/ -->\n<title>Se ampl\u00eda al 12 de diciembre el plazo de la ayuda por invertir en infraestructuras de ganader\u00eda extensiva - ASAJA Palencia<\/title>\n<meta name=\"description\" content=\"La Consejer\u00eda de Agricultura, Ganader\u00eda y Desarrollo Rural ha informado que ampl\u00eda hasta el viernes 12 de diciembre del plazo de solicitud de las ayudas a\" \/>\n<meta name=\"robots\" content=\"index, follow, max-snippet:-1, max-image-preview:large, max-video-preview:-1\" \/>\n<link rel=\"canonical\" href=\"https:\/\/www.asajacyl.com\/palencia\/asaja-palencia-informa\/se-amplia-al-13-de-diciembre-el-plazo-de-la-ayuda-por-invertir-en-infraestructuras-de-ganaderia-extensiva\" \/>\n<meta property=\"og:locale\" content=\"es_ES\" \/>\n<meta property=\"og:type\" content=\"article\" \/>\n<meta property=\"og:title\" content=\"Se ampl\u00eda al 12 de diciembre el plazo de la ayuda por invertir en infraestructuras de ganader\u00eda extensiva - ASAJA Palencia\" \/>\n<meta property=\"og:description\" content=\"La Consejer\u00eda de Agricultura, Ganader\u00eda y Desarrollo Rural ha informado que ampl\u00eda hasta el viernes 12 de diciembre del plazo de solicitud de las ayudas a\" \/>\n<meta property=\"og:url\" content=\"https:\/\/www.asajacyl.com\/palencia\/asaja-palencia-informa\/se-amplia-al-13-de-diciembre-el-plazo-de-la-ayuda-por-invertir-en-infraestructuras-de-ganaderia-extensiva\" \/>\n<meta property=\"og:site_name\" content=\"ASAJA Palencia\" \/>\n<meta property=\"article:published_time\" content=\"2025-11-14T07:57:16+00:00\" \/>\n<meta property=\"article:modified_time\" content=\"2025-11-15T11:04:52+00:00\" \/>\n<meta property=\"og:image\" content=\"https:\/\/www.asajacyl.com\/palencia\/wp-content\/uploads\/sites\/3\/2022\/10\/PASTO-MONTE-VACAS-2.jpg\" \/>\n\t<meta property=\"og:image:width\" content=\"2500\" \/>\n\t<meta property=\"og:image:height\" content=\"1840\" \/>\n\t<meta property=\"og:image:type\" content=\"image\/jpeg\" \/>\n<meta name=\"author\" content=\"Administrador\" \/>\n<meta name=\"twitter:card\" content=\"summary_large_image\" \/>\n<meta name=\"twitter:label1\" content=\"Escrito por\" \/>\n\t<meta name=\"twitter:data1\" content=\"Administrador\" \/>\n\t<meta name=\"twitter:label2\" content=\"Tiempo de lectura\" \/>\n\t<meta name=\"twitter:data2\" content=\"2 minutos\" \/>\n<script type=\"application\/ld+json\" class=\"yoast-schema-graph\">{\"@context\":\"https:\/\/schema.org\",\"@graph\":[{\"@type\":\"WebPage\",\"@id\":\"https:\/\/www.asajacyl.com\/palencia\/asaja-palencia-informa\/se-amplia-al-13-de-diciembre-el-plazo-de-la-ayuda-por-invertir-en-infraestructuras-de-ganaderia-extensiva\",\"url\":\"https:\/\/www.asajacyl.com\/palencia\/asaja-palencia-informa\/se-amplia-al-13-de-diciembre-el-plazo-de-la-ayuda-por-invertir-en-infraestructuras-de-ganaderia-extensiva\",\"name\":\"Se ampl\u00eda al 12 de diciembre el plazo de la ayuda por invertir en infraestructuras de ganader\u00eda extensiva - ASAJA Palencia\",\"isPartOf\":{\"@id\":\"https:\/\/www.asajacyl.com\/palencia\/#website\"},\"primaryImageOfPage\":{\"@id\":\"https:\/\/www.asajacyl.com\/palencia\/asaja-palencia-informa\/se-amplia-al-13-de-diciembre-el-plazo-de-la-ayuda-por-invertir-en-infraestructuras-de-ganaderia-extensiva#primaryimage\"},\"image\":{\"@id\":\"https:\/\/www.asajacyl.com\/palencia\/asaja-palencia-informa\/se-amplia-al-13-de-diciembre-el-plazo-de-la-ayuda-por-invertir-en-infraestructuras-de-ganaderia-extensiva#primaryimage\"},\"thumbnailUrl\":\"https:\/\/www.asajacyl.com\/palencia\/wp-content\/uploads\/sites\/3\/2022\/10\/PASTO-MONTE-VACAS-2.jpg\",\"datePublished\":\"2025-11-14T07:57:16+00:00\",\"dateModified\":\"2025-11-15T11:04:52+00:00\",\"author\":{\"@id\":\"https:\/\/www.asajacyl.com\/palencia\/#\/schema\/person\/3ab17aeb03527485c317557fae64aab1\"},\"description\":\"La Consejer\u00eda de Agricultura, Ganader\u00eda y Desarrollo Rural ha informado que ampl\u00eda hasta el viernes 12 de diciembre del plazo de solicitud de las ayudas a\",\"breadcrumb\":{\"@id\":\"https:\/\/www.asajacyl.com\/palencia\/asaja-palencia-informa\/se-amplia-al-13-de-diciembre-el-plazo-de-la-ayuda-por-invertir-en-infraestructuras-de-ganaderia-extensiva#breadcrumb\"},\"inLanguage\":\"es\",\"potentialAction\":[{\"@type\":\"ReadAction\",\"target\":[\"https:\/\/www.asajacyl.com\/palencia\/asaja-palencia-informa\/se-amplia-al-13-de-diciembre-el-plazo-de-la-ayuda-por-invertir-en-infraestructuras-de-ganaderia-extensiva\"]}]},{\"@type\":\"ImageObject\",\"inLanguage\":\"es\",\"@id\":\"https:\/\/www.asajacyl.com\/palencia\/asaja-palencia-informa\/se-amplia-al-13-de-diciembre-el-plazo-de-la-ayuda-por-invertir-en-infraestructuras-de-ganaderia-extensiva#primaryimage\",\"url\":\"https:\/\/www.asajacyl.com\/palencia\/wp-content\/uploads\/sites\/3\/2022\/10\/PASTO-MONTE-VACAS-2.jpg\",\"contentUrl\":\"https:\/\/www.asajacyl.com\/palencia\/wp-content\/uploads\/sites\/3\/2022\/10\/PASTO-MONTE-VACAS-2.jpg\",\"width\":2500,\"height\":1840},{\"@type\":\"BreadcrumbList\",\"@id\":\"https:\/\/www.asajacyl.com\/palencia\/asaja-palencia-informa\/se-amplia-al-13-de-diciembre-el-plazo-de-la-ayuda-por-invertir-en-infraestructuras-de-ganaderia-extensiva#breadcrumb\",\"itemListElement\":[{\"@type\":\"ListItem\",\"position\":1,\"name\":\"Portada\",\"item\":\"https:\/\/www.asajacyl.com\/palencia\/\"},{\"@type\":\"ListItem\",\"position\":2,\"name\":\"Se ampl\u00eda al 12 de diciembre el plazo de la ayuda por invertir en infraestructuras de ganader\u00eda extensiva\"}]},{\"@type\":\"WebSite\",\"@id\":\"https:\/\/www.asajacyl.com\/palencia\/#website\",\"url\":\"https:\/\/www.asajacyl.com\/palencia\/\",\"name\":\"ASAJA Palencia\",\"description\":\"Otro sitio m\u00e1s de Provincias ASAJA Castilla y Le\u00f3n\",\"potentialAction\":[{\"@type\":\"SearchAction\",\"target\":{\"@type\":\"EntryPoint\",\"urlTemplate\":\"https:\/\/www.asajacyl.com\/palencia\/?s={search_term_string}\"},\"query-input\":{\"@type\":\"PropertyValueSpecification\",\"valueRequired\":true,\"valueName\":\"search_term_string\"}}],\"inLanguage\":\"es\"},{\"@type\":\"Person\",\"@id\":\"https:\/\/www.asajacyl.com\/palencia\/#\/schema\/person\/3ab17aeb03527485c317557fae64aab1\",\"name\":\"Administrador\",\"image\":{\"@type\":\"ImageObject\",\"inLanguage\":\"es\",\"@id\":\"https:\/\/www.asajacyl.com\/palencia\/#\/schema\/person\/image\/\",\"url\":\"https:\/\/secure.gravatar.com\/avatar\/517384810d242ca9e38c180f3c9fb973?s=96&d=mm&r=g\",\"contentUrl\":\"https:\/\/secure.gravatar.com\/avatar\/517384810d242ca9e38c180f3c9fb973?s=96&d=mm&r=g\",\"caption\":\"Administrador\"},\"url\":\"https:\/\/www.asajacyl.com\/palencia\/author\/carlosrm\"}]}<\/script>\n<!-- \/ Yoast SEO plugin. -->","yoast_head_json":{"title":"Se ampl\u00eda al 12 de diciembre el plazo de la ayuda por invertir en infraestructuras de ganader\u00eda extensiva - ASAJA Palencia","description":"La Consejer\u00eda de Agricultura, Ganader\u00eda y Desarrollo Rural ha informado que ampl\u00eda hasta el viernes 12 de diciembre del plazo de solicitud de las ayudas a","robots":{"index":"index","follow":"follow","max-snippet":"max-snippet:-1","max-image-preview":"max-image-preview:large","max-video-preview":"max-video-preview:-1"},"canonical":"https:\/\/www.asajacyl.com\/palencia\/asaja-palencia-informa\/se-amplia-al-13-de-diciembre-el-plazo-de-la-ayuda-por-invertir-en-infraestructuras-de-ganaderia-extensiva","og_locale":"es_ES","og_type":"article","og_title":"Se ampl\u00eda al 12 de diciembre el plazo de la ayuda por invertir en infraestructuras de ganader\u00eda extensiva - ASAJA Palencia","og_description":"La Consejer\u00eda de Agricultura, Ganader\u00eda y Desarrollo Rural ha informado que ampl\u00eda hasta el viernes 12 de diciembre del plazo de solicitud de las ayudas a","og_url":"https:\/\/www.asajacyl.com\/palencia\/asaja-palencia-informa\/se-amplia-al-13-de-diciembre-el-plazo-de-la-ayuda-por-invertir-en-infraestructuras-de-ganaderia-extensiva","og_site_name":"ASAJA Palencia","article_published_time":"2025-11-14T07:57:16+00:00","article_modified_time":"2025-11-15T11:04:52+00:00","og_image":[{"width":2500,"height":1840,"url":"https:\/\/www.asajacyl.com\/palencia\/wp-content\/uploads\/sites\/3\/2022\/10\/PASTO-MONTE-VACAS-2.jpg","type":"image\/jpeg"}],"author":"Administrador","twitter_card":"summary_large_image","twitter_misc":{"Escrito por":"Administrador","Tiempo de lectura":"2 minutos"},"schema":{"@context":"https:\/\/schema.org","@graph":[{"@type":"WebPage","@id":"https:\/\/www.asajacyl.com\/palencia\/asaja-palencia-informa\/se-amplia-al-13-de-diciembre-el-plazo-de-la-ayuda-por-invertir-en-infraestructuras-de-ganaderia-extensiva","url":"https:\/\/www.asajacyl.com\/palencia\/asaja-palencia-informa\/se-amplia-al-13-de-diciembre-el-plazo-de-la-ayuda-por-invertir-en-infraestructuras-de-ganaderia-extensiva","name":"Se ampl\u00eda al 12 de diciembre el plazo de la ayuda por invertir en infraestructuras de ganader\u00eda extensiva - ASAJA Palencia","isPartOf":{"@id":"https:\/\/www.asajacyl.com\/palencia\/#website"},"primaryImageOfPage":{"@id":"https:\/\/www.asajacyl.com\/palencia\/asaja-palencia-informa\/se-amplia-al-13-de-diciembre-el-plazo-de-la-ayuda-por-invertir-en-infraestructuras-de-ganaderia-extensiva#primaryimage"},"image":{"@id":"https:\/\/www.asajacyl.com\/palencia\/asaja-palencia-informa\/se-amplia-al-13-de-diciembre-el-plazo-de-la-ayuda-por-invertir-en-infraestructuras-de-ganaderia-extensiva#primaryimage"},"thumbnailUrl":"https:\/\/www.asajacyl.com\/palencia\/wp-content\/uploads\/sites\/3\/2022\/10\/PASTO-MONTE-VACAS-2.jpg","datePublished":"2025-11-14T07:57:16+00:00","dateModified":"2025-11-15T11:04:52+00:00","author":{"@id":"https:\/\/www.asajacyl.com\/palencia\/#\/schema\/person\/3ab17aeb03527485c317557fae64aab1"},"description":"La Consejer\u00eda de Agricultura, Ganader\u00eda y Desarrollo Rural ha informado que ampl\u00eda hasta el viernes 12 de diciembre del plazo de solicitud de las ayudas a","breadcrumb":{"@id":"https:\/\/www.asajacyl.com\/palencia\/asaja-palencia-informa\/se-amplia-al-13-de-diciembre-el-plazo-de-la-ayuda-por-invertir-en-infraestructuras-de-ganaderia-extensiva#breadcrumb"},"inLanguage":"es","potentialAction":[{"@type":"ReadAction","target":["https:\/\/www.asajacyl.com\/palencia\/asaja-palencia-informa\/se-amplia-al-13-de-diciembre-el-plazo-de-la-ayuda-por-invertir-en-infraestructuras-de-ganaderia-extensiva"]}]},{"@type":"ImageObject","inLanguage":"es","@id":"https:\/\/www.asajacyl.com\/palencia\/asaja-palencia-informa\/se-amplia-al-13-de-diciembre-el-plazo-de-la-ayuda-por-invertir-en-infraestructuras-de-ganaderia-extensiva#primaryimage","url":"https:\/\/www.asajacyl.com\/palencia\/wp-content\/uploads\/sites\/3\/2022\/10\/PASTO-MONTE-VACAS-2.jpg","contentUrl":"https:\/\/www.asajacyl.com\/palencia\/wp-content\/uploads\/sites\/3\/2022\/10\/PASTO-MONTE-VACAS-2.jpg","width":2500,"height":1840},{"@type":"BreadcrumbList","@id":"https:\/\/www.asajacyl.com\/palencia\/asaja-palencia-informa\/se-amplia-al-13-de-diciembre-el-plazo-de-la-ayuda-por-invertir-en-infraestructuras-de-ganaderia-extensiva#breadcrumb","itemListElement":[{"@type":"ListItem","position":1,"name":"Portada","item":"https:\/\/www.asajacyl.com\/palencia\/"},{"@type":"ListItem","position":2,"name":"Se ampl\u00eda al 12 de diciembre el plazo de la ayuda por invertir en infraestructuras de ganader\u00eda extensiva"}]},{"@type":"WebSite","@id":"https:\/\/www.asajacyl.com\/palencia\/#website","url":"https:\/\/www.asajacyl.com\/palencia\/","name":"ASAJA Palencia","description":"Otro sitio m\u00e1s de Provincias ASAJA Castilla y Le\u00f3n","potentialAction":[{"@type":"SearchAction","target":{"@type":"EntryPoint","urlTemplate":"https:\/\/www.asajacyl.com\/palencia\/?s={search_term_string}"},"query-input":{"@type":"PropertyValueSpecification","valueRequired":true,"valueName":"search_term_string"}}],"inLanguage":"es"},{"@type":"Person","@id":"https:\/\/www.asajacyl.com\/palencia\/#\/schema\/person\/3ab17aeb03527485c317557fae64aab1","name":"Administrador","image":{"@type":"ImageObject","inLanguage":"es","@id":"https:\/\/www.asajacyl.com\/palencia\/#\/schema\/person\/image\/","url":"https:\/\/secure.gravatar.com\/avatar\/517384810d242ca9e38c180f3c9fb973?s=96&d=mm&r=g","contentUrl":"https:\/\/secure.gravatar.com\/avatar\/517384810d242ca9e38c180f3c9fb973?s=96&d=mm&r=g","caption":"Administrador"},"url":"https:\/\/www.asajacyl.com\/palencia\/author\/carlosrm"}]}},"_links":{"self":[{"href":"https:\/\/www.asajacyl.com\/palencia\/wp-json\/wp\/v2\/posts\/21519"}],"collection":[{"href":"https:\/\/www.asajacyl.com\/palencia\/wp-json\/wp\/v2\/posts"}],"about":[{"href":"https:\/\/www.asajacyl.com\/palencia\/wp-json\/wp\/v2\/types\/post"}],"author":[{"embeddable":true,"href":"https:\/\/www.asajacyl.com\/palencia\/wp-json\/wp\/v2\/users\/9"}],"replies":[{"embeddable":true,"href":"https:\/\/www.asajacyl.com\/palencia\/wp-json\/wp\/v2\/comments?post=21519"}],"version-history":[{"count":3,"href":"https:\/\/www.asajacyl.com\/palencia\/wp-json\/wp\/v2\/posts\/21519\/revisions"}],"predecessor-version":[{"id":21549,"href":"https:\/\/www.asajacyl.com\/palencia\/wp-json\/wp\/v2\/posts\/21519\/revisions\/21549"}],"wp:featuredmedia":[{"embeddable":true,"href":"https:\/\/www.asajacyl.com\/palencia\/wp-json\/wp\/v2\/media\/11557"}],"wp:attachment":[{"href":"https:\/\/www.asajacyl.com\/palencia\/wp-json\/wp\/v2\/media?parent=21519"}],"wp:term":[{"taxonomy":"category","embeddable":true,"href":"https:\/\/www.asajacyl.com\/palencia\/wp-json\/wp\/v2\/categories?post=21519"},{"taxonomy":"post_tag","embeddable":true,"href":"https:\/\/www.asajacyl.com\/palencia\/wp-json\/wp\/v2\/tags?post=21519"}],"curies":[{"name":"wp","href":"https:\/\/api.w.org\/{rel}","templated":true}]}}