{"id":21553,"date":"2025-11-18T09:54:18","date_gmt":"2025-11-18T08:54:18","guid":{"rendered":"https:\/\/www.asajacyl.com\/palencia\/?p=21553"},"modified":"2025-11-18T09:54:21","modified_gmt":"2025-11-18T08:54:21","slug":"el-temor-a-la-dermatosis-nodular-bovina-amaina-y-se-reactiva-la-cotizacion-de-los-terneros-para-vida","status":"publish","type":"post","link":"https:\/\/www.asajacyl.com\/palencia\/asaja-palencia-informa\/el-temor-a-la-dermatosis-nodular-bovina-amaina-y-se-reactiva-la-cotizacion-de-los-terneros-para-vida","title":{"rendered":"El temor a la dermatosis nodular bovina amaina y se reactiva la cotizaci\u00f3n de los terneros para vida"},"content":{"rendered":"\n<h2 class=\"wp-block-heading\">La Lonja de Salamanca ha registrado esta semana los primeros s\u00edntomas de que amaina el temor a la dermatosis nodular contagiosa (DNC) del  bovino. Las cotizaciones de la mesa para carne no se han movido, pero s\u00ed se han reactivado los precios de los terneros para vida, que han subido dos centimos por kilogramos en las categor\u00edas extra y primera.<\/h2>\n\n\n\n<p>La escasa oferta de animales en el campo explica esa leve subida de animales para cr\u00eda, tanto machos como hembras, junto a la localizaci\u00f3n de los focos de la dermatosis nodular en la provincia de Gerona, que ha atenuado el miedo a una extensi\u00f3n de la enfermedad. <\/p>\n\n\n\n<p>Se pone fin a mes y medio de estabilizaci\u00f3n de la tablilla de la mesa del bovino de vida en la lonja salmantina, donde este lunes s\u00ed volvieron a repetir las cotizaciones de todas las categor\u00edas para sacrificio, que contin\u00faan con las cifras de la primera semana de octubre. <\/p>\n\n\n\n<p>Dado que la incertidumbre del sector parece superarse, durante el debate volvi\u00f3 a plantearse la necesidad de actualizar los precios, que siguen desfasados con respecto a las operaciones reales de mercado, como vienen denunciando nuestros productores.<\/p>\n\n\n\n<p><strong>OVINO Y CEREAL. <\/strong>Por lo que respecta al ovino, en Salamanca repitieron los lechazos, aun cuando se aprecia ya una subida de la demanda cara a la campa\u00f1a navide\u00f1a, mientras subieron quince c\u00e9ntimos por kilo los corderos m\u00e1s peque\u00f1os (15-19 kilos) y veinticinco c\u00e9ntimos por kilo los de m\u00e1s tama\u00f1o (19-34 kilos). Los superiores a ese peso repitieron.<\/p>\n\n\n\n<p>La mesa de cereal reflej\u00f3 discrepancia entre los almacenistas, que abogaron por repetir, y nuestros agricultores, que pidieron subidas en todas las categor\u00edas y, sobre todo, la de cebada, por la mayor demanda. <\/p>\n\n\n\n<p>Al final, la presidencia marc\u00f3 un euro m\u00e1s en la tonelada de cebada, avena y centeno. Veremos qu\u00e9 sucede este mi\u00e9rcoles en la Lonja de Le\u00f3n, tras el primer informe del Departamento de Agricultura de Estados Unidos (USDA) una vez reabierta la administraci\u00f3n federal norteamericana.<\/p>\n\n\n\n<figure class=\"wp-block-image size-large is-resized\"><img loading=\"lazy\" decoding=\"async\" width=\"1024\" height=\"768\" src=\"https:\/\/www.asajacyl.com\/palencia\/wp-content\/uploads\/sites\/3\/2025\/11\/Precios-ganaderia-17nov2025-1024x768.png\" alt=\"\" class=\"wp-image-21554\" style=\"width:1064px;height:auto\" srcset=\"https:\/\/www.asajacyl.com\/palencia\/wp-content\/uploads\/sites\/3\/2025\/11\/Precios-ganaderia-17nov2025-1024x768.png 1024w, https:\/\/www.asajacyl.com\/palencia\/wp-content\/uploads\/sites\/3\/2025\/11\/Precios-ganaderia-17nov2025-300x225.png 300w, https:\/\/www.asajacyl.com\/palencia\/wp-content\/uploads\/sites\/3\/2025\/11\/Precios-ganaderia-17nov2025-768x576.png 768w, https:\/\/www.asajacyl.com\/palencia\/wp-content\/uploads\/sites\/3\/2025\/11\/Precios-ganaderia-17nov2025-1536x1152.png 1536w, https:\/\/www.asajacyl.com\/palencia\/wp-content\/uploads\/sites\/3\/2025\/11\/Precios-ganaderia-17nov2025-2048x1536.png 2048w, https:\/\/www.asajacyl.com\/palencia\/wp-content\/uploads\/sites\/3\/2025\/11\/Precios-ganaderia-17nov2025-560x420.png 560w, https:\/\/www.asajacyl.com\/palencia\/wp-content\/uploads\/sites\/3\/2025\/11\/Precios-ganaderia-17nov2025-80x60.png 80w, https:\/\/www.asajacyl.com\/palencia\/wp-content\/uploads\/sites\/3\/2025\/11\/Precios-ganaderia-17nov2025-696x522.png 696w, https:\/\/www.asajacyl.com\/palencia\/wp-content\/uploads\/sites\/3\/2025\/11\/Precios-ganaderia-17nov2025-1068x801.png 1068w, https:\/\/www.asajacyl.com\/palencia\/wp-content\/uploads\/sites\/3\/2025\/11\/Precios-ganaderia-17nov2025-1920x1440.png 1920w\" sizes=\"(max-width: 1024px) 100vw, 1024px\" \/><\/figure>\n","protected":false},"excerpt":{"rendered":"<p>La Lonja de Salamanca ha registrado esta semana los primeros s\u00edntomas de que amaina el temor a la dermatosis nodular contagiosa (DNC) del bovino. Las cotizaciones de la mesa para carne no se han movido, pero s\u00ed se han reactivado los precios de los terneros para vida, que han subido dos centimos por kilogramos en [&hellip;]<\/p>\n","protected":false},"author":9,"featured_media":17559,"comment_status":"open","ping_status":"open","sticky":false,"template":"","format":"standard","meta":{"footnotes":""},"categories":[9,29,36,28,13],"tags":[58,648,234,478,289,46,651,351,1490,77,977,293,467,143,311,365,144,294],"yoast_head":"<!-- This site is optimized with the Yoast SEO plugin v24.5 - https:\/\/yoast.com\/wordpress\/plugins\/seo\/ -->\n<title>El temor a la dermatosis nodular bovina amaina y se reactiva la cotizaci\u00f3n de los terneros para vida - ASAJA Palencia<\/title>\n<meta name=\"description\" content=\"La Lonja de Salamanca ha registrado esta semana los primeros s\u00edntomas de que amaina el temor a la dermatosis nodular contagiosa (DNC) del bovino. Las\" \/>\n<meta name=\"robots\" content=\"index, follow, max-snippet:-1, max-image-preview:large, max-video-preview:-1\" \/>\n<link rel=\"canonical\" href=\"https:\/\/www.asajacyl.com\/palencia\/asaja-palencia-informa\/el-temor-a-la-dermatosis-nodular-bovina-amaina-y-se-reactiva-la-cotizacion-de-los-terneros-para-vida\" \/>\n<meta property=\"og:locale\" content=\"es_ES\" \/>\n<meta property=\"og:type\" content=\"article\" \/>\n<meta property=\"og:title\" content=\"El temor a la dermatosis nodular bovina amaina y se reactiva la cotizaci\u00f3n de los terneros para vida - ASAJA Palencia\" \/>\n<meta property=\"og:description\" content=\"La Lonja de Salamanca ha registrado esta semana los primeros s\u00edntomas de que amaina el temor a la dermatosis nodular contagiosa (DNC) del bovino. Las\" \/>\n<meta property=\"og:url\" content=\"https:\/\/www.asajacyl.com\/palencia\/asaja-palencia-informa\/el-temor-a-la-dermatosis-nodular-bovina-amaina-y-se-reactiva-la-cotizacion-de-los-terneros-para-vida\" \/>\n<meta property=\"og:site_name\" content=\"ASAJA Palencia\" \/>\n<meta property=\"article:published_time\" content=\"2025-11-18T08:54:18+00:00\" \/>\n<meta property=\"article:modified_time\" content=\"2025-11-18T08:54:21+00:00\" \/>\n<meta property=\"og:image\" content=\"https:\/\/www.asajacyl.com\/palencia\/wp-content\/uploads\/sites\/3\/2024\/10\/Pasto-bovino-web-1024x896.jpg\" \/>\n\t<meta property=\"og:image:width\" content=\"1024\" \/>\n\t<meta property=\"og:image:height\" content=\"896\" \/>\n\t<meta property=\"og:image:type\" content=\"image\/jpeg\" \/>\n<meta name=\"author\" content=\"Administrador\" \/>\n<meta name=\"twitter:card\" content=\"summary_large_image\" \/>\n<meta name=\"twitter:label1\" content=\"Escrito por\" \/>\n\t<meta name=\"twitter:data1\" content=\"Administrador\" \/>\n\t<meta name=\"twitter:label2\" content=\"Tiempo de lectura\" \/>\n\t<meta name=\"twitter:data2\" content=\"2 minutos\" \/>\n<script type=\"application\/ld+json\" class=\"yoast-schema-graph\">{\"@context\":\"https:\/\/schema.org\",\"@graph\":[{\"@type\":\"WebPage\",\"@id\":\"https:\/\/www.asajacyl.com\/palencia\/asaja-palencia-informa\/el-temor-a-la-dermatosis-nodular-bovina-amaina-y-se-reactiva-la-cotizacion-de-los-terneros-para-vida\",\"url\":\"https:\/\/www.asajacyl.com\/palencia\/asaja-palencia-informa\/el-temor-a-la-dermatosis-nodular-bovina-amaina-y-se-reactiva-la-cotizacion-de-los-terneros-para-vida\",\"name\":\"El temor a la dermatosis nodular bovina amaina y se reactiva la cotizaci\u00f3n de los terneros para vida - ASAJA Palencia\",\"isPartOf\":{\"@id\":\"https:\/\/www.asajacyl.com\/palencia\/#website\"},\"primaryImageOfPage\":{\"@id\":\"https:\/\/www.asajacyl.com\/palencia\/asaja-palencia-informa\/el-temor-a-la-dermatosis-nodular-bovina-amaina-y-se-reactiva-la-cotizacion-de-los-terneros-para-vida#primaryimage\"},\"image\":{\"@id\":\"https:\/\/www.asajacyl.com\/palencia\/asaja-palencia-informa\/el-temor-a-la-dermatosis-nodular-bovina-amaina-y-se-reactiva-la-cotizacion-de-los-terneros-para-vida#primaryimage\"},\"thumbnailUrl\":\"https:\/\/www.asajacyl.com\/palencia\/wp-content\/uploads\/sites\/3\/2024\/10\/Pasto-bovino-web.jpg\",\"datePublished\":\"2025-11-18T08:54:18+00:00\",\"dateModified\":\"2025-11-18T08:54:21+00:00\",\"author\":{\"@id\":\"https:\/\/www.asajacyl.com\/palencia\/#\/schema\/person\/3ab17aeb03527485c317557fae64aab1\"},\"description\":\"La Lonja de Salamanca ha registrado esta semana los primeros s\u00edntomas de que amaina el temor a la dermatosis nodular contagiosa (DNC) del bovino. Las\",\"breadcrumb\":{\"@id\":\"https:\/\/www.asajacyl.com\/palencia\/asaja-palencia-informa\/el-temor-a-la-dermatosis-nodular-bovina-amaina-y-se-reactiva-la-cotizacion-de-los-terneros-para-vida#breadcrumb\"},\"inLanguage\":\"es\",\"potentialAction\":[{\"@type\":\"ReadAction\",\"target\":[\"https:\/\/www.asajacyl.com\/palencia\/asaja-palencia-informa\/el-temor-a-la-dermatosis-nodular-bovina-amaina-y-se-reactiva-la-cotizacion-de-los-terneros-para-vida\"]}]},{\"@type\":\"ImageObject\",\"inLanguage\":\"es\",\"@id\":\"https:\/\/www.asajacyl.com\/palencia\/asaja-palencia-informa\/el-temor-a-la-dermatosis-nodular-bovina-amaina-y-se-reactiva-la-cotizacion-de-los-terneros-para-vida#primaryimage\",\"url\":\"https:\/\/www.asajacyl.com\/palencia\/wp-content\/uploads\/sites\/3\/2024\/10\/Pasto-bovino-web.jpg\",\"contentUrl\":\"https:\/\/www.asajacyl.com\/palencia\/wp-content\/uploads\/sites\/3\/2024\/10\/Pasto-bovino-web.jpg\",\"width\":1890,\"height\":1654},{\"@type\":\"BreadcrumbList\",\"@id\":\"https:\/\/www.asajacyl.com\/palencia\/asaja-palencia-informa\/el-temor-a-la-dermatosis-nodular-bovina-amaina-y-se-reactiva-la-cotizacion-de-los-terneros-para-vida#breadcrumb\",\"itemListElement\":[{\"@type\":\"ListItem\",\"position\":1,\"name\":\"Portada\",\"item\":\"https:\/\/www.asajacyl.com\/palencia\/\"},{\"@type\":\"ListItem\",\"position\":2,\"name\":\"El temor a la dermatosis nodular bovina amaina y se reactiva la cotizaci\u00f3n de los terneros para vida\"}]},{\"@type\":\"WebSite\",\"@id\":\"https:\/\/www.asajacyl.com\/palencia\/#website\",\"url\":\"https:\/\/www.asajacyl.com\/palencia\/\",\"name\":\"ASAJA Palencia\",\"description\":\"Otro sitio m\u00e1s de Provincias ASAJA Castilla y Le\u00f3n\",\"potentialAction\":[{\"@type\":\"SearchAction\",\"target\":{\"@type\":\"EntryPoint\",\"urlTemplate\":\"https:\/\/www.asajacyl.com\/palencia\/?s={search_term_string}\"},\"query-input\":{\"@type\":\"PropertyValueSpecification\",\"valueRequired\":true,\"valueName\":\"search_term_string\"}}],\"inLanguage\":\"es\"},{\"@type\":\"Person\",\"@id\":\"https:\/\/www.asajacyl.com\/palencia\/#\/schema\/person\/3ab17aeb03527485c317557fae64aab1\",\"name\":\"Administrador\",\"image\":{\"@type\":\"ImageObject\",\"inLanguage\":\"es\",\"@id\":\"https:\/\/www.asajacyl.com\/palencia\/#\/schema\/person\/image\/\",\"url\":\"https:\/\/secure.gravatar.com\/avatar\/517384810d242ca9e38c180f3c9fb973?s=96&d=mm&r=g\",\"contentUrl\":\"https:\/\/secure.gravatar.com\/avatar\/517384810d242ca9e38c180f3c9fb973?s=96&d=mm&r=g\",\"caption\":\"Administrador\"},\"url\":\"https:\/\/www.asajacyl.com\/palencia\/author\/carlosrm\"}]}<\/script>\n<!-- \/ Yoast SEO plugin. -->","yoast_head_json":{"title":"El temor a la dermatosis nodular bovina amaina y se reactiva la cotizaci\u00f3n de los terneros para vida - ASAJA Palencia","description":"La Lonja de Salamanca ha registrado esta semana los primeros s\u00edntomas de que amaina el temor a la dermatosis nodular contagiosa (DNC) del bovino. Las","robots":{"index":"index","follow":"follow","max-snippet":"max-snippet:-1","max-image-preview":"max-image-preview:large","max-video-preview":"max-video-preview:-1"},"canonical":"https:\/\/www.asajacyl.com\/palencia\/asaja-palencia-informa\/el-temor-a-la-dermatosis-nodular-bovina-amaina-y-se-reactiva-la-cotizacion-de-los-terneros-para-vida","og_locale":"es_ES","og_type":"article","og_title":"El temor a la dermatosis nodular bovina amaina y se reactiva la cotizaci\u00f3n de los terneros para vida - ASAJA Palencia","og_description":"La Lonja de Salamanca ha registrado esta semana los primeros s\u00edntomas de que amaina el temor a la dermatosis nodular contagiosa (DNC) del bovino. Las","og_url":"https:\/\/www.asajacyl.com\/palencia\/asaja-palencia-informa\/el-temor-a-la-dermatosis-nodular-bovina-amaina-y-se-reactiva-la-cotizacion-de-los-terneros-para-vida","og_site_name":"ASAJA Palencia","article_published_time":"2025-11-18T08:54:18+00:00","article_modified_time":"2025-11-18T08:54:21+00:00","og_image":[{"width":1024,"height":896,"url":"https:\/\/www.asajacyl.com\/palencia\/wp-content\/uploads\/sites\/3\/2024\/10\/Pasto-bovino-web-1024x896.jpg","type":"image\/jpeg"}],"author":"Administrador","twitter_card":"summary_large_image","twitter_misc":{"Escrito por":"Administrador","Tiempo de lectura":"2 minutos"},"schema":{"@context":"https:\/\/schema.org","@graph":[{"@type":"WebPage","@id":"https:\/\/www.asajacyl.com\/palencia\/asaja-palencia-informa\/el-temor-a-la-dermatosis-nodular-bovina-amaina-y-se-reactiva-la-cotizacion-de-los-terneros-para-vida","url":"https:\/\/www.asajacyl.com\/palencia\/asaja-palencia-informa\/el-temor-a-la-dermatosis-nodular-bovina-amaina-y-se-reactiva-la-cotizacion-de-los-terneros-para-vida","name":"El temor a la dermatosis nodular bovina amaina y se reactiva la cotizaci\u00f3n de los terneros para vida - ASAJA Palencia","isPartOf":{"@id":"https:\/\/www.asajacyl.com\/palencia\/#website"},"primaryImageOfPage":{"@id":"https:\/\/www.asajacyl.com\/palencia\/asaja-palencia-informa\/el-temor-a-la-dermatosis-nodular-bovina-amaina-y-se-reactiva-la-cotizacion-de-los-terneros-para-vida#primaryimage"},"image":{"@id":"https:\/\/www.asajacyl.com\/palencia\/asaja-palencia-informa\/el-temor-a-la-dermatosis-nodular-bovina-amaina-y-se-reactiva-la-cotizacion-de-los-terneros-para-vida#primaryimage"},"thumbnailUrl":"https:\/\/www.asajacyl.com\/palencia\/wp-content\/uploads\/sites\/3\/2024\/10\/Pasto-bovino-web.jpg","datePublished":"2025-11-18T08:54:18+00:00","dateModified":"2025-11-18T08:54:21+00:00","author":{"@id":"https:\/\/www.asajacyl.com\/palencia\/#\/schema\/person\/3ab17aeb03527485c317557fae64aab1"},"description":"La Lonja de Salamanca ha registrado esta semana los primeros s\u00edntomas de que amaina el temor a la dermatosis nodular contagiosa (DNC) del bovino. Las","breadcrumb":{"@id":"https:\/\/www.asajacyl.com\/palencia\/asaja-palencia-informa\/el-temor-a-la-dermatosis-nodular-bovina-amaina-y-se-reactiva-la-cotizacion-de-los-terneros-para-vida#breadcrumb"},"inLanguage":"es","potentialAction":[{"@type":"ReadAction","target":["https:\/\/www.asajacyl.com\/palencia\/asaja-palencia-informa\/el-temor-a-la-dermatosis-nodular-bovina-amaina-y-se-reactiva-la-cotizacion-de-los-terneros-para-vida"]}]},{"@type":"ImageObject","inLanguage":"es","@id":"https:\/\/www.asajacyl.com\/palencia\/asaja-palencia-informa\/el-temor-a-la-dermatosis-nodular-bovina-amaina-y-se-reactiva-la-cotizacion-de-los-terneros-para-vida#primaryimage","url":"https:\/\/www.asajacyl.com\/palencia\/wp-content\/uploads\/sites\/3\/2024\/10\/Pasto-bovino-web.jpg","contentUrl":"https:\/\/www.asajacyl.com\/palencia\/wp-content\/uploads\/sites\/3\/2024\/10\/Pasto-bovino-web.jpg","width":1890,"height":1654},{"@type":"BreadcrumbList","@id":"https:\/\/www.asajacyl.com\/palencia\/asaja-palencia-informa\/el-temor-a-la-dermatosis-nodular-bovina-amaina-y-se-reactiva-la-cotizacion-de-los-terneros-para-vida#breadcrumb","itemListElement":[{"@type":"ListItem","position":1,"name":"Portada","item":"https:\/\/www.asajacyl.com\/palencia\/"},{"@type":"ListItem","position":2,"name":"El temor a la dermatosis nodular bovina amaina y se reactiva la cotizaci\u00f3n de los terneros para vida"}]},{"@type":"WebSite","@id":"https:\/\/www.asajacyl.com\/palencia\/#website","url":"https:\/\/www.asajacyl.com\/palencia\/","name":"ASAJA Palencia","description":"Otro sitio m\u00e1s de Provincias ASAJA Castilla y Le\u00f3n","potentialAction":[{"@type":"SearchAction","target":{"@type":"EntryPoint","urlTemplate":"https:\/\/www.asajacyl.com\/palencia\/?s={search_term_string}"},"query-input":{"@type":"PropertyValueSpecification","valueRequired":true,"valueName":"search_term_string"}}],"inLanguage":"es"},{"@type":"Person","@id":"https:\/\/www.asajacyl.com\/palencia\/#\/schema\/person\/3ab17aeb03527485c317557fae64aab1","name":"Administrador","image":{"@type":"ImageObject","inLanguage":"es","@id":"https:\/\/www.asajacyl.com\/palencia\/#\/schema\/person\/image\/","url":"https:\/\/secure.gravatar.com\/avatar\/517384810d242ca9e38c180f3c9fb973?s=96&d=mm&r=g","contentUrl":"https:\/\/secure.gravatar.com\/avatar\/517384810d242ca9e38c180f3c9fb973?s=96&d=mm&r=g","caption":"Administrador"},"url":"https:\/\/www.asajacyl.com\/palencia\/author\/carlosrm"}]}},"_links":{"self":[{"href":"https:\/\/www.asajacyl.com\/palencia\/wp-json\/wp\/v2\/posts\/21553"}],"collection":[{"href":"https:\/\/www.asajacyl.com\/palencia\/wp-json\/wp\/v2\/posts"}],"about":[{"href":"https:\/\/www.asajacyl.com\/palencia\/wp-json\/wp\/v2\/types\/post"}],"author":[{"embeddable":true,"href":"https:\/\/www.asajacyl.com\/palencia\/wp-json\/wp\/v2\/users\/9"}],"replies":[{"embeddable":true,"href":"https:\/\/www.asajacyl.com\/palencia\/wp-json\/wp\/v2\/comments?post=21553"}],"version-history":[{"count":1,"href":"https:\/\/www.asajacyl.com\/palencia\/wp-json\/wp\/v2\/posts\/21553\/revisions"}],"predecessor-version":[{"id":21555,"href":"https:\/\/www.asajacyl.com\/palencia\/wp-json\/wp\/v2\/posts\/21553\/revisions\/21555"}],"wp:featuredmedia":[{"embeddable":true,"href":"https:\/\/www.asajacyl.com\/palencia\/wp-json\/wp\/v2\/media\/17559"}],"wp:attachment":[{"href":"https:\/\/www.asajacyl.com\/palencia\/wp-json\/wp\/v2\/media?parent=21553"}],"wp:term":[{"taxonomy":"category","embeddable":true,"href":"https:\/\/www.asajacyl.com\/palencia\/wp-json\/wp\/v2\/categories?post=21553"},{"taxonomy":"post_tag","embeddable":true,"href":"https:\/\/www.asajacyl.com\/palencia\/wp-json\/wp\/v2\/tags?post=21553"}],"curies":[{"name":"wp","href":"https:\/\/api.w.org\/{rel}","templated":true}]}}