{"id":21556,"date":"2025-11-19T12:49:20","date_gmt":"2025-11-19T11:49:20","guid":{"rendered":"https:\/\/www.asajacyl.com\/palencia\/?p=21556"},"modified":"2025-11-19T12:50:01","modified_gmt":"2025-11-19T11:50:01","slug":"el-ministerio-aplaza-al-1-de-enero-de-2027-el-registro-obligatorio-de-fitosanitarios-en-cuaderno-digital","status":"publish","type":"post","link":"https:\/\/www.asajacyl.com\/palencia\/asaja-palencia-informa\/noticias\/el-ministerio-aplaza-al-1-de-enero-de-2027-el-registro-obligatorio-de-fitosanitarios-en-cuaderno-digital","title":{"rendered":"El Ministerio aplaza al 1 de enero de 2027 el registro obligatorio de fitosanitarios en cuaderno digital"},"content":{"rendered":"\n<h2 class=\"wp-block-heading\">El Consejo de Ministros, a propuesta del Ministerio de Agricultura, Pesca y Alimentaci\u00f3n, ha aprobado este martes, 18 de noviembre, un real decreto que modifica las bases reguladoras de las subvenciones de las intervenciones de intercambio de conocimientos y actividades de formaci\u00f3n e informaci\u00f3n y servicios de asesoramiento, destinadas al sector agroalimentario y forestal, en el marco del Plan Estrat\u00e9gico de la Pol\u00edtica Agr\u00edcola Com\u00fan (PEPAC) 2023-2027. El real decreto incluye tambi\u00e9n la flexibilizaci\u00f3n de plazos para la introducci\u00f3n del cuaderno digital. Las explotaciones agrarias podr\u00e1n aplazar hasta el 1 de enero de 2027 la obligaci\u00f3n de registrar en el cuaderno digital el uso de productos fitosanitarios.<\/h2>\n\n\n\n<p>Esta flexibilizaci\u00f3n se realiza en l\u00ednea con la modificaci\u00f3n introducida por la Comisi\u00f3n Europea que permite a los Estados miembros mantener los registros de los productos fitosanitarios en formato papel durante todo el a\u00f1o 2026, y poder elegir si posponer o no hasta el 1 de enero de 2027 la obligaci\u00f3n de registrar el uso de productos fitosanitarios en formato electr\u00f3nico<\/p>\n\n\n\n<p>La medida ampl\u00eda a los agricultores el margen para prepararse para los registros en soportes electr\u00f3nicos, una flexibilizaci\u00f3n que beneficia en particular a las peque\u00f1as explotaciones y a los agricultores con m\u00e1s dificultad de acceso a los recursos digitales.<\/p>\n\n\n\n<p><a href=\"https:\/\/www.asajacyl.com\/palencia\/asaja-palencia-informa\/asaja-exige-al-gobierno-que-adopte-el-aplazamiento-del-cuaderno-digital-para-los-fitosanitarios\" target=\"_blank\" rel=\"noreferrer noopener\">ASAJA ven\u00eda reclamando al Gobierno espa\u00f1ol desde hace m\u00e1s de un mes esta incorporaci\u00f3n de la norma comunitaria<\/a>. Nuestra organizaci\u00f3n celebr\u00f3 que la Comisi\u00f3n Europea aprobase en octubre, durante la \u00faltima reuni\u00f3n del Comit\u00e9 Permanente de Plantas, Animales, Alimentos y Piensos (SCoPAFF) sobre legislaci\u00f3n fitofarmac\u00e9utica, la\u00a0ampliaci\u00f3n del plazo para la obligatoriedad del cuaderno de explotaci\u00f3n digital para los fitosanitarios.\u00a0<\/p>\n\n\n\n<p><strong>POR EL APLAZAMIENTO INDEFINIDO. <\/strong>La medida, que se incorporar\u00f3 mediante la modificaci\u00f3n del Reglamento de Ejecuci\u00f3n (UE) 2023\/564, permite a los Estados. Desde el primer momento ASAJA exigi\u00f3 al Gobierno de Espa\u00f1a que incorporase de inmediato este aplazamiento, y que negocie en Bruselas un aplazamiento indefinido<span style=\"text-decoration: underline\"> hasta que pueda garantizarse una transici\u00f3n adecuada para aplicarse en el medio rural<\/span>.<\/p>\n\n\n\n<p>A d\u00eda de hoy&nbsp;no todos los agricultores disponen de conexi\u00f3n a internet suficiente, especialmente en zonas rurales con brecha digital, ni cuentan con el&nbsp;asesoramiento ni la formaci\u00f3n necesarios, especialmente entre los agricultores de mayor edad. Adem\u00e1s, nuestra organizaci\u00f3n recuerda que esta obligaci\u00f3n&nbsp;no puede suponer una carga administrativa adicional&nbsp;para los productores.<\/p>\n\n\n\n<p>Las otras modificaciones del real decreto aprobado este marts afectan espec\u00edficamente a dos intervenciones supraauton\u00f3micas del Plan Estrat\u00e9gico de la PAC, relativas al intercambio de conocimientos y actividades de formaci\u00f3n e informaci\u00f3n; y a los servicios de asesoramiento a las explotaciones agrarias. Se flexibilizan los requisitos exigidos a las entidades beneficiarias (la antig\u00fcedad m\u00ednima requerida de reduce de tres a dos a\u00f1os), se simplifican las obligaciones sobre personal para el total de la agrupaci\u00f3n y se incorpora la figura profesional de personal de apoyo.<\/p>\n\n\n\n<p>Recordamos a continuaci\u00f3n las exigencias que, seg\u00fan la nota ministerial, rigen para fitosanitarios y fertilizaci\u00f3n en cuanto a su registro en el cuaderno de explotaci\u00f3n, sea en papel o digital.<\/p>\n\n\n\n<p><strong>FITOSANITARIOS.<\/strong> Desde 2013, todas las personas o entidades de Espa\u00f1a que requieran la aplicaci\u00f3n de productos fitosanitarios de uso profesional deben mantener un registro actualizado de los tratamientos fitosanitarios donde figure, al menos los siguientes datos: <\/p>\n\n\n\n<ul>\n<li>nombre de los productos fitosanitarios utilizados, <\/li>\n\n\n\n<li>plaga que se quiere controlar<\/li>\n\n\n\n<li>fecha y dosis de aplicaci\u00f3n, <\/li>\n\n\n\n<li>zona y cultivo donde se han utilizado los productos fitosanitarios,<\/li>\n\n\n\n<li>aplicador y, en su caso, el asesor, <\/li>\n\n\n\n<li>equipos de aplicaci\u00f3n y <\/li>\n\n\n\n<li>valoraci\u00f3n del tratamiento.<\/li>\n<\/ul>\n\n\n\n<p>Adicionalmente, la normativa comunitaria establece que los registros de productos fitosanitarios que efect\u00faen los <strong>usuarios profesionales<\/strong> se deben realizar en formato electr\u00f3nico interoperativo (legible por m\u00e1quina). La fecha prevista en Espa\u00f1a para esta obligaci\u00f3n es el <span style=\"text-decoration: underline\">1 de enero de 2027<\/span>. <\/p>\n\n\n\n<p>Para que los <strong>agricultores<\/strong> cumplan este requisito basta con recoger en el apartado de tratamientos fitosanitarios del cuaderno de explotaci\u00f3n la informaci\u00f3n m\u00ednima obligatoria seg\u00fan la normativa vigente.<\/p>\n\n\n\n<p><strong>FERTILIZACI\u00d3N<\/strong>. A partir del 1 de enero de 2026 es obligatorio registrar en el cuaderno de explotaci\u00f3n \u2014<span style=\"text-decoration: underline\">papel o digital<\/span>\u2014 cierta informaci\u00f3n para cada aplicaci\u00f3n de nutrientes o materia org\u00e1nica. Algunos de los datos de obligado cumplimiento son<\/p>\n\n\n\n<ul>\n<li>Fecha de aplicaci\u00f3n,<\/li>\n\n\n\n<li>Parcela tratada, <\/li>\n\n\n\n<li>Tipo de material fertilizante y <\/li>\n\n\n\n<li>Dosis<\/li>\n<\/ul>\n\n\n\n<p>En los casos de <span style=\"text-decoration: underline\">fertirrigaci\u00f3n<\/span>, tambi\u00e9n es necesario consignar informaci\u00f3n relativa a la dosis de riego y al contenido de nitr\u00f3geno y f\u00f3sforo en el agua utilizada, adem\u00e1s de los nutrientes aportados mediante fertilizantes.<strong>\/<\/strong><\/p>\n","protected":false},"excerpt":{"rendered":"<p>El Consejo de Ministros, a propuesta del Ministerio de Agricultura, Pesca y Alimentaci\u00f3n, ha aprobado este martes, 18 de noviembre, un real decreto que modifica las bases reguladoras de las subvenciones de las intervenciones de intercambio de conocimientos y actividades de formaci\u00f3n e informaci\u00f3n y servicios de asesoramiento, destinadas al sector agroalimentario y forestal, en [&hellip;]<\/p>\n","protected":false},"author":9,"featured_media":12663,"comment_status":"open","ping_status":"open","sticky":false,"template":"","format":"standard","meta":{"footnotes":""},"categories":[31,28,13],"tags":[58,1651,1062,187,351,105,141,77,110,830],"yoast_head":"<!-- This site is optimized with the Yoast SEO plugin v24.5 - https:\/\/yoast.com\/wordpress\/plugins\/seo\/ -->\n<title>El Ministerio aplaza al 1 de enero de 2027 el registro obligatorio de fitosanitarios en cuaderno digital - ASAJA Palencia<\/title>\n<meta name=\"description\" content=\"El Consejo de Ministros, a propuesta del Ministerio de Agricultura, Pesca y Alimentaci\u00f3n, ha aprobado este martes, 18 de noviembre, un real decreto que\" \/>\n<meta name=\"robots\" content=\"index, follow, max-snippet:-1, max-image-preview:large, max-video-preview:-1\" \/>\n<link rel=\"canonical\" href=\"https:\/\/www.asajacyl.com\/palencia\/asaja-palencia-informa\/noticias\/el-ministerio-aplaza-al-1-de-enero-de-2027-el-registro-obligatorio-de-fitosanitarios-en-cuaderno-digital\" \/>\n<meta property=\"og:locale\" content=\"es_ES\" \/>\n<meta property=\"og:type\" content=\"article\" \/>\n<meta property=\"og:title\" content=\"El Ministerio aplaza al 1 de enero de 2027 el registro obligatorio de fitosanitarios en cuaderno digital - ASAJA Palencia\" \/>\n<meta property=\"og:description\" content=\"El Consejo de Ministros, a propuesta del Ministerio de Agricultura, Pesca y Alimentaci\u00f3n, ha aprobado este martes, 18 de noviembre, un real decreto que\" \/>\n<meta property=\"og:url\" content=\"https:\/\/www.asajacyl.com\/palencia\/asaja-palencia-informa\/noticias\/el-ministerio-aplaza-al-1-de-enero-de-2027-el-registro-obligatorio-de-fitosanitarios-en-cuaderno-digital\" \/>\n<meta property=\"og:site_name\" content=\"ASAJA Palencia\" \/>\n<meta property=\"article:published_time\" content=\"2025-11-19T11:49:20+00:00\" \/>\n<meta property=\"article:modified_time\" content=\"2025-11-19T11:50:01+00:00\" \/>\n<meta property=\"og:image\" content=\"https:\/\/www.asajacyl.com\/palencia\/wp-content\/uploads\/sites\/3\/2023\/03\/FITO-HERBICIDA.jpg\" \/>\n\t<meta property=\"og:image:width\" content=\"1024\" \/>\n\t<meta property=\"og:image:height\" content=\"768\" \/>\n\t<meta property=\"og:image:type\" content=\"image\/jpeg\" \/>\n<meta name=\"author\" content=\"Administrador\" \/>\n<meta name=\"twitter:card\" content=\"summary_large_image\" \/>\n<meta name=\"twitter:label1\" content=\"Escrito por\" \/>\n\t<meta name=\"twitter:data1\" content=\"Administrador\" \/>\n\t<meta name=\"twitter:label2\" content=\"Tiempo de lectura\" \/>\n\t<meta name=\"twitter:data2\" content=\"4 minutos\" \/>\n<script type=\"application\/ld+json\" class=\"yoast-schema-graph\">{\"@context\":\"https:\/\/schema.org\",\"@graph\":[{\"@type\":\"WebPage\",\"@id\":\"https:\/\/www.asajacyl.com\/palencia\/asaja-palencia-informa\/noticias\/el-ministerio-aplaza-al-1-de-enero-de-2027-el-registro-obligatorio-de-fitosanitarios-en-cuaderno-digital\",\"url\":\"https:\/\/www.asajacyl.com\/palencia\/asaja-palencia-informa\/noticias\/el-ministerio-aplaza-al-1-de-enero-de-2027-el-registro-obligatorio-de-fitosanitarios-en-cuaderno-digital\",\"name\":\"El Ministerio aplaza al 1 de enero de 2027 el registro obligatorio de fitosanitarios en cuaderno digital - ASAJA Palencia\",\"isPartOf\":{\"@id\":\"https:\/\/www.asajacyl.com\/palencia\/#website\"},\"primaryImageOfPage\":{\"@id\":\"https:\/\/www.asajacyl.com\/palencia\/asaja-palencia-informa\/noticias\/el-ministerio-aplaza-al-1-de-enero-de-2027-el-registro-obligatorio-de-fitosanitarios-en-cuaderno-digital#primaryimage\"},\"image\":{\"@id\":\"https:\/\/www.asajacyl.com\/palencia\/asaja-palencia-informa\/noticias\/el-ministerio-aplaza-al-1-de-enero-de-2027-el-registro-obligatorio-de-fitosanitarios-en-cuaderno-digital#primaryimage\"},\"thumbnailUrl\":\"https:\/\/www.asajacyl.com\/palencia\/wp-content\/uploads\/sites\/3\/2023\/03\/FITO-HERBICIDA.jpg\",\"datePublished\":\"2025-11-19T11:49:20+00:00\",\"dateModified\":\"2025-11-19T11:50:01+00:00\",\"author\":{\"@id\":\"https:\/\/www.asajacyl.com\/palencia\/#\/schema\/person\/3ab17aeb03527485c317557fae64aab1\"},\"description\":\"El Consejo de Ministros, a propuesta del Ministerio de Agricultura, Pesca y Alimentaci\u00f3n, ha aprobado este martes, 18 de noviembre, un real decreto que\",\"breadcrumb\":{\"@id\":\"https:\/\/www.asajacyl.com\/palencia\/asaja-palencia-informa\/noticias\/el-ministerio-aplaza-al-1-de-enero-de-2027-el-registro-obligatorio-de-fitosanitarios-en-cuaderno-digital#breadcrumb\"},\"inLanguage\":\"es\",\"potentialAction\":[{\"@type\":\"ReadAction\",\"target\":[\"https:\/\/www.asajacyl.com\/palencia\/asaja-palencia-informa\/noticias\/el-ministerio-aplaza-al-1-de-enero-de-2027-el-registro-obligatorio-de-fitosanitarios-en-cuaderno-digital\"]}]},{\"@type\":\"ImageObject\",\"inLanguage\":\"es\",\"@id\":\"https:\/\/www.asajacyl.com\/palencia\/asaja-palencia-informa\/noticias\/el-ministerio-aplaza-al-1-de-enero-de-2027-el-registro-obligatorio-de-fitosanitarios-en-cuaderno-digital#primaryimage\",\"url\":\"https:\/\/www.asajacyl.com\/palencia\/wp-content\/uploads\/sites\/3\/2023\/03\/FITO-HERBICIDA.jpg\",\"contentUrl\":\"https:\/\/www.asajacyl.com\/palencia\/wp-content\/uploads\/sites\/3\/2023\/03\/FITO-HERBICIDA.jpg\",\"width\":1024,\"height\":768},{\"@type\":\"BreadcrumbList\",\"@id\":\"https:\/\/www.asajacyl.com\/palencia\/asaja-palencia-informa\/noticias\/el-ministerio-aplaza-al-1-de-enero-de-2027-el-registro-obligatorio-de-fitosanitarios-en-cuaderno-digital#breadcrumb\",\"itemListElement\":[{\"@type\":\"ListItem\",\"position\":1,\"name\":\"Portada\",\"item\":\"https:\/\/www.asajacyl.com\/palencia\/\"},{\"@type\":\"ListItem\",\"position\":2,\"name\":\"El Ministerio aplaza al 1 de enero de 2027 el registro obligatorio de fitosanitarios en cuaderno digital\"}]},{\"@type\":\"WebSite\",\"@id\":\"https:\/\/www.asajacyl.com\/palencia\/#website\",\"url\":\"https:\/\/www.asajacyl.com\/palencia\/\",\"name\":\"ASAJA Palencia\",\"description\":\"Otro sitio m\u00e1s de Provincias ASAJA Castilla y Le\u00f3n\",\"potentialAction\":[{\"@type\":\"SearchAction\",\"target\":{\"@type\":\"EntryPoint\",\"urlTemplate\":\"https:\/\/www.asajacyl.com\/palencia\/?s={search_term_string}\"},\"query-input\":{\"@type\":\"PropertyValueSpecification\",\"valueRequired\":true,\"valueName\":\"search_term_string\"}}],\"inLanguage\":\"es\"},{\"@type\":\"Person\",\"@id\":\"https:\/\/www.asajacyl.com\/palencia\/#\/schema\/person\/3ab17aeb03527485c317557fae64aab1\",\"name\":\"Administrador\",\"image\":{\"@type\":\"ImageObject\",\"inLanguage\":\"es\",\"@id\":\"https:\/\/www.asajacyl.com\/palencia\/#\/schema\/person\/image\/\",\"url\":\"https:\/\/secure.gravatar.com\/avatar\/517384810d242ca9e38c180f3c9fb973?s=96&d=mm&r=g\",\"contentUrl\":\"https:\/\/secure.gravatar.com\/avatar\/517384810d242ca9e38c180f3c9fb973?s=96&d=mm&r=g\",\"caption\":\"Administrador\"},\"url\":\"https:\/\/www.asajacyl.com\/palencia\/author\/carlosrm\"}]}<\/script>\n<!-- \/ Yoast SEO plugin. -->","yoast_head_json":{"title":"El Ministerio aplaza al 1 de enero de 2027 el registro obligatorio de fitosanitarios en cuaderno digital - ASAJA Palencia","description":"El Consejo de Ministros, a propuesta del Ministerio de Agricultura, Pesca y Alimentaci\u00f3n, ha aprobado este martes, 18 de noviembre, un real decreto que","robots":{"index":"index","follow":"follow","max-snippet":"max-snippet:-1","max-image-preview":"max-image-preview:large","max-video-preview":"max-video-preview:-1"},"canonical":"https:\/\/www.asajacyl.com\/palencia\/asaja-palencia-informa\/noticias\/el-ministerio-aplaza-al-1-de-enero-de-2027-el-registro-obligatorio-de-fitosanitarios-en-cuaderno-digital","og_locale":"es_ES","og_type":"article","og_title":"El Ministerio aplaza al 1 de enero de 2027 el registro obligatorio de fitosanitarios en cuaderno digital - ASAJA Palencia","og_description":"El Consejo de Ministros, a propuesta del Ministerio de Agricultura, Pesca y Alimentaci\u00f3n, ha aprobado este martes, 18 de noviembre, un real decreto que","og_url":"https:\/\/www.asajacyl.com\/palencia\/asaja-palencia-informa\/noticias\/el-ministerio-aplaza-al-1-de-enero-de-2027-el-registro-obligatorio-de-fitosanitarios-en-cuaderno-digital","og_site_name":"ASAJA Palencia","article_published_time":"2025-11-19T11:49:20+00:00","article_modified_time":"2025-11-19T11:50:01+00:00","og_image":[{"width":1024,"height":768,"url":"https:\/\/www.asajacyl.com\/palencia\/wp-content\/uploads\/sites\/3\/2023\/03\/FITO-HERBICIDA.jpg","type":"image\/jpeg"}],"author":"Administrador","twitter_card":"summary_large_image","twitter_misc":{"Escrito por":"Administrador","Tiempo de lectura":"4 minutos"},"schema":{"@context":"https:\/\/schema.org","@graph":[{"@type":"WebPage","@id":"https:\/\/www.asajacyl.com\/palencia\/asaja-palencia-informa\/noticias\/el-ministerio-aplaza-al-1-de-enero-de-2027-el-registro-obligatorio-de-fitosanitarios-en-cuaderno-digital","url":"https:\/\/www.asajacyl.com\/palencia\/asaja-palencia-informa\/noticias\/el-ministerio-aplaza-al-1-de-enero-de-2027-el-registro-obligatorio-de-fitosanitarios-en-cuaderno-digital","name":"El Ministerio aplaza al 1 de enero de 2027 el registro obligatorio de fitosanitarios en cuaderno digital - ASAJA Palencia","isPartOf":{"@id":"https:\/\/www.asajacyl.com\/palencia\/#website"},"primaryImageOfPage":{"@id":"https:\/\/www.asajacyl.com\/palencia\/asaja-palencia-informa\/noticias\/el-ministerio-aplaza-al-1-de-enero-de-2027-el-registro-obligatorio-de-fitosanitarios-en-cuaderno-digital#primaryimage"},"image":{"@id":"https:\/\/www.asajacyl.com\/palencia\/asaja-palencia-informa\/noticias\/el-ministerio-aplaza-al-1-de-enero-de-2027-el-registro-obligatorio-de-fitosanitarios-en-cuaderno-digital#primaryimage"},"thumbnailUrl":"https:\/\/www.asajacyl.com\/palencia\/wp-content\/uploads\/sites\/3\/2023\/03\/FITO-HERBICIDA.jpg","datePublished":"2025-11-19T11:49:20+00:00","dateModified":"2025-11-19T11:50:01+00:00","author":{"@id":"https:\/\/www.asajacyl.com\/palencia\/#\/schema\/person\/3ab17aeb03527485c317557fae64aab1"},"description":"El Consejo de Ministros, a propuesta del Ministerio de Agricultura, Pesca y Alimentaci\u00f3n, ha aprobado este martes, 18 de noviembre, un real decreto que","breadcrumb":{"@id":"https:\/\/www.asajacyl.com\/palencia\/asaja-palencia-informa\/noticias\/el-ministerio-aplaza-al-1-de-enero-de-2027-el-registro-obligatorio-de-fitosanitarios-en-cuaderno-digital#breadcrumb"},"inLanguage":"es","potentialAction":[{"@type":"ReadAction","target":["https:\/\/www.asajacyl.com\/palencia\/asaja-palencia-informa\/noticias\/el-ministerio-aplaza-al-1-de-enero-de-2027-el-registro-obligatorio-de-fitosanitarios-en-cuaderno-digital"]}]},{"@type":"ImageObject","inLanguage":"es","@id":"https:\/\/www.asajacyl.com\/palencia\/asaja-palencia-informa\/noticias\/el-ministerio-aplaza-al-1-de-enero-de-2027-el-registro-obligatorio-de-fitosanitarios-en-cuaderno-digital#primaryimage","url":"https:\/\/www.asajacyl.com\/palencia\/wp-content\/uploads\/sites\/3\/2023\/03\/FITO-HERBICIDA.jpg","contentUrl":"https:\/\/www.asajacyl.com\/palencia\/wp-content\/uploads\/sites\/3\/2023\/03\/FITO-HERBICIDA.jpg","width":1024,"height":768},{"@type":"BreadcrumbList","@id":"https:\/\/www.asajacyl.com\/palencia\/asaja-palencia-informa\/noticias\/el-ministerio-aplaza-al-1-de-enero-de-2027-el-registro-obligatorio-de-fitosanitarios-en-cuaderno-digital#breadcrumb","itemListElement":[{"@type":"ListItem","position":1,"name":"Portada","item":"https:\/\/www.asajacyl.com\/palencia\/"},{"@type":"ListItem","position":2,"name":"El Ministerio aplaza al 1 de enero de 2027 el registro obligatorio de fitosanitarios en cuaderno digital"}]},{"@type":"WebSite","@id":"https:\/\/www.asajacyl.com\/palencia\/#website","url":"https:\/\/www.asajacyl.com\/palencia\/","name":"ASAJA Palencia","description":"Otro sitio m\u00e1s de Provincias ASAJA Castilla y Le\u00f3n","potentialAction":[{"@type":"SearchAction","target":{"@type":"EntryPoint","urlTemplate":"https:\/\/www.asajacyl.com\/palencia\/?s={search_term_string}"},"query-input":{"@type":"PropertyValueSpecification","valueRequired":true,"valueName":"search_term_string"}}],"inLanguage":"es"},{"@type":"Person","@id":"https:\/\/www.asajacyl.com\/palencia\/#\/schema\/person\/3ab17aeb03527485c317557fae64aab1","name":"Administrador","image":{"@type":"ImageObject","inLanguage":"es","@id":"https:\/\/www.asajacyl.com\/palencia\/#\/schema\/person\/image\/","url":"https:\/\/secure.gravatar.com\/avatar\/517384810d242ca9e38c180f3c9fb973?s=96&d=mm&r=g","contentUrl":"https:\/\/secure.gravatar.com\/avatar\/517384810d242ca9e38c180f3c9fb973?s=96&d=mm&r=g","caption":"Administrador"},"url":"https:\/\/www.asajacyl.com\/palencia\/author\/carlosrm"}]}},"_links":{"self":[{"href":"https:\/\/www.asajacyl.com\/palencia\/wp-json\/wp\/v2\/posts\/21556"}],"collection":[{"href":"https:\/\/www.asajacyl.com\/palencia\/wp-json\/wp\/v2\/posts"}],"about":[{"href":"https:\/\/www.asajacyl.com\/palencia\/wp-json\/wp\/v2\/types\/post"}],"author":[{"embeddable":true,"href":"https:\/\/www.asajacyl.com\/palencia\/wp-json\/wp\/v2\/users\/9"}],"replies":[{"embeddable":true,"href":"https:\/\/www.asajacyl.com\/palencia\/wp-json\/wp\/v2\/comments?post=21556"}],"version-history":[{"count":2,"href":"https:\/\/www.asajacyl.com\/palencia\/wp-json\/wp\/v2\/posts\/21556\/revisions"}],"predecessor-version":[{"id":21558,"href":"https:\/\/www.asajacyl.com\/palencia\/wp-json\/wp\/v2\/posts\/21556\/revisions\/21558"}],"wp:featuredmedia":[{"embeddable":true,"href":"https:\/\/www.asajacyl.com\/palencia\/wp-json\/wp\/v2\/media\/12663"}],"wp:attachment":[{"href":"https:\/\/www.asajacyl.com\/palencia\/wp-json\/wp\/v2\/media?parent=21556"}],"wp:term":[{"taxonomy":"category","embeddable":true,"href":"https:\/\/www.asajacyl.com\/palencia\/wp-json\/wp\/v2\/categories?post=21556"},{"taxonomy":"post_tag","embeddable":true,"href":"https:\/\/www.asajacyl.com\/palencia\/wp-json\/wp\/v2\/tags?post=21556"}],"curies":[{"name":"wp","href":"https:\/\/api.w.org\/{rel}","templated":true}]}}