{"id":21560,"date":"2025-11-19T14:14:28","date_gmt":"2025-11-19T13:14:28","guid":{"rendered":"https:\/\/www.asajacyl.com\/palencia\/?p=21560"},"modified":"2025-11-19T14:15:26","modified_gmt":"2025-11-19T13:15:26","slug":"medio-millar-de-personas-participan-hoy-en-bruselas-en-el-xi-congreso-europeo-de-jovenes-agricultores","status":"publish","type":"post","link":"https:\/\/www.asajacyl.com\/palencia\/asaja-palencia-informa\/medio-millar-de-personas-participan-hoy-en-bruselas-en-el-xi-congreso-europeo-de-jovenes-agricultores","title":{"rendered":"Medio millar de personas participan hoy en Bruselas en el XI Congreso Europeo de J\u00f3venes Agricultores"},"content":{"rendered":"\n<h2 class=\"wp-block-heading\">M\u00e1s de 500 personas participan este mi\u00e9rcoles, 19 de noviembre, en el XI Congreso Europeo de J\u00f3venes Agricultores en Bruselas, donde intervendr\u00e1 como ponente el presidente nacional de ASAJA, Pedro Barato. Este a\u00f1o el evento registra una&nbsp;participaci\u00f3n r\u00e9cord con alrededor de 530 asistentes confirmados&nbsp;procedentes de toda Europa. El Congreso Europeo de J\u00f3venes Agricultores se ha consolidado como una&nbsp;plataforma esencial&nbsp;para dar visibilidad al papel estrat\u00e9gico de los j\u00f3venes en el futuro de la agricultura europea. <\/h2>\n\n\n<div class=\"wp-block-image\">\n<figure class=\"alignright size-large is-resized\"><img loading=\"lazy\" decoding=\"async\" width=\"768\" height=\"1024\" src=\"https:\/\/www.asajacyl.com\/palencia\/wp-content\/uploads\/sites\/3\/2025\/11\/Nerea-y-ganadora-en-Bruselas-768x1024.jpg\" alt=\"\" class=\"wp-image-21563\" style=\"width:658px;height:auto\" srcset=\"https:\/\/www.asajacyl.com\/palencia\/wp-content\/uploads\/sites\/3\/2025\/11\/Nerea-y-ganadora-en-Bruselas-768x1024.jpg 768w, https:\/\/www.asajacyl.com\/palencia\/wp-content\/uploads\/sites\/3\/2025\/11\/Nerea-y-ganadora-en-Bruselas-225x300.jpg 225w, https:\/\/www.asajacyl.com\/palencia\/wp-content\/uploads\/sites\/3\/2025\/11\/Nerea-y-ganadora-en-Bruselas-1152x1536.jpg 1152w, https:\/\/www.asajacyl.com\/palencia\/wp-content\/uploads\/sites\/3\/2025\/11\/Nerea-y-ganadora-en-Bruselas-315x420.jpg 315w, https:\/\/www.asajacyl.com\/palencia\/wp-content\/uploads\/sites\/3\/2025\/11\/Nerea-y-ganadora-en-Bruselas-696x928.jpg 696w, https:\/\/www.asajacyl.com\/palencia\/wp-content\/uploads\/sites\/3\/2025\/11\/Nerea-y-ganadora-en-Bruselas-1068x1424.jpg 1068w, https:\/\/www.asajacyl.com\/palencia\/wp-content\/uploads\/sites\/3\/2025\/11\/Nerea-y-ganadora-en-Bruselas.jpg 1201w\" sizes=\"(max-width: 768px) 100vw, 768px\" \/><figcaption class=\"wp-element-caption\">A la derecha, la ganadera M\u00f3nica Dom\u00ednguez, XI Premio Joven Agricultor 2025 en Espa\u00f1a, que representa a nuestro pa\u00eds en el Premio Europeo J\u00f3venes Agricultores; ante el Ayuntamiento de Bruselas. A la izquierda, Nerea del R\u00edo, ganadera palentina que obtuvo el galard\u00f3n nacional en la modalidad de mejor eficiencia energ\u00e9tica; y representa a Espa\u00f1a en esa categor\u00eda.<\/figcaption><\/figure><\/div>\n\n\n<p>El Parlamento Europeo&nbsp;acoge el congreso con el lema&nbsp;<em>J\u00f3venes agricultores: hacia un futuro pr\u00f3spero para la agricultura en Europa<\/em>, que re\u00fane a eurodiputados, representantes institucionales y j\u00f3venes agricultores de toda la Uni\u00f3n Europea para debatir sobre el futuro del campo europeo.<\/p>\n\n\n\n<p>Este encuentro internacional naci\u00f3 en&nbsp;2012&nbsp;por iniciativa del eurodiputado&nbsp;<strong>Nuno Melo<\/strong>&nbsp;y la&nbsp;Confederaci\u00f3n de Agricultores de Portugal (CAP), y cuenta hoy con el respaldo de&nbsp;ASAJA, el&nbsp;Grupo del Partido Popular Europeo (EPP)&nbsp;y numerosos representantes del Parlamento Europeo. El congreso tiene como objetivo&nbsp;impulsar el papel estrat\u00e9gico de los j\u00f3venes agricultores, la&nbsp;innovaci\u00f3n rural&nbsp;y la&nbsp;renovaci\u00f3n generacional en la agricultura europea.<\/p>\n\n\n\n<p>Cada edici\u00f3n re\u00fane a&nbsp;agricultores, representantes institucionales, expertos del sector y organizaciones agrarias&nbsp;de toda Europa, creando un espacio de intercambio \u00fanico que impulsa el desarrollo de nuevas ideas y modelos productivos. <\/p>\n\n\n\n<p>Los finalistas del&nbsp;Premio Europeo de J\u00f3venes Agricultores&nbsp;presentar\u00e1n proyectos que destacan por su contribuci\u00f3n a la&nbsp;sostenibilidad ambiental, la&nbsp;digitalizaci\u00f3n e innovaci\u00f3n tecnol\u00f3gica, la&nbsp;transici\u00f3n hacia sistemas m\u00e1s eficientes&nbsp;y la&nbsp;mejora de la competitividad. Entre esos finalistas, figura la ganadera palentina <a href=\"https:\/\/www.asajacyl.com\/palencia\/asaja-palencia-informa\/la-ganadera-palentina-nerea-del-rio-mejor-proyecto-de-eficiencia-en-el-xi-premio-joven-agricultor-asaja\" target=\"_blank\" rel=\"noreferrer noopener\"><strong>Nerea del R\u00edo<\/strong> en la modalidad de eficiencia energ\u00e9tica<\/a>. La ganadera salmantina <strong>M\u00f3nica Dom\u00ednguez<\/strong> opta al premio europeo principal y en la modalidad de mejor proyecto de compromiso social.<\/p>\n\n\n<div class=\"wp-block-image\">\n<figure class=\"alignright size-large is-resized\"><img loading=\"lazy\" decoding=\"async\" width=\"1024\" height=\"896\" src=\"https:\/\/www.asajacyl.com\/palencia\/wp-content\/uploads\/sites\/3\/2025\/11\/Grupo-ASAJA-en-Bruselas-nov2025-web-1-1024x896.jpg\" alt=\"\" class=\"wp-image-21566\" style=\"width:656px;height:auto\" srcset=\"https:\/\/www.asajacyl.com\/palencia\/wp-content\/uploads\/sites\/3\/2025\/11\/Grupo-ASAJA-en-Bruselas-nov2025-web-1-1024x896.jpg 1024w, https:\/\/www.asajacyl.com\/palencia\/wp-content\/uploads\/sites\/3\/2025\/11\/Grupo-ASAJA-en-Bruselas-nov2025-web-1-300x263.jpg 300w, https:\/\/www.asajacyl.com\/palencia\/wp-content\/uploads\/sites\/3\/2025\/11\/Grupo-ASAJA-en-Bruselas-nov2025-web-1-768x672.jpg 768w, https:\/\/www.asajacyl.com\/palencia\/wp-content\/uploads\/sites\/3\/2025\/11\/Grupo-ASAJA-en-Bruselas-nov2025-web-1-1536x1344.jpg 1536w, https:\/\/www.asajacyl.com\/palencia\/wp-content\/uploads\/sites\/3\/2025\/11\/Grupo-ASAJA-en-Bruselas-nov2025-web-1-480x420.jpg 480w, https:\/\/www.asajacyl.com\/palencia\/wp-content\/uploads\/sites\/3\/2025\/11\/Grupo-ASAJA-en-Bruselas-nov2025-web-1-696x609.jpg 696w, https:\/\/www.asajacyl.com\/palencia\/wp-content\/uploads\/sites\/3\/2025\/11\/Grupo-ASAJA-en-Bruselas-nov2025-web-1-1068x935.jpg 1068w, https:\/\/www.asajacyl.com\/palencia\/wp-content\/uploads\/sites\/3\/2025\/11\/Grupo-ASAJA-en-Bruselas-nov2025-web-1.jpg 1890w\" sizes=\"(max-width: 1024px) 100vw, 1024px\" \/><figcaption class=\"wp-element-caption\">Delegaci\u00f3n espa\u00f1ola de j\u00f3venes profesionales del sector agroganadero que participan en el XI Congreso Europeo que organizan ASAJA y su hom\u00f3loga portuguesa, CAP, junto con el Partitpo Popular Europeo.<\/figcaption><\/figure><\/div>\n\n\n<p>Los proyectos que acuden a Bruselas ejemplifican el potencial de las nuevas generaciones para liderar una agricultura alineada con los desaf\u00edos actuales del sector agroganaderos comunitario.<\/p>\n\n\n\n<p>El programa incluye&nbsp;mesas redondas con representantes de alto nivel de las instituciones de la UE \u2014entre ellos el&nbsp;comisario de Agricultura, <strong>Christophe Hansen<\/strong>\u2014, quienes abordar\u00e1n cuestiones clave como el&nbsp;relevo generacional, la&nbsp;estabilidad del mercado, la&nbsp;seguridad alimentaria, la&nbsp;evoluci\u00f3n normativa&nbsp;y las&nbsp;oportunidades de financiaci\u00f3n para j\u00f3venes agricultores.<\/p>\n\n\n\n<p>Adem\u00e1s, el evento ofrecer\u00e1 un&nbsp;di\u00e1logo abierto entre responsables pol\u00edticos y j\u00f3venes agricultores, favoreciendo un intercambio directo para reforzar el papel de la juventud en el sector agrario europeo.<\/p>\n\n\n\n<p>CAP (Portugal)&nbsp;y&nbsp;ASAJA, como coorganizadores del XI Congreso Europeo de J\u00f3venes Agricultores junto al&nbsp;Partido Popular Europeo, refuerzan con este evento su labor constante en Bruselas para defender los intereses del sector agrario ib\u00e9rico y dar visibilidad al papel estrat\u00e9gico de los j\u00f3venes agricultores en las instituciones europeas.<\/p>\n\n\n\n<p>\ud83d\udcfa Enlace para seguir el congreso de manera telem\u00e1tica:&nbsp;<a href=\"https:\/\/www.youtube.com\/live\/TeBd7xRKZLU\">YouTube Live<\/a><\/p>\n\n\n<div class=\"wp-block-image\">\n<figure class=\"aligncenter is-resized\"><a href=\"https:\/\/www.youtube.com\/live\/TeBd7xRKZLU\"><img decoding=\"async\" src=\"https:\/\/www.asaja.com\/wp-content\/uploads\/2025\/11\/11_Congreso_Europeo.jpg\" alt=\"\" style=\"width:635px;height:auto\" \/><\/a><\/figure><\/div>","protected":false},"excerpt":{"rendered":"<p>M\u00e1s de 500 personas participan este mi\u00e9rcoles, 19 de noviembre, en el XI Congreso Europeo de J\u00f3venes Agricultores en Bruselas, donde intervendr\u00e1 como ponente el presidente nacional de ASAJA, Pedro Barato. Este a\u00f1o el evento registra una&nbsp;participaci\u00f3n r\u00e9cord con alrededor de 530 asistentes confirmados&nbsp;procedentes de toda Europa. El Congreso Europeo de J\u00f3venes Agricultores se ha [&hellip;]<\/p>\n","protected":false},"author":9,"featured_media":21565,"comment_status":"open","ping_status":"open","sticky":false,"template":"","format":"standard","meta":{"footnotes":""},"categories":[9,39,29,28,13],"tags":[58,125,351,77,1090,191,232],"yoast_head":"<!-- This site is optimized with the Yoast SEO plugin v24.5 - https:\/\/yoast.com\/wordpress\/plugins\/seo\/ -->\n<title>Medio millar de personas participan hoy en Bruselas en el XI Congreso Europeo de J\u00f3venes Agricultores - ASAJA Palencia<\/title>\n<meta name=\"description\" content=\"M\u00e1s de 500 personas participan este mi\u00e9rcoles, 19 de noviembre, en el XI Congreso Europeo de J\u00f3venes Agricultores en Bruselas, donde intervendr\u00e1 como\" \/>\n<meta name=\"robots\" content=\"index, follow, max-snippet:-1, max-image-preview:large, max-video-preview:-1\" \/>\n<link rel=\"canonical\" href=\"https:\/\/www.asajacyl.com\/palencia\/asaja-palencia-informa\/medio-millar-de-personas-participan-hoy-en-bruselas-en-el-xi-congreso-europeo-de-jovenes-agricultores\" \/>\n<meta property=\"og:locale\" content=\"es_ES\" \/>\n<meta property=\"og:type\" content=\"article\" \/>\n<meta property=\"og:title\" content=\"Medio millar de personas participan hoy en Bruselas en el XI Congreso Europeo de J\u00f3venes Agricultores - ASAJA Palencia\" \/>\n<meta property=\"og:description\" content=\"M\u00e1s de 500 personas participan este mi\u00e9rcoles, 19 de noviembre, en el XI Congreso Europeo de J\u00f3venes Agricultores en Bruselas, donde intervendr\u00e1 como\" \/>\n<meta property=\"og:url\" content=\"https:\/\/www.asajacyl.com\/palencia\/asaja-palencia-informa\/medio-millar-de-personas-participan-hoy-en-bruselas-en-el-xi-congreso-europeo-de-jovenes-agricultores\" \/>\n<meta property=\"og:site_name\" content=\"ASAJA Palencia\" \/>\n<meta property=\"article:published_time\" content=\"2025-11-19T13:14:28+00:00\" \/>\n<meta property=\"article:modified_time\" content=\"2025-11-19T13:15:26+00:00\" \/>\n<meta property=\"og:image\" content=\"https:\/\/www.asajacyl.com\/palencia\/wp-content\/uploads\/sites\/3\/2025\/11\/Grupo-ASAJA-en-Bruselas-nov2025-web-1024x896.jpg\" \/>\n\t<meta property=\"og:image:width\" content=\"1024\" \/>\n\t<meta property=\"og:image:height\" content=\"896\" \/>\n\t<meta property=\"og:image:type\" content=\"image\/jpeg\" \/>\n<meta name=\"author\" content=\"Administrador\" \/>\n<meta name=\"twitter:card\" content=\"summary_large_image\" \/>\n<meta name=\"twitter:label1\" content=\"Escrito por\" \/>\n\t<meta name=\"twitter:data1\" content=\"Administrador\" \/>\n\t<meta name=\"twitter:label2\" content=\"Tiempo de lectura\" \/>\n\t<meta name=\"twitter:data2\" content=\"4 minutos\" \/>\n<script type=\"application\/ld+json\" class=\"yoast-schema-graph\">{\"@context\":\"https:\/\/schema.org\",\"@graph\":[{\"@type\":\"WebPage\",\"@id\":\"https:\/\/www.asajacyl.com\/palencia\/asaja-palencia-informa\/medio-millar-de-personas-participan-hoy-en-bruselas-en-el-xi-congreso-europeo-de-jovenes-agricultores\",\"url\":\"https:\/\/www.asajacyl.com\/palencia\/asaja-palencia-informa\/medio-millar-de-personas-participan-hoy-en-bruselas-en-el-xi-congreso-europeo-de-jovenes-agricultores\",\"name\":\"Medio millar de personas participan hoy en Bruselas en el XI Congreso Europeo de J\u00f3venes Agricultores - ASAJA Palencia\",\"isPartOf\":{\"@id\":\"https:\/\/www.asajacyl.com\/palencia\/#website\"},\"primaryImageOfPage\":{\"@id\":\"https:\/\/www.asajacyl.com\/palencia\/asaja-palencia-informa\/medio-millar-de-personas-participan-hoy-en-bruselas-en-el-xi-congreso-europeo-de-jovenes-agricultores#primaryimage\"},\"image\":{\"@id\":\"https:\/\/www.asajacyl.com\/palencia\/asaja-palencia-informa\/medio-millar-de-personas-participan-hoy-en-bruselas-en-el-xi-congreso-europeo-de-jovenes-agricultores#primaryimage\"},\"thumbnailUrl\":\"https:\/\/www.asajacyl.com\/palencia\/wp-content\/uploads\/sites\/3\/2025\/11\/Grupo-ASAJA-en-Bruselas-nov2025-web.jpg\",\"datePublished\":\"2025-11-19T13:14:28+00:00\",\"dateModified\":\"2025-11-19T13:15:26+00:00\",\"author\":{\"@id\":\"https:\/\/www.asajacyl.com\/palencia\/#\/schema\/person\/3ab17aeb03527485c317557fae64aab1\"},\"description\":\"M\u00e1s de 500 personas participan este mi\u00e9rcoles, 19 de noviembre, en el XI Congreso Europeo de J\u00f3venes Agricultores en Bruselas, donde intervendr\u00e1 como\",\"breadcrumb\":{\"@id\":\"https:\/\/www.asajacyl.com\/palencia\/asaja-palencia-informa\/medio-millar-de-personas-participan-hoy-en-bruselas-en-el-xi-congreso-europeo-de-jovenes-agricultores#breadcrumb\"},\"inLanguage\":\"es\",\"potentialAction\":[{\"@type\":\"ReadAction\",\"target\":[\"https:\/\/www.asajacyl.com\/palencia\/asaja-palencia-informa\/medio-millar-de-personas-participan-hoy-en-bruselas-en-el-xi-congreso-europeo-de-jovenes-agricultores\"]}]},{\"@type\":\"ImageObject\",\"inLanguage\":\"es\",\"@id\":\"https:\/\/www.asajacyl.com\/palencia\/asaja-palencia-informa\/medio-millar-de-personas-participan-hoy-en-bruselas-en-el-xi-congreso-europeo-de-jovenes-agricultores#primaryimage\",\"url\":\"https:\/\/www.asajacyl.com\/palencia\/wp-content\/uploads\/sites\/3\/2025\/11\/Grupo-ASAJA-en-Bruselas-nov2025-web.jpg\",\"contentUrl\":\"https:\/\/www.asajacyl.com\/palencia\/wp-content\/uploads\/sites\/3\/2025\/11\/Grupo-ASAJA-en-Bruselas-nov2025-web.jpg\",\"width\":1890,\"height\":1654},{\"@type\":\"BreadcrumbList\",\"@id\":\"https:\/\/www.asajacyl.com\/palencia\/asaja-palencia-informa\/medio-millar-de-personas-participan-hoy-en-bruselas-en-el-xi-congreso-europeo-de-jovenes-agricultores#breadcrumb\",\"itemListElement\":[{\"@type\":\"ListItem\",\"position\":1,\"name\":\"Portada\",\"item\":\"https:\/\/www.asajacyl.com\/palencia\/\"},{\"@type\":\"ListItem\",\"position\":2,\"name\":\"Medio millar de personas participan hoy en Bruselas en el XI Congreso Europeo de J\u00f3venes Agricultores\"}]},{\"@type\":\"WebSite\",\"@id\":\"https:\/\/www.asajacyl.com\/palencia\/#website\",\"url\":\"https:\/\/www.asajacyl.com\/palencia\/\",\"name\":\"ASAJA Palencia\",\"description\":\"Otro sitio m\u00e1s de Provincias ASAJA Castilla y Le\u00f3n\",\"potentialAction\":[{\"@type\":\"SearchAction\",\"target\":{\"@type\":\"EntryPoint\",\"urlTemplate\":\"https:\/\/www.asajacyl.com\/palencia\/?s={search_term_string}\"},\"query-input\":{\"@type\":\"PropertyValueSpecification\",\"valueRequired\":true,\"valueName\":\"search_term_string\"}}],\"inLanguage\":\"es\"},{\"@type\":\"Person\",\"@id\":\"https:\/\/www.asajacyl.com\/palencia\/#\/schema\/person\/3ab17aeb03527485c317557fae64aab1\",\"name\":\"Administrador\",\"image\":{\"@type\":\"ImageObject\",\"inLanguage\":\"es\",\"@id\":\"https:\/\/www.asajacyl.com\/palencia\/#\/schema\/person\/image\/\",\"url\":\"https:\/\/secure.gravatar.com\/avatar\/517384810d242ca9e38c180f3c9fb973?s=96&d=mm&r=g\",\"contentUrl\":\"https:\/\/secure.gravatar.com\/avatar\/517384810d242ca9e38c180f3c9fb973?s=96&d=mm&r=g\",\"caption\":\"Administrador\"},\"url\":\"https:\/\/www.asajacyl.com\/palencia\/author\/carlosrm\"}]}<\/script>\n<!-- \/ Yoast SEO plugin. -->","yoast_head_json":{"title":"Medio millar de personas participan hoy en Bruselas en el XI Congreso Europeo de J\u00f3venes Agricultores - ASAJA Palencia","description":"M\u00e1s de 500 personas participan este mi\u00e9rcoles, 19 de noviembre, en el XI Congreso Europeo de J\u00f3venes Agricultores en Bruselas, donde intervendr\u00e1 como","robots":{"index":"index","follow":"follow","max-snippet":"max-snippet:-1","max-image-preview":"max-image-preview:large","max-video-preview":"max-video-preview:-1"},"canonical":"https:\/\/www.asajacyl.com\/palencia\/asaja-palencia-informa\/medio-millar-de-personas-participan-hoy-en-bruselas-en-el-xi-congreso-europeo-de-jovenes-agricultores","og_locale":"es_ES","og_type":"article","og_title":"Medio millar de personas participan hoy en Bruselas en el XI Congreso Europeo de J\u00f3venes Agricultores - ASAJA Palencia","og_description":"M\u00e1s de 500 personas participan este mi\u00e9rcoles, 19 de noviembre, en el XI Congreso Europeo de J\u00f3venes Agricultores en Bruselas, donde intervendr\u00e1 como","og_url":"https:\/\/www.asajacyl.com\/palencia\/asaja-palencia-informa\/medio-millar-de-personas-participan-hoy-en-bruselas-en-el-xi-congreso-europeo-de-jovenes-agricultores","og_site_name":"ASAJA Palencia","article_published_time":"2025-11-19T13:14:28+00:00","article_modified_time":"2025-11-19T13:15:26+00:00","og_image":[{"width":1024,"height":896,"url":"https:\/\/www.asajacyl.com\/palencia\/wp-content\/uploads\/sites\/3\/2025\/11\/Grupo-ASAJA-en-Bruselas-nov2025-web-1024x896.jpg","type":"image\/jpeg"}],"author":"Administrador","twitter_card":"summary_large_image","twitter_misc":{"Escrito por":"Administrador","Tiempo de lectura":"4 minutos"},"schema":{"@context":"https:\/\/schema.org","@graph":[{"@type":"WebPage","@id":"https:\/\/www.asajacyl.com\/palencia\/asaja-palencia-informa\/medio-millar-de-personas-participan-hoy-en-bruselas-en-el-xi-congreso-europeo-de-jovenes-agricultores","url":"https:\/\/www.asajacyl.com\/palencia\/asaja-palencia-informa\/medio-millar-de-personas-participan-hoy-en-bruselas-en-el-xi-congreso-europeo-de-jovenes-agricultores","name":"Medio millar de personas participan hoy en Bruselas en el XI Congreso Europeo de J\u00f3venes Agricultores - ASAJA Palencia","isPartOf":{"@id":"https:\/\/www.asajacyl.com\/palencia\/#website"},"primaryImageOfPage":{"@id":"https:\/\/www.asajacyl.com\/palencia\/asaja-palencia-informa\/medio-millar-de-personas-participan-hoy-en-bruselas-en-el-xi-congreso-europeo-de-jovenes-agricultores#primaryimage"},"image":{"@id":"https:\/\/www.asajacyl.com\/palencia\/asaja-palencia-informa\/medio-millar-de-personas-participan-hoy-en-bruselas-en-el-xi-congreso-europeo-de-jovenes-agricultores#primaryimage"},"thumbnailUrl":"https:\/\/www.asajacyl.com\/palencia\/wp-content\/uploads\/sites\/3\/2025\/11\/Grupo-ASAJA-en-Bruselas-nov2025-web.jpg","datePublished":"2025-11-19T13:14:28+00:00","dateModified":"2025-11-19T13:15:26+00:00","author":{"@id":"https:\/\/www.asajacyl.com\/palencia\/#\/schema\/person\/3ab17aeb03527485c317557fae64aab1"},"description":"M\u00e1s de 500 personas participan este mi\u00e9rcoles, 19 de noviembre, en el XI Congreso Europeo de J\u00f3venes Agricultores en Bruselas, donde intervendr\u00e1 como","breadcrumb":{"@id":"https:\/\/www.asajacyl.com\/palencia\/asaja-palencia-informa\/medio-millar-de-personas-participan-hoy-en-bruselas-en-el-xi-congreso-europeo-de-jovenes-agricultores#breadcrumb"},"inLanguage":"es","potentialAction":[{"@type":"ReadAction","target":["https:\/\/www.asajacyl.com\/palencia\/asaja-palencia-informa\/medio-millar-de-personas-participan-hoy-en-bruselas-en-el-xi-congreso-europeo-de-jovenes-agricultores"]}]},{"@type":"ImageObject","inLanguage":"es","@id":"https:\/\/www.asajacyl.com\/palencia\/asaja-palencia-informa\/medio-millar-de-personas-participan-hoy-en-bruselas-en-el-xi-congreso-europeo-de-jovenes-agricultores#primaryimage","url":"https:\/\/www.asajacyl.com\/palencia\/wp-content\/uploads\/sites\/3\/2025\/11\/Grupo-ASAJA-en-Bruselas-nov2025-web.jpg","contentUrl":"https:\/\/www.asajacyl.com\/palencia\/wp-content\/uploads\/sites\/3\/2025\/11\/Grupo-ASAJA-en-Bruselas-nov2025-web.jpg","width":1890,"height":1654},{"@type":"BreadcrumbList","@id":"https:\/\/www.asajacyl.com\/palencia\/asaja-palencia-informa\/medio-millar-de-personas-participan-hoy-en-bruselas-en-el-xi-congreso-europeo-de-jovenes-agricultores#breadcrumb","itemListElement":[{"@type":"ListItem","position":1,"name":"Portada","item":"https:\/\/www.asajacyl.com\/palencia\/"},{"@type":"ListItem","position":2,"name":"Medio millar de personas participan hoy en Bruselas en el XI Congreso Europeo de J\u00f3venes Agricultores"}]},{"@type":"WebSite","@id":"https:\/\/www.asajacyl.com\/palencia\/#website","url":"https:\/\/www.asajacyl.com\/palencia\/","name":"ASAJA Palencia","description":"Otro sitio m\u00e1s de Provincias ASAJA Castilla y Le\u00f3n","potentialAction":[{"@type":"SearchAction","target":{"@type":"EntryPoint","urlTemplate":"https:\/\/www.asajacyl.com\/palencia\/?s={search_term_string}"},"query-input":{"@type":"PropertyValueSpecification","valueRequired":true,"valueName":"search_term_string"}}],"inLanguage":"es"},{"@type":"Person","@id":"https:\/\/www.asajacyl.com\/palencia\/#\/schema\/person\/3ab17aeb03527485c317557fae64aab1","name":"Administrador","image":{"@type":"ImageObject","inLanguage":"es","@id":"https:\/\/www.asajacyl.com\/palencia\/#\/schema\/person\/image\/","url":"https:\/\/secure.gravatar.com\/avatar\/517384810d242ca9e38c180f3c9fb973?s=96&d=mm&r=g","contentUrl":"https:\/\/secure.gravatar.com\/avatar\/517384810d242ca9e38c180f3c9fb973?s=96&d=mm&r=g","caption":"Administrador"},"url":"https:\/\/www.asajacyl.com\/palencia\/author\/carlosrm"}]}},"_links":{"self":[{"href":"https:\/\/www.asajacyl.com\/palencia\/wp-json\/wp\/v2\/posts\/21560"}],"collection":[{"href":"https:\/\/www.asajacyl.com\/palencia\/wp-json\/wp\/v2\/posts"}],"about":[{"href":"https:\/\/www.asajacyl.com\/palencia\/wp-json\/wp\/v2\/types\/post"}],"author":[{"embeddable":true,"href":"https:\/\/www.asajacyl.com\/palencia\/wp-json\/wp\/v2\/users\/9"}],"replies":[{"embeddable":true,"href":"https:\/\/www.asajacyl.com\/palencia\/wp-json\/wp\/v2\/comments?post=21560"}],"version-history":[{"count":5,"href":"https:\/\/www.asajacyl.com\/palencia\/wp-json\/wp\/v2\/posts\/21560\/revisions"}],"predecessor-version":[{"id":21568,"href":"https:\/\/www.asajacyl.com\/palencia\/wp-json\/wp\/v2\/posts\/21560\/revisions\/21568"}],"wp:featuredmedia":[{"embeddable":true,"href":"https:\/\/www.asajacyl.com\/palencia\/wp-json\/wp\/v2\/media\/21565"}],"wp:attachment":[{"href":"https:\/\/www.asajacyl.com\/palencia\/wp-json\/wp\/v2\/media?parent=21560"}],"wp:term":[{"taxonomy":"category","embeddable":true,"href":"https:\/\/www.asajacyl.com\/palencia\/wp-json\/wp\/v2\/categories?post=21560"},{"taxonomy":"post_tag","embeddable":true,"href":"https:\/\/www.asajacyl.com\/palencia\/wp-json\/wp\/v2\/tags?post=21560"}],"curies":[{"name":"wp","href":"https:\/\/api.w.org\/{rel}","templated":true}]}}