{"id":21591,"date":"2025-11-24T07:30:00","date_gmt":"2025-11-24T06:30:00","guid":{"rendered":"https:\/\/www.asajacyl.com\/palencia\/?p=21591"},"modified":"2025-11-21T14:12:20","modified_gmt":"2025-11-21T13:12:20","slug":"el-ministerio-ordena-el-pago-de-las-ayudas-a-los-agricultores-y-ganaderos-afectados-por-los-incendios","status":"publish","type":"post","link":"https:\/\/www.asajacyl.com\/palencia\/asaja-palencia-informa\/el-ministerio-ordena-el-pago-de-las-ayudas-a-los-agricultores-y-ganaderos-afectados-por-los-incendios","title":{"rendered":"El Ministerio ordena el pago de las ayudas a los agricultores y ganaderos afectados por los incendios"},"content":{"rendered":"\n<h2 class=\"wp-block-heading\">El\u00a0Ministerio de Agricultura, Pesca y Alimentaci\u00f3n\u00a0ha publicado en su\u00a0<a href=\"https:\/\/sede.mapa.gob.es\/portal\/site\/seMAPA\/template.PAGE\/navTablonAnuncios\/?javax.portlet.sync=aa3ca6b27fa5270ac24cef525cdc20a0&amp;javax.portlet.tpst=0bc20cf778d328e8bb7f54a15cdc20a0&amp;javax.portlet.begCacheTok=com.vignette.cachetoken&amp;javax.portlet.endCacheTok=com.vignette.cachetoken\"><span style=\"text-decoration: underline\">sede electr\u00f3nica<\/span><\/a>\u00a0las resoluciones con los\u00a09679 agricultores y ganaderos\u00a0entre los que se distribuir\u00e1n en los pr\u00f3ximos d\u00edas los\u00a027,8 millones de euros\u00a0en ayudas directas para compensar parte de los da\u00f1os ocasionados en sus explotaciones por los grandes\u00a0incendios forestales del pasado verano. Hay dos tipos de ayuda:\u00a0la compensaci\u00f3n por p\u00e9rdida de renta\u00a0y el\u00a0apoyo adicional al coste del seguro agrario\u00a0para titulares de p\u00f3lizas.<\/h2>\n\n\n\n<p>Seg\u00fan el Ministerio, los pagos se realizar\u00e1n esta semana, una vez verificado que los beneficiarios est\u00e1n <span style=\"text-decoration: underline\">al corriente de sus\u00a0obligaciones tributarias y con la Seguridad Social<\/span>. Tambi\u00e9n se publicar\u00e1 la lista de <span style=\"text-decoration: underline\">personas que incumplen este requisito<\/span> y que deber\u00e1n regularizar su situaci\u00f3n. Los <span style=\"text-decoration: underline\">plazos para subsanar<\/span> ser\u00e1n de\u00a0veinte d\u00edas h\u00e1biles\u00a0para las ayudas por p\u00e9rdida de renta, y\u00a0de cinco d\u00edas h\u00e1biles\u00a0para las vinculadas al seguro. Toda la informaci\u00f3n estar\u00e1 disponible en la\u00a0web del Ministerio.<\/p>\n\n\n\n<p>ASAJA valor\u00f3 las ayudas ministeriales, pero destac\u00f3 que se quedan cortas teniendo en cuenta la magnitud del da\u00f1o. \u00ab\u00bfQu\u00e9 son veintisiete millones cuando los da\u00f1os al sector agrario han superado los doscientos millones de euros?\u00bb, manifest\u00f3 nuestro presidente nacional, Pedro Barato, al difundirse la convocatoria. Recordemos que los grandes incendios afectaron a 224 municipios de diez comunidades aut\u00f3nomas distintas: Andaluc\u00eda, Arag\u00f3n, Asturias, Cantabria, Castilla-La Mancha, Castilla y Le\u00f3n, Catalu\u00f1a, Extremadura, Galicia y Madrid.<\/p>\n\n\n\n<p><strong>CRUCE DE DATOS TRIBUTARIOS. <\/strong>Los beneficiarios no han tenido que presentar ninguna solicitud, ya que su identificaci\u00f3n se ha efectuado mediante un\u00a0cruce de datos\u00a0entre el Ministerio, la\u00a0Agencia Tributaria\u00a0y el\u00a0Sistema Europeo de Informaci\u00f3n sobre Incendios, con la colaboraci\u00f3n del\u00a0Ministerio para la Transici\u00f3n Ecol\u00f3gica y el Reto Demogr\u00e1fico.<\/p>\n\n\n\n<p>De esta manera se garantiza una m\u00e1s r\u00e1pida disponibilidad de fondos\u00a0para los afectados y se cumple el compromiso adquirido por el\u00a0ministro Luis Planas\u00a0de que las ayudas estuvieran abonadas antes de acabar 2025. El ministro defini\u00f3 la medida como \u00abun complemento para la recuperaci\u00f3n\u00bb de los da\u00f1os en el sector agrario, tras unos incendios que, entre junio y septiembre, llegaron a afectar a 350 000 hect\u00e1reas (una d\u00e9cima parte de ellas, tierras de cultivo). \u00a0\u00a0<\/p>\n\n\n\n<p>Hasta 3446 afectados contar\u00e1n con un apoyo espec\u00edfico para compensar la p\u00e9rdida de renta, con un importe global que supera los\u00a021,5 millones de euros. Es decir, en este caso, el promedio de la ayuda ronda los 6200 euros. <\/p>\n\n\n\n<p>Otros\u00a06647 titulares de explotaciones\u00a0ver\u00e1n cubierto parte del coste de su seguro agrario, gracias a una ayuda adicional cercana a los\u00a06,3 millones. En esta l\u00ednea, la media de ayuda se aproxima a los mil euros. <\/p>\n\n\n\n<p><strong>M\u00c1XIMO, 16 000 EUROS. <\/strong>La ayuda se ha calculado con el 20 % de los ingresos agrarios, con un m\u00ednimo de 1500 euros si la cantidad resultante fuese inferior, y un m\u00e1ximo de 10 000 euros. Esos l\u00edmites pueden ampliarse a un m\u00ednimo de 6000 euros y un m\u00e1ximo de 16 000 euros para los agricultores y ganaderos indemnizados por el seguro agrario por da\u00f1os causados por los incendios.<\/p>\n\n\n\n<p>En ausencia de precedentes para efectuar el c\u00e1lculo, la ayuda a los\u00a0j\u00f3venes agricultores y ganaderos\u00a0situados en las zonas afectadas que han iniciado su actividad en\u00a02025\u00a0(es decir, que han presentado por primera vez la\u00a0solicitud \u00fanica de la PAC este a\u00f1o) es de mil quinientos euros.<strong>\/<\/strong><\/p>\n","protected":false},"excerpt":{"rendered":"<p>El\u00a0Ministerio de Agricultura, Pesca y Alimentaci\u00f3n\u00a0ha publicado en su\u00a0sede electr\u00f3nica\u00a0las resoluciones con los\u00a09679 agricultores y ganaderos\u00a0entre los que se distribuir\u00e1n en los pr\u00f3ximos d\u00edas los\u00a027,8 millones de euros\u00a0en ayudas directas para compensar parte de los da\u00f1os ocasionados en sus explotaciones por los grandes\u00a0incendios forestales del pasado verano. Hay dos tipos de ayuda:\u00a0la compensaci\u00f3n por p\u00e9rdida [&hellip;]<\/p>\n","protected":false},"author":9,"featured_media":20744,"comment_status":"open","ping_status":"open","sticky":false,"template":"","format":"standard","meta":{"footnotes":""},"categories":[9,31,29,28,35,13],"tags":[58,59,351,77,94,1612,922,92,110,98,501,93],"yoast_head":"<!-- This site is optimized with the Yoast SEO plugin v24.5 - https:\/\/yoast.com\/wordpress\/plugins\/seo\/ -->\n<title>El Ministerio ordena el pago de las ayudas a los agricultores y ganaderos afectados por los incendios - ASAJA Palencia<\/title>\n<meta name=\"description\" content=\"El\u00a0Ministerio de Agricultura, Pesca y Alimentaci\u00f3n\u00a0ha publicado en su\u00a0sede electr\u00f3nica\u00a0las resoluciones con los\u00a09679 agricultores y ganaderos\u00a0entre los\" \/>\n<meta name=\"robots\" content=\"index, follow, max-snippet:-1, max-image-preview:large, max-video-preview:-1\" \/>\n<link rel=\"canonical\" href=\"https:\/\/www.asajacyl.com\/palencia\/asaja-palencia-informa\/el-ministerio-ordena-el-pago-de-las-ayudas-a-los-agricultores-y-ganaderos-afectados-por-los-incendios\" \/>\n<meta property=\"og:locale\" content=\"es_ES\" \/>\n<meta property=\"og:type\" content=\"article\" \/>\n<meta property=\"og:title\" content=\"El Ministerio ordena el pago de las ayudas a los agricultores y ganaderos afectados por los incendios - ASAJA Palencia\" \/>\n<meta property=\"og:description\" content=\"El\u00a0Ministerio de Agricultura, Pesca y Alimentaci\u00f3n\u00a0ha publicado en su\u00a0sede electr\u00f3nica\u00a0las resoluciones con los\u00a09679 agricultores y ganaderos\u00a0entre los\" \/>\n<meta property=\"og:url\" content=\"https:\/\/www.asajacyl.com\/palencia\/asaja-palencia-informa\/el-ministerio-ordena-el-pago-de-las-ayudas-a-los-agricultores-y-ganaderos-afectados-por-los-incendios\" \/>\n<meta property=\"og:site_name\" content=\"ASAJA Palencia\" \/>\n<meta property=\"article:published_time\" content=\"2025-11-24T06:30:00+00:00\" \/>\n<meta property=\"og:image\" content=\"https:\/\/www.asajacyl.com\/palencia\/wp-content\/uploads\/sites\/3\/2025\/08\/Incendio-Pernia.jpg\" \/>\n\t<meta property=\"og:image:width\" content=\"2500\" \/>\n\t<meta property=\"og:image:height\" content=\"1875\" \/>\n\t<meta property=\"og:image:type\" content=\"image\/jpeg\" \/>\n<meta name=\"author\" content=\"Administrador\" \/>\n<meta name=\"twitter:card\" content=\"summary_large_image\" \/>\n<meta name=\"twitter:label1\" content=\"Escrito por\" \/>\n\t<meta name=\"twitter:data1\" content=\"Administrador\" \/>\n\t<meta name=\"twitter:label2\" content=\"Tiempo de lectura\" \/>\n\t<meta name=\"twitter:data2\" content=\"3 minutos\" \/>\n<script type=\"application\/ld+json\" class=\"yoast-schema-graph\">{\"@context\":\"https:\/\/schema.org\",\"@graph\":[{\"@type\":\"WebPage\",\"@id\":\"https:\/\/www.asajacyl.com\/palencia\/asaja-palencia-informa\/el-ministerio-ordena-el-pago-de-las-ayudas-a-los-agricultores-y-ganaderos-afectados-por-los-incendios\",\"url\":\"https:\/\/www.asajacyl.com\/palencia\/asaja-palencia-informa\/el-ministerio-ordena-el-pago-de-las-ayudas-a-los-agricultores-y-ganaderos-afectados-por-los-incendios\",\"name\":\"El Ministerio ordena el pago de las ayudas a los agricultores y ganaderos afectados por los incendios - ASAJA Palencia\",\"isPartOf\":{\"@id\":\"https:\/\/www.asajacyl.com\/palencia\/#website\"},\"primaryImageOfPage\":{\"@id\":\"https:\/\/www.asajacyl.com\/palencia\/asaja-palencia-informa\/el-ministerio-ordena-el-pago-de-las-ayudas-a-los-agricultores-y-ganaderos-afectados-por-los-incendios#primaryimage\"},\"image\":{\"@id\":\"https:\/\/www.asajacyl.com\/palencia\/asaja-palencia-informa\/el-ministerio-ordena-el-pago-de-las-ayudas-a-los-agricultores-y-ganaderos-afectados-por-los-incendios#primaryimage\"},\"thumbnailUrl\":\"https:\/\/www.asajacyl.com\/palencia\/wp-content\/uploads\/sites\/3\/2025\/08\/Incendio-Pernia.jpg\",\"datePublished\":\"2025-11-24T06:30:00+00:00\",\"author\":{\"@id\":\"https:\/\/www.asajacyl.com\/palencia\/#\/schema\/person\/3ab17aeb03527485c317557fae64aab1\"},\"description\":\"El\u00a0Ministerio de Agricultura, Pesca y Alimentaci\u00f3n\u00a0ha publicado en su\u00a0sede electr\u00f3nica\u00a0las resoluciones con los\u00a09679 agricultores y ganaderos\u00a0entre los\",\"breadcrumb\":{\"@id\":\"https:\/\/www.asajacyl.com\/palencia\/asaja-palencia-informa\/el-ministerio-ordena-el-pago-de-las-ayudas-a-los-agricultores-y-ganaderos-afectados-por-los-incendios#breadcrumb\"},\"inLanguage\":\"es\",\"potentialAction\":[{\"@type\":\"ReadAction\",\"target\":[\"https:\/\/www.asajacyl.com\/palencia\/asaja-palencia-informa\/el-ministerio-ordena-el-pago-de-las-ayudas-a-los-agricultores-y-ganaderos-afectados-por-los-incendios\"]}]},{\"@type\":\"ImageObject\",\"inLanguage\":\"es\",\"@id\":\"https:\/\/www.asajacyl.com\/palencia\/asaja-palencia-informa\/el-ministerio-ordena-el-pago-de-las-ayudas-a-los-agricultores-y-ganaderos-afectados-por-los-incendios#primaryimage\",\"url\":\"https:\/\/www.asajacyl.com\/palencia\/wp-content\/uploads\/sites\/3\/2025\/08\/Incendio-Pernia.jpg\",\"contentUrl\":\"https:\/\/www.asajacyl.com\/palencia\/wp-content\/uploads\/sites\/3\/2025\/08\/Incendio-Pernia.jpg\",\"width\":2500,\"height\":1875},{\"@type\":\"BreadcrumbList\",\"@id\":\"https:\/\/www.asajacyl.com\/palencia\/asaja-palencia-informa\/el-ministerio-ordena-el-pago-de-las-ayudas-a-los-agricultores-y-ganaderos-afectados-por-los-incendios#breadcrumb\",\"itemListElement\":[{\"@type\":\"ListItem\",\"position\":1,\"name\":\"Portada\",\"item\":\"https:\/\/www.asajacyl.com\/palencia\/\"},{\"@type\":\"ListItem\",\"position\":2,\"name\":\"El Ministerio ordena el pago de las ayudas a los agricultores y ganaderos afectados por los incendios\"}]},{\"@type\":\"WebSite\",\"@id\":\"https:\/\/www.asajacyl.com\/palencia\/#website\",\"url\":\"https:\/\/www.asajacyl.com\/palencia\/\",\"name\":\"ASAJA Palencia\",\"description\":\"Otro sitio m\u00e1s de Provincias ASAJA Castilla y Le\u00f3n\",\"potentialAction\":[{\"@type\":\"SearchAction\",\"target\":{\"@type\":\"EntryPoint\",\"urlTemplate\":\"https:\/\/www.asajacyl.com\/palencia\/?s={search_term_string}\"},\"query-input\":{\"@type\":\"PropertyValueSpecification\",\"valueRequired\":true,\"valueName\":\"search_term_string\"}}],\"inLanguage\":\"es\"},{\"@type\":\"Person\",\"@id\":\"https:\/\/www.asajacyl.com\/palencia\/#\/schema\/person\/3ab17aeb03527485c317557fae64aab1\",\"name\":\"Administrador\",\"image\":{\"@type\":\"ImageObject\",\"inLanguage\":\"es\",\"@id\":\"https:\/\/www.asajacyl.com\/palencia\/#\/schema\/person\/image\/\",\"url\":\"https:\/\/secure.gravatar.com\/avatar\/517384810d242ca9e38c180f3c9fb973?s=96&d=mm&r=g\",\"contentUrl\":\"https:\/\/secure.gravatar.com\/avatar\/517384810d242ca9e38c180f3c9fb973?s=96&d=mm&r=g\",\"caption\":\"Administrador\"},\"url\":\"https:\/\/www.asajacyl.com\/palencia\/author\/carlosrm\"}]}<\/script>\n<!-- \/ Yoast SEO plugin. -->","yoast_head_json":{"title":"El Ministerio ordena el pago de las ayudas a los agricultores y ganaderos afectados por los incendios - ASAJA Palencia","description":"El\u00a0Ministerio de Agricultura, Pesca y Alimentaci\u00f3n\u00a0ha publicado en su\u00a0sede electr\u00f3nica\u00a0las resoluciones con los\u00a09679 agricultores y ganaderos\u00a0entre los","robots":{"index":"index","follow":"follow","max-snippet":"max-snippet:-1","max-image-preview":"max-image-preview:large","max-video-preview":"max-video-preview:-1"},"canonical":"https:\/\/www.asajacyl.com\/palencia\/asaja-palencia-informa\/el-ministerio-ordena-el-pago-de-las-ayudas-a-los-agricultores-y-ganaderos-afectados-por-los-incendios","og_locale":"es_ES","og_type":"article","og_title":"El Ministerio ordena el pago de las ayudas a los agricultores y ganaderos afectados por los incendios - ASAJA Palencia","og_description":"El\u00a0Ministerio de Agricultura, Pesca y Alimentaci\u00f3n\u00a0ha publicado en su\u00a0sede electr\u00f3nica\u00a0las resoluciones con los\u00a09679 agricultores y ganaderos\u00a0entre los","og_url":"https:\/\/www.asajacyl.com\/palencia\/asaja-palencia-informa\/el-ministerio-ordena-el-pago-de-las-ayudas-a-los-agricultores-y-ganaderos-afectados-por-los-incendios","og_site_name":"ASAJA Palencia","article_published_time":"2025-11-24T06:30:00+00:00","og_image":[{"width":2500,"height":1875,"url":"https:\/\/www.asajacyl.com\/palencia\/wp-content\/uploads\/sites\/3\/2025\/08\/Incendio-Pernia.jpg","type":"image\/jpeg"}],"author":"Administrador","twitter_card":"summary_large_image","twitter_misc":{"Escrito por":"Administrador","Tiempo de lectura":"3 minutos"},"schema":{"@context":"https:\/\/schema.org","@graph":[{"@type":"WebPage","@id":"https:\/\/www.asajacyl.com\/palencia\/asaja-palencia-informa\/el-ministerio-ordena-el-pago-de-las-ayudas-a-los-agricultores-y-ganaderos-afectados-por-los-incendios","url":"https:\/\/www.asajacyl.com\/palencia\/asaja-palencia-informa\/el-ministerio-ordena-el-pago-de-las-ayudas-a-los-agricultores-y-ganaderos-afectados-por-los-incendios","name":"El Ministerio ordena el pago de las ayudas a los agricultores y ganaderos afectados por los incendios - ASAJA Palencia","isPartOf":{"@id":"https:\/\/www.asajacyl.com\/palencia\/#website"},"primaryImageOfPage":{"@id":"https:\/\/www.asajacyl.com\/palencia\/asaja-palencia-informa\/el-ministerio-ordena-el-pago-de-las-ayudas-a-los-agricultores-y-ganaderos-afectados-por-los-incendios#primaryimage"},"image":{"@id":"https:\/\/www.asajacyl.com\/palencia\/asaja-palencia-informa\/el-ministerio-ordena-el-pago-de-las-ayudas-a-los-agricultores-y-ganaderos-afectados-por-los-incendios#primaryimage"},"thumbnailUrl":"https:\/\/www.asajacyl.com\/palencia\/wp-content\/uploads\/sites\/3\/2025\/08\/Incendio-Pernia.jpg","datePublished":"2025-11-24T06:30:00+00:00","author":{"@id":"https:\/\/www.asajacyl.com\/palencia\/#\/schema\/person\/3ab17aeb03527485c317557fae64aab1"},"description":"El\u00a0Ministerio de Agricultura, Pesca y Alimentaci\u00f3n\u00a0ha publicado en su\u00a0sede electr\u00f3nica\u00a0las resoluciones con los\u00a09679 agricultores y ganaderos\u00a0entre los","breadcrumb":{"@id":"https:\/\/www.asajacyl.com\/palencia\/asaja-palencia-informa\/el-ministerio-ordena-el-pago-de-las-ayudas-a-los-agricultores-y-ganaderos-afectados-por-los-incendios#breadcrumb"},"inLanguage":"es","potentialAction":[{"@type":"ReadAction","target":["https:\/\/www.asajacyl.com\/palencia\/asaja-palencia-informa\/el-ministerio-ordena-el-pago-de-las-ayudas-a-los-agricultores-y-ganaderos-afectados-por-los-incendios"]}]},{"@type":"ImageObject","inLanguage":"es","@id":"https:\/\/www.asajacyl.com\/palencia\/asaja-palencia-informa\/el-ministerio-ordena-el-pago-de-las-ayudas-a-los-agricultores-y-ganaderos-afectados-por-los-incendios#primaryimage","url":"https:\/\/www.asajacyl.com\/palencia\/wp-content\/uploads\/sites\/3\/2025\/08\/Incendio-Pernia.jpg","contentUrl":"https:\/\/www.asajacyl.com\/palencia\/wp-content\/uploads\/sites\/3\/2025\/08\/Incendio-Pernia.jpg","width":2500,"height":1875},{"@type":"BreadcrumbList","@id":"https:\/\/www.asajacyl.com\/palencia\/asaja-palencia-informa\/el-ministerio-ordena-el-pago-de-las-ayudas-a-los-agricultores-y-ganaderos-afectados-por-los-incendios#breadcrumb","itemListElement":[{"@type":"ListItem","position":1,"name":"Portada","item":"https:\/\/www.asajacyl.com\/palencia\/"},{"@type":"ListItem","position":2,"name":"El Ministerio ordena el pago de las ayudas a los agricultores y ganaderos afectados por los incendios"}]},{"@type":"WebSite","@id":"https:\/\/www.asajacyl.com\/palencia\/#website","url":"https:\/\/www.asajacyl.com\/palencia\/","name":"ASAJA Palencia","description":"Otro sitio m\u00e1s de Provincias ASAJA Castilla y Le\u00f3n","potentialAction":[{"@type":"SearchAction","target":{"@type":"EntryPoint","urlTemplate":"https:\/\/www.asajacyl.com\/palencia\/?s={search_term_string}"},"query-input":{"@type":"PropertyValueSpecification","valueRequired":true,"valueName":"search_term_string"}}],"inLanguage":"es"},{"@type":"Person","@id":"https:\/\/www.asajacyl.com\/palencia\/#\/schema\/person\/3ab17aeb03527485c317557fae64aab1","name":"Administrador","image":{"@type":"ImageObject","inLanguage":"es","@id":"https:\/\/www.asajacyl.com\/palencia\/#\/schema\/person\/image\/","url":"https:\/\/secure.gravatar.com\/avatar\/517384810d242ca9e38c180f3c9fb973?s=96&d=mm&r=g","contentUrl":"https:\/\/secure.gravatar.com\/avatar\/517384810d242ca9e38c180f3c9fb973?s=96&d=mm&r=g","caption":"Administrador"},"url":"https:\/\/www.asajacyl.com\/palencia\/author\/carlosrm"}]}},"_links":{"self":[{"href":"https:\/\/www.asajacyl.com\/palencia\/wp-json\/wp\/v2\/posts\/21591"}],"collection":[{"href":"https:\/\/www.asajacyl.com\/palencia\/wp-json\/wp\/v2\/posts"}],"about":[{"href":"https:\/\/www.asajacyl.com\/palencia\/wp-json\/wp\/v2\/types\/post"}],"author":[{"embeddable":true,"href":"https:\/\/www.asajacyl.com\/palencia\/wp-json\/wp\/v2\/users\/9"}],"replies":[{"embeddable":true,"href":"https:\/\/www.asajacyl.com\/palencia\/wp-json\/wp\/v2\/comments?post=21591"}],"version-history":[{"count":1,"href":"https:\/\/www.asajacyl.com\/palencia\/wp-json\/wp\/v2\/posts\/21591\/revisions"}],"predecessor-version":[{"id":21592,"href":"https:\/\/www.asajacyl.com\/palencia\/wp-json\/wp\/v2\/posts\/21591\/revisions\/21592"}],"wp:featuredmedia":[{"embeddable":true,"href":"https:\/\/www.asajacyl.com\/palencia\/wp-json\/wp\/v2\/media\/20744"}],"wp:attachment":[{"href":"https:\/\/www.asajacyl.com\/palencia\/wp-json\/wp\/v2\/media?parent=21591"}],"wp:term":[{"taxonomy":"category","embeddable":true,"href":"https:\/\/www.asajacyl.com\/palencia\/wp-json\/wp\/v2\/categories?post=21591"},{"taxonomy":"post_tag","embeddable":true,"href":"https:\/\/www.asajacyl.com\/palencia\/wp-json\/wp\/v2\/tags?post=21591"}],"curies":[{"name":"wp","href":"https:\/\/api.w.org\/{rel}","templated":true}]}}