{"id":21601,"date":"2025-11-26T07:30:00","date_gmt":"2025-11-26T06:30:00","guid":{"rendered":"https:\/\/www.asajacyl.com\/palencia\/?p=21601"},"modified":"2025-11-24T11:35:00","modified_gmt":"2025-11-24T10:35:00","slug":"asaja-se-movilizara-con-todo-el-sector-agroganadero-comunitario-en-bruselas-el-18-de-diciembre","status":"publish","type":"post","link":"https:\/\/www.asajacyl.com\/palencia\/asaja-palencia-informa\/asaja-se-movilizara-con-todo-el-sector-agroganadero-comunitario-en-bruselas-el-18-de-diciembre","title":{"rendered":"ASAJA se movilizar\u00e1 con todo el sector agroganadero comunitario en Bruselas el 18 de diciembre"},"content":{"rendered":"\n<h2 class=\"wp-block-heading\">Se estima que el\u00a018 de diciembre\u00a0diez mil agricultores y ganaderos\u00a0se movilizar\u00e1n  en\u00a0Bruselas\u00a0para denunciar el\u00a0creciente enfoque enga\u00f1oso de la Uni\u00f3n Europea hacia el sector agrario. Los profesionales del campo vienen advirtiendo a la UE desde 2024 sobre su oposici\u00f3n a las\u00a0reformas de la PAC y del presupuesto, a la\u00a0regulaci\u00f3n excesiva\u00a0y a los acuerdos comerciales inaceptables, como el de\u00a0Mercosur. A finales de\u00a02025, las expectativas siguen sin cumplirse. La determinaci\u00f3n de la Comisi\u00f3n Europea de seguir adelante constituir\u00eda un\u00a0error hist\u00f3rico\u00a0no s\u00f3lo para los agricultores y ganaderos, sino tambi\u00e9n para el proyecto comunitario y los consumidores de los pa\u00edses miembros. ASAJA estar\u00e1 presente representando al campo espa\u00f1ol y defendiendo las reivindicaciones de nuestros agricultores y ganaderos. Nuestra organizaci\u00f3n se suma a esta jornada para trasladar directamente a las instituciones europeas la urgencia de apoyar al sector con pol\u00edticas realistas, coherentes y sostenibles.<\/h2>\n\n\n<div class=\"wp-block-image\">\n<figure class=\"alignright size-large is-resized\"><img loading=\"lazy\" decoding=\"async\" width=\"1024\" height=\"576\" src=\"https:\/\/www.asajacyl.com\/palencia\/wp-content\/uploads\/sites\/3\/2025\/11\/Bruselas-movilizacion-18dic2025-1024x576.jpg\" alt=\"\" class=\"wp-image-21604\" style=\"width:745px;height:auto\" srcset=\"https:\/\/www.asajacyl.com\/palencia\/wp-content\/uploads\/sites\/3\/2025\/11\/Bruselas-movilizacion-18dic2025-1024x576.jpg 1024w, https:\/\/www.asajacyl.com\/palencia\/wp-content\/uploads\/sites\/3\/2025\/11\/Bruselas-movilizacion-18dic2025-300x169.jpg 300w, https:\/\/www.asajacyl.com\/palencia\/wp-content\/uploads\/sites\/3\/2025\/11\/Bruselas-movilizacion-18dic2025-768x432.jpg 768w, https:\/\/www.asajacyl.com\/palencia\/wp-content\/uploads\/sites\/3\/2025\/11\/Bruselas-movilizacion-18dic2025-747x420.jpg 747w, https:\/\/www.asajacyl.com\/palencia\/wp-content\/uploads\/sites\/3\/2025\/11\/Bruselas-movilizacion-18dic2025-696x391.jpg 696w, https:\/\/www.asajacyl.com\/palencia\/wp-content\/uploads\/sites\/3\/2025\/11\/Bruselas-movilizacion-18dic2025-1068x601.jpg 1068w, https:\/\/www.asajacyl.com\/palencia\/wp-content\/uploads\/sites\/3\/2025\/11\/Bruselas-movilizacion-18dic2025.jpg 1081w\" sizes=\"(max-width: 1024px) 100vw, 1024px\" \/><\/figure><\/div>\n\n\n<p>La\u00a0seguridad alimentaria\u00a0es un pilar de la\u00a0soberan\u00eda europea que depende de su sector agroganadero. Las comunidades agrarias, firmes defensoras del ideal europeo, no pueden permanecer en silencio ante un\u00a0error estrat\u00e9gico\u00a0de tal magnitud. <\/p>\n\n\n\n<p>A pesar de los discursos que presentan al sector agrario como estrat\u00e9gico, las acciones de la Comisi\u00f3n Europea reflejan un\u00a0retroceso en las ambiciones comunes, y crea una brecha entre las palabras y los hechos, que afecta a las familias rurales, los consumidores y la sociedad comunitaria en general.<\/p>\n\n\n\n<p><strong>FECHAS CRUCIALES. <\/strong>Por ese motivo, las entidades que agrupan a las organizaciones profesionales agrarias y a las cooperativas del sector a nivel comunitario \u2014COPA y COGECA, respectivamente\u2014 convocan una\u00a0jornada de protesta de todo el sector agroganadero europeo para el 18 de diciembre, pocas horas antes de que la presidenta\u00a0de la Comisi\u00f3n, <strong>Ursula Von der Leyen<\/strong>,\u00a0viaje a\u00a0Brasil\u00a0para cerrar el acuerdo con\u00a0Mercosur,\u00a0y mientras los jefes de Estado y de Gobierno de la UE se re\u00fanen en una sesi\u00f3n clave sobre el\u00a0futuro presupuesto europeo. <\/p>\n\n\n\n<p>Alrededor de\u00a0cuarenta organizaciones agr\u00edcolas\u00a0de toda Europa han confirmado su participaci\u00f3n y se espera que\u00a0unos diez mil participantes transmitan un mensaje firme y unido a la Comisi\u00f3n.<\/p>\n\n\n\n<p>Los agricultores reclaman\u00a0soluciones audaces y tangibles\u00a0para sus explotaciones y cooperativas:<\/p>\n\n\n\n<ul>\n<li>Una\u00a0PAC fuerte, com\u00fan y bien financiada\u00a0a partir de 2027.<\/li>\n\n\n\n<li>Normas comerciales justas y transparentes. que protejan los criterios de calidad y producci\u00f3n europeos y los sectores sensibles.<\/li>\n\n\n\n<li>Una\u00a0simplificaci\u00f3n real, mejor regulaci\u00f3n y seguridad jur\u00eddica.<\/li>\n<\/ul>\n","protected":false},"excerpt":{"rendered":"<p>Se estima que el\u00a018 de diciembre\u00a0diez mil agricultores y ganaderos\u00a0se movilizar\u00e1n en\u00a0Bruselas\u00a0para denunciar el\u00a0creciente enfoque enga\u00f1oso de la Uni\u00f3n Europea hacia el sector agrario. Los profesionales del campo vienen advirtiendo a la UE desde 2024 sobre su oposici\u00f3n a las\u00a0reformas de la PAC y del presupuesto, a la\u00a0regulaci\u00f3n excesiva\u00a0y a los acuerdos comerciales inaceptables, como [&hellip;]<\/p>\n","protected":false},"author":9,"featured_media":21605,"comment_status":"open","ping_status":"open","sticky":false,"template":"","format":"standard","meta":{"footnotes":""},"categories":[9,31,38,28,13],"tags":[1211,1172,58,260,100,192,351,77,1631,1171,45,1188,338,1228],"yoast_head":"<!-- This site is optimized with the Yoast SEO plugin v24.5 - https:\/\/yoast.com\/wordpress\/plugins\/seo\/ -->\n<title>ASAJA se movilizar\u00e1 con todo el sector agroganadero comunitario en Bruselas el 18 de diciembre - ASAJA Palencia<\/title>\n<meta name=\"description\" content=\"Se estima que el\u00a018 de diciembre\u00a0diez mil agricultores y ganaderos\u00a0se movilizar\u00e1n en\u00a0Bruselas\u00a0para denunciar el\u00a0creciente enfoque enga\u00f1oso de la Uni\u00f3n\" \/>\n<meta name=\"robots\" content=\"index, follow, max-snippet:-1, max-image-preview:large, max-video-preview:-1\" \/>\n<link rel=\"canonical\" href=\"https:\/\/www.asajacyl.com\/palencia\/asaja-palencia-informa\/asaja-se-movilizara-con-todo-el-sector-agroganadero-comunitario-en-bruselas-el-18-de-diciembre\" \/>\n<meta property=\"og:locale\" content=\"es_ES\" \/>\n<meta property=\"og:type\" content=\"article\" \/>\n<meta property=\"og:title\" content=\"ASAJA se movilizar\u00e1 con todo el sector agroganadero comunitario en Bruselas el 18 de diciembre - ASAJA Palencia\" \/>\n<meta property=\"og:description\" content=\"Se estima que el\u00a018 de diciembre\u00a0diez mil agricultores y ganaderos\u00a0se movilizar\u00e1n en\u00a0Bruselas\u00a0para denunciar el\u00a0creciente enfoque enga\u00f1oso de la Uni\u00f3n\" \/>\n<meta property=\"og:url\" content=\"https:\/\/www.asajacyl.com\/palencia\/asaja-palencia-informa\/asaja-se-movilizara-con-todo-el-sector-agroganadero-comunitario-en-bruselas-el-18-de-diciembre\" \/>\n<meta property=\"og:site_name\" content=\"ASAJA Palencia\" \/>\n<meta property=\"article:published_time\" content=\"2025-11-26T06:30:00+00:00\" \/>\n<meta property=\"og:image\" content=\"https:\/\/www.asajacyl.com\/palencia\/wp-content\/uploads\/sites\/3\/2025\/11\/ASAJA-en-Bruselas-16jul2025-web2.jpg\" \/>\n\t<meta property=\"og:image:width\" content=\"1890\" \/>\n\t<meta property=\"og:image:height\" content=\"1654\" \/>\n\t<meta property=\"og:image:type\" content=\"image\/jpeg\" \/>\n<meta name=\"author\" content=\"Administrador\" \/>\n<meta name=\"twitter:card\" content=\"summary_large_image\" \/>\n<meta name=\"twitter:label1\" content=\"Escrito por\" \/>\n\t<meta name=\"twitter:data1\" content=\"Administrador\" \/>\n\t<meta name=\"twitter:label2\" content=\"Tiempo de lectura\" \/>\n\t<meta name=\"twitter:data2\" content=\"3 minutos\" \/>\n<script type=\"application\/ld+json\" class=\"yoast-schema-graph\">{\"@context\":\"https:\/\/schema.org\",\"@graph\":[{\"@type\":\"WebPage\",\"@id\":\"https:\/\/www.asajacyl.com\/palencia\/asaja-palencia-informa\/asaja-se-movilizara-con-todo-el-sector-agroganadero-comunitario-en-bruselas-el-18-de-diciembre\",\"url\":\"https:\/\/www.asajacyl.com\/palencia\/asaja-palencia-informa\/asaja-se-movilizara-con-todo-el-sector-agroganadero-comunitario-en-bruselas-el-18-de-diciembre\",\"name\":\"ASAJA se movilizar\u00e1 con todo el sector agroganadero comunitario en Bruselas el 18 de diciembre - ASAJA Palencia\",\"isPartOf\":{\"@id\":\"https:\/\/www.asajacyl.com\/palencia\/#website\"},\"primaryImageOfPage\":{\"@id\":\"https:\/\/www.asajacyl.com\/palencia\/asaja-palencia-informa\/asaja-se-movilizara-con-todo-el-sector-agroganadero-comunitario-en-bruselas-el-18-de-diciembre#primaryimage\"},\"image\":{\"@id\":\"https:\/\/www.asajacyl.com\/palencia\/asaja-palencia-informa\/asaja-se-movilizara-con-todo-el-sector-agroganadero-comunitario-en-bruselas-el-18-de-diciembre#primaryimage\"},\"thumbnailUrl\":\"https:\/\/www.asajacyl.com\/palencia\/wp-content\/uploads\/sites\/3\/2025\/11\/ASAJA-en-Bruselas-16jul2025-web2.jpg\",\"datePublished\":\"2025-11-26T06:30:00+00:00\",\"author\":{\"@id\":\"https:\/\/www.asajacyl.com\/palencia\/#\/schema\/person\/3ab17aeb03527485c317557fae64aab1\"},\"description\":\"Se estima que el\u00a018 de diciembre\u00a0diez mil agricultores y ganaderos\u00a0se movilizar\u00e1n en\u00a0Bruselas\u00a0para denunciar el\u00a0creciente enfoque enga\u00f1oso de la Uni\u00f3n\",\"breadcrumb\":{\"@id\":\"https:\/\/www.asajacyl.com\/palencia\/asaja-palencia-informa\/asaja-se-movilizara-con-todo-el-sector-agroganadero-comunitario-en-bruselas-el-18-de-diciembre#breadcrumb\"},\"inLanguage\":\"es\",\"potentialAction\":[{\"@type\":\"ReadAction\",\"target\":[\"https:\/\/www.asajacyl.com\/palencia\/asaja-palencia-informa\/asaja-se-movilizara-con-todo-el-sector-agroganadero-comunitario-en-bruselas-el-18-de-diciembre\"]}]},{\"@type\":\"ImageObject\",\"inLanguage\":\"es\",\"@id\":\"https:\/\/www.asajacyl.com\/palencia\/asaja-palencia-informa\/asaja-se-movilizara-con-todo-el-sector-agroganadero-comunitario-en-bruselas-el-18-de-diciembre#primaryimage\",\"url\":\"https:\/\/www.asajacyl.com\/palencia\/wp-content\/uploads\/sites\/3\/2025\/11\/ASAJA-en-Bruselas-16jul2025-web2.jpg\",\"contentUrl\":\"https:\/\/www.asajacyl.com\/palencia\/wp-content\/uploads\/sites\/3\/2025\/11\/ASAJA-en-Bruselas-16jul2025-web2.jpg\",\"width\":1890,\"height\":1654},{\"@type\":\"BreadcrumbList\",\"@id\":\"https:\/\/www.asajacyl.com\/palencia\/asaja-palencia-informa\/asaja-se-movilizara-con-todo-el-sector-agroganadero-comunitario-en-bruselas-el-18-de-diciembre#breadcrumb\",\"itemListElement\":[{\"@type\":\"ListItem\",\"position\":1,\"name\":\"Portada\",\"item\":\"https:\/\/www.asajacyl.com\/palencia\/\"},{\"@type\":\"ListItem\",\"position\":2,\"name\":\"ASAJA se movilizar\u00e1 con todo el sector agroganadero comunitario en Bruselas el 18 de diciembre\"}]},{\"@type\":\"WebSite\",\"@id\":\"https:\/\/www.asajacyl.com\/palencia\/#website\",\"url\":\"https:\/\/www.asajacyl.com\/palencia\/\",\"name\":\"ASAJA Palencia\",\"description\":\"Otro sitio m\u00e1s de Provincias ASAJA Castilla y Le\u00f3n\",\"potentialAction\":[{\"@type\":\"SearchAction\",\"target\":{\"@type\":\"EntryPoint\",\"urlTemplate\":\"https:\/\/www.asajacyl.com\/palencia\/?s={search_term_string}\"},\"query-input\":{\"@type\":\"PropertyValueSpecification\",\"valueRequired\":true,\"valueName\":\"search_term_string\"}}],\"inLanguage\":\"es\"},{\"@type\":\"Person\",\"@id\":\"https:\/\/www.asajacyl.com\/palencia\/#\/schema\/person\/3ab17aeb03527485c317557fae64aab1\",\"name\":\"Administrador\",\"image\":{\"@type\":\"ImageObject\",\"inLanguage\":\"es\",\"@id\":\"https:\/\/www.asajacyl.com\/palencia\/#\/schema\/person\/image\/\",\"url\":\"https:\/\/secure.gravatar.com\/avatar\/517384810d242ca9e38c180f3c9fb973?s=96&d=mm&r=g\",\"contentUrl\":\"https:\/\/secure.gravatar.com\/avatar\/517384810d242ca9e38c180f3c9fb973?s=96&d=mm&r=g\",\"caption\":\"Administrador\"},\"url\":\"https:\/\/www.asajacyl.com\/palencia\/author\/carlosrm\"}]}<\/script>\n<!-- \/ Yoast SEO plugin. -->","yoast_head_json":{"title":"ASAJA se movilizar\u00e1 con todo el sector agroganadero comunitario en Bruselas el 18 de diciembre - ASAJA Palencia","description":"Se estima que el\u00a018 de diciembre\u00a0diez mil agricultores y ganaderos\u00a0se movilizar\u00e1n en\u00a0Bruselas\u00a0para denunciar el\u00a0creciente enfoque enga\u00f1oso de la Uni\u00f3n","robots":{"index":"index","follow":"follow","max-snippet":"max-snippet:-1","max-image-preview":"max-image-preview:large","max-video-preview":"max-video-preview:-1"},"canonical":"https:\/\/www.asajacyl.com\/palencia\/asaja-palencia-informa\/asaja-se-movilizara-con-todo-el-sector-agroganadero-comunitario-en-bruselas-el-18-de-diciembre","og_locale":"es_ES","og_type":"article","og_title":"ASAJA se movilizar\u00e1 con todo el sector agroganadero comunitario en Bruselas el 18 de diciembre - ASAJA Palencia","og_description":"Se estima que el\u00a018 de diciembre\u00a0diez mil agricultores y ganaderos\u00a0se movilizar\u00e1n en\u00a0Bruselas\u00a0para denunciar el\u00a0creciente enfoque enga\u00f1oso de la Uni\u00f3n","og_url":"https:\/\/www.asajacyl.com\/palencia\/asaja-palencia-informa\/asaja-se-movilizara-con-todo-el-sector-agroganadero-comunitario-en-bruselas-el-18-de-diciembre","og_site_name":"ASAJA Palencia","article_published_time":"2025-11-26T06:30:00+00:00","og_image":[{"width":1890,"height":1654,"url":"https:\/\/www.asajacyl.com\/palencia\/wp-content\/uploads\/sites\/3\/2025\/11\/ASAJA-en-Bruselas-16jul2025-web2.jpg","type":"image\/jpeg"}],"author":"Administrador","twitter_card":"summary_large_image","twitter_misc":{"Escrito por":"Administrador","Tiempo de lectura":"3 minutos"},"schema":{"@context":"https:\/\/schema.org","@graph":[{"@type":"WebPage","@id":"https:\/\/www.asajacyl.com\/palencia\/asaja-palencia-informa\/asaja-se-movilizara-con-todo-el-sector-agroganadero-comunitario-en-bruselas-el-18-de-diciembre","url":"https:\/\/www.asajacyl.com\/palencia\/asaja-palencia-informa\/asaja-se-movilizara-con-todo-el-sector-agroganadero-comunitario-en-bruselas-el-18-de-diciembre","name":"ASAJA se movilizar\u00e1 con todo el sector agroganadero comunitario en Bruselas el 18 de diciembre - ASAJA Palencia","isPartOf":{"@id":"https:\/\/www.asajacyl.com\/palencia\/#website"},"primaryImageOfPage":{"@id":"https:\/\/www.asajacyl.com\/palencia\/asaja-palencia-informa\/asaja-se-movilizara-con-todo-el-sector-agroganadero-comunitario-en-bruselas-el-18-de-diciembre#primaryimage"},"image":{"@id":"https:\/\/www.asajacyl.com\/palencia\/asaja-palencia-informa\/asaja-se-movilizara-con-todo-el-sector-agroganadero-comunitario-en-bruselas-el-18-de-diciembre#primaryimage"},"thumbnailUrl":"https:\/\/www.asajacyl.com\/palencia\/wp-content\/uploads\/sites\/3\/2025\/11\/ASAJA-en-Bruselas-16jul2025-web2.jpg","datePublished":"2025-11-26T06:30:00+00:00","author":{"@id":"https:\/\/www.asajacyl.com\/palencia\/#\/schema\/person\/3ab17aeb03527485c317557fae64aab1"},"description":"Se estima que el\u00a018 de diciembre\u00a0diez mil agricultores y ganaderos\u00a0se movilizar\u00e1n en\u00a0Bruselas\u00a0para denunciar el\u00a0creciente enfoque enga\u00f1oso de la Uni\u00f3n","breadcrumb":{"@id":"https:\/\/www.asajacyl.com\/palencia\/asaja-palencia-informa\/asaja-se-movilizara-con-todo-el-sector-agroganadero-comunitario-en-bruselas-el-18-de-diciembre#breadcrumb"},"inLanguage":"es","potentialAction":[{"@type":"ReadAction","target":["https:\/\/www.asajacyl.com\/palencia\/asaja-palencia-informa\/asaja-se-movilizara-con-todo-el-sector-agroganadero-comunitario-en-bruselas-el-18-de-diciembre"]}]},{"@type":"ImageObject","inLanguage":"es","@id":"https:\/\/www.asajacyl.com\/palencia\/asaja-palencia-informa\/asaja-se-movilizara-con-todo-el-sector-agroganadero-comunitario-en-bruselas-el-18-de-diciembre#primaryimage","url":"https:\/\/www.asajacyl.com\/palencia\/wp-content\/uploads\/sites\/3\/2025\/11\/ASAJA-en-Bruselas-16jul2025-web2.jpg","contentUrl":"https:\/\/www.asajacyl.com\/palencia\/wp-content\/uploads\/sites\/3\/2025\/11\/ASAJA-en-Bruselas-16jul2025-web2.jpg","width":1890,"height":1654},{"@type":"BreadcrumbList","@id":"https:\/\/www.asajacyl.com\/palencia\/asaja-palencia-informa\/asaja-se-movilizara-con-todo-el-sector-agroganadero-comunitario-en-bruselas-el-18-de-diciembre#breadcrumb","itemListElement":[{"@type":"ListItem","position":1,"name":"Portada","item":"https:\/\/www.asajacyl.com\/palencia\/"},{"@type":"ListItem","position":2,"name":"ASAJA se movilizar\u00e1 con todo el sector agroganadero comunitario en Bruselas el 18 de diciembre"}]},{"@type":"WebSite","@id":"https:\/\/www.asajacyl.com\/palencia\/#website","url":"https:\/\/www.asajacyl.com\/palencia\/","name":"ASAJA Palencia","description":"Otro sitio m\u00e1s de Provincias ASAJA Castilla y Le\u00f3n","potentialAction":[{"@type":"SearchAction","target":{"@type":"EntryPoint","urlTemplate":"https:\/\/www.asajacyl.com\/palencia\/?s={search_term_string}"},"query-input":{"@type":"PropertyValueSpecification","valueRequired":true,"valueName":"search_term_string"}}],"inLanguage":"es"},{"@type":"Person","@id":"https:\/\/www.asajacyl.com\/palencia\/#\/schema\/person\/3ab17aeb03527485c317557fae64aab1","name":"Administrador","image":{"@type":"ImageObject","inLanguage":"es","@id":"https:\/\/www.asajacyl.com\/palencia\/#\/schema\/person\/image\/","url":"https:\/\/secure.gravatar.com\/avatar\/517384810d242ca9e38c180f3c9fb973?s=96&d=mm&r=g","contentUrl":"https:\/\/secure.gravatar.com\/avatar\/517384810d242ca9e38c180f3c9fb973?s=96&d=mm&r=g","caption":"Administrador"},"url":"https:\/\/www.asajacyl.com\/palencia\/author\/carlosrm"}]}},"_links":{"self":[{"href":"https:\/\/www.asajacyl.com\/palencia\/wp-json\/wp\/v2\/posts\/21601"}],"collection":[{"href":"https:\/\/www.asajacyl.com\/palencia\/wp-json\/wp\/v2\/posts"}],"about":[{"href":"https:\/\/www.asajacyl.com\/palencia\/wp-json\/wp\/v2\/types\/post"}],"author":[{"embeddable":true,"href":"https:\/\/www.asajacyl.com\/palencia\/wp-json\/wp\/v2\/users\/9"}],"replies":[{"embeddable":true,"href":"https:\/\/www.asajacyl.com\/palencia\/wp-json\/wp\/v2\/comments?post=21601"}],"version-history":[{"count":3,"href":"https:\/\/www.asajacyl.com\/palencia\/wp-json\/wp\/v2\/posts\/21601\/revisions"}],"predecessor-version":[{"id":21606,"href":"https:\/\/www.asajacyl.com\/palencia\/wp-json\/wp\/v2\/posts\/21601\/revisions\/21606"}],"wp:featuredmedia":[{"embeddable":true,"href":"https:\/\/www.asajacyl.com\/palencia\/wp-json\/wp\/v2\/media\/21605"}],"wp:attachment":[{"href":"https:\/\/www.asajacyl.com\/palencia\/wp-json\/wp\/v2\/media?parent=21601"}],"wp:term":[{"taxonomy":"category","embeddable":true,"href":"https:\/\/www.asajacyl.com\/palencia\/wp-json\/wp\/v2\/categories?post=21601"},{"taxonomy":"post_tag","embeddable":true,"href":"https:\/\/www.asajacyl.com\/palencia\/wp-json\/wp\/v2\/tags?post=21601"}],"curies":[{"name":"wp","href":"https:\/\/api.w.org\/{rel}","templated":true}]}}