{"id":21607,"date":"2025-11-25T09:56:06","date_gmt":"2025-11-25T08:56:06","guid":{"rendered":"https:\/\/www.asajacyl.com\/palencia\/?p=21607"},"modified":"2025-11-25T09:56:10","modified_gmt":"2025-11-25T08:56:10","slug":"la-demanda-prenavidena-tira-de-la-cotizacion-del-bovino-que-sigue-desfasada-con-respecto-al-mercado","status":"publish","type":"post","link":"https:\/\/www.asajacyl.com\/palencia\/asaja-palencia-informa\/la-demanda-prenavidena-tira-de-la-cotizacion-del-bovino-que-sigue-desfasada-con-respecto-al-mercado","title":{"rendered":"La demanda prenavide\u00f1a tira de la cotizaci\u00f3n del bovino, que sigue desfasada con respecto al mercado"},"content":{"rendered":"\n<h2 class=\"wp-block-heading\">La Lonja de Salamanca ha constatado que la cotizaci\u00f3n del bovino de carne se ha reactivado por la buena demanda de estas semanas previas a la Navidad, en las que aumenta la actividad de los mataderos, con una oferta de ganado que sigue resultando limitada. En ese sentido, los ganaderos afirmaron una semana m\u00e1s en la mesa del vacuno para sacrificio que las tablillas de precios siguen desfasadas en la lonja salmantina con respecto a las operaciones reales del mercado.<\/h2>\n\n\n\n<p>Los a\u00f1ojos han subido tres c\u00e9ntimos por kilogramo, mientras las terneras han repuntado dos c\u00e9ntimos. Hay que recordar que los precios permanec\u00edan estables en la Lonja de Salamanca desde primeros de octubre, debido a la incertidumbre creada por los brotes de dermatosis nodular contagiosa (DNC) surgidos en Gerona, y las restricciones preventivas implantadas en Castilla y Le\u00f3n, al igual que en otras comunidades de Espa\u00f1a.<\/p>\n\n\n\n<p>La reactivaci\u00f3n tambi\u00e9n ha llegado a la mesa del bovino para vida, donde se han plasmado subidas de cuatro c\u00e9ntimos por kilo en los machos y de tres c\u00e9ntimos por kilo en las hembras. <\/p>\n\n\n\n<p>Los ganaderos insistieron en reclamar subidas en ambas mesas, porque la situaci\u00f3n real del mercado, con fuerte demanda y producciones muy ajustadas, no permit\u00eda mantener m\u00e1s tiempo ese inmovilismo. Como se ha explicadom reiteradamente, la DNC no se transmite al ser humano, ni por contacto con animales infectados, ni por consumo de productos del bovino.<\/p>\n\n\n\n<figure class=\"wp-block-image size-large is-resized\"><img loading=\"lazy\" decoding=\"async\" width=\"1024\" height=\"768\" src=\"https:\/\/www.asajacyl.com\/palencia\/wp-content\/uploads\/sites\/3\/2025\/11\/Tabla-precios-ganaderia-24nov2025-1024x768.png\" alt=\"\" class=\"wp-image-21608\" style=\"width:1064px;height:auto\" srcset=\"https:\/\/www.asajacyl.com\/palencia\/wp-content\/uploads\/sites\/3\/2025\/11\/Tabla-precios-ganaderia-24nov2025-1024x768.png 1024w, https:\/\/www.asajacyl.com\/palencia\/wp-content\/uploads\/sites\/3\/2025\/11\/Tabla-precios-ganaderia-24nov2025-300x225.png 300w, https:\/\/www.asajacyl.com\/palencia\/wp-content\/uploads\/sites\/3\/2025\/11\/Tabla-precios-ganaderia-24nov2025-768x576.png 768w, https:\/\/www.asajacyl.com\/palencia\/wp-content\/uploads\/sites\/3\/2025\/11\/Tabla-precios-ganaderia-24nov2025-1536x1152.png 1536w, https:\/\/www.asajacyl.com\/palencia\/wp-content\/uploads\/sites\/3\/2025\/11\/Tabla-precios-ganaderia-24nov2025-2048x1536.png 2048w, https:\/\/www.asajacyl.com\/palencia\/wp-content\/uploads\/sites\/3\/2025\/11\/Tabla-precios-ganaderia-24nov2025-560x420.png 560w, https:\/\/www.asajacyl.com\/palencia\/wp-content\/uploads\/sites\/3\/2025\/11\/Tabla-precios-ganaderia-24nov2025-80x60.png 80w, https:\/\/www.asajacyl.com\/palencia\/wp-content\/uploads\/sites\/3\/2025\/11\/Tabla-precios-ganaderia-24nov2025-696x522.png 696w, https:\/\/www.asajacyl.com\/palencia\/wp-content\/uploads\/sites\/3\/2025\/11\/Tabla-precios-ganaderia-24nov2025-1068x801.png 1068w, https:\/\/www.asajacyl.com\/palencia\/wp-content\/uploads\/sites\/3\/2025\/11\/Tabla-precios-ganaderia-24nov2025-1920x1440.png 1920w\" sizes=\"(max-width: 1024px) 100vw, 1024px\" \/><\/figure>\n","protected":false},"excerpt":{"rendered":"<p>La Lonja de Salamanca ha constatado que la cotizaci\u00f3n del bovino de carne se ha reactivado por la buena demanda de estas semanas previas a la Navidad, en las que aumenta la actividad de los mataderos, con una oferta de ganado que sigue resultando limitada. En ese sentido, los ganaderos afirmaron una semana m\u00e1s en [&hellip;]<\/p>\n","protected":false},"author":9,"featured_media":18868,"comment_status":"open","ping_status":"open","sticky":false,"template":"","format":"standard","meta":{"footnotes":""},"categories":[9,29,36,28,13],"tags":[648,234,478,289,46,651,351,1490,77,977,293,467,143,311,365,144,294],"yoast_head":"<!-- This site is optimized with the Yoast SEO plugin v24.5 - https:\/\/yoast.com\/wordpress\/plugins\/seo\/ -->\n<title>La demanda prenavide\u00f1a tira de la cotizaci\u00f3n del bovino, que sigue desfasada con respecto al mercado - ASAJA Palencia<\/title>\n<meta name=\"description\" content=\"La Lonja de Salamanca ha constatado que la cotizaci\u00f3n del bovino de carne se ha reactivado por la buena demanda de estas semanas previas a la Navidad, en\" \/>\n<meta name=\"robots\" content=\"index, follow, max-snippet:-1, max-image-preview:large, max-video-preview:-1\" \/>\n<link rel=\"canonical\" href=\"https:\/\/www.asajacyl.com\/palencia\/asaja-palencia-informa\/la-demanda-prenavidena-tira-de-la-cotizacion-del-bovino-que-sigue-desfasada-con-respecto-al-mercado\" \/>\n<meta property=\"og:locale\" content=\"es_ES\" \/>\n<meta property=\"og:type\" content=\"article\" \/>\n<meta property=\"og:title\" content=\"La demanda prenavide\u00f1a tira de la cotizaci\u00f3n del bovino, que sigue desfasada con respecto al mercado - ASAJA Palencia\" \/>\n<meta property=\"og:description\" content=\"La Lonja de Salamanca ha constatado que la cotizaci\u00f3n del bovino de carne se ha reactivado por la buena demanda de estas semanas previas a la Navidad, en\" \/>\n<meta property=\"og:url\" content=\"https:\/\/www.asajacyl.com\/palencia\/asaja-palencia-informa\/la-demanda-prenavidena-tira-de-la-cotizacion-del-bovino-que-sigue-desfasada-con-respecto-al-mercado\" \/>\n<meta property=\"og:site_name\" content=\"ASAJA Palencia\" \/>\n<meta property=\"article:published_time\" content=\"2025-11-25T08:56:06+00:00\" \/>\n<meta property=\"article:modified_time\" content=\"2025-11-25T08:56:10+00:00\" \/>\n<meta property=\"og:image\" content=\"https:\/\/www.asajacyl.com\/palencia\/wp-content\/uploads\/sites\/3\/2025\/02\/Canales-bovino-carne.jpg\" \/>\n\t<meta property=\"og:image:width\" content=\"1024\" \/>\n\t<meta property=\"og:image:height\" content=\"896\" \/>\n\t<meta property=\"og:image:type\" content=\"image\/jpeg\" \/>\n<meta name=\"author\" content=\"Administrador\" \/>\n<meta name=\"twitter:card\" content=\"summary_large_image\" \/>\n<meta name=\"twitter:label1\" content=\"Escrito por\" \/>\n\t<meta name=\"twitter:data1\" content=\"Administrador\" \/>\n\t<meta name=\"twitter:label2\" content=\"Tiempo de lectura\" \/>\n\t<meta name=\"twitter:data2\" content=\"2 minutos\" \/>\n<script type=\"application\/ld+json\" class=\"yoast-schema-graph\">{\"@context\":\"https:\/\/schema.org\",\"@graph\":[{\"@type\":\"WebPage\",\"@id\":\"https:\/\/www.asajacyl.com\/palencia\/asaja-palencia-informa\/la-demanda-prenavidena-tira-de-la-cotizacion-del-bovino-que-sigue-desfasada-con-respecto-al-mercado\",\"url\":\"https:\/\/www.asajacyl.com\/palencia\/asaja-palencia-informa\/la-demanda-prenavidena-tira-de-la-cotizacion-del-bovino-que-sigue-desfasada-con-respecto-al-mercado\",\"name\":\"La demanda prenavide\u00f1a tira de la cotizaci\u00f3n del bovino, que sigue desfasada con respecto al mercado - ASAJA Palencia\",\"isPartOf\":{\"@id\":\"https:\/\/www.asajacyl.com\/palencia\/#website\"},\"primaryImageOfPage\":{\"@id\":\"https:\/\/www.asajacyl.com\/palencia\/asaja-palencia-informa\/la-demanda-prenavidena-tira-de-la-cotizacion-del-bovino-que-sigue-desfasada-con-respecto-al-mercado#primaryimage\"},\"image\":{\"@id\":\"https:\/\/www.asajacyl.com\/palencia\/asaja-palencia-informa\/la-demanda-prenavidena-tira-de-la-cotizacion-del-bovino-que-sigue-desfasada-con-respecto-al-mercado#primaryimage\"},\"thumbnailUrl\":\"https:\/\/www.asajacyl.com\/palencia\/wp-content\/uploads\/sites\/3\/2025\/02\/Canales-bovino-carne.jpg\",\"datePublished\":\"2025-11-25T08:56:06+00:00\",\"dateModified\":\"2025-11-25T08:56:10+00:00\",\"author\":{\"@id\":\"https:\/\/www.asajacyl.com\/palencia\/#\/schema\/person\/3ab17aeb03527485c317557fae64aab1\"},\"description\":\"La Lonja de Salamanca ha constatado que la cotizaci\u00f3n del bovino de carne se ha reactivado por la buena demanda de estas semanas previas a la Navidad, en\",\"breadcrumb\":{\"@id\":\"https:\/\/www.asajacyl.com\/palencia\/asaja-palencia-informa\/la-demanda-prenavidena-tira-de-la-cotizacion-del-bovino-que-sigue-desfasada-con-respecto-al-mercado#breadcrumb\"},\"inLanguage\":\"es\",\"potentialAction\":[{\"@type\":\"ReadAction\",\"target\":[\"https:\/\/www.asajacyl.com\/palencia\/asaja-palencia-informa\/la-demanda-prenavidena-tira-de-la-cotizacion-del-bovino-que-sigue-desfasada-con-respecto-al-mercado\"]}]},{\"@type\":\"ImageObject\",\"inLanguage\":\"es\",\"@id\":\"https:\/\/www.asajacyl.com\/palencia\/asaja-palencia-informa\/la-demanda-prenavidena-tira-de-la-cotizacion-del-bovino-que-sigue-desfasada-con-respecto-al-mercado#primaryimage\",\"url\":\"https:\/\/www.asajacyl.com\/palencia\/wp-content\/uploads\/sites\/3\/2025\/02\/Canales-bovino-carne.jpg\",\"contentUrl\":\"https:\/\/www.asajacyl.com\/palencia\/wp-content\/uploads\/sites\/3\/2025\/02\/Canales-bovino-carne.jpg\",\"width\":1024,\"height\":896},{\"@type\":\"BreadcrumbList\",\"@id\":\"https:\/\/www.asajacyl.com\/palencia\/asaja-palencia-informa\/la-demanda-prenavidena-tira-de-la-cotizacion-del-bovino-que-sigue-desfasada-con-respecto-al-mercado#breadcrumb\",\"itemListElement\":[{\"@type\":\"ListItem\",\"position\":1,\"name\":\"Portada\",\"item\":\"https:\/\/www.asajacyl.com\/palencia\/\"},{\"@type\":\"ListItem\",\"position\":2,\"name\":\"La demanda prenavide\u00f1a tira de la cotizaci\u00f3n del bovino, que sigue desfasada con respecto al mercado\"}]},{\"@type\":\"WebSite\",\"@id\":\"https:\/\/www.asajacyl.com\/palencia\/#website\",\"url\":\"https:\/\/www.asajacyl.com\/palencia\/\",\"name\":\"ASAJA Palencia\",\"description\":\"Otro sitio m\u00e1s de Provincias ASAJA Castilla y Le\u00f3n\",\"potentialAction\":[{\"@type\":\"SearchAction\",\"target\":{\"@type\":\"EntryPoint\",\"urlTemplate\":\"https:\/\/www.asajacyl.com\/palencia\/?s={search_term_string}\"},\"query-input\":{\"@type\":\"PropertyValueSpecification\",\"valueRequired\":true,\"valueName\":\"search_term_string\"}}],\"inLanguage\":\"es\"},{\"@type\":\"Person\",\"@id\":\"https:\/\/www.asajacyl.com\/palencia\/#\/schema\/person\/3ab17aeb03527485c317557fae64aab1\",\"name\":\"Administrador\",\"image\":{\"@type\":\"ImageObject\",\"inLanguage\":\"es\",\"@id\":\"https:\/\/www.asajacyl.com\/palencia\/#\/schema\/person\/image\/\",\"url\":\"https:\/\/secure.gravatar.com\/avatar\/517384810d242ca9e38c180f3c9fb973?s=96&d=mm&r=g\",\"contentUrl\":\"https:\/\/secure.gravatar.com\/avatar\/517384810d242ca9e38c180f3c9fb973?s=96&d=mm&r=g\",\"caption\":\"Administrador\"},\"url\":\"https:\/\/www.asajacyl.com\/palencia\/author\/carlosrm\"}]}<\/script>\n<!-- \/ Yoast SEO plugin. -->","yoast_head_json":{"title":"La demanda prenavide\u00f1a tira de la cotizaci\u00f3n del bovino, que sigue desfasada con respecto al mercado - ASAJA Palencia","description":"La Lonja de Salamanca ha constatado que la cotizaci\u00f3n del bovino de carne se ha reactivado por la buena demanda de estas semanas previas a la Navidad, en","robots":{"index":"index","follow":"follow","max-snippet":"max-snippet:-1","max-image-preview":"max-image-preview:large","max-video-preview":"max-video-preview:-1"},"canonical":"https:\/\/www.asajacyl.com\/palencia\/asaja-palencia-informa\/la-demanda-prenavidena-tira-de-la-cotizacion-del-bovino-que-sigue-desfasada-con-respecto-al-mercado","og_locale":"es_ES","og_type":"article","og_title":"La demanda prenavide\u00f1a tira de la cotizaci\u00f3n del bovino, que sigue desfasada con respecto al mercado - ASAJA Palencia","og_description":"La Lonja de Salamanca ha constatado que la cotizaci\u00f3n del bovino de carne se ha reactivado por la buena demanda de estas semanas previas a la Navidad, en","og_url":"https:\/\/www.asajacyl.com\/palencia\/asaja-palencia-informa\/la-demanda-prenavidena-tira-de-la-cotizacion-del-bovino-que-sigue-desfasada-con-respecto-al-mercado","og_site_name":"ASAJA Palencia","article_published_time":"2025-11-25T08:56:06+00:00","article_modified_time":"2025-11-25T08:56:10+00:00","og_image":[{"width":1024,"height":896,"url":"https:\/\/www.asajacyl.com\/palencia\/wp-content\/uploads\/sites\/3\/2025\/02\/Canales-bovino-carne.jpg","type":"image\/jpeg"}],"author":"Administrador","twitter_card":"summary_large_image","twitter_misc":{"Escrito por":"Administrador","Tiempo de lectura":"2 minutos"},"schema":{"@context":"https:\/\/schema.org","@graph":[{"@type":"WebPage","@id":"https:\/\/www.asajacyl.com\/palencia\/asaja-palencia-informa\/la-demanda-prenavidena-tira-de-la-cotizacion-del-bovino-que-sigue-desfasada-con-respecto-al-mercado","url":"https:\/\/www.asajacyl.com\/palencia\/asaja-palencia-informa\/la-demanda-prenavidena-tira-de-la-cotizacion-del-bovino-que-sigue-desfasada-con-respecto-al-mercado","name":"La demanda prenavide\u00f1a tira de la cotizaci\u00f3n del bovino, que sigue desfasada con respecto al mercado - ASAJA Palencia","isPartOf":{"@id":"https:\/\/www.asajacyl.com\/palencia\/#website"},"primaryImageOfPage":{"@id":"https:\/\/www.asajacyl.com\/palencia\/asaja-palencia-informa\/la-demanda-prenavidena-tira-de-la-cotizacion-del-bovino-que-sigue-desfasada-con-respecto-al-mercado#primaryimage"},"image":{"@id":"https:\/\/www.asajacyl.com\/palencia\/asaja-palencia-informa\/la-demanda-prenavidena-tira-de-la-cotizacion-del-bovino-que-sigue-desfasada-con-respecto-al-mercado#primaryimage"},"thumbnailUrl":"https:\/\/www.asajacyl.com\/palencia\/wp-content\/uploads\/sites\/3\/2025\/02\/Canales-bovino-carne.jpg","datePublished":"2025-11-25T08:56:06+00:00","dateModified":"2025-11-25T08:56:10+00:00","author":{"@id":"https:\/\/www.asajacyl.com\/palencia\/#\/schema\/person\/3ab17aeb03527485c317557fae64aab1"},"description":"La Lonja de Salamanca ha constatado que la cotizaci\u00f3n del bovino de carne se ha reactivado por la buena demanda de estas semanas previas a la Navidad, en","breadcrumb":{"@id":"https:\/\/www.asajacyl.com\/palencia\/asaja-palencia-informa\/la-demanda-prenavidena-tira-de-la-cotizacion-del-bovino-que-sigue-desfasada-con-respecto-al-mercado#breadcrumb"},"inLanguage":"es","potentialAction":[{"@type":"ReadAction","target":["https:\/\/www.asajacyl.com\/palencia\/asaja-palencia-informa\/la-demanda-prenavidena-tira-de-la-cotizacion-del-bovino-que-sigue-desfasada-con-respecto-al-mercado"]}]},{"@type":"ImageObject","inLanguage":"es","@id":"https:\/\/www.asajacyl.com\/palencia\/asaja-palencia-informa\/la-demanda-prenavidena-tira-de-la-cotizacion-del-bovino-que-sigue-desfasada-con-respecto-al-mercado#primaryimage","url":"https:\/\/www.asajacyl.com\/palencia\/wp-content\/uploads\/sites\/3\/2025\/02\/Canales-bovino-carne.jpg","contentUrl":"https:\/\/www.asajacyl.com\/palencia\/wp-content\/uploads\/sites\/3\/2025\/02\/Canales-bovino-carne.jpg","width":1024,"height":896},{"@type":"BreadcrumbList","@id":"https:\/\/www.asajacyl.com\/palencia\/asaja-palencia-informa\/la-demanda-prenavidena-tira-de-la-cotizacion-del-bovino-que-sigue-desfasada-con-respecto-al-mercado#breadcrumb","itemListElement":[{"@type":"ListItem","position":1,"name":"Portada","item":"https:\/\/www.asajacyl.com\/palencia\/"},{"@type":"ListItem","position":2,"name":"La demanda prenavide\u00f1a tira de la cotizaci\u00f3n del bovino, que sigue desfasada con respecto al mercado"}]},{"@type":"WebSite","@id":"https:\/\/www.asajacyl.com\/palencia\/#website","url":"https:\/\/www.asajacyl.com\/palencia\/","name":"ASAJA Palencia","description":"Otro sitio m\u00e1s de Provincias ASAJA Castilla y Le\u00f3n","potentialAction":[{"@type":"SearchAction","target":{"@type":"EntryPoint","urlTemplate":"https:\/\/www.asajacyl.com\/palencia\/?s={search_term_string}"},"query-input":{"@type":"PropertyValueSpecification","valueRequired":true,"valueName":"search_term_string"}}],"inLanguage":"es"},{"@type":"Person","@id":"https:\/\/www.asajacyl.com\/palencia\/#\/schema\/person\/3ab17aeb03527485c317557fae64aab1","name":"Administrador","image":{"@type":"ImageObject","inLanguage":"es","@id":"https:\/\/www.asajacyl.com\/palencia\/#\/schema\/person\/image\/","url":"https:\/\/secure.gravatar.com\/avatar\/517384810d242ca9e38c180f3c9fb973?s=96&d=mm&r=g","contentUrl":"https:\/\/secure.gravatar.com\/avatar\/517384810d242ca9e38c180f3c9fb973?s=96&d=mm&r=g","caption":"Administrador"},"url":"https:\/\/www.asajacyl.com\/palencia\/author\/carlosrm"}]}},"_links":{"self":[{"href":"https:\/\/www.asajacyl.com\/palencia\/wp-json\/wp\/v2\/posts\/21607"}],"collection":[{"href":"https:\/\/www.asajacyl.com\/palencia\/wp-json\/wp\/v2\/posts"}],"about":[{"href":"https:\/\/www.asajacyl.com\/palencia\/wp-json\/wp\/v2\/types\/post"}],"author":[{"embeddable":true,"href":"https:\/\/www.asajacyl.com\/palencia\/wp-json\/wp\/v2\/users\/9"}],"replies":[{"embeddable":true,"href":"https:\/\/www.asajacyl.com\/palencia\/wp-json\/wp\/v2\/comments?post=21607"}],"version-history":[{"count":2,"href":"https:\/\/www.asajacyl.com\/palencia\/wp-json\/wp\/v2\/posts\/21607\/revisions"}],"predecessor-version":[{"id":21610,"href":"https:\/\/www.asajacyl.com\/palencia\/wp-json\/wp\/v2\/posts\/21607\/revisions\/21610"}],"wp:featuredmedia":[{"embeddable":true,"href":"https:\/\/www.asajacyl.com\/palencia\/wp-json\/wp\/v2\/media\/18868"}],"wp:attachment":[{"href":"https:\/\/www.asajacyl.com\/palencia\/wp-json\/wp\/v2\/media?parent=21607"}],"wp:term":[{"taxonomy":"category","embeddable":true,"href":"https:\/\/www.asajacyl.com\/palencia\/wp-json\/wp\/v2\/categories?post=21607"},{"taxonomy":"post_tag","embeddable":true,"href":"https:\/\/www.asajacyl.com\/palencia\/wp-json\/wp\/v2\/tags?post=21607"}],"curies":[{"name":"wp","href":"https:\/\/api.w.org\/{rel}","templated":true}]}}