{"id":21614,"date":"2025-11-27T07:30:00","date_gmt":"2025-11-27T06:30:00","guid":{"rendered":"https:\/\/www.asajacyl.com\/palencia\/?p=21614"},"modified":"2025-11-26T14:04:18","modified_gmt":"2025-11-26T13:04:18","slug":"la-digitalizacion-protagoniza-este-ano-la-convencion-de-empleados-y-directivos-de-asaja-castilla-y-leon","status":"publish","type":"post","link":"https:\/\/www.asajacyl.com\/palencia\/asaja-palencia-informa\/la-digitalizacion-protagoniza-este-ano-la-convencion-de-empleados-y-directivos-de-asaja-castilla-y-leon","title":{"rendered":"La digitalizaci\u00f3n protagoniza este a\u00f1o la convenci\u00f3n de empleados y directivos de ASAJA-Castilla y Le\u00f3n"},"content":{"rendered":"\n<h2 class=\"wp-block-heading\">Tordesillas acoger\u00e1 los d\u00edas 28 y 29 de noviembre la XV Convenci\u00f3n de Empleados de ASAJA en Castilla y Le\u00f3n, en la que se re\u00fanen todos los profesionales que trabajan en la principal organizaci\u00f3n profesional agraria de la comunidad aut\u00f3noma, as\u00ed como los integrantes de la directiva regional y de las directivas de las nueve provincias. Por este movivo, <span style=\"text-decoration: underline\">las oficinas de ASAJA en toda la comunidad permanecer\u00e1n cerradas este viernes 28 de noviembre<\/span>. El enfoque principal del programa de esta edici\u00f3n es la adaptaci\u00f3n de nuestra estructura a las nuevas tecnolog\u00edas digitales para mejorar los servicios ofrecidos a los socios, los agricultores y ganaderos, siempre sin perder un sello de identidad de ASAJA como es la atenci\u00f3n personal y directa.<\/h2>\n\n\n<div class=\"wp-block-image\">\n<figure class=\"alignright size-large is-resized\"><img loading=\"lazy\" decoding=\"async\" width=\"1024\" height=\"1024\" src=\"https:\/\/www.asajacyl.com\/palencia\/wp-content\/uploads\/sites\/3\/2025\/11\/28nov2025-cerrado-por-convencion-1024x1024.jpg\" alt=\"\" class=\"wp-image-21617\" style=\"width:648px;height:auto\" srcset=\"https:\/\/www.asajacyl.com\/palencia\/wp-content\/uploads\/sites\/3\/2025\/11\/28nov2025-cerrado-por-convencion-1024x1024.jpg 1024w, https:\/\/www.asajacyl.com\/palencia\/wp-content\/uploads\/sites\/3\/2025\/11\/28nov2025-cerrado-por-convencion-300x300.jpg 300w, https:\/\/www.asajacyl.com\/palencia\/wp-content\/uploads\/sites\/3\/2025\/11\/28nov2025-cerrado-por-convencion-150x150.jpg 150w, https:\/\/www.asajacyl.com\/palencia\/wp-content\/uploads\/sites\/3\/2025\/11\/28nov2025-cerrado-por-convencion-768x768.jpg 768w, https:\/\/www.asajacyl.com\/palencia\/wp-content\/uploads\/sites\/3\/2025\/11\/28nov2025-cerrado-por-convencion-1536x1536.jpg 1536w, https:\/\/www.asajacyl.com\/palencia\/wp-content\/uploads\/sites\/3\/2025\/11\/28nov2025-cerrado-por-convencion-420x420.jpg 420w, https:\/\/www.asajacyl.com\/palencia\/wp-content\/uploads\/sites\/3\/2025\/11\/28nov2025-cerrado-por-convencion-696x696.jpg 696w, https:\/\/www.asajacyl.com\/palencia\/wp-content\/uploads\/sites\/3\/2025\/11\/28nov2025-cerrado-por-convencion-1068x1068.jpg 1068w, https:\/\/www.asajacyl.com\/palencia\/wp-content\/uploads\/sites\/3\/2025\/11\/28nov2025-cerrado-por-convencion.jpg 1620w\" sizes=\"(max-width: 1024px) 100vw, 1024px\" \/><\/figure><\/div>\n\n\n<p>Se cumple la decimoquinta edici\u00f3n de este encuentro anual, que por tercera vez acude a una cabecera de comarca, tras las precedentes en Ponferrada (2023) y Ciudad Rodrigo (2024); y tendr\u00e1 como sede Tordesillas, capital de la Tierra del Vino.<\/p>\n\n\n\n<p>ASAJA trasladar\u00e1 a esta localidad vallisoletana a sus <strong>165 empleados <\/strong>pertenecientes a las nueve organizaciones provinciales m\u00e1s la estructura regional, que desempe\u00f1an su trabajo de informaci\u00f3n, formaci\u00f3n, asesoramiento y gesti\u00f3n de ayudas en <strong>cuarenta y cinco oficinas <\/strong>distribuidas por todo el territorio de Castilla y Le\u00f3n.<\/p>\n\n\n\n<p>El alcalde de\u00a0Tordesillas, <strong>Miguel \u00c1ngel Oliveira<\/strong>, inaugurar\u00e1 la convenci\u00f3n el viernes, acompa\u00f1ado por <strong>Juan Ram\u00f3n Alonso<\/strong>, presidente de la organizaci\u00f3n anfitriona, ASAJA Valladolid. <\/p>\n\n\n\n<p>Se han programado tres talleres t\u00e9cnicos, comunes para todos los empleados, centradas en las utilidades y aplicaciones de la inteligencia artificial en los servicios a los agricultores y ganaderos, los nuevos sistemas inform\u00e1ticos de facturaci\u00f3n obligatoria, y las estrategias de ayuda para mejorar el bienestar emocional. <\/p>\n\n\n<div class=\"wp-block-image\">\n<figure class=\"alignright size-large is-resized\"><img loading=\"lazy\" decoding=\"async\" width=\"1024\" height=\"476\" src=\"https:\/\/www.asajacyl.com\/palencia\/wp-content\/uploads\/sites\/3\/2025\/11\/Convencion-2024-Ciudad-Rodrigo-1024x476.jpg\" alt=\"\" class=\"wp-image-21616\" style=\"width:651px;height:auto\" srcset=\"https:\/\/www.asajacyl.com\/palencia\/wp-content\/uploads\/sites\/3\/2025\/11\/Convencion-2024-Ciudad-Rodrigo-1024x476.jpg 1024w, https:\/\/www.asajacyl.com\/palencia\/wp-content\/uploads\/sites\/3\/2025\/11\/Convencion-2024-Ciudad-Rodrigo-300x140.jpg 300w, https:\/\/www.asajacyl.com\/palencia\/wp-content\/uploads\/sites\/3\/2025\/11\/Convencion-2024-Ciudad-Rodrigo-768x357.jpg 768w, https:\/\/www.asajacyl.com\/palencia\/wp-content\/uploads\/sites\/3\/2025\/11\/Convencion-2024-Ciudad-Rodrigo-1536x715.jpg 1536w, https:\/\/www.asajacyl.com\/palencia\/wp-content\/uploads\/sites\/3\/2025\/11\/Convencion-2024-Ciudad-Rodrigo-2048x953.jpg 2048w, https:\/\/www.asajacyl.com\/palencia\/wp-content\/uploads\/sites\/3\/2025\/11\/Convencion-2024-Ciudad-Rodrigo-903x420.jpg 903w, https:\/\/www.asajacyl.com\/palencia\/wp-content\/uploads\/sites\/3\/2025\/11\/Convencion-2024-Ciudad-Rodrigo-696x324.jpg 696w, https:\/\/www.asajacyl.com\/palencia\/wp-content\/uploads\/sites\/3\/2025\/11\/Convencion-2024-Ciudad-Rodrigo-1068x497.jpg 1068w, https:\/\/www.asajacyl.com\/palencia\/wp-content\/uploads\/sites\/3\/2025\/11\/Convencion-2024-Ciudad-Rodrigo-1920x893.jpg 1920w\" sizes=\"(max-width: 1024px) 100vw, 1024px\" \/><figcaption class=\"wp-element-caption\">Convenci\u00f3n de empleados y directivos de toda ASAJA de Castilla y Le\u00f3n celebrada en 2024 en Ciudad Rodrigo (Salamanca).<\/figcaption><\/figure><\/div>\n\n\n<p><strong>Donaciano Dujo<\/strong>, presidente de ASAJA-Castilla y Le\u00f3n, se encargar\u00e1 de la ponencia final, mientras <strong>Jos\u00e9 Antonio Turrado<\/strong>, secretario general de la organizaci\u00f3n a nivel regional, marcar\u00e1 los objetivos de la jornada.<\/p>\n\n\n\n<p>Por la tarde del viernes se celebrar\u00e1n mesas tem\u00e1ticas de trabajo, donde t\u00e9cnicos de ASAJA abordar\u00e1n aspectos como la gesti\u00f3n de ayudas (PAC, incorporaci\u00f3n y mejora de explotaciones, entre otras muchas que tramita la organizaci\u00f3n); seguro agrario y seguros generales; cuaderno de explotaci\u00f3n y asesoramiento general; \u00e1rea fiscal y laboral; formaci\u00f3n, gerencia y comunicaci\u00f3n. <\/p>\n\n\n<div class=\"wp-block-image\">\n<figure class=\"alignright size-large is-resized\"><img loading=\"lazy\" decoding=\"async\" width=\"1024\" height=\"468\" src=\"https:\/\/www.asajacyl.com\/palencia\/wp-content\/uploads\/sites\/3\/2023\/11\/Convencion-ret-empleados-ASAJA-Ponferrada-1-1024x468.jpg\" alt=\"\" class=\"wp-image-14766\" style=\"width:652px;height:auto\" srcset=\"https:\/\/www.asajacyl.com\/palencia\/wp-content\/uploads\/sites\/3\/2023\/11\/Convencion-ret-empleados-ASAJA-Ponferrada-1-1024x468.jpg 1024w, https:\/\/www.asajacyl.com\/palencia\/wp-content\/uploads\/sites\/3\/2023\/11\/Convencion-ret-empleados-ASAJA-Ponferrada-1-300x137.jpg 300w, https:\/\/www.asajacyl.com\/palencia\/wp-content\/uploads\/sites\/3\/2023\/11\/Convencion-ret-empleados-ASAJA-Ponferrada-1-768x351.jpg 768w, https:\/\/www.asajacyl.com\/palencia\/wp-content\/uploads\/sites\/3\/2023\/11\/Convencion-ret-empleados-ASAJA-Ponferrada-1-1536x702.jpg 1536w, https:\/\/www.asajacyl.com\/palencia\/wp-content\/uploads\/sites\/3\/2023\/11\/Convencion-ret-empleados-ASAJA-Ponferrada-1-2048x936.jpg 2048w, https:\/\/www.asajacyl.com\/palencia\/wp-content\/uploads\/sites\/3\/2023\/11\/Convencion-ret-empleados-ASAJA-Ponferrada-1-696x318.jpg 696w, https:\/\/www.asajacyl.com\/palencia\/wp-content\/uploads\/sites\/3\/2023\/11\/Convencion-ret-empleados-ASAJA-Ponferrada-1-1068x488.jpg 1068w, https:\/\/www.asajacyl.com\/palencia\/wp-content\/uploads\/sites\/3\/2023\/11\/Convencion-ret-empleados-ASAJA-Ponferrada-1-1920x878.jpg 1920w, https:\/\/www.asajacyl.com\/palencia\/wp-content\/uploads\/sites\/3\/2023\/11\/Convencion-ret-empleados-ASAJA-Ponferrada-1-919x420.jpg 919w\" sizes=\"(max-width: 1024px) 100vw, 1024px\" \/><figcaption class=\"wp-element-caption\">Asistentes a la decimotercera convenci\u00f3n celebrada en Ponferrada en 2023.<\/figcaption><\/figure><\/div>\n\n\n<p>En esta \u00faltima mesa de trabajo, centrada en c\u00f3mo lograr transmitir con fidelidad el mensaje de los agricultores y ganaderos para que la sociedad comprenda la realidad del campo, participar\u00e1 <strong>Pablo Rodr\u00edguez Lago<\/strong>, director del peri\u00f3dico <em>El Mundo de Castilla y Le\u00f3n-Diario de Valladolid<\/em>.<\/p>\n\n\n\n<p>Como es habitual en estas convenciones anuales de ASAJA, la jornada del s\u00e1bado se dedica a visitar una explotaci\u00f3n o empresa relacionada con el sector. En esta ocasi\u00f3n se trata de las instalaciones de<strong> Patatas Mel\u00e9ndez<\/strong> en Medina del Campo, planta recientemente inaugurada que incorpora los \u00faltimos avances tecnol\u00f3gicos.<strong>\/<\/strong><\/p>\n","protected":false},"excerpt":{"rendered":"<p>Tordesillas acoger\u00e1 los d\u00edas 28 y 29 de noviembre la XV Convenci\u00f3n de Empleados de ASAJA en Castilla y Le\u00f3n, en la que se re\u00fanen todos los profesionales que trabajan en la principal organizaci\u00f3n profesional agraria de la comunidad aut\u00f3noma, as\u00ed como los integrantes de la directiva regional y de las directivas de las nueve [&hellip;]<\/p>\n","protected":false},"author":9,"featured_media":21617,"comment_status":"open","ping_status":"open","sticky":false,"template":"","format":"standard","meta":{"footnotes":""},"categories":[9,31,29,28,13],"tags":[58,59,351,726,349,107,77,45,756],"yoast_head":"<!-- This site is optimized with the Yoast SEO plugin v24.5 - https:\/\/yoast.com\/wordpress\/plugins\/seo\/ -->\n<title>La digitalizaci\u00f3n protagoniza este a\u00f1o la convenci\u00f3n de empleados y directivos de ASAJA-Castilla y Le\u00f3n - ASAJA Palencia<\/title>\n<meta name=\"description\" content=\"Tordesillas acoger\u00e1 los d\u00edas 28 y 29 de noviembre la XV Convenci\u00f3n de Empleados de ASAJA en Castilla y Le\u00f3n, en la que se re\u00fanen todos los profesionales\" \/>\n<meta name=\"robots\" content=\"index, follow, max-snippet:-1, max-image-preview:large, max-video-preview:-1\" \/>\n<link rel=\"canonical\" href=\"https:\/\/www.asajacyl.com\/palencia\/asaja-palencia-informa\/la-digitalizacion-protagoniza-este-ano-la-convencion-de-empleados-y-directivos-de-asaja-castilla-y-leon\" \/>\n<meta property=\"og:locale\" content=\"es_ES\" \/>\n<meta property=\"og:type\" content=\"article\" \/>\n<meta property=\"og:title\" content=\"La digitalizaci\u00f3n protagoniza este a\u00f1o la convenci\u00f3n de empleados y directivos de ASAJA-Castilla y Le\u00f3n - ASAJA Palencia\" \/>\n<meta property=\"og:description\" content=\"Tordesillas acoger\u00e1 los d\u00edas 28 y 29 de noviembre la XV Convenci\u00f3n de Empleados de ASAJA en Castilla y Le\u00f3n, en la que se re\u00fanen todos los profesionales\" \/>\n<meta property=\"og:url\" content=\"https:\/\/www.asajacyl.com\/palencia\/asaja-palencia-informa\/la-digitalizacion-protagoniza-este-ano-la-convencion-de-empleados-y-directivos-de-asaja-castilla-y-leon\" \/>\n<meta property=\"og:site_name\" content=\"ASAJA Palencia\" \/>\n<meta property=\"article:published_time\" content=\"2025-11-27T06:30:00+00:00\" \/>\n<meta property=\"og:image\" content=\"https:\/\/www.asajacyl.com\/palencia\/wp-content\/uploads\/sites\/3\/2025\/11\/28nov2025-cerrado-por-convencion.jpg\" \/>\n\t<meta property=\"og:image:width\" content=\"1620\" \/>\n\t<meta property=\"og:image:height\" content=\"1620\" \/>\n\t<meta property=\"og:image:type\" content=\"image\/jpeg\" \/>\n<meta name=\"author\" content=\"Administrador\" \/>\n<meta name=\"twitter:card\" content=\"summary_large_image\" \/>\n<meta name=\"twitter:label1\" content=\"Escrito por\" \/>\n\t<meta name=\"twitter:data1\" content=\"Administrador\" \/>\n\t<meta name=\"twitter:label2\" content=\"Tiempo de lectura\" \/>\n\t<meta name=\"twitter:data2\" content=\"4 minutos\" \/>\n<script type=\"application\/ld+json\" class=\"yoast-schema-graph\">{\"@context\":\"https:\/\/schema.org\",\"@graph\":[{\"@type\":\"WebPage\",\"@id\":\"https:\/\/www.asajacyl.com\/palencia\/asaja-palencia-informa\/la-digitalizacion-protagoniza-este-ano-la-convencion-de-empleados-y-directivos-de-asaja-castilla-y-leon\",\"url\":\"https:\/\/www.asajacyl.com\/palencia\/asaja-palencia-informa\/la-digitalizacion-protagoniza-este-ano-la-convencion-de-empleados-y-directivos-de-asaja-castilla-y-leon\",\"name\":\"La digitalizaci\u00f3n protagoniza este a\u00f1o la convenci\u00f3n de empleados y directivos de ASAJA-Castilla y Le\u00f3n - ASAJA Palencia\",\"isPartOf\":{\"@id\":\"https:\/\/www.asajacyl.com\/palencia\/#website\"},\"primaryImageOfPage\":{\"@id\":\"https:\/\/www.asajacyl.com\/palencia\/asaja-palencia-informa\/la-digitalizacion-protagoniza-este-ano-la-convencion-de-empleados-y-directivos-de-asaja-castilla-y-leon#primaryimage\"},\"image\":{\"@id\":\"https:\/\/www.asajacyl.com\/palencia\/asaja-palencia-informa\/la-digitalizacion-protagoniza-este-ano-la-convencion-de-empleados-y-directivos-de-asaja-castilla-y-leon#primaryimage\"},\"thumbnailUrl\":\"https:\/\/www.asajacyl.com\/palencia\/wp-content\/uploads\/sites\/3\/2025\/11\/28nov2025-cerrado-por-convencion.jpg\",\"datePublished\":\"2025-11-27T06:30:00+00:00\",\"author\":{\"@id\":\"https:\/\/www.asajacyl.com\/palencia\/#\/schema\/person\/3ab17aeb03527485c317557fae64aab1\"},\"description\":\"Tordesillas acoger\u00e1 los d\u00edas 28 y 29 de noviembre la XV Convenci\u00f3n de Empleados de ASAJA en Castilla y Le\u00f3n, en la que se re\u00fanen todos los profesionales\",\"breadcrumb\":{\"@id\":\"https:\/\/www.asajacyl.com\/palencia\/asaja-palencia-informa\/la-digitalizacion-protagoniza-este-ano-la-convencion-de-empleados-y-directivos-de-asaja-castilla-y-leon#breadcrumb\"},\"inLanguage\":\"es\",\"potentialAction\":[{\"@type\":\"ReadAction\",\"target\":[\"https:\/\/www.asajacyl.com\/palencia\/asaja-palencia-informa\/la-digitalizacion-protagoniza-este-ano-la-convencion-de-empleados-y-directivos-de-asaja-castilla-y-leon\"]}]},{\"@type\":\"ImageObject\",\"inLanguage\":\"es\",\"@id\":\"https:\/\/www.asajacyl.com\/palencia\/asaja-palencia-informa\/la-digitalizacion-protagoniza-este-ano-la-convencion-de-empleados-y-directivos-de-asaja-castilla-y-leon#primaryimage\",\"url\":\"https:\/\/www.asajacyl.com\/palencia\/wp-content\/uploads\/sites\/3\/2025\/11\/28nov2025-cerrado-por-convencion.jpg\",\"contentUrl\":\"https:\/\/www.asajacyl.com\/palencia\/wp-content\/uploads\/sites\/3\/2025\/11\/28nov2025-cerrado-por-convencion.jpg\",\"width\":1620,\"height\":1620},{\"@type\":\"BreadcrumbList\",\"@id\":\"https:\/\/www.asajacyl.com\/palencia\/asaja-palencia-informa\/la-digitalizacion-protagoniza-este-ano-la-convencion-de-empleados-y-directivos-de-asaja-castilla-y-leon#breadcrumb\",\"itemListElement\":[{\"@type\":\"ListItem\",\"position\":1,\"name\":\"Portada\",\"item\":\"https:\/\/www.asajacyl.com\/palencia\/\"},{\"@type\":\"ListItem\",\"position\":2,\"name\":\"La digitalizaci\u00f3n protagoniza este a\u00f1o la convenci\u00f3n de empleados y directivos de ASAJA-Castilla y Le\u00f3n\"}]},{\"@type\":\"WebSite\",\"@id\":\"https:\/\/www.asajacyl.com\/palencia\/#website\",\"url\":\"https:\/\/www.asajacyl.com\/palencia\/\",\"name\":\"ASAJA Palencia\",\"description\":\"Otro sitio m\u00e1s de Provincias ASAJA Castilla y Le\u00f3n\",\"potentialAction\":[{\"@type\":\"SearchAction\",\"target\":{\"@type\":\"EntryPoint\",\"urlTemplate\":\"https:\/\/www.asajacyl.com\/palencia\/?s={search_term_string}\"},\"query-input\":{\"@type\":\"PropertyValueSpecification\",\"valueRequired\":true,\"valueName\":\"search_term_string\"}}],\"inLanguage\":\"es\"},{\"@type\":\"Person\",\"@id\":\"https:\/\/www.asajacyl.com\/palencia\/#\/schema\/person\/3ab17aeb03527485c317557fae64aab1\",\"name\":\"Administrador\",\"image\":{\"@type\":\"ImageObject\",\"inLanguage\":\"es\",\"@id\":\"https:\/\/www.asajacyl.com\/palencia\/#\/schema\/person\/image\/\",\"url\":\"https:\/\/secure.gravatar.com\/avatar\/517384810d242ca9e38c180f3c9fb973?s=96&d=mm&r=g\",\"contentUrl\":\"https:\/\/secure.gravatar.com\/avatar\/517384810d242ca9e38c180f3c9fb973?s=96&d=mm&r=g\",\"caption\":\"Administrador\"},\"url\":\"https:\/\/www.asajacyl.com\/palencia\/author\/carlosrm\"}]}<\/script>\n<!-- \/ Yoast SEO plugin. -->","yoast_head_json":{"title":"La digitalizaci\u00f3n protagoniza este a\u00f1o la convenci\u00f3n de empleados y directivos de ASAJA-Castilla y Le\u00f3n - ASAJA Palencia","description":"Tordesillas acoger\u00e1 los d\u00edas 28 y 29 de noviembre la XV Convenci\u00f3n de Empleados de ASAJA en Castilla y Le\u00f3n, en la que se re\u00fanen todos los profesionales","robots":{"index":"index","follow":"follow","max-snippet":"max-snippet:-1","max-image-preview":"max-image-preview:large","max-video-preview":"max-video-preview:-1"},"canonical":"https:\/\/www.asajacyl.com\/palencia\/asaja-palencia-informa\/la-digitalizacion-protagoniza-este-ano-la-convencion-de-empleados-y-directivos-de-asaja-castilla-y-leon","og_locale":"es_ES","og_type":"article","og_title":"La digitalizaci\u00f3n protagoniza este a\u00f1o la convenci\u00f3n de empleados y directivos de ASAJA-Castilla y Le\u00f3n - ASAJA Palencia","og_description":"Tordesillas acoger\u00e1 los d\u00edas 28 y 29 de noviembre la XV Convenci\u00f3n de Empleados de ASAJA en Castilla y Le\u00f3n, en la que se re\u00fanen todos los profesionales","og_url":"https:\/\/www.asajacyl.com\/palencia\/asaja-palencia-informa\/la-digitalizacion-protagoniza-este-ano-la-convencion-de-empleados-y-directivos-de-asaja-castilla-y-leon","og_site_name":"ASAJA Palencia","article_published_time":"2025-11-27T06:30:00+00:00","og_image":[{"width":1620,"height":1620,"url":"https:\/\/www.asajacyl.com\/palencia\/wp-content\/uploads\/sites\/3\/2025\/11\/28nov2025-cerrado-por-convencion.jpg","type":"image\/jpeg"}],"author":"Administrador","twitter_card":"summary_large_image","twitter_misc":{"Escrito por":"Administrador","Tiempo de lectura":"4 minutos"},"schema":{"@context":"https:\/\/schema.org","@graph":[{"@type":"WebPage","@id":"https:\/\/www.asajacyl.com\/palencia\/asaja-palencia-informa\/la-digitalizacion-protagoniza-este-ano-la-convencion-de-empleados-y-directivos-de-asaja-castilla-y-leon","url":"https:\/\/www.asajacyl.com\/palencia\/asaja-palencia-informa\/la-digitalizacion-protagoniza-este-ano-la-convencion-de-empleados-y-directivos-de-asaja-castilla-y-leon","name":"La digitalizaci\u00f3n protagoniza este a\u00f1o la convenci\u00f3n de empleados y directivos de ASAJA-Castilla y Le\u00f3n - ASAJA Palencia","isPartOf":{"@id":"https:\/\/www.asajacyl.com\/palencia\/#website"},"primaryImageOfPage":{"@id":"https:\/\/www.asajacyl.com\/palencia\/asaja-palencia-informa\/la-digitalizacion-protagoniza-este-ano-la-convencion-de-empleados-y-directivos-de-asaja-castilla-y-leon#primaryimage"},"image":{"@id":"https:\/\/www.asajacyl.com\/palencia\/asaja-palencia-informa\/la-digitalizacion-protagoniza-este-ano-la-convencion-de-empleados-y-directivos-de-asaja-castilla-y-leon#primaryimage"},"thumbnailUrl":"https:\/\/www.asajacyl.com\/palencia\/wp-content\/uploads\/sites\/3\/2025\/11\/28nov2025-cerrado-por-convencion.jpg","datePublished":"2025-11-27T06:30:00+00:00","author":{"@id":"https:\/\/www.asajacyl.com\/palencia\/#\/schema\/person\/3ab17aeb03527485c317557fae64aab1"},"description":"Tordesillas acoger\u00e1 los d\u00edas 28 y 29 de noviembre la XV Convenci\u00f3n de Empleados de ASAJA en Castilla y Le\u00f3n, en la que se re\u00fanen todos los profesionales","breadcrumb":{"@id":"https:\/\/www.asajacyl.com\/palencia\/asaja-palencia-informa\/la-digitalizacion-protagoniza-este-ano-la-convencion-de-empleados-y-directivos-de-asaja-castilla-y-leon#breadcrumb"},"inLanguage":"es","potentialAction":[{"@type":"ReadAction","target":["https:\/\/www.asajacyl.com\/palencia\/asaja-palencia-informa\/la-digitalizacion-protagoniza-este-ano-la-convencion-de-empleados-y-directivos-de-asaja-castilla-y-leon"]}]},{"@type":"ImageObject","inLanguage":"es","@id":"https:\/\/www.asajacyl.com\/palencia\/asaja-palencia-informa\/la-digitalizacion-protagoniza-este-ano-la-convencion-de-empleados-y-directivos-de-asaja-castilla-y-leon#primaryimage","url":"https:\/\/www.asajacyl.com\/palencia\/wp-content\/uploads\/sites\/3\/2025\/11\/28nov2025-cerrado-por-convencion.jpg","contentUrl":"https:\/\/www.asajacyl.com\/palencia\/wp-content\/uploads\/sites\/3\/2025\/11\/28nov2025-cerrado-por-convencion.jpg","width":1620,"height":1620},{"@type":"BreadcrumbList","@id":"https:\/\/www.asajacyl.com\/palencia\/asaja-palencia-informa\/la-digitalizacion-protagoniza-este-ano-la-convencion-de-empleados-y-directivos-de-asaja-castilla-y-leon#breadcrumb","itemListElement":[{"@type":"ListItem","position":1,"name":"Portada","item":"https:\/\/www.asajacyl.com\/palencia\/"},{"@type":"ListItem","position":2,"name":"La digitalizaci\u00f3n protagoniza este a\u00f1o la convenci\u00f3n de empleados y directivos de ASAJA-Castilla y Le\u00f3n"}]},{"@type":"WebSite","@id":"https:\/\/www.asajacyl.com\/palencia\/#website","url":"https:\/\/www.asajacyl.com\/palencia\/","name":"ASAJA Palencia","description":"Otro sitio m\u00e1s de Provincias ASAJA Castilla y Le\u00f3n","potentialAction":[{"@type":"SearchAction","target":{"@type":"EntryPoint","urlTemplate":"https:\/\/www.asajacyl.com\/palencia\/?s={search_term_string}"},"query-input":{"@type":"PropertyValueSpecification","valueRequired":true,"valueName":"search_term_string"}}],"inLanguage":"es"},{"@type":"Person","@id":"https:\/\/www.asajacyl.com\/palencia\/#\/schema\/person\/3ab17aeb03527485c317557fae64aab1","name":"Administrador","image":{"@type":"ImageObject","inLanguage":"es","@id":"https:\/\/www.asajacyl.com\/palencia\/#\/schema\/person\/image\/","url":"https:\/\/secure.gravatar.com\/avatar\/517384810d242ca9e38c180f3c9fb973?s=96&d=mm&r=g","contentUrl":"https:\/\/secure.gravatar.com\/avatar\/517384810d242ca9e38c180f3c9fb973?s=96&d=mm&r=g","caption":"Administrador"},"url":"https:\/\/www.asajacyl.com\/palencia\/author\/carlosrm"}]}},"_links":{"self":[{"href":"https:\/\/www.asajacyl.com\/palencia\/wp-json\/wp\/v2\/posts\/21614"}],"collection":[{"href":"https:\/\/www.asajacyl.com\/palencia\/wp-json\/wp\/v2\/posts"}],"about":[{"href":"https:\/\/www.asajacyl.com\/palencia\/wp-json\/wp\/v2\/types\/post"}],"author":[{"embeddable":true,"href":"https:\/\/www.asajacyl.com\/palencia\/wp-json\/wp\/v2\/users\/9"}],"replies":[{"embeddable":true,"href":"https:\/\/www.asajacyl.com\/palencia\/wp-json\/wp\/v2\/comments?post=21614"}],"version-history":[{"count":2,"href":"https:\/\/www.asajacyl.com\/palencia\/wp-json\/wp\/v2\/posts\/21614\/revisions"}],"predecessor-version":[{"id":21619,"href":"https:\/\/www.asajacyl.com\/palencia\/wp-json\/wp\/v2\/posts\/21614\/revisions\/21619"}],"wp:featuredmedia":[{"embeddable":true,"href":"https:\/\/www.asajacyl.com\/palencia\/wp-json\/wp\/v2\/media\/21617"}],"wp:attachment":[{"href":"https:\/\/www.asajacyl.com\/palencia\/wp-json\/wp\/v2\/media?parent=21614"}],"wp:term":[{"taxonomy":"category","embeddable":true,"href":"https:\/\/www.asajacyl.com\/palencia\/wp-json\/wp\/v2\/categories?post=21614"},{"taxonomy":"post_tag","embeddable":true,"href":"https:\/\/www.asajacyl.com\/palencia\/wp-json\/wp\/v2\/tags?post=21614"}],"curies":[{"name":"wp","href":"https:\/\/api.w.org\/{rel}","templated":true}]}}