{"id":21625,"date":"2025-11-27T07:35:00","date_gmt":"2025-11-27T06:35:00","guid":{"rendered":"https:\/\/www.asajacyl.com\/palencia\/?p=21625"},"modified":"2025-11-26T18:22:00","modified_gmt":"2025-11-26T17:22:00","slug":"trigo-y-cebada-bajan-un-euro-por-tonelada-en-la-lonja-de-leon-donde-el-bovino-vuelve-a-la-senda-alcista","status":"publish","type":"post","link":"https:\/\/www.asajacyl.com\/palencia\/asaja-palencia-informa\/trigo-y-cebada-bajan-un-euro-por-tonelada-en-la-lonja-de-leon-donde-el-bovino-vuelve-a-la-senda-alcista","title":{"rendered":"Trigo y cebada bajan un euro por tonelada en la Lonja de Le\u00f3n, donde el bovino vuelve a la senda alcista"},"content":{"rendered":"\n<h2 class=\"wp-block-heading\">La cotizaci\u00f3n del trigo y de la cebada ha experimentado un m\u00ednimo retroceso en la \u00faltima semana, seg\u00fan los contratos visados en la Lonja de Le\u00f3n, donde han perdido un euro por tonelada. Como ya se apreci\u00f3 el lunes en la Lonja de Salamanca, en la plaza leonesa tambi\u00e9n se registran nuevas subidas de precio en el bovino, tanto para cr\u00eda como para matadero, superadas las incertidumbres de la dermatosis nodular contagiosa.<\/h2>\n\n\n\n<p>Desde la Lonja de Le\u00f3n se\u00f1alan que esta ligera bajada en los dos principales cereales (la tonelada de triticale tambi\u00e9n perdi\u00f3 un euro en la sesi\u00f3n de este mi\u00e9rcoles, 26 de noviembre) puede anticipar un cambio en el mercado en el \u00faltimo mes del a\u00f1o. <\/p>\n\n\n\n<p>La oferta de producto podr\u00eda incrementarse, dados los buenos rendimientos de la pasada cosecha, debido a movimientos de algunos de nuestros agricultores a efectos de su conveniencia fiscal, una vez analicen los gastos y los ingresos de 2025; pero tambi\u00e9n por la necesidad de procurarse ingresos para afrontar los costes de la nueva campa\u00f1a.<\/p>\n\n\n\n<p>Veremos, pues, si ese previsible repunte de la oferta se refleja en las cotizaciones, ya en niveles incompatibles con la rentabilidad, seg\u00fan ha denunciado ASAJA, recientemente a ra\u00edz del <a href=\"https:\/\/www.asajacyl.com\/palencia\/asaja-palencia-informa\/asaja-denuncia-que-el-precio-del-cereal-no-cubre-costes-segun-un-informe-de-la-universidad-de-valladolid\" target=\"_blank\" rel=\"noreferrer noopener\">estudio de costes elaborado por la Universidad de Valladolid para la Junta de Castilla y Le\u00f3n<\/a>.<\/p>\n\n\n\n<p>En el resto de cereales y de las mesas de forrajes, patatas y alubias de la Lonja de Le\u00f3n no se han registrado movimientos de precios.<\/p>\n\n\n\n<p>S\u00ed se ha constatado, en cambio, una subida generalizada en el bovino tanto de vida como en el de carne, debido a una oferta muy ajustada y al aumento de la demanda por la proximidad de la campa\u00f1a navide\u00f1a (comidas y cenas de empresa, encuentros de amigos, celebraciones familiares&#8230;).<\/p>\n\n\n\n<p><strong>CONTROL DE LA DERMATOSIS.<\/strong> Tras un mes sin casos de dermatosis nodular contagiosa, y con la vacunaci\u00f3n avanzada tanto en la comunidad de origen \u2014Catalu\u00f1a\u2014 como en la zona perimetral de Arag\u00f3n, desde la Lonja de Le\u00f3n apuntan que \u00abuna buena gesti\u00f3n administrativa de esta crisis\u00bb ha motivado que remita la preocupaci\u00f3n sanitaria por la DNC.<\/p>\n\n\n\n<p>Si el pasado lunes la Lonja de Salamanca \u2014donde el bovino tambi\u00e9n tiene gran protagonismo\u2014 reactivaba sus tablillas, este mi\u00e9rcoles en Le\u00f3n han subido los frisones para cr\u00eda un 10 %, hasta situarse a 220 euros por animal; en tanto los pasteros machos operan a 1300 euros por animal (sesenta m\u00e1s que hace una quincena) y las hembras a 1100 euros, tras subir cuarenta con respecto a la anterior sesi\u00f3n de la mesa. En el bovino para sacrificio, subida generalizada de diez c\u00e9ntimos por kilo, salvo en las vacas para matadero, que permanecen igual.<strong>\/<\/strong><\/p>\n\n\n<div class=\"wp-block-image\">\n<figure class=\"aligncenter size-large is-resized\"><img loading=\"lazy\" decoding=\"async\" width=\"1024\" height=\"768\" src=\"https:\/\/www.asajacyl.com\/palencia\/wp-content\/uploads\/sites\/3\/2025\/11\/Precios-agricultura-26nov2025-1024x768.png\" alt=\"\" class=\"wp-image-21626\" style=\"width:1033px;height:auto\" srcset=\"https:\/\/www.asajacyl.com\/palencia\/wp-content\/uploads\/sites\/3\/2025\/11\/Precios-agricultura-26nov2025-1024x768.png 1024w, https:\/\/www.asajacyl.com\/palencia\/wp-content\/uploads\/sites\/3\/2025\/11\/Precios-agricultura-26nov2025-300x225.png 300w, https:\/\/www.asajacyl.com\/palencia\/wp-content\/uploads\/sites\/3\/2025\/11\/Precios-agricultura-26nov2025-768x576.png 768w, https:\/\/www.asajacyl.com\/palencia\/wp-content\/uploads\/sites\/3\/2025\/11\/Precios-agricultura-26nov2025-1536x1152.png 1536w, https:\/\/www.asajacyl.com\/palencia\/wp-content\/uploads\/sites\/3\/2025\/11\/Precios-agricultura-26nov2025-2048x1536.png 2048w, https:\/\/www.asajacyl.com\/palencia\/wp-content\/uploads\/sites\/3\/2025\/11\/Precios-agricultura-26nov2025-560x420.png 560w, https:\/\/www.asajacyl.com\/palencia\/wp-content\/uploads\/sites\/3\/2025\/11\/Precios-agricultura-26nov2025-80x60.png 80w, https:\/\/www.asajacyl.com\/palencia\/wp-content\/uploads\/sites\/3\/2025\/11\/Precios-agricultura-26nov2025-696x522.png 696w, https:\/\/www.asajacyl.com\/palencia\/wp-content\/uploads\/sites\/3\/2025\/11\/Precios-agricultura-26nov2025-1068x801.png 1068w, https:\/\/www.asajacyl.com\/palencia\/wp-content\/uploads\/sites\/3\/2025\/11\/Precios-agricultura-26nov2025-1920x1440.png 1920w\" sizes=\"(max-width: 1024px) 100vw, 1024px\" \/><\/figure><\/div>","protected":false},"excerpt":{"rendered":"<p>La cotizaci\u00f3n del trigo y de la cebada ha experimentado un m\u00ednimo retroceso en la \u00faltima semana, seg\u00fan los contratos visados en la Lonja de Le\u00f3n, donde han perdido un euro por tonelada. Como ya se apreci\u00f3 el lunes en la Lonja de Salamanca, en la plaza leonesa tambi\u00e9n se registran nuevas subidas de precio [&hellip;]<\/p>\n","protected":false},"author":9,"featured_media":21630,"comment_status":"open","ping_status":"open","sticky":false,"template":"","format":"standard","meta":{"footnotes":""},"categories":[9,29,36,28,13],"tags":[58,478,221,46,351,128,99,1657,77,293,467,756,1658,572,220],"yoast_head":"<!-- This site is optimized with the Yoast SEO plugin v24.5 - https:\/\/yoast.com\/wordpress\/plugins\/seo\/ -->\n<title>Trigo y cebada bajan un euro por tonelada en la Lonja de Le\u00f3n, donde el bovino vuelve a la senda alcista - ASAJA Palencia<\/title>\n<meta name=\"description\" content=\"La cotizaci\u00f3n del trigo y de la cebada ha experimentado un m\u00ednimo retroceso en la \u00faltima semana, seg\u00fan los contratos visados en la Lonja de Le\u00f3n, donde\" \/>\n<meta name=\"robots\" content=\"index, follow, max-snippet:-1, max-image-preview:large, max-video-preview:-1\" \/>\n<link rel=\"canonical\" href=\"https:\/\/www.asajacyl.com\/palencia\/asaja-palencia-informa\/trigo-y-cebada-bajan-un-euro-por-tonelada-en-la-lonja-de-leon-donde-el-bovino-vuelve-a-la-senda-alcista\" \/>\n<meta property=\"og:locale\" content=\"es_ES\" \/>\n<meta property=\"og:type\" content=\"article\" \/>\n<meta property=\"og:title\" content=\"Trigo y cebada bajan un euro por tonelada en la Lonja de Le\u00f3n, donde el bovino vuelve a la senda alcista - ASAJA Palencia\" \/>\n<meta property=\"og:description\" content=\"La cotizaci\u00f3n del trigo y de la cebada ha experimentado un m\u00ednimo retroceso en la \u00faltima semana, seg\u00fan los contratos visados en la Lonja de Le\u00f3n, donde\" \/>\n<meta property=\"og:url\" content=\"https:\/\/www.asajacyl.com\/palencia\/asaja-palencia-informa\/trigo-y-cebada-bajan-un-euro-por-tonelada-en-la-lonja-de-leon-donde-el-bovino-vuelve-a-la-senda-alcista\" \/>\n<meta property=\"og:site_name\" content=\"ASAJA Palencia\" \/>\n<meta property=\"article:published_time\" content=\"2025-11-27T06:35:00+00:00\" \/>\n<meta property=\"og:image\" content=\"https:\/\/www.asajacyl.com\/palencia\/wp-content\/uploads\/sites\/3\/2025\/11\/Trigo-siembra-directa-web.jpg\" \/>\n\t<meta property=\"og:image:width\" content=\"1890\" \/>\n\t<meta property=\"og:image:height\" content=\"1654\" \/>\n\t<meta property=\"og:image:type\" content=\"image\/jpeg\" \/>\n<meta name=\"author\" content=\"Administrador\" \/>\n<meta name=\"twitter:card\" content=\"summary_large_image\" \/>\n<meta name=\"twitter:label1\" content=\"Escrito por\" \/>\n\t<meta name=\"twitter:data1\" content=\"Administrador\" \/>\n\t<meta name=\"twitter:label2\" content=\"Tiempo de lectura\" \/>\n\t<meta name=\"twitter:data2\" content=\"3 minutos\" \/>\n<script type=\"application\/ld+json\" class=\"yoast-schema-graph\">{\"@context\":\"https:\/\/schema.org\",\"@graph\":[{\"@type\":\"WebPage\",\"@id\":\"https:\/\/www.asajacyl.com\/palencia\/asaja-palencia-informa\/trigo-y-cebada-bajan-un-euro-por-tonelada-en-la-lonja-de-leon-donde-el-bovino-vuelve-a-la-senda-alcista\",\"url\":\"https:\/\/www.asajacyl.com\/palencia\/asaja-palencia-informa\/trigo-y-cebada-bajan-un-euro-por-tonelada-en-la-lonja-de-leon-donde-el-bovino-vuelve-a-la-senda-alcista\",\"name\":\"Trigo y cebada bajan un euro por tonelada en la Lonja de Le\u00f3n, donde el bovino vuelve a la senda alcista - ASAJA Palencia\",\"isPartOf\":{\"@id\":\"https:\/\/www.asajacyl.com\/palencia\/#website\"},\"primaryImageOfPage\":{\"@id\":\"https:\/\/www.asajacyl.com\/palencia\/asaja-palencia-informa\/trigo-y-cebada-bajan-un-euro-por-tonelada-en-la-lonja-de-leon-donde-el-bovino-vuelve-a-la-senda-alcista#primaryimage\"},\"image\":{\"@id\":\"https:\/\/www.asajacyl.com\/palencia\/asaja-palencia-informa\/trigo-y-cebada-bajan-un-euro-por-tonelada-en-la-lonja-de-leon-donde-el-bovino-vuelve-a-la-senda-alcista#primaryimage\"},\"thumbnailUrl\":\"https:\/\/www.asajacyl.com\/palencia\/wp-content\/uploads\/sites\/3\/2025\/11\/Trigo-siembra-directa-web.jpg\",\"datePublished\":\"2025-11-27T06:35:00+00:00\",\"author\":{\"@id\":\"https:\/\/www.asajacyl.com\/palencia\/#\/schema\/person\/3ab17aeb03527485c317557fae64aab1\"},\"description\":\"La cotizaci\u00f3n del trigo y de la cebada ha experimentado un m\u00ednimo retroceso en la \u00faltima semana, seg\u00fan los contratos visados en la Lonja de Le\u00f3n, donde\",\"breadcrumb\":{\"@id\":\"https:\/\/www.asajacyl.com\/palencia\/asaja-palencia-informa\/trigo-y-cebada-bajan-un-euro-por-tonelada-en-la-lonja-de-leon-donde-el-bovino-vuelve-a-la-senda-alcista#breadcrumb\"},\"inLanguage\":\"es\",\"potentialAction\":[{\"@type\":\"ReadAction\",\"target\":[\"https:\/\/www.asajacyl.com\/palencia\/asaja-palencia-informa\/trigo-y-cebada-bajan-un-euro-por-tonelada-en-la-lonja-de-leon-donde-el-bovino-vuelve-a-la-senda-alcista\"]}]},{\"@type\":\"ImageObject\",\"inLanguage\":\"es\",\"@id\":\"https:\/\/www.asajacyl.com\/palencia\/asaja-palencia-informa\/trigo-y-cebada-bajan-un-euro-por-tonelada-en-la-lonja-de-leon-donde-el-bovino-vuelve-a-la-senda-alcista#primaryimage\",\"url\":\"https:\/\/www.asajacyl.com\/palencia\/wp-content\/uploads\/sites\/3\/2025\/11\/Trigo-siembra-directa-web.jpg\",\"contentUrl\":\"https:\/\/www.asajacyl.com\/palencia\/wp-content\/uploads\/sites\/3\/2025\/11\/Trigo-siembra-directa-web.jpg\",\"width\":1890,\"height\":1654},{\"@type\":\"BreadcrumbList\",\"@id\":\"https:\/\/www.asajacyl.com\/palencia\/asaja-palencia-informa\/trigo-y-cebada-bajan-un-euro-por-tonelada-en-la-lonja-de-leon-donde-el-bovino-vuelve-a-la-senda-alcista#breadcrumb\",\"itemListElement\":[{\"@type\":\"ListItem\",\"position\":1,\"name\":\"Portada\",\"item\":\"https:\/\/www.asajacyl.com\/palencia\/\"},{\"@type\":\"ListItem\",\"position\":2,\"name\":\"Trigo y cebada bajan un euro por tonelada en la Lonja de Le\u00f3n, donde el bovino vuelve a la senda alcista\"}]},{\"@type\":\"WebSite\",\"@id\":\"https:\/\/www.asajacyl.com\/palencia\/#website\",\"url\":\"https:\/\/www.asajacyl.com\/palencia\/\",\"name\":\"ASAJA Palencia\",\"description\":\"Otro sitio m\u00e1s de Provincias ASAJA Castilla y Le\u00f3n\",\"potentialAction\":[{\"@type\":\"SearchAction\",\"target\":{\"@type\":\"EntryPoint\",\"urlTemplate\":\"https:\/\/www.asajacyl.com\/palencia\/?s={search_term_string}\"},\"query-input\":{\"@type\":\"PropertyValueSpecification\",\"valueRequired\":true,\"valueName\":\"search_term_string\"}}],\"inLanguage\":\"es\"},{\"@type\":\"Person\",\"@id\":\"https:\/\/www.asajacyl.com\/palencia\/#\/schema\/person\/3ab17aeb03527485c317557fae64aab1\",\"name\":\"Administrador\",\"image\":{\"@type\":\"ImageObject\",\"inLanguage\":\"es\",\"@id\":\"https:\/\/www.asajacyl.com\/palencia\/#\/schema\/person\/image\/\",\"url\":\"https:\/\/secure.gravatar.com\/avatar\/517384810d242ca9e38c180f3c9fb973?s=96&d=mm&r=g\",\"contentUrl\":\"https:\/\/secure.gravatar.com\/avatar\/517384810d242ca9e38c180f3c9fb973?s=96&d=mm&r=g\",\"caption\":\"Administrador\"},\"url\":\"https:\/\/www.asajacyl.com\/palencia\/author\/carlosrm\"}]}<\/script>\n<!-- \/ Yoast SEO plugin. -->","yoast_head_json":{"title":"Trigo y cebada bajan un euro por tonelada en la Lonja de Le\u00f3n, donde el bovino vuelve a la senda alcista - ASAJA Palencia","description":"La cotizaci\u00f3n del trigo y de la cebada ha experimentado un m\u00ednimo retroceso en la \u00faltima semana, seg\u00fan los contratos visados en la Lonja de Le\u00f3n, donde","robots":{"index":"index","follow":"follow","max-snippet":"max-snippet:-1","max-image-preview":"max-image-preview:large","max-video-preview":"max-video-preview:-1"},"canonical":"https:\/\/www.asajacyl.com\/palencia\/asaja-palencia-informa\/trigo-y-cebada-bajan-un-euro-por-tonelada-en-la-lonja-de-leon-donde-el-bovino-vuelve-a-la-senda-alcista","og_locale":"es_ES","og_type":"article","og_title":"Trigo y cebada bajan un euro por tonelada en la Lonja de Le\u00f3n, donde el bovino vuelve a la senda alcista - ASAJA Palencia","og_description":"La cotizaci\u00f3n del trigo y de la cebada ha experimentado un m\u00ednimo retroceso en la \u00faltima semana, seg\u00fan los contratos visados en la Lonja de Le\u00f3n, donde","og_url":"https:\/\/www.asajacyl.com\/palencia\/asaja-palencia-informa\/trigo-y-cebada-bajan-un-euro-por-tonelada-en-la-lonja-de-leon-donde-el-bovino-vuelve-a-la-senda-alcista","og_site_name":"ASAJA Palencia","article_published_time":"2025-11-27T06:35:00+00:00","og_image":[{"width":1890,"height":1654,"url":"https:\/\/www.asajacyl.com\/palencia\/wp-content\/uploads\/sites\/3\/2025\/11\/Trigo-siembra-directa-web.jpg","type":"image\/jpeg"}],"author":"Administrador","twitter_card":"summary_large_image","twitter_misc":{"Escrito por":"Administrador","Tiempo de lectura":"3 minutos"},"schema":{"@context":"https:\/\/schema.org","@graph":[{"@type":"WebPage","@id":"https:\/\/www.asajacyl.com\/palencia\/asaja-palencia-informa\/trigo-y-cebada-bajan-un-euro-por-tonelada-en-la-lonja-de-leon-donde-el-bovino-vuelve-a-la-senda-alcista","url":"https:\/\/www.asajacyl.com\/palencia\/asaja-palencia-informa\/trigo-y-cebada-bajan-un-euro-por-tonelada-en-la-lonja-de-leon-donde-el-bovino-vuelve-a-la-senda-alcista","name":"Trigo y cebada bajan un euro por tonelada en la Lonja de Le\u00f3n, donde el bovino vuelve a la senda alcista - ASAJA Palencia","isPartOf":{"@id":"https:\/\/www.asajacyl.com\/palencia\/#website"},"primaryImageOfPage":{"@id":"https:\/\/www.asajacyl.com\/palencia\/asaja-palencia-informa\/trigo-y-cebada-bajan-un-euro-por-tonelada-en-la-lonja-de-leon-donde-el-bovino-vuelve-a-la-senda-alcista#primaryimage"},"image":{"@id":"https:\/\/www.asajacyl.com\/palencia\/asaja-palencia-informa\/trigo-y-cebada-bajan-un-euro-por-tonelada-en-la-lonja-de-leon-donde-el-bovino-vuelve-a-la-senda-alcista#primaryimage"},"thumbnailUrl":"https:\/\/www.asajacyl.com\/palencia\/wp-content\/uploads\/sites\/3\/2025\/11\/Trigo-siembra-directa-web.jpg","datePublished":"2025-11-27T06:35:00+00:00","author":{"@id":"https:\/\/www.asajacyl.com\/palencia\/#\/schema\/person\/3ab17aeb03527485c317557fae64aab1"},"description":"La cotizaci\u00f3n del trigo y de la cebada ha experimentado un m\u00ednimo retroceso en la \u00faltima semana, seg\u00fan los contratos visados en la Lonja de Le\u00f3n, donde","breadcrumb":{"@id":"https:\/\/www.asajacyl.com\/palencia\/asaja-palencia-informa\/trigo-y-cebada-bajan-un-euro-por-tonelada-en-la-lonja-de-leon-donde-el-bovino-vuelve-a-la-senda-alcista#breadcrumb"},"inLanguage":"es","potentialAction":[{"@type":"ReadAction","target":["https:\/\/www.asajacyl.com\/palencia\/asaja-palencia-informa\/trigo-y-cebada-bajan-un-euro-por-tonelada-en-la-lonja-de-leon-donde-el-bovino-vuelve-a-la-senda-alcista"]}]},{"@type":"ImageObject","inLanguage":"es","@id":"https:\/\/www.asajacyl.com\/palencia\/asaja-palencia-informa\/trigo-y-cebada-bajan-un-euro-por-tonelada-en-la-lonja-de-leon-donde-el-bovino-vuelve-a-la-senda-alcista#primaryimage","url":"https:\/\/www.asajacyl.com\/palencia\/wp-content\/uploads\/sites\/3\/2025\/11\/Trigo-siembra-directa-web.jpg","contentUrl":"https:\/\/www.asajacyl.com\/palencia\/wp-content\/uploads\/sites\/3\/2025\/11\/Trigo-siembra-directa-web.jpg","width":1890,"height":1654},{"@type":"BreadcrumbList","@id":"https:\/\/www.asajacyl.com\/palencia\/asaja-palencia-informa\/trigo-y-cebada-bajan-un-euro-por-tonelada-en-la-lonja-de-leon-donde-el-bovino-vuelve-a-la-senda-alcista#breadcrumb","itemListElement":[{"@type":"ListItem","position":1,"name":"Portada","item":"https:\/\/www.asajacyl.com\/palencia\/"},{"@type":"ListItem","position":2,"name":"Trigo y cebada bajan un euro por tonelada en la Lonja de Le\u00f3n, donde el bovino vuelve a la senda alcista"}]},{"@type":"WebSite","@id":"https:\/\/www.asajacyl.com\/palencia\/#website","url":"https:\/\/www.asajacyl.com\/palencia\/","name":"ASAJA Palencia","description":"Otro sitio m\u00e1s de Provincias ASAJA Castilla y Le\u00f3n","potentialAction":[{"@type":"SearchAction","target":{"@type":"EntryPoint","urlTemplate":"https:\/\/www.asajacyl.com\/palencia\/?s={search_term_string}"},"query-input":{"@type":"PropertyValueSpecification","valueRequired":true,"valueName":"search_term_string"}}],"inLanguage":"es"},{"@type":"Person","@id":"https:\/\/www.asajacyl.com\/palencia\/#\/schema\/person\/3ab17aeb03527485c317557fae64aab1","name":"Administrador","image":{"@type":"ImageObject","inLanguage":"es","@id":"https:\/\/www.asajacyl.com\/palencia\/#\/schema\/person\/image\/","url":"https:\/\/secure.gravatar.com\/avatar\/517384810d242ca9e38c180f3c9fb973?s=96&d=mm&r=g","contentUrl":"https:\/\/secure.gravatar.com\/avatar\/517384810d242ca9e38c180f3c9fb973?s=96&d=mm&r=g","caption":"Administrador"},"url":"https:\/\/www.asajacyl.com\/palencia\/author\/carlosrm"}]}},"_links":{"self":[{"href":"https:\/\/www.asajacyl.com\/palencia\/wp-json\/wp\/v2\/posts\/21625"}],"collection":[{"href":"https:\/\/www.asajacyl.com\/palencia\/wp-json\/wp\/v2\/posts"}],"about":[{"href":"https:\/\/www.asajacyl.com\/palencia\/wp-json\/wp\/v2\/types\/post"}],"author":[{"embeddable":true,"href":"https:\/\/www.asajacyl.com\/palencia\/wp-json\/wp\/v2\/users\/9"}],"replies":[{"embeddable":true,"href":"https:\/\/www.asajacyl.com\/palencia\/wp-json\/wp\/v2\/comments?post=21625"}],"version-history":[{"count":3,"href":"https:\/\/www.asajacyl.com\/palencia\/wp-json\/wp\/v2\/posts\/21625\/revisions"}],"predecessor-version":[{"id":21631,"href":"https:\/\/www.asajacyl.com\/palencia\/wp-json\/wp\/v2\/posts\/21625\/revisions\/21631"}],"wp:featuredmedia":[{"embeddable":true,"href":"https:\/\/www.asajacyl.com\/palencia\/wp-json\/wp\/v2\/media\/21630"}],"wp:attachment":[{"href":"https:\/\/www.asajacyl.com\/palencia\/wp-json\/wp\/v2\/media?parent=21625"}],"wp:term":[{"taxonomy":"category","embeddable":true,"href":"https:\/\/www.asajacyl.com\/palencia\/wp-json\/wp\/v2\/categories?post=21625"},{"taxonomy":"post_tag","embeddable":true,"href":"https:\/\/www.asajacyl.com\/palencia\/wp-json\/wp\/v2\/tags?post=21625"}],"curies":[{"name":"wp","href":"https:\/\/api.w.org\/{rel}","templated":true}]}}