{"id":21632,"date":"2025-11-29T08:00:00","date_gmt":"2025-11-29T07:00:00","guid":{"rendered":"https:\/\/www.asajacyl.com\/palencia\/?p=21632"},"modified":"2025-11-26T18:47:37","modified_gmt":"2025-11-26T17:47:37","slug":"asaja-palencia-convoca-su-tradicional-concurso-de-cuentos-de-navidad-para-alumnado-de-primaria","status":"publish","type":"post","link":"https:\/\/www.asajacyl.com\/palencia\/asaja-palencia-informa\/asaja-palencia-convoca-su-tradicional-concurso-de-cuentos-de-navidad-para-alumnado-de-primaria","title":{"rendered":"ASAJA-Palencia convoca su tradicional concurso de cuentos de Navidad para alumnado de Primaria"},"content":{"rendered":"\n<h2 class=\"wp-block-heading\">Como ya anuncia nuestro n\u00famero de noviembre del mensual <em>Campo Palentino, <\/em>ASAJA-Palencia convocar\u00e1 de nuevo su Concurso de Cuentos de Navidad para fomentar la creatividad entre el alumnado de Primaria. Con el fin de facilitar la participaci\u00f3n, desde hace dos ediciones se habilita un plazo m\u00e1s amplio, que incluye todas las vacaciones escolares navide\u00f1as, para que los participantes puedan elaborar los trabajos, que podr\u00e1n presentarse <span style=\"text-decoration: underline\">hasta el lunes 12 de enero<\/span>.  Los relatos deben incluir elementos narrativos relacionados con la Navidad y con el mundo rural. Se establecen dos categor\u00edas de edad: una para los tres primeros cursos de Primaria y otra para los tres \u00faltimos. Las bases de esta edici\u00f3n incluyen como novedad que se presenten <span style=\"text-decoration: underline\">escritos a mano<\/span> y se limita la extensi\u00f3n de los textos.<\/h2>\n\n\n<div class=\"wp-block-image\">\n<figure class=\"alignright size-large is-resized\"><img loading=\"lazy\" decoding=\"async\" width=\"724\" height=\"1024\" src=\"https:\/\/www.asajacyl.com\/palencia\/wp-content\/uploads\/sites\/3\/2025\/11\/Concurso-cuentos-Navidad-2025-2026-724x1024.jpg\" alt=\"\" class=\"wp-image-21633\" style=\"width:674px;height:auto\" srcset=\"https:\/\/www.asajacyl.com\/palencia\/wp-content\/uploads\/sites\/3\/2025\/11\/Concurso-cuentos-Navidad-2025-2026-724x1024.jpg 724w, https:\/\/www.asajacyl.com\/palencia\/wp-content\/uploads\/sites\/3\/2025\/11\/Concurso-cuentos-Navidad-2025-2026-212x300.jpg 212w, https:\/\/www.asajacyl.com\/palencia\/wp-content\/uploads\/sites\/3\/2025\/11\/Concurso-cuentos-Navidad-2025-2026-768x1086.jpg 768w, https:\/\/www.asajacyl.com\/palencia\/wp-content\/uploads\/sites\/3\/2025\/11\/Concurso-cuentos-Navidad-2025-2026-1086x1536.jpg 1086w, https:\/\/www.asajacyl.com\/palencia\/wp-content\/uploads\/sites\/3\/2025\/11\/Concurso-cuentos-Navidad-2025-2026-1448x2048.jpg 1448w, https:\/\/www.asajacyl.com\/palencia\/wp-content\/uploads\/sites\/3\/2025\/11\/Concurso-cuentos-Navidad-2025-2026-297x420.jpg 297w, https:\/\/www.asajacyl.com\/palencia\/wp-content\/uploads\/sites\/3\/2025\/11\/Concurso-cuentos-Navidad-2025-2026-696x984.jpg 696w, https:\/\/www.asajacyl.com\/palencia\/wp-content\/uploads\/sites\/3\/2025\/11\/Concurso-cuentos-Navidad-2025-2026-1068x1510.jpg 1068w, https:\/\/www.asajacyl.com\/palencia\/wp-content\/uploads\/sites\/3\/2025\/11\/Concurso-cuentos-Navidad-2025-2026.jpg 1768w\" sizes=\"(max-width: 724px) 100vw, 724px\" \/><\/figure><\/div>\n\n\n<p>La entrega de premios y del obsequio de recuerdo a todos los participantes se celebrar\u00e1 previsiblemente en alguno de los dos d\u00edas no lectivos de Carnaval de 2026 (lunes o martes de Carnaval). Se informar\u00e1 en su momento del fallo del concurso, as\u00ed como del d\u00eda y la hora elegidos para que puedan asistir los premiados y participantes.<\/p>\n\n\n\n<p>La categor\u00eda A es para los tres primeros cursos de Primaria; y la B, para los tres \u00faltimos (cuarto, quinto y sexto). Se premiar\u00e1n con regalos sorpresa dos trabajos por cada categor\u00eda.<\/p>\n\n\n\n<p>Los cuentos, in\u00e9ditos e originales, deben versar sobre la Navidad e incluir alguna referencia al medio rural. Tendr\u00e1n que presentarse <span style=\"text-decoration: underline\">escritos a mano<\/span> por cada participante y se establecen unas <span style=\"text-decoration: underline\">extensiones m\u00e1ximas<\/span> para los textos (una cara de hoja DIN A4 en la categor\u00eda A y tres caras de hoja en la categor\u00eda B). <\/p>\n\n\n\n<p>Podr\u00e1n llevar una o varias ilustraciones o dibujos, requisito que se deja a voluntad del participante. Ese apoyo gr\u00e1fico no computa para la extensi\u00f3n del trabajo, aspecto que s\u00f3lo se refiere a la parte de texto. El jurado valorar\u00e1 el conjunto del trabajo, pero especialmente la calidad literaria y est\u00e9tica de la parte escrita.<\/p>\n\n\n\n<p>Los trabajos deben ir identificados y con los siguientes datos: <\/p>\n\n\n<div class=\"wp-block-image\">\n<figure class=\"alignright size-large is-resized\"><img loading=\"lazy\" decoding=\"async\" width=\"1024\" height=\"896\" src=\"https:\/\/www.asajacyl.com\/palencia\/wp-content\/uploads\/sites\/3\/2025\/03\/Entrega-concurso-cuentos-Navidad-2024-2025-web-1024x896.jpg\" alt=\"\" class=\"wp-image-19084\" style=\"width:672px;height:auto\" srcset=\"https:\/\/www.asajacyl.com\/palencia\/wp-content\/uploads\/sites\/3\/2025\/03\/Entrega-concurso-cuentos-Navidad-2024-2025-web-1024x896.jpg 1024w, https:\/\/www.asajacyl.com\/palencia\/wp-content\/uploads\/sites\/3\/2025\/03\/Entrega-concurso-cuentos-Navidad-2024-2025-web-300x263.jpg 300w, https:\/\/www.asajacyl.com\/palencia\/wp-content\/uploads\/sites\/3\/2025\/03\/Entrega-concurso-cuentos-Navidad-2024-2025-web-768x672.jpg 768w, https:\/\/www.asajacyl.com\/palencia\/wp-content\/uploads\/sites\/3\/2025\/03\/Entrega-concurso-cuentos-Navidad-2024-2025-web-1536x1344.jpg 1536w, https:\/\/www.asajacyl.com\/palencia\/wp-content\/uploads\/sites\/3\/2025\/03\/Entrega-concurso-cuentos-Navidad-2024-2025-web-480x420.jpg 480w, https:\/\/www.asajacyl.com\/palencia\/wp-content\/uploads\/sites\/3\/2025\/03\/Entrega-concurso-cuentos-Navidad-2024-2025-web-696x609.jpg 696w, https:\/\/www.asajacyl.com\/palencia\/wp-content\/uploads\/sites\/3\/2025\/03\/Entrega-concurso-cuentos-Navidad-2024-2025-web-1068x935.jpg 1068w, https:\/\/www.asajacyl.com\/palencia\/wp-content\/uploads\/sites\/3\/2025\/03\/Entrega-concurso-cuentos-Navidad-2024-2025-web.jpg 1890w\" sizes=\"(max-width: 1024px) 100vw, 1024px\" \/><figcaption class=\"wp-element-caption\">Entrega de premios del concurso 2024-2025, celebrada el pasado 4 de marzo, martes de carnaval.<\/figcaption><\/figure><\/div>\n\n\n<ul>\n<li>nombre y dos apellidos del participante,<\/li>\n\n\n\n<li>edad y la categor\u00eda en la que participa <\/li>\n\n\n\n<li>curso de Primaria que realiza en la actualidad y centro donde lo cursa)<\/li>\n\n\n\n<li>direcci\u00f3n postal completa y<\/li>\n\n\n\n<li>tel\u00e9fono de contacto.<\/li>\n<\/ul>\n\n\n\n<p>Podr\u00e1n remitirse por <span style=\"text-decoration: underline\">correo postal<\/span> a ASAJA-Palencia (Felipe Prieto, 8-Bigar Centro. 34001 Palencia), o escaneados en un archivo por <span style=\"text-decoration: underline\">correo electr\u00f3nico<\/span> (<em>campopalentino@asajapalencia.com<\/em>), con la indicaci\u00f3n en el t\u00edtulo del mensaje \u00abConcurso de cuentos Navidad 2025-2026\u00bb. Tambi\u00e9n pueden entregarse <span style=\"text-decoration: underline\">en mano en cualquier de oficina de ASAJA<\/span> de la provincia de Palencia, <span style=\"text-decoration: underline\">no m\u00e1s tarde del lunes 12 de enero de 2026<\/span>.<\/p>\n\n\n\n<p>Los trabajos galardonados y los respectivos autores de la pasada edici\u00f3n 2024-2025, entregados el pasado marzo, fueron los siguientes:<\/p>\n\n\n\n<ul>\n<li><strong><em>Categor\u00eda A\u00a0<\/em><\/strong><em>\u00a0(1.\u00ba, 2.\u00ba y 3.\u00ba cursos de Primaria)<\/em>\n<ul>\n<li>Primer premio:\u00a0<em>El milagro de Jes\u00fas,\u00a0<\/em>de\u00a0<strong>Jimena P\u00e9rez Trigueros<\/strong>\u00a0(siete a\u00f1os), de Pedraza de Campos<\/li>\n\n\n\n<li>Segundo premio:\u00a0<em>El reno Nico,<\/em>\u00a0de\u00a0<strong>Lidia Durango Rodr\u00edguez<\/strong>\u00a0(ocho a\u00f1os), de Palencia<\/li>\n<\/ul>\n<\/li>\n\n\n\n<li><strong><em>Categor\u00eda B\u00a0<\/em><\/strong><em>\u00a0(4.\u00ba, 5.\u00ba y 6.\u00ba curso de Primaria)<\/em>\n<ul>\n<li>Primer premio:\u00a0<em>Cuento de Navidad,<\/em>\u00a0de\u00a0<strong>Miguel Merino Bueno<\/strong>, de Palencia<\/li>\n\n\n\n<li>Segundo premio:\u00a0<em>Nuestra Navidad,<\/em>\u00a0de\u00a0<strong>Diana del Cura Alonso<\/strong>, de Palencia<\/li>\n<\/ul>\n<\/li>\n<\/ul>\n","protected":false},"excerpt":{"rendered":"<p>Como ya anuncia nuestro n\u00famero de noviembre del mensual Campo Palentino, ASAJA-Palencia convocar\u00e1 de nuevo su Concurso de Cuentos de Navidad para fomentar la creatividad entre el alumnado de Primaria. Con el fin de facilitar la participaci\u00f3n, desde hace dos ediciones se habilita un plazo m\u00e1s amplio, que incluye todas las vacaciones escolares navide\u00f1as, para [&hellip;]<\/p>\n","protected":false},"author":9,"featured_media":21635,"comment_status":"open","ping_status":"open","sticky":false,"template":"","format":"standard","meta":{"footnotes":""},"categories":[9,28],"tags":[58,351,77],"yoast_head":"<!-- This site is optimized with the Yoast SEO plugin v24.5 - https:\/\/yoast.com\/wordpress\/plugins\/seo\/ -->\n<title>ASAJA-Palencia convoca su tradicional concurso de cuentos de Navidad para alumnado de Primaria - ASAJA Palencia<\/title>\n<meta name=\"description\" content=\"Como ya anuncia nuestro n\u00famero de noviembre del mensual Campo Palentino, ASAJA-Palencia convocar\u00e1 de nuevo su Concurso de Cuentos de Navidad para fomentar\" \/>\n<meta name=\"robots\" content=\"index, follow, max-snippet:-1, max-image-preview:large, max-video-preview:-1\" \/>\n<link rel=\"canonical\" href=\"https:\/\/www.asajacyl.com\/palencia\/asaja-palencia-informa\/asaja-palencia-convoca-su-tradicional-concurso-de-cuentos-de-navidad-para-alumnado-de-primaria\" \/>\n<meta property=\"og:locale\" content=\"es_ES\" \/>\n<meta property=\"og:type\" content=\"article\" \/>\n<meta property=\"og:title\" content=\"ASAJA-Palencia convoca su tradicional concurso de cuentos de Navidad para alumnado de Primaria - ASAJA Palencia\" \/>\n<meta property=\"og:description\" content=\"Como ya anuncia nuestro n\u00famero de noviembre del mensual Campo Palentino, ASAJA-Palencia convocar\u00e1 de nuevo su Concurso de Cuentos de Navidad para fomentar\" \/>\n<meta property=\"og:url\" content=\"https:\/\/www.asajacyl.com\/palencia\/asaja-palencia-informa\/asaja-palencia-convoca-su-tradicional-concurso-de-cuentos-de-navidad-para-alumnado-de-primaria\" \/>\n<meta property=\"og:site_name\" content=\"ASAJA Palencia\" \/>\n<meta property=\"article:published_time\" content=\"2025-11-29T07:00:00+00:00\" \/>\n<meta property=\"og:image\" content=\"https:\/\/www.asajacyl.com\/palencia\/wp-content\/uploads\/sites\/3\/2025\/11\/Concurso-cuentos-Navidad-2025-2026-web.jpg\" \/>\n\t<meta property=\"og:image:width\" content=\"1890\" \/>\n\t<meta property=\"og:image:height\" content=\"1654\" \/>\n\t<meta property=\"og:image:type\" content=\"image\/jpeg\" \/>\n<meta name=\"author\" content=\"Administrador\" \/>\n<meta name=\"twitter:card\" content=\"summary_large_image\" \/>\n<meta name=\"twitter:label1\" content=\"Escrito por\" \/>\n\t<meta name=\"twitter:data1\" content=\"Administrador\" \/>\n\t<meta name=\"twitter:label2\" content=\"Tiempo de lectura\" \/>\n\t<meta name=\"twitter:data2\" content=\"4 minutos\" \/>\n<script type=\"application\/ld+json\" class=\"yoast-schema-graph\">{\"@context\":\"https:\/\/schema.org\",\"@graph\":[{\"@type\":\"WebPage\",\"@id\":\"https:\/\/www.asajacyl.com\/palencia\/asaja-palencia-informa\/asaja-palencia-convoca-su-tradicional-concurso-de-cuentos-de-navidad-para-alumnado-de-primaria\",\"url\":\"https:\/\/www.asajacyl.com\/palencia\/asaja-palencia-informa\/asaja-palencia-convoca-su-tradicional-concurso-de-cuentos-de-navidad-para-alumnado-de-primaria\",\"name\":\"ASAJA-Palencia convoca su tradicional concurso de cuentos de Navidad para alumnado de Primaria - ASAJA Palencia\",\"isPartOf\":{\"@id\":\"https:\/\/www.asajacyl.com\/palencia\/#website\"},\"primaryImageOfPage\":{\"@id\":\"https:\/\/www.asajacyl.com\/palencia\/asaja-palencia-informa\/asaja-palencia-convoca-su-tradicional-concurso-de-cuentos-de-navidad-para-alumnado-de-primaria#primaryimage\"},\"image\":{\"@id\":\"https:\/\/www.asajacyl.com\/palencia\/asaja-palencia-informa\/asaja-palencia-convoca-su-tradicional-concurso-de-cuentos-de-navidad-para-alumnado-de-primaria#primaryimage\"},\"thumbnailUrl\":\"https:\/\/www.asajacyl.com\/palencia\/wp-content\/uploads\/sites\/3\/2025\/11\/Concurso-cuentos-Navidad-2025-2026-web.jpg\",\"datePublished\":\"2025-11-29T07:00:00+00:00\",\"author\":{\"@id\":\"https:\/\/www.asajacyl.com\/palencia\/#\/schema\/person\/3ab17aeb03527485c317557fae64aab1\"},\"description\":\"Como ya anuncia nuestro n\u00famero de noviembre del mensual Campo Palentino, ASAJA-Palencia convocar\u00e1 de nuevo su Concurso de Cuentos de Navidad para fomentar\",\"breadcrumb\":{\"@id\":\"https:\/\/www.asajacyl.com\/palencia\/asaja-palencia-informa\/asaja-palencia-convoca-su-tradicional-concurso-de-cuentos-de-navidad-para-alumnado-de-primaria#breadcrumb\"},\"inLanguage\":\"es\",\"potentialAction\":[{\"@type\":\"ReadAction\",\"target\":[\"https:\/\/www.asajacyl.com\/palencia\/asaja-palencia-informa\/asaja-palencia-convoca-su-tradicional-concurso-de-cuentos-de-navidad-para-alumnado-de-primaria\"]}]},{\"@type\":\"ImageObject\",\"inLanguage\":\"es\",\"@id\":\"https:\/\/www.asajacyl.com\/palencia\/asaja-palencia-informa\/asaja-palencia-convoca-su-tradicional-concurso-de-cuentos-de-navidad-para-alumnado-de-primaria#primaryimage\",\"url\":\"https:\/\/www.asajacyl.com\/palencia\/wp-content\/uploads\/sites\/3\/2025\/11\/Concurso-cuentos-Navidad-2025-2026-web.jpg\",\"contentUrl\":\"https:\/\/www.asajacyl.com\/palencia\/wp-content\/uploads\/sites\/3\/2025\/11\/Concurso-cuentos-Navidad-2025-2026-web.jpg\",\"width\":1890,\"height\":1654},{\"@type\":\"BreadcrumbList\",\"@id\":\"https:\/\/www.asajacyl.com\/palencia\/asaja-palencia-informa\/asaja-palencia-convoca-su-tradicional-concurso-de-cuentos-de-navidad-para-alumnado-de-primaria#breadcrumb\",\"itemListElement\":[{\"@type\":\"ListItem\",\"position\":1,\"name\":\"Portada\",\"item\":\"https:\/\/www.asajacyl.com\/palencia\/\"},{\"@type\":\"ListItem\",\"position\":2,\"name\":\"ASAJA-Palencia convoca su tradicional concurso de cuentos de Navidad para alumnado de Primaria\"}]},{\"@type\":\"WebSite\",\"@id\":\"https:\/\/www.asajacyl.com\/palencia\/#website\",\"url\":\"https:\/\/www.asajacyl.com\/palencia\/\",\"name\":\"ASAJA Palencia\",\"description\":\"Otro sitio m\u00e1s de Provincias ASAJA Castilla y Le\u00f3n\",\"potentialAction\":[{\"@type\":\"SearchAction\",\"target\":{\"@type\":\"EntryPoint\",\"urlTemplate\":\"https:\/\/www.asajacyl.com\/palencia\/?s={search_term_string}\"},\"query-input\":{\"@type\":\"PropertyValueSpecification\",\"valueRequired\":true,\"valueName\":\"search_term_string\"}}],\"inLanguage\":\"es\"},{\"@type\":\"Person\",\"@id\":\"https:\/\/www.asajacyl.com\/palencia\/#\/schema\/person\/3ab17aeb03527485c317557fae64aab1\",\"name\":\"Administrador\",\"image\":{\"@type\":\"ImageObject\",\"inLanguage\":\"es\",\"@id\":\"https:\/\/www.asajacyl.com\/palencia\/#\/schema\/person\/image\/\",\"url\":\"https:\/\/secure.gravatar.com\/avatar\/517384810d242ca9e38c180f3c9fb973?s=96&d=mm&r=g\",\"contentUrl\":\"https:\/\/secure.gravatar.com\/avatar\/517384810d242ca9e38c180f3c9fb973?s=96&d=mm&r=g\",\"caption\":\"Administrador\"},\"url\":\"https:\/\/www.asajacyl.com\/palencia\/author\/carlosrm\"}]}<\/script>\n<!-- \/ Yoast SEO plugin. -->","yoast_head_json":{"title":"ASAJA-Palencia convoca su tradicional concurso de cuentos de Navidad para alumnado de Primaria - ASAJA Palencia","description":"Como ya anuncia nuestro n\u00famero de noviembre del mensual Campo Palentino, ASAJA-Palencia convocar\u00e1 de nuevo su Concurso de Cuentos de Navidad para fomentar","robots":{"index":"index","follow":"follow","max-snippet":"max-snippet:-1","max-image-preview":"max-image-preview:large","max-video-preview":"max-video-preview:-1"},"canonical":"https:\/\/www.asajacyl.com\/palencia\/asaja-palencia-informa\/asaja-palencia-convoca-su-tradicional-concurso-de-cuentos-de-navidad-para-alumnado-de-primaria","og_locale":"es_ES","og_type":"article","og_title":"ASAJA-Palencia convoca su tradicional concurso de cuentos de Navidad para alumnado de Primaria - ASAJA Palencia","og_description":"Como ya anuncia nuestro n\u00famero de noviembre del mensual Campo Palentino, ASAJA-Palencia convocar\u00e1 de nuevo su Concurso de Cuentos de Navidad para fomentar","og_url":"https:\/\/www.asajacyl.com\/palencia\/asaja-palencia-informa\/asaja-palencia-convoca-su-tradicional-concurso-de-cuentos-de-navidad-para-alumnado-de-primaria","og_site_name":"ASAJA Palencia","article_published_time":"2025-11-29T07:00:00+00:00","og_image":[{"width":1890,"height":1654,"url":"https:\/\/www.asajacyl.com\/palencia\/wp-content\/uploads\/sites\/3\/2025\/11\/Concurso-cuentos-Navidad-2025-2026-web.jpg","type":"image\/jpeg"}],"author":"Administrador","twitter_card":"summary_large_image","twitter_misc":{"Escrito por":"Administrador","Tiempo de lectura":"4 minutos"},"schema":{"@context":"https:\/\/schema.org","@graph":[{"@type":"WebPage","@id":"https:\/\/www.asajacyl.com\/palencia\/asaja-palencia-informa\/asaja-palencia-convoca-su-tradicional-concurso-de-cuentos-de-navidad-para-alumnado-de-primaria","url":"https:\/\/www.asajacyl.com\/palencia\/asaja-palencia-informa\/asaja-palencia-convoca-su-tradicional-concurso-de-cuentos-de-navidad-para-alumnado-de-primaria","name":"ASAJA-Palencia convoca su tradicional concurso de cuentos de Navidad para alumnado de Primaria - ASAJA Palencia","isPartOf":{"@id":"https:\/\/www.asajacyl.com\/palencia\/#website"},"primaryImageOfPage":{"@id":"https:\/\/www.asajacyl.com\/palencia\/asaja-palencia-informa\/asaja-palencia-convoca-su-tradicional-concurso-de-cuentos-de-navidad-para-alumnado-de-primaria#primaryimage"},"image":{"@id":"https:\/\/www.asajacyl.com\/palencia\/asaja-palencia-informa\/asaja-palencia-convoca-su-tradicional-concurso-de-cuentos-de-navidad-para-alumnado-de-primaria#primaryimage"},"thumbnailUrl":"https:\/\/www.asajacyl.com\/palencia\/wp-content\/uploads\/sites\/3\/2025\/11\/Concurso-cuentos-Navidad-2025-2026-web.jpg","datePublished":"2025-11-29T07:00:00+00:00","author":{"@id":"https:\/\/www.asajacyl.com\/palencia\/#\/schema\/person\/3ab17aeb03527485c317557fae64aab1"},"description":"Como ya anuncia nuestro n\u00famero de noviembre del mensual Campo Palentino, ASAJA-Palencia convocar\u00e1 de nuevo su Concurso de Cuentos de Navidad para fomentar","breadcrumb":{"@id":"https:\/\/www.asajacyl.com\/palencia\/asaja-palencia-informa\/asaja-palencia-convoca-su-tradicional-concurso-de-cuentos-de-navidad-para-alumnado-de-primaria#breadcrumb"},"inLanguage":"es","potentialAction":[{"@type":"ReadAction","target":["https:\/\/www.asajacyl.com\/palencia\/asaja-palencia-informa\/asaja-palencia-convoca-su-tradicional-concurso-de-cuentos-de-navidad-para-alumnado-de-primaria"]}]},{"@type":"ImageObject","inLanguage":"es","@id":"https:\/\/www.asajacyl.com\/palencia\/asaja-palencia-informa\/asaja-palencia-convoca-su-tradicional-concurso-de-cuentos-de-navidad-para-alumnado-de-primaria#primaryimage","url":"https:\/\/www.asajacyl.com\/palencia\/wp-content\/uploads\/sites\/3\/2025\/11\/Concurso-cuentos-Navidad-2025-2026-web.jpg","contentUrl":"https:\/\/www.asajacyl.com\/palencia\/wp-content\/uploads\/sites\/3\/2025\/11\/Concurso-cuentos-Navidad-2025-2026-web.jpg","width":1890,"height":1654},{"@type":"BreadcrumbList","@id":"https:\/\/www.asajacyl.com\/palencia\/asaja-palencia-informa\/asaja-palencia-convoca-su-tradicional-concurso-de-cuentos-de-navidad-para-alumnado-de-primaria#breadcrumb","itemListElement":[{"@type":"ListItem","position":1,"name":"Portada","item":"https:\/\/www.asajacyl.com\/palencia\/"},{"@type":"ListItem","position":2,"name":"ASAJA-Palencia convoca su tradicional concurso de cuentos de Navidad para alumnado de Primaria"}]},{"@type":"WebSite","@id":"https:\/\/www.asajacyl.com\/palencia\/#website","url":"https:\/\/www.asajacyl.com\/palencia\/","name":"ASAJA Palencia","description":"Otro sitio m\u00e1s de Provincias ASAJA Castilla y Le\u00f3n","potentialAction":[{"@type":"SearchAction","target":{"@type":"EntryPoint","urlTemplate":"https:\/\/www.asajacyl.com\/palencia\/?s={search_term_string}"},"query-input":{"@type":"PropertyValueSpecification","valueRequired":true,"valueName":"search_term_string"}}],"inLanguage":"es"},{"@type":"Person","@id":"https:\/\/www.asajacyl.com\/palencia\/#\/schema\/person\/3ab17aeb03527485c317557fae64aab1","name":"Administrador","image":{"@type":"ImageObject","inLanguage":"es","@id":"https:\/\/www.asajacyl.com\/palencia\/#\/schema\/person\/image\/","url":"https:\/\/secure.gravatar.com\/avatar\/517384810d242ca9e38c180f3c9fb973?s=96&d=mm&r=g","contentUrl":"https:\/\/secure.gravatar.com\/avatar\/517384810d242ca9e38c180f3c9fb973?s=96&d=mm&r=g","caption":"Administrador"},"url":"https:\/\/www.asajacyl.com\/palencia\/author\/carlosrm"}]}},"_links":{"self":[{"href":"https:\/\/www.asajacyl.com\/palencia\/wp-json\/wp\/v2\/posts\/21632"}],"collection":[{"href":"https:\/\/www.asajacyl.com\/palencia\/wp-json\/wp\/v2\/posts"}],"about":[{"href":"https:\/\/www.asajacyl.com\/palencia\/wp-json\/wp\/v2\/types\/post"}],"author":[{"embeddable":true,"href":"https:\/\/www.asajacyl.com\/palencia\/wp-json\/wp\/v2\/users\/9"}],"replies":[{"embeddable":true,"href":"https:\/\/www.asajacyl.com\/palencia\/wp-json\/wp\/v2\/comments?post=21632"}],"version-history":[{"count":1,"href":"https:\/\/www.asajacyl.com\/palencia\/wp-json\/wp\/v2\/posts\/21632\/revisions"}],"predecessor-version":[{"id":21634,"href":"https:\/\/www.asajacyl.com\/palencia\/wp-json\/wp\/v2\/posts\/21632\/revisions\/21634"}],"wp:featuredmedia":[{"embeddable":true,"href":"https:\/\/www.asajacyl.com\/palencia\/wp-json\/wp\/v2\/media\/21635"}],"wp:attachment":[{"href":"https:\/\/www.asajacyl.com\/palencia\/wp-json\/wp\/v2\/media?parent=21632"}],"wp:term":[{"taxonomy":"category","embeddable":true,"href":"https:\/\/www.asajacyl.com\/palencia\/wp-json\/wp\/v2\/categories?post=21632"},{"taxonomy":"post_tag","embeddable":true,"href":"https:\/\/www.asajacyl.com\/palencia\/wp-json\/wp\/v2\/tags?post=21632"}],"curies":[{"name":"wp","href":"https:\/\/api.w.org\/{rel}","templated":true}]}}