{"id":21637,"date":"2025-12-01T07:30:00","date_gmt":"2025-12-01T06:30:00","guid":{"rendered":"https:\/\/www.asajacyl.com\/palencia\/?p=21637"},"modified":"2025-11-27T09:37:54","modified_gmt":"2025-11-27T08:37:54","slug":"el-supremo-tumba-por-falta-de-rigor-economico-la-imposicion-ministerial-de-reducir-la-cabana-porcina","status":"publish","type":"post","link":"https:\/\/www.asajacyl.com\/palencia\/asaja-palencia-informa\/el-supremo-tumba-por-falta-de-rigor-economico-la-imposicion-ministerial-de-reducir-la-cabana-porcina","title":{"rendered":"El Supremo tumba por falta de rigor econ\u00f3mico la imposici\u00f3n ministerial de reducir la caba\u00f1a porcina"},"content":{"rendered":"\n<h2 class=\"wp-block-heading\">La Justicia ha dado la raz\u00f3n al sector ganadero y anula la ampliaci\u00f3n obligatoria del espacio por cerdo. La sentencia confirma lo que ASAJA denunci\u00f3 desde el primer d\u00eda: no se puede legislar \u00aba golpe de decreto\u00bb sin evaluar la ruina que supone para el ganadero. El Tribunal Supremo ha puesto freno a la deriva legislativa del Ministerio de Agricultura con una sentencia que marca un antes y un despu\u00e9s para la ganader\u00eda intensiva espa\u00f1ola. La Sala Tercera ha declarado nulo el apartado 4 de la disposici\u00f3n final cuarta del Real Decreto 159\/2023, normativa que pretend\u00eda endurecer unilateralmente las condiciones de bienestar animal al exigir m\u00e1s superficie libre por cerdo en las granjas.<\/h2>\n\n\n\n<p>Este fallo no es solo una victoria jur\u00eddica para la empresa recurrente \u2014la ganadera navarra\u00a0<em>Granja Los Alecos S.L.<\/em>\u2014, sino un respaldo total a los argumentos que ASAJA y el resto del sector han defendido ante una administraci\u00f3n central que parec\u00eda sorda a la realidad econ\u00f3mica del campo.<\/p>\n\n\n\n<p><strong>El motivo de la anulaci\u00f3n: Legislar sin hacer los n\u00fameros<\/strong>. El Alto Tribunal ha sido contundente en su argumentaci\u00f3n. La nulidad de la norma se basa en un vicio de procedimiento inaceptable: la insuficiencia de la\u00a0Memoria de An\u00e1lisis de Impacto Normativo (MAIN).<\/p>\n\n\n\n<p>Cuando el Gobierno aprob\u00f3 este decreto en marzo de 2023, asegur\u00f3 en su memoria econ\u00f3mica que la medida tendr\u00eda un impacto \u00abnulo\u00bb o m\u00ednimo. Pero el Tribunal Supremo ha calificado esta afirmaci\u00f3n de irreal. Los magistrados razonan que exigir una menor densidad de animales (m\u00e1s metros cuadrados por cerdo) tiene una\u00a0\u00abinnegable repercusi\u00f3n econ\u00f3mica\u00bb\u00a0que el Ministerio ocult\u00f3 o ignor\u00f3 deliberadamente. La l\u00f3gica es aplastante y desmonta la tesis oficial. <\/p>\n\n\n\n<p><strong>Menos animales o m\u00e1s ladrillo<\/strong>. Para cumplir con las nuevas tablas de densidad, el ganadero solo ten\u00eda dos opciones: reducir su caba\u00f1a (y por tanto sus ingresos directos), o acometer costosas inversiones para ampliar las naves.<\/p>\n\n\n\n<p>El sector hab\u00eda estimado que la adaptaci\u00f3n a estas nuevas normas supondr\u00eda un coste medio de m\u00e1s de\u00a0<strong>300 000 euros por explotaci\u00f3n<\/strong>, o bien una reducci\u00f3n de la capacidad productiva nacional de entre cuatro y ocho millones de cerdos al a\u00f1o (entre un 7 % y un 16 % de las plazas).<\/p>\n\n\n\n<p><strong>\u00bfQu\u00e9 implica esta sentencia para el ganadero?<\/strong> La anulaci\u00f3n tiene efectos inmediatos y directos sobre la planificaci\u00f3n de las granjas:<\/p>\n\n\n\n<ul>\n<li><strong>Adi\u00f3s a las nuevas tablas de densidad:<\/strong>\u00a0Quedan anuladas las exigencias de superficie ampliada que impon\u00eda el RD 159\/2023 para lechones destetados y cerdos de producci\u00f3n.<\/li>\n\n\n\n<li><strong>Vuelta a la norma anterior:<\/strong>\u00a0Al decaer este apartado, la referencia normativa para la densidad en granja vuelve a ser la que establec\u00eda el Real Decreto 1135\/2002, lo que elimina la obligaci\u00f3n de acometer obras urgentes, o de sacrificar rentabilidad reduciendo animales antes de 2025.<\/li>\n\n\n\n<li><strong>Seguridad jur\u00eddica:<\/strong>\u00a0La sentencia sienta un precedente y da un aviso a navegantes para el Ministerio, porque no se pueden aprobar normativas medioambientales o de bienestar animal (como la futura Ley de Bienestar Animal europea) sin una memoria econ\u00f3mica real que cuantifique el da\u00f1o al productor.<\/li>\n<\/ul>\n\n\n\n<p><strong>Valoraci\u00f3n de ASAJA: \u00abEl papel lo aguanta todo, el ganadero no\u00bb<\/strong>. Desde ASAJA celebramos que el Tribunal Supremo haya puesto \u00abnegro sobre blanco\u00bb lo que era una evidencia en el campo. Somos los primeros interesados en cuidar nuestro ganado, pero nos oponemos frontalmente a la\u00a0demagogia legislativa.<\/p>\n\n\n\n<p>Es inadmisible que el Gobierno de Espa\u00f1a intente vender como inocua una medida que ataca directamente a la l\u00ednea de flotaci\u00f3n de la rentabilidad de nuestras explotaciones profesionales. Esta sentencia nos da ox\u00edgeno y tiempo, pero debemos seguir vigilantes. <\/p>\n\n\n\n<p>La administraci\u00f3n ha recibido un golpe, pero contin\u00faa la presi\u00f3n ideol\u00f3gica sobre la ganader\u00eda intensiva. Al menos, a partir de ahora saben que no pueden legislar de espaldas a la calculadora del ganadero sin que la Justicia les pare los pies.<strong>\/<\/strong><\/p>\n","protected":false},"excerpt":{"rendered":"<p>La Justicia ha dado la raz\u00f3n al sector ganadero y anula la ampliaci\u00f3n obligatoria del espacio por cerdo. La sentencia confirma lo que ASAJA denunci\u00f3 desde el primer d\u00eda: no se puede legislar \u00aba golpe de decreto\u00bb sin evaluar la ruina que supone para el ganadero. El Tribunal Supremo ha puesto freno a la deriva [&hellip;]<\/p>\n","protected":false},"author":9,"featured_media":21640,"comment_status":"open","ping_status":"open","sticky":false,"template":"","format":"standard","meta":{"footnotes":""},"categories":[9,38,29,28,13],"tags":[1472,420,1659,166,351,77,110,217,365,1661],"yoast_head":"<!-- This site is optimized with the Yoast SEO plugin v24.5 - https:\/\/yoast.com\/wordpress\/plugins\/seo\/ -->\n<title>El Supremo tumba por falta de rigor econ\u00f3mico la imposici\u00f3n ministerial de reducir la caba\u00f1a porcina - ASAJA Palencia<\/title>\n<meta name=\"description\" content=\"La Justicia ha dado la raz\u00f3n al sector ganadero y anula la ampliaci\u00f3n obligatoria del espacio por cerdo. La sentencia confirma lo que ASAJA denunci\u00f3 desde\" \/>\n<meta name=\"robots\" content=\"index, follow, max-snippet:-1, max-image-preview:large, max-video-preview:-1\" \/>\n<link rel=\"canonical\" href=\"https:\/\/www.asajacyl.com\/palencia\/asaja-palencia-informa\/el-supremo-tumba-por-falta-de-rigor-economico-la-imposicion-ministerial-de-reducir-la-cabana-porcina\" \/>\n<meta property=\"og:locale\" content=\"es_ES\" \/>\n<meta property=\"og:type\" content=\"article\" \/>\n<meta property=\"og:title\" content=\"El Supremo tumba por falta de rigor econ\u00f3mico la imposici\u00f3n ministerial de reducir la caba\u00f1a porcina - ASAJA Palencia\" \/>\n<meta property=\"og:description\" content=\"La Justicia ha dado la raz\u00f3n al sector ganadero y anula la ampliaci\u00f3n obligatoria del espacio por cerdo. La sentencia confirma lo que ASAJA denunci\u00f3 desde\" \/>\n<meta property=\"og:url\" content=\"https:\/\/www.asajacyl.com\/palencia\/asaja-palencia-informa\/el-supremo-tumba-por-falta-de-rigor-economico-la-imposicion-ministerial-de-reducir-la-cabana-porcina\" \/>\n<meta property=\"og:site_name\" content=\"ASAJA Palencia\" \/>\n<meta property=\"article:published_time\" content=\"2025-12-01T06:30:00+00:00\" \/>\n<meta property=\"og:image\" content=\"https:\/\/www.asajacyl.com\/palencia\/wp-content\/uploads\/sites\/3\/2025\/11\/Porcino-web.jpg\" \/>\n\t<meta property=\"og:image:width\" content=\"1890\" \/>\n\t<meta property=\"og:image:height\" content=\"1654\" \/>\n\t<meta property=\"og:image:type\" content=\"image\/jpeg\" \/>\n<meta name=\"author\" content=\"Administrador\" \/>\n<meta name=\"twitter:card\" content=\"summary_large_image\" \/>\n<meta name=\"twitter:label1\" content=\"Escrito por\" \/>\n\t<meta name=\"twitter:data1\" content=\"Administrador\" \/>\n\t<meta name=\"twitter:label2\" content=\"Tiempo de lectura\" \/>\n\t<meta name=\"twitter:data2\" content=\"4 minutos\" \/>\n<script type=\"application\/ld+json\" class=\"yoast-schema-graph\">{\"@context\":\"https:\/\/schema.org\",\"@graph\":[{\"@type\":\"WebPage\",\"@id\":\"https:\/\/www.asajacyl.com\/palencia\/asaja-palencia-informa\/el-supremo-tumba-por-falta-de-rigor-economico-la-imposicion-ministerial-de-reducir-la-cabana-porcina\",\"url\":\"https:\/\/www.asajacyl.com\/palencia\/asaja-palencia-informa\/el-supremo-tumba-por-falta-de-rigor-economico-la-imposicion-ministerial-de-reducir-la-cabana-porcina\",\"name\":\"El Supremo tumba por falta de rigor econ\u00f3mico la imposici\u00f3n ministerial de reducir la caba\u00f1a porcina - ASAJA Palencia\",\"isPartOf\":{\"@id\":\"https:\/\/www.asajacyl.com\/palencia\/#website\"},\"primaryImageOfPage\":{\"@id\":\"https:\/\/www.asajacyl.com\/palencia\/asaja-palencia-informa\/el-supremo-tumba-por-falta-de-rigor-economico-la-imposicion-ministerial-de-reducir-la-cabana-porcina#primaryimage\"},\"image\":{\"@id\":\"https:\/\/www.asajacyl.com\/palencia\/asaja-palencia-informa\/el-supremo-tumba-por-falta-de-rigor-economico-la-imposicion-ministerial-de-reducir-la-cabana-porcina#primaryimage\"},\"thumbnailUrl\":\"https:\/\/www.asajacyl.com\/palencia\/wp-content\/uploads\/sites\/3\/2025\/11\/Porcino-web.jpg\",\"datePublished\":\"2025-12-01T06:30:00+00:00\",\"author\":{\"@id\":\"https:\/\/www.asajacyl.com\/palencia\/#\/schema\/person\/3ab17aeb03527485c317557fae64aab1\"},\"description\":\"La Justicia ha dado la raz\u00f3n al sector ganadero y anula la ampliaci\u00f3n obligatoria del espacio por cerdo. La sentencia confirma lo que ASAJA denunci\u00f3 desde\",\"breadcrumb\":{\"@id\":\"https:\/\/www.asajacyl.com\/palencia\/asaja-palencia-informa\/el-supremo-tumba-por-falta-de-rigor-economico-la-imposicion-ministerial-de-reducir-la-cabana-porcina#breadcrumb\"},\"inLanguage\":\"es\",\"potentialAction\":[{\"@type\":\"ReadAction\",\"target\":[\"https:\/\/www.asajacyl.com\/palencia\/asaja-palencia-informa\/el-supremo-tumba-por-falta-de-rigor-economico-la-imposicion-ministerial-de-reducir-la-cabana-porcina\"]}]},{\"@type\":\"ImageObject\",\"inLanguage\":\"es\",\"@id\":\"https:\/\/www.asajacyl.com\/palencia\/asaja-palencia-informa\/el-supremo-tumba-por-falta-de-rigor-economico-la-imposicion-ministerial-de-reducir-la-cabana-porcina#primaryimage\",\"url\":\"https:\/\/www.asajacyl.com\/palencia\/wp-content\/uploads\/sites\/3\/2025\/11\/Porcino-web.jpg\",\"contentUrl\":\"https:\/\/www.asajacyl.com\/palencia\/wp-content\/uploads\/sites\/3\/2025\/11\/Porcino-web.jpg\",\"width\":1890,\"height\":1654},{\"@type\":\"BreadcrumbList\",\"@id\":\"https:\/\/www.asajacyl.com\/palencia\/asaja-palencia-informa\/el-supremo-tumba-por-falta-de-rigor-economico-la-imposicion-ministerial-de-reducir-la-cabana-porcina#breadcrumb\",\"itemListElement\":[{\"@type\":\"ListItem\",\"position\":1,\"name\":\"Portada\",\"item\":\"https:\/\/www.asajacyl.com\/palencia\/\"},{\"@type\":\"ListItem\",\"position\":2,\"name\":\"El Supremo tumba por falta de rigor econ\u00f3mico la imposici\u00f3n ministerial de reducir la caba\u00f1a porcina\"}]},{\"@type\":\"WebSite\",\"@id\":\"https:\/\/www.asajacyl.com\/palencia\/#website\",\"url\":\"https:\/\/www.asajacyl.com\/palencia\/\",\"name\":\"ASAJA Palencia\",\"description\":\"Otro sitio m\u00e1s de Provincias ASAJA Castilla y Le\u00f3n\",\"potentialAction\":[{\"@type\":\"SearchAction\",\"target\":{\"@type\":\"EntryPoint\",\"urlTemplate\":\"https:\/\/www.asajacyl.com\/palencia\/?s={search_term_string}\"},\"query-input\":{\"@type\":\"PropertyValueSpecification\",\"valueRequired\":true,\"valueName\":\"search_term_string\"}}],\"inLanguage\":\"es\"},{\"@type\":\"Person\",\"@id\":\"https:\/\/www.asajacyl.com\/palencia\/#\/schema\/person\/3ab17aeb03527485c317557fae64aab1\",\"name\":\"Administrador\",\"image\":{\"@type\":\"ImageObject\",\"inLanguage\":\"es\",\"@id\":\"https:\/\/www.asajacyl.com\/palencia\/#\/schema\/person\/image\/\",\"url\":\"https:\/\/secure.gravatar.com\/avatar\/517384810d242ca9e38c180f3c9fb973?s=96&d=mm&r=g\",\"contentUrl\":\"https:\/\/secure.gravatar.com\/avatar\/517384810d242ca9e38c180f3c9fb973?s=96&d=mm&r=g\",\"caption\":\"Administrador\"},\"url\":\"https:\/\/www.asajacyl.com\/palencia\/author\/carlosrm\"}]}<\/script>\n<!-- \/ Yoast SEO plugin. -->","yoast_head_json":{"title":"El Supremo tumba por falta de rigor econ\u00f3mico la imposici\u00f3n ministerial de reducir la caba\u00f1a porcina - ASAJA Palencia","description":"La Justicia ha dado la raz\u00f3n al sector ganadero y anula la ampliaci\u00f3n obligatoria del espacio por cerdo. La sentencia confirma lo que ASAJA denunci\u00f3 desde","robots":{"index":"index","follow":"follow","max-snippet":"max-snippet:-1","max-image-preview":"max-image-preview:large","max-video-preview":"max-video-preview:-1"},"canonical":"https:\/\/www.asajacyl.com\/palencia\/asaja-palencia-informa\/el-supremo-tumba-por-falta-de-rigor-economico-la-imposicion-ministerial-de-reducir-la-cabana-porcina","og_locale":"es_ES","og_type":"article","og_title":"El Supremo tumba por falta de rigor econ\u00f3mico la imposici\u00f3n ministerial de reducir la caba\u00f1a porcina - ASAJA Palencia","og_description":"La Justicia ha dado la raz\u00f3n al sector ganadero y anula la ampliaci\u00f3n obligatoria del espacio por cerdo. La sentencia confirma lo que ASAJA denunci\u00f3 desde","og_url":"https:\/\/www.asajacyl.com\/palencia\/asaja-palencia-informa\/el-supremo-tumba-por-falta-de-rigor-economico-la-imposicion-ministerial-de-reducir-la-cabana-porcina","og_site_name":"ASAJA Palencia","article_published_time":"2025-12-01T06:30:00+00:00","og_image":[{"width":1890,"height":1654,"url":"https:\/\/www.asajacyl.com\/palencia\/wp-content\/uploads\/sites\/3\/2025\/11\/Porcino-web.jpg","type":"image\/jpeg"}],"author":"Administrador","twitter_card":"summary_large_image","twitter_misc":{"Escrito por":"Administrador","Tiempo de lectura":"4 minutos"},"schema":{"@context":"https:\/\/schema.org","@graph":[{"@type":"WebPage","@id":"https:\/\/www.asajacyl.com\/palencia\/asaja-palencia-informa\/el-supremo-tumba-por-falta-de-rigor-economico-la-imposicion-ministerial-de-reducir-la-cabana-porcina","url":"https:\/\/www.asajacyl.com\/palencia\/asaja-palencia-informa\/el-supremo-tumba-por-falta-de-rigor-economico-la-imposicion-ministerial-de-reducir-la-cabana-porcina","name":"El Supremo tumba por falta de rigor econ\u00f3mico la imposici\u00f3n ministerial de reducir la caba\u00f1a porcina - ASAJA Palencia","isPartOf":{"@id":"https:\/\/www.asajacyl.com\/palencia\/#website"},"primaryImageOfPage":{"@id":"https:\/\/www.asajacyl.com\/palencia\/asaja-palencia-informa\/el-supremo-tumba-por-falta-de-rigor-economico-la-imposicion-ministerial-de-reducir-la-cabana-porcina#primaryimage"},"image":{"@id":"https:\/\/www.asajacyl.com\/palencia\/asaja-palencia-informa\/el-supremo-tumba-por-falta-de-rigor-economico-la-imposicion-ministerial-de-reducir-la-cabana-porcina#primaryimage"},"thumbnailUrl":"https:\/\/www.asajacyl.com\/palencia\/wp-content\/uploads\/sites\/3\/2025\/11\/Porcino-web.jpg","datePublished":"2025-12-01T06:30:00+00:00","author":{"@id":"https:\/\/www.asajacyl.com\/palencia\/#\/schema\/person\/3ab17aeb03527485c317557fae64aab1"},"description":"La Justicia ha dado la raz\u00f3n al sector ganadero y anula la ampliaci\u00f3n obligatoria del espacio por cerdo. La sentencia confirma lo que ASAJA denunci\u00f3 desde","breadcrumb":{"@id":"https:\/\/www.asajacyl.com\/palencia\/asaja-palencia-informa\/el-supremo-tumba-por-falta-de-rigor-economico-la-imposicion-ministerial-de-reducir-la-cabana-porcina#breadcrumb"},"inLanguage":"es","potentialAction":[{"@type":"ReadAction","target":["https:\/\/www.asajacyl.com\/palencia\/asaja-palencia-informa\/el-supremo-tumba-por-falta-de-rigor-economico-la-imposicion-ministerial-de-reducir-la-cabana-porcina"]}]},{"@type":"ImageObject","inLanguage":"es","@id":"https:\/\/www.asajacyl.com\/palencia\/asaja-palencia-informa\/el-supremo-tumba-por-falta-de-rigor-economico-la-imposicion-ministerial-de-reducir-la-cabana-porcina#primaryimage","url":"https:\/\/www.asajacyl.com\/palencia\/wp-content\/uploads\/sites\/3\/2025\/11\/Porcino-web.jpg","contentUrl":"https:\/\/www.asajacyl.com\/palencia\/wp-content\/uploads\/sites\/3\/2025\/11\/Porcino-web.jpg","width":1890,"height":1654},{"@type":"BreadcrumbList","@id":"https:\/\/www.asajacyl.com\/palencia\/asaja-palencia-informa\/el-supremo-tumba-por-falta-de-rigor-economico-la-imposicion-ministerial-de-reducir-la-cabana-porcina#breadcrumb","itemListElement":[{"@type":"ListItem","position":1,"name":"Portada","item":"https:\/\/www.asajacyl.com\/palencia\/"},{"@type":"ListItem","position":2,"name":"El Supremo tumba por falta de rigor econ\u00f3mico la imposici\u00f3n ministerial de reducir la caba\u00f1a porcina"}]},{"@type":"WebSite","@id":"https:\/\/www.asajacyl.com\/palencia\/#website","url":"https:\/\/www.asajacyl.com\/palencia\/","name":"ASAJA Palencia","description":"Otro sitio m\u00e1s de Provincias ASAJA Castilla y Le\u00f3n","potentialAction":[{"@type":"SearchAction","target":{"@type":"EntryPoint","urlTemplate":"https:\/\/www.asajacyl.com\/palencia\/?s={search_term_string}"},"query-input":{"@type":"PropertyValueSpecification","valueRequired":true,"valueName":"search_term_string"}}],"inLanguage":"es"},{"@type":"Person","@id":"https:\/\/www.asajacyl.com\/palencia\/#\/schema\/person\/3ab17aeb03527485c317557fae64aab1","name":"Administrador","image":{"@type":"ImageObject","inLanguage":"es","@id":"https:\/\/www.asajacyl.com\/palencia\/#\/schema\/person\/image\/","url":"https:\/\/secure.gravatar.com\/avatar\/517384810d242ca9e38c180f3c9fb973?s=96&d=mm&r=g","contentUrl":"https:\/\/secure.gravatar.com\/avatar\/517384810d242ca9e38c180f3c9fb973?s=96&d=mm&r=g","caption":"Administrador"},"url":"https:\/\/www.asajacyl.com\/palencia\/author\/carlosrm"}]}},"_links":{"self":[{"href":"https:\/\/www.asajacyl.com\/palencia\/wp-json\/wp\/v2\/posts\/21637"}],"collection":[{"href":"https:\/\/www.asajacyl.com\/palencia\/wp-json\/wp\/v2\/posts"}],"about":[{"href":"https:\/\/www.asajacyl.com\/palencia\/wp-json\/wp\/v2\/types\/post"}],"author":[{"embeddable":true,"href":"https:\/\/www.asajacyl.com\/palencia\/wp-json\/wp\/v2\/users\/9"}],"replies":[{"embeddable":true,"href":"https:\/\/www.asajacyl.com\/palencia\/wp-json\/wp\/v2\/comments?post=21637"}],"version-history":[{"count":3,"href":"https:\/\/www.asajacyl.com\/palencia\/wp-json\/wp\/v2\/posts\/21637\/revisions"}],"predecessor-version":[{"id":21641,"href":"https:\/\/www.asajacyl.com\/palencia\/wp-json\/wp\/v2\/posts\/21637\/revisions\/21641"}],"wp:featuredmedia":[{"embeddable":true,"href":"https:\/\/www.asajacyl.com\/palencia\/wp-json\/wp\/v2\/media\/21640"}],"wp:attachment":[{"href":"https:\/\/www.asajacyl.com\/palencia\/wp-json\/wp\/v2\/media?parent=21637"}],"wp:term":[{"taxonomy":"category","embeddable":true,"href":"https:\/\/www.asajacyl.com\/palencia\/wp-json\/wp\/v2\/categories?post=21637"},{"taxonomy":"post_tag","embeddable":true,"href":"https:\/\/www.asajacyl.com\/palencia\/wp-json\/wp\/v2\/tags?post=21637"}],"curies":[{"name":"wp","href":"https:\/\/api.w.org\/{rel}","templated":true}]}}