{"id":21643,"date":"2025-11-28T07:30:00","date_gmt":"2025-11-28T06:30:00","guid":{"rendered":"https:\/\/www.asajacyl.com\/palencia\/?p=21643"},"modified":"2025-11-27T11:27:58","modified_gmt":"2025-11-27T10:27:58","slug":"asaja-denuncia-el-golpe-del-parlamento-europeo-al-campo-espanol-al-rechazar-el-etiquetado-del-sahara","status":"publish","type":"post","link":"https:\/\/www.asajacyl.com\/palencia\/asaja-palencia-informa\/asaja-denuncia-el-golpe-del-parlamento-europeo-al-campo-espanol-al-rechazar-el-etiquetado-del-sahara","title":{"rendered":"ASAJA\u00a0denuncia el golpe del Parlamento Europeo al campo espa\u00f1ol al rechazar el etiquetado del S\u00e1hara"},"content":{"rendered":"\n<h2 class=\"wp-block-heading\">El&nbsp;Parlamento Europeo ha rechazado esta semana, y por tan solo un voto de diferencia, la propuesta de la Comisi\u00f3n para modificar el reglamento sobre el etiquetado de origen de frutas y hortalizas procedentes del S\u00e1hara Occidental. En este proceso se hab\u00edan presentado dos objeciones: una por parte de VOX (del grupo Patriotas por Europa), que fue rechazada; y otra por parte del PP (Grupo Popular de la euroc\u00e1mara), igualmente rechazada, aunque esta \u00faltima por la m\u00ednima diferencia de un voto (359 votos, frente a la mayor\u00eda de 360).&nbsp;ASAJA ve en esta decisi\u00f3n una grave amenaza para el sector agr\u00edcola espa\u00f1ol (y europeo, en general), expuesto a que entren productos importados sin las garant\u00edas legales, sociales o medioambientales que s\u00ed cumplen nuestros agricultores.&nbsp;Por eso, reclama a los europarlamentarios una posici\u00f3n firme en la votaci\u00f3n final del acuerdo de asociaci\u00f3n de la UE con Marruecos.<\/h2>\n\n\n\n<p>Las propuestas rechazadas buscaban&nbsp;proteger la legalidad europea y la transparencia del mercado, garantizando que los productos del S\u00e1hara Occidental no puedan presentarse como originarios de Marruecos sin cobertura jur\u00eddica. <\/p>\n\n\n\n<p>Su bloqueo&nbsp;favorece importaciones que generan competencia desleal, comprometen los est\u00e1ndares del sector y debilitan la posici\u00f3n de los agricultores europeos frente a competidores con normas m\u00e1s laxas.&nbsp;<\/p>\n\n\n\n<p><strong>JURISPRUDENCIA DEL TJUE. <\/strong>Adem\u00e1s,&nbsp;ASAJA&nbsp;recuerda que el Tribunal de Justicia de la Uni\u00f3n Europea (TJUE) ha reiterado que el S\u00e1hara Occidental no forma parte de Marruecos, y que cualquier medida comercial debe respetar estrictamente las sentencias vigentes. Este rechazo ignora la jurisprudencia del TJUE y pone en riesgo la seguridad jur\u00eddica del mercado \u00fanico.&nbsp;<\/p>\n\n\n\n<p>Nuestra organizaci\u00f3n&nbsp;denuncia&nbsp;de que este rechazo no es un simple desacuerdo parlamentario, sino un ataque directo a la igualdad de condiciones y a los intereses del agricultor profesional europeo. Los agricultores espa\u00f1oles, que cumplen con todos los requisitos legales, sociales y medioambientales, ahora se enfrentan a un riesgo real de desventaja competitiva frente a productos importados con menos garant\u00edas.&nbsp;<\/p>\n\n\n\n<p><strong>FIRMEZA EN EL PASO DECISIVO. <\/strong>ASAJA critica la posici\u00f3n de ciertos eurodiputados espa\u00f1oles, y les insta a que asuman la responsabilidad de un voto que perjudica de forma evidente al campo espa\u00f1ol. Asimismo, anuncia que supervisar\u00e1 con atenci\u00f3n futuras iniciativas para evitar que vuelvan a adoptarse medidas que desprotejan al agricultor profesional europeo.&nbsp;<\/p>\n\n\n\n<p>A pesar de esta votaci\u00f3n, a\u00fan queda la decisi\u00f3n definitiva sobre el Acuerdo de Asociaci\u00f3n entre la Uni\u00f3n Europea con Marruecos. ASAJA exige con absoluta firmeza que los eurodiputados espa\u00f1oles lo rechacen en la votaci\u00f3n final y no vuelvan a respaldar medidas que perjudican al campo espa\u00f1ol.&nbsp;<\/p>\n\n\n\n<p><strong>SENTIDO DEL VOTO. <\/strong>A continuaci\u00f3n, se detalla el sentido de voto de cada eurodiputado espa\u00f1ol en las dos objeciones propuestas por VOX y el PP. ASAJA rechaza de manera rotunda la postura&nbsp;de&nbsp;los eurodiputados&nbsp;que han votado en contra de la agricultura espa\u00f1ola, y reafirma su compromiso con la defensa de la legalidad europea, la trazabilidad y los intereses del sector agroalimentario espa\u00f1ol.&nbsp;<\/p>\n\n\n\n<p><strong>Objeci\u00f3n al reglamento propuesta por los eurodiputados Mireia Borr\u00e1s y Jorge&nbsp;Buxad\u00e9&nbsp;(VOX), en nombre del grupo pol\u00edtico europeo Patriotas por Europa: 157&nbsp;votos&nbsp;a favor, 465 en contra y 20 abstenciones.<\/strong>&nbsp;<\/p>\n\n\n\n<p><strong>Votaron EN CONTRA<\/strong>&nbsp;de la objeci\u00f3n:&nbsp;<\/p>\n\n\n\n<ul>\n<li>Europarlamentarios del PSOE: Laura\u00a0Ballar\u00edn, Jos\u00e9 Cepeda, Jon\u00e1s Fern\u00e1ndez, Iratxe Garc\u00eda, Nicol\u00e1s Gonz\u00e1lez Casares, Hana\u00a0Jalloul, Alicia Homs, Javi L\u00f3pez, Idoia Mend\u00eda, Nacho S\u00e1nchez Amor, Rosa Serrano, Juan Fernando L\u00f3pez Aguilar, Elena Sancho Murillo y Javier Moreno S\u00e1nchez<\/li>\n\n\n\n<li>Oihane&nbsp;Agirregoiti&nbsp;(PNV)&nbsp;<\/li>\n\n\n\n<li>Estrella Gal\u00e1n y Jaume\u00a0Asens\u00a0(Movimiento Sumar)\u00a0<\/li>\n\n\n\n<li>Irene Montero (Podemos)&nbsp;<\/li>\n\n\n\n<li>Vicent&nbsp;Marz\u00e0&nbsp;Iba\u00f1ez&nbsp;(Comprom\u00eds)&nbsp;<\/li>\n\n\n\n<li>Diana Riba I Giner (ERC)&nbsp;<\/li>\n\n\n\n<li>Ana Miranda Paz (BNG)&nbsp;<\/li>\n<\/ul>\n\n\n\n<p><strong>Votaron A FAVOR<\/strong> de&nbsp;la objeci\u00f3n:&nbsp;<\/p>\n\n\n\n<ul>\n<li>Europarlamentarios de VOX: Mireia Borr\u00e1s, Jorge\u00a0Buxad\u00e9, Juan Carlos\u00a0Girauta, Margarita de la Pisa, Hermann\u00a0Tertsch y Jorge Mart\u00edn Fr\u00edas <\/li>\n\n\n\n<li>Nora Junco Garc\u00eda (Independiente)&nbsp;<\/li>\n\n\n\n<li>Diego Solier (Independiente)&nbsp;<\/li>\n\n\n\n<li>Europarlamentarios del PP: Maravillas Abad\u00eda, Pablo Arias, Isabel Benjumea, Carmen Crespo, Pilar del Castillo, Gabriel Mato, Francisco Mill\u00e1n, Fernando Navarrete, Ra\u00fal de la Hoz, Rosa Estar\u00e1s, Borja Gim\u00e9nez, Esteban Gonz\u00e1lez Pons, Esther Herranz, Antonio L\u00f3pez-Ist\u00fariz, Dolors Montserrat, Elena Nevado, Nicol\u00e1s Pascual, Susana Sol\u00eds, Adri\u00e1n V\u00e1zquez, Javier\u00a0Zarzalejos y Juann Ignacio Zoido.\u00a0<\/li>\n\n\n\n<li>Alvise&nbsp;P\u00e9rez (SALF)&nbsp;<\/li>\n<\/ul>\n\n\n\n<p><strong>No participaron en la votaci\u00f3n <\/strong>los europarlamentarios socialistas Cristina Maestre, C\u00e9sar&nbsp;Luena, Lina G\u00e1lvez, Sandra G\u00f3mez L\u00f3pez, Marcos Ros y Leire&nbsp;Paj\u00edn; ni Isabel Serra (Podemos), Pernando&nbsp;Barrena (Bildu)&nbsp;y Alma Ezcurra (PP).&nbsp;<\/p>\n\n\n\n<p><strong>Objeci\u00f3n al reglamento propuesta por los eurodiputados Carmen Crespo (PP) y Herbert&nbsp;Dorfmann, en nombre del grupo pol\u00edtico Partido Popular Europeo:&nbsp;359 votos a favor, 188 en contra y 76 abstenciones.<\/strong>&nbsp;<\/p>\n\n\n\n<p><strong>Votaron EN CONTRA <\/strong>de la objeci\u00f3n:<\/p>\n\n\n\n<ul>\n<li>Europarlamentarios del PSOE: Laura\u00a0Ballar\u00edn, Jos\u00e9\u00a0Cepeda, Jon\u00e1s Fern\u00e1ndez, Hana\u00a0Jalloul, Alicia Homs, Javi L\u00f3pez, Javier Moreno S\u00e1nchez, Nacho S\u00e1nchez Amor y Juan Fernando L\u00f3pez Aguilar.\u00a0<\/li>\n<\/ul>\n\n\n\n<p><strong>Votaron A FAVOR<\/strong> de la objeci\u00f3n:&nbsp;<\/p>\n\n\n\n<ul>\n<li>Europarlamentarios del PP: Pilar del Castillo, Gabriel Mato, Francisco Jos\u00e9 Mill\u00e1n, Fernando Navarrete, Maravillas Abad\u00eda, Pablo Arias Echevarr\u00eda, Isabel Benjumea, Carmen Crespo, Ra\u00fal de la Hoz, Rosa\u00a0Estar\u00e0s, Borja Gim\u00e9nez, Esteban Gonz\u00e1lez Pons, Esther Herranz, Antonio L\u00f3pez-Isturiz, Dolors Montserrat, Elena Nevado, Nicol\u00e1s Pascual, Susana Sol\u00eds, Adri\u00e1n V\u00e1zquez, Javier\u00a0Zarzalejos y Juan Ignacio\u00a0Zoido.<\/li>\n\n\n\n<li>Nora Junco Garc\u00eda (Independiente)&nbsp;<\/li>\n\n\n\n<li>Diego Solier (Independiente)&nbsp;<\/li>\n\n\n\n<li>Alvise&nbsp;P\u00e9rez (SALF)&nbsp;<\/li>\n\n\n\n<li>Europarlamentarios de VOX: Mireia Borr\u00e1s, Hermann\u00a0Tertsch, Jorge\u00a0Buxad\u00e9, Juan Carlos\u00a0Girauta, Margarita de la Pisa y Jorge Mart\u00edn Fr\u00edas.\u00a0<\/li>\n\n\n\n<li>Ohiane&nbsp;Agirregoitia&nbsp;Mart\u00ednez (PNV)&nbsp;<\/li>\n\n\n\n<li>Diana Riba i Giner (ERC)&nbsp;<\/li>\n\n\n\n<li>Irene Montero (Podemos)&nbsp;<\/li>\n\n\n\n<li>Estrella Gal\u00e1n y Jaume\u00a0Asens\u00a0(Sumar)\u00a0<\/li>\n\n\n\n<li>Vicent&nbsp;Marz\u00e0&nbsp;Ib\u00e1\u00f1ez (Comprom\u00eds)&nbsp;<\/li>\n\n\n\n<li>Ana Miranda Paz (BNG)&nbsp;<\/li>\n\n\n\n<li>Nicol\u00e1s Gonz\u00e1lez Casares (PSOE)&nbsp;<\/li>\n<\/ul>\n\n\n\n<p><strong>No&nbsp;participaron&nbsp;en la votaci\u00f3n<\/strong> los europarlamentarios socialistas Lina G\u00e1lvez, Iratxe Garc\u00eda P\u00e9rez, Sandra G\u00f3mez L\u00f3pez, C\u00e9sar&nbsp;Luena, Cristina Maestre, Marcos Ros, Idoia&nbsp;Mendia, Leire&nbsp;Paj\u00edn, Elena Sancho y Rosa Serrano; ni Isabel Serra (Podemos), Pernando&nbsp;Barrena (Bildu) y Alma Ezcurra (PP).<strong>\/<\/strong>&nbsp;<\/p>\n","protected":false},"excerpt":{"rendered":"<p>El&nbsp;Parlamento Europeo ha rechazado esta semana, y por tan solo un voto de diferencia, la propuesta de la Comisi\u00f3n para modificar el reglamento sobre el etiquetado de origen de frutas y hortalizas procedentes del S\u00e1hara Occidental. En este proceso se hab\u00edan presentado dos objeciones: una por parte de VOX (del grupo Patriotas por Europa), que [&hellip;]<\/p>\n","protected":false},"author":9,"featured_media":21646,"comment_status":"open","ping_status":"open","sticky":false,"template":"","format":"standard","meta":{"footnotes":""},"categories":[9,38,29,28,13],"tags":[1604,58,742,351,1462,784,242,80,1178,191,338],"yoast_head":"<!-- This site is optimized with the Yoast SEO plugin v24.5 - https:\/\/yoast.com\/wordpress\/plugins\/seo\/ -->\n<title>ASAJA\u00a0denuncia el golpe del Parlamento Europeo al campo espa\u00f1ol al rechazar el etiquetado del S\u00e1hara - ASAJA Palencia<\/title>\n<meta name=\"description\" content=\"El&nbsp;Parlamento Europeo ha rechazado esta semana, y por tan solo un voto de diferencia, la propuesta de la Comisi\u00f3n para modificar el reglamento sobre\" \/>\n<meta name=\"robots\" content=\"index, follow, max-snippet:-1, max-image-preview:large, max-video-preview:-1\" \/>\n<link rel=\"canonical\" href=\"https:\/\/www.asajacyl.com\/palencia\/asaja-palencia-informa\/asaja-denuncia-el-golpe-del-parlamento-europeo-al-campo-espanol-al-rechazar-el-etiquetado-del-sahara\" \/>\n<meta property=\"og:locale\" content=\"es_ES\" \/>\n<meta property=\"og:type\" content=\"article\" \/>\n<meta property=\"og:title\" content=\"ASAJA\u00a0denuncia el golpe del Parlamento Europeo al campo espa\u00f1ol al rechazar el etiquetado del S\u00e1hara - ASAJA Palencia\" \/>\n<meta property=\"og:description\" content=\"El&nbsp;Parlamento Europeo ha rechazado esta semana, y por tan solo un voto de diferencia, la propuesta de la Comisi\u00f3n para modificar el reglamento sobre\" \/>\n<meta property=\"og:url\" content=\"https:\/\/www.asajacyl.com\/palencia\/asaja-palencia-informa\/asaja-denuncia-el-golpe-del-parlamento-europeo-al-campo-espanol-al-rechazar-el-etiquetado-del-sahara\" \/>\n<meta property=\"og:site_name\" content=\"ASAJA Palencia\" \/>\n<meta property=\"article:published_time\" content=\"2025-11-28T06:30:00+00:00\" \/>\n<meta property=\"og:image\" content=\"https:\/\/www.asajacyl.com\/palencia\/wp-content\/uploads\/sites\/3\/2025\/11\/UE-frutas-y-hortalizas-web.jpg\" \/>\n\t<meta property=\"og:image:width\" content=\"1890\" \/>\n\t<meta property=\"og:image:height\" content=\"1654\" \/>\n\t<meta property=\"og:image:type\" content=\"image\/jpeg\" \/>\n<meta name=\"author\" content=\"Administrador\" \/>\n<meta name=\"twitter:card\" content=\"summary_large_image\" \/>\n<meta name=\"twitter:label1\" content=\"Escrito por\" \/>\n\t<meta name=\"twitter:data1\" content=\"Administrador\" \/>\n\t<meta name=\"twitter:label2\" content=\"Tiempo de lectura\" \/>\n\t<meta name=\"twitter:data2\" content=\"5 minutos\" \/>\n<script type=\"application\/ld+json\" class=\"yoast-schema-graph\">{\"@context\":\"https:\/\/schema.org\",\"@graph\":[{\"@type\":\"WebPage\",\"@id\":\"https:\/\/www.asajacyl.com\/palencia\/asaja-palencia-informa\/asaja-denuncia-el-golpe-del-parlamento-europeo-al-campo-espanol-al-rechazar-el-etiquetado-del-sahara\",\"url\":\"https:\/\/www.asajacyl.com\/palencia\/asaja-palencia-informa\/asaja-denuncia-el-golpe-del-parlamento-europeo-al-campo-espanol-al-rechazar-el-etiquetado-del-sahara\",\"name\":\"ASAJA\u00a0denuncia el golpe del Parlamento Europeo al campo espa\u00f1ol al rechazar el etiquetado del S\u00e1hara - ASAJA Palencia\",\"isPartOf\":{\"@id\":\"https:\/\/www.asajacyl.com\/palencia\/#website\"},\"primaryImageOfPage\":{\"@id\":\"https:\/\/www.asajacyl.com\/palencia\/asaja-palencia-informa\/asaja-denuncia-el-golpe-del-parlamento-europeo-al-campo-espanol-al-rechazar-el-etiquetado-del-sahara#primaryimage\"},\"image\":{\"@id\":\"https:\/\/www.asajacyl.com\/palencia\/asaja-palencia-informa\/asaja-denuncia-el-golpe-del-parlamento-europeo-al-campo-espanol-al-rechazar-el-etiquetado-del-sahara#primaryimage\"},\"thumbnailUrl\":\"https:\/\/www.asajacyl.com\/palencia\/wp-content\/uploads\/sites\/3\/2025\/11\/UE-frutas-y-hortalizas-web.jpg\",\"datePublished\":\"2025-11-28T06:30:00+00:00\",\"author\":{\"@id\":\"https:\/\/www.asajacyl.com\/palencia\/#\/schema\/person\/3ab17aeb03527485c317557fae64aab1\"},\"description\":\"El&nbsp;Parlamento Europeo ha rechazado esta semana, y por tan solo un voto de diferencia, la propuesta de la Comisi\u00f3n para modificar el reglamento sobre\",\"breadcrumb\":{\"@id\":\"https:\/\/www.asajacyl.com\/palencia\/asaja-palencia-informa\/asaja-denuncia-el-golpe-del-parlamento-europeo-al-campo-espanol-al-rechazar-el-etiquetado-del-sahara#breadcrumb\"},\"inLanguage\":\"es\",\"potentialAction\":[{\"@type\":\"ReadAction\",\"target\":[\"https:\/\/www.asajacyl.com\/palencia\/asaja-palencia-informa\/asaja-denuncia-el-golpe-del-parlamento-europeo-al-campo-espanol-al-rechazar-el-etiquetado-del-sahara\"]}]},{\"@type\":\"ImageObject\",\"inLanguage\":\"es\",\"@id\":\"https:\/\/www.asajacyl.com\/palencia\/asaja-palencia-informa\/asaja-denuncia-el-golpe-del-parlamento-europeo-al-campo-espanol-al-rechazar-el-etiquetado-del-sahara#primaryimage\",\"url\":\"https:\/\/www.asajacyl.com\/palencia\/wp-content\/uploads\/sites\/3\/2025\/11\/UE-frutas-y-hortalizas-web.jpg\",\"contentUrl\":\"https:\/\/www.asajacyl.com\/palencia\/wp-content\/uploads\/sites\/3\/2025\/11\/UE-frutas-y-hortalizas-web.jpg\",\"width\":1890,\"height\":1654},{\"@type\":\"BreadcrumbList\",\"@id\":\"https:\/\/www.asajacyl.com\/palencia\/asaja-palencia-informa\/asaja-denuncia-el-golpe-del-parlamento-europeo-al-campo-espanol-al-rechazar-el-etiquetado-del-sahara#breadcrumb\",\"itemListElement\":[{\"@type\":\"ListItem\",\"position\":1,\"name\":\"Portada\",\"item\":\"https:\/\/www.asajacyl.com\/palencia\/\"},{\"@type\":\"ListItem\",\"position\":2,\"name\":\"ASAJA\u00a0denuncia el golpe del Parlamento Europeo al campo espa\u00f1ol al rechazar el etiquetado del S\u00e1hara\"}]},{\"@type\":\"WebSite\",\"@id\":\"https:\/\/www.asajacyl.com\/palencia\/#website\",\"url\":\"https:\/\/www.asajacyl.com\/palencia\/\",\"name\":\"ASAJA Palencia\",\"description\":\"Otro sitio m\u00e1s de Provincias ASAJA Castilla y Le\u00f3n\",\"potentialAction\":[{\"@type\":\"SearchAction\",\"target\":{\"@type\":\"EntryPoint\",\"urlTemplate\":\"https:\/\/www.asajacyl.com\/palencia\/?s={search_term_string}\"},\"query-input\":{\"@type\":\"PropertyValueSpecification\",\"valueRequired\":true,\"valueName\":\"search_term_string\"}}],\"inLanguage\":\"es\"},{\"@type\":\"Person\",\"@id\":\"https:\/\/www.asajacyl.com\/palencia\/#\/schema\/person\/3ab17aeb03527485c317557fae64aab1\",\"name\":\"Administrador\",\"image\":{\"@type\":\"ImageObject\",\"inLanguage\":\"es\",\"@id\":\"https:\/\/www.asajacyl.com\/palencia\/#\/schema\/person\/image\/\",\"url\":\"https:\/\/secure.gravatar.com\/avatar\/517384810d242ca9e38c180f3c9fb973?s=96&d=mm&r=g\",\"contentUrl\":\"https:\/\/secure.gravatar.com\/avatar\/517384810d242ca9e38c180f3c9fb973?s=96&d=mm&r=g\",\"caption\":\"Administrador\"},\"url\":\"https:\/\/www.asajacyl.com\/palencia\/author\/carlosrm\"}]}<\/script>\n<!-- \/ Yoast SEO plugin. -->","yoast_head_json":{"title":"ASAJA\u00a0denuncia el golpe del Parlamento Europeo al campo espa\u00f1ol al rechazar el etiquetado del S\u00e1hara - ASAJA Palencia","description":"El&nbsp;Parlamento Europeo ha rechazado esta semana, y por tan solo un voto de diferencia, la propuesta de la Comisi\u00f3n para modificar el reglamento sobre","robots":{"index":"index","follow":"follow","max-snippet":"max-snippet:-1","max-image-preview":"max-image-preview:large","max-video-preview":"max-video-preview:-1"},"canonical":"https:\/\/www.asajacyl.com\/palencia\/asaja-palencia-informa\/asaja-denuncia-el-golpe-del-parlamento-europeo-al-campo-espanol-al-rechazar-el-etiquetado-del-sahara","og_locale":"es_ES","og_type":"article","og_title":"ASAJA\u00a0denuncia el golpe del Parlamento Europeo al campo espa\u00f1ol al rechazar el etiquetado del S\u00e1hara - ASAJA Palencia","og_description":"El&nbsp;Parlamento Europeo ha rechazado esta semana, y por tan solo un voto de diferencia, la propuesta de la Comisi\u00f3n para modificar el reglamento sobre","og_url":"https:\/\/www.asajacyl.com\/palencia\/asaja-palencia-informa\/asaja-denuncia-el-golpe-del-parlamento-europeo-al-campo-espanol-al-rechazar-el-etiquetado-del-sahara","og_site_name":"ASAJA Palencia","article_published_time":"2025-11-28T06:30:00+00:00","og_image":[{"width":1890,"height":1654,"url":"https:\/\/www.asajacyl.com\/palencia\/wp-content\/uploads\/sites\/3\/2025\/11\/UE-frutas-y-hortalizas-web.jpg","type":"image\/jpeg"}],"author":"Administrador","twitter_card":"summary_large_image","twitter_misc":{"Escrito por":"Administrador","Tiempo de lectura":"5 minutos"},"schema":{"@context":"https:\/\/schema.org","@graph":[{"@type":"WebPage","@id":"https:\/\/www.asajacyl.com\/palencia\/asaja-palencia-informa\/asaja-denuncia-el-golpe-del-parlamento-europeo-al-campo-espanol-al-rechazar-el-etiquetado-del-sahara","url":"https:\/\/www.asajacyl.com\/palencia\/asaja-palencia-informa\/asaja-denuncia-el-golpe-del-parlamento-europeo-al-campo-espanol-al-rechazar-el-etiquetado-del-sahara","name":"ASAJA\u00a0denuncia el golpe del Parlamento Europeo al campo espa\u00f1ol al rechazar el etiquetado del S\u00e1hara - ASAJA Palencia","isPartOf":{"@id":"https:\/\/www.asajacyl.com\/palencia\/#website"},"primaryImageOfPage":{"@id":"https:\/\/www.asajacyl.com\/palencia\/asaja-palencia-informa\/asaja-denuncia-el-golpe-del-parlamento-europeo-al-campo-espanol-al-rechazar-el-etiquetado-del-sahara#primaryimage"},"image":{"@id":"https:\/\/www.asajacyl.com\/palencia\/asaja-palencia-informa\/asaja-denuncia-el-golpe-del-parlamento-europeo-al-campo-espanol-al-rechazar-el-etiquetado-del-sahara#primaryimage"},"thumbnailUrl":"https:\/\/www.asajacyl.com\/palencia\/wp-content\/uploads\/sites\/3\/2025\/11\/UE-frutas-y-hortalizas-web.jpg","datePublished":"2025-11-28T06:30:00+00:00","author":{"@id":"https:\/\/www.asajacyl.com\/palencia\/#\/schema\/person\/3ab17aeb03527485c317557fae64aab1"},"description":"El&nbsp;Parlamento Europeo ha rechazado esta semana, y por tan solo un voto de diferencia, la propuesta de la Comisi\u00f3n para modificar el reglamento sobre","breadcrumb":{"@id":"https:\/\/www.asajacyl.com\/palencia\/asaja-palencia-informa\/asaja-denuncia-el-golpe-del-parlamento-europeo-al-campo-espanol-al-rechazar-el-etiquetado-del-sahara#breadcrumb"},"inLanguage":"es","potentialAction":[{"@type":"ReadAction","target":["https:\/\/www.asajacyl.com\/palencia\/asaja-palencia-informa\/asaja-denuncia-el-golpe-del-parlamento-europeo-al-campo-espanol-al-rechazar-el-etiquetado-del-sahara"]}]},{"@type":"ImageObject","inLanguage":"es","@id":"https:\/\/www.asajacyl.com\/palencia\/asaja-palencia-informa\/asaja-denuncia-el-golpe-del-parlamento-europeo-al-campo-espanol-al-rechazar-el-etiquetado-del-sahara#primaryimage","url":"https:\/\/www.asajacyl.com\/palencia\/wp-content\/uploads\/sites\/3\/2025\/11\/UE-frutas-y-hortalizas-web.jpg","contentUrl":"https:\/\/www.asajacyl.com\/palencia\/wp-content\/uploads\/sites\/3\/2025\/11\/UE-frutas-y-hortalizas-web.jpg","width":1890,"height":1654},{"@type":"BreadcrumbList","@id":"https:\/\/www.asajacyl.com\/palencia\/asaja-palencia-informa\/asaja-denuncia-el-golpe-del-parlamento-europeo-al-campo-espanol-al-rechazar-el-etiquetado-del-sahara#breadcrumb","itemListElement":[{"@type":"ListItem","position":1,"name":"Portada","item":"https:\/\/www.asajacyl.com\/palencia\/"},{"@type":"ListItem","position":2,"name":"ASAJA\u00a0denuncia el golpe del Parlamento Europeo al campo espa\u00f1ol al rechazar el etiquetado del S\u00e1hara"}]},{"@type":"WebSite","@id":"https:\/\/www.asajacyl.com\/palencia\/#website","url":"https:\/\/www.asajacyl.com\/palencia\/","name":"ASAJA Palencia","description":"Otro sitio m\u00e1s de Provincias ASAJA Castilla y Le\u00f3n","potentialAction":[{"@type":"SearchAction","target":{"@type":"EntryPoint","urlTemplate":"https:\/\/www.asajacyl.com\/palencia\/?s={search_term_string}"},"query-input":{"@type":"PropertyValueSpecification","valueRequired":true,"valueName":"search_term_string"}}],"inLanguage":"es"},{"@type":"Person","@id":"https:\/\/www.asajacyl.com\/palencia\/#\/schema\/person\/3ab17aeb03527485c317557fae64aab1","name":"Administrador","image":{"@type":"ImageObject","inLanguage":"es","@id":"https:\/\/www.asajacyl.com\/palencia\/#\/schema\/person\/image\/","url":"https:\/\/secure.gravatar.com\/avatar\/517384810d242ca9e38c180f3c9fb973?s=96&d=mm&r=g","contentUrl":"https:\/\/secure.gravatar.com\/avatar\/517384810d242ca9e38c180f3c9fb973?s=96&d=mm&r=g","caption":"Administrador"},"url":"https:\/\/www.asajacyl.com\/palencia\/author\/carlosrm"}]}},"_links":{"self":[{"href":"https:\/\/www.asajacyl.com\/palencia\/wp-json\/wp\/v2\/posts\/21643"}],"collection":[{"href":"https:\/\/www.asajacyl.com\/palencia\/wp-json\/wp\/v2\/posts"}],"about":[{"href":"https:\/\/www.asajacyl.com\/palencia\/wp-json\/wp\/v2\/types\/post"}],"author":[{"embeddable":true,"href":"https:\/\/www.asajacyl.com\/palencia\/wp-json\/wp\/v2\/users\/9"}],"replies":[{"embeddable":true,"href":"https:\/\/www.asajacyl.com\/palencia\/wp-json\/wp\/v2\/comments?post=21643"}],"version-history":[{"count":4,"href":"https:\/\/www.asajacyl.com\/palencia\/wp-json\/wp\/v2\/posts\/21643\/revisions"}],"predecessor-version":[{"id":21649,"href":"https:\/\/www.asajacyl.com\/palencia\/wp-json\/wp\/v2\/posts\/21643\/revisions\/21649"}],"wp:featuredmedia":[{"embeddable":true,"href":"https:\/\/www.asajacyl.com\/palencia\/wp-json\/wp\/v2\/media\/21646"}],"wp:attachment":[{"href":"https:\/\/www.asajacyl.com\/palencia\/wp-json\/wp\/v2\/media?parent=21643"}],"wp:term":[{"taxonomy":"category","embeddable":true,"href":"https:\/\/www.asajacyl.com\/palencia\/wp-json\/wp\/v2\/categories?post=21643"},{"taxonomy":"post_tag","embeddable":true,"href":"https:\/\/www.asajacyl.com\/palencia\/wp-json\/wp\/v2\/tags?post=21643"}],"curies":[{"name":"wp","href":"https:\/\/api.w.org\/{rel}","templated":true}]}}