{"id":21650,"date":"2025-11-29T09:00:00","date_gmt":"2025-11-29T08:00:00","guid":{"rendered":"https:\/\/www.asajacyl.com\/palencia\/?p=21650"},"modified":"2025-11-27T12:20:32","modified_gmt":"2025-11-27T11:20:32","slug":"la-cadena-agroalimentaria-de-la-ue-necesita-un-plan-ambicioso-que-simplifique-y-de-seguridad-juridica","status":"publish","type":"post","link":"https:\/\/www.asajacyl.com\/palencia\/asaja-palencia-informa\/la-cadena-agroalimentaria-de-la-ue-necesita-un-plan-ambicioso-que-simplifique-y-de-seguridad-juridica","title":{"rendered":"La cadena agroalimentaria de la UE necesita un plan ambicioso que simplifique y d\u00e9 seguridad jur\u00eddica"},"content":{"rendered":"\n<h2 class=\"wp-block-heading\">Una treintena de entidades del \u00e1mbito agrario y alimentario de la Uni\u00f3n Europea ha elaborado un llamamiento para reclamar un ambicioso programa de simplificaci\u00f3n y seguridad jur\u00eddica que garantice el futuro y la competitividad de la cadena agroalimentaria en el espacio comunitario. Entre esas entidades figuran los comit\u00e9s COPA (al que pertenece ASAJA) y COGECA, que agrupan a las organizaciones profesionales agrarias y a las cooperativas agroganaderas de la UE. La cadena agroalimentaria del espacio comunitario est\u00e1 sometida a una presi\u00f3n cada vez mayor, debido a la incertidumbre jur\u00eddica, la creciente complejidad normativa, las disposiciones obsoletas que bloquean las innovaciones y el aumento de las cargas administrativas.<\/h2>\n\n\n\n<p>La agricultura y la alimentaci\u00f3n siempre han sido fundamentales para el proyecto europeo, piedra angular de nuestra econom\u00eda, nuestra seguridad y nuestro modo de vida.<\/p>\n\n\n\n<p>Cada d\u00eda, la cadena agroalimentaria europea proporciona alimentos seguros, de alta calidad y nutritivos a los ciudadanos de todo el continente y m\u00e1s all\u00e1. <\/p>\n\n\n\n<p>En un mundo marcado por la inestabilidad geopol\u00edtica, los conflictos y la creciente incertidumbre, los agricultores y ganaderos, los actores preagr\u00edcolas y agroalimentarios de Europa siguen siendo una fuerza estabilizadora, un activo estrat\u00e9gico para la seguridad alimentaria, la paz, la resiliencia y la sostenibilidad.<\/p>\n\n\n\n<p><strong>OBST\u00c1CULOS.<\/strong> Sin embargo, la cadena est\u00e1 sometida a una presi\u00f3n cada vez mayor. La incertidumbre jur\u00eddica, la creciente complejidad normativa, las disposiciones obsoletas que bloquean las innovaciones y el aumento de las cargas administrativas est\u00e1n poniendo en peligro el futuro de cadenas de valor enteras. <\/p>\n\n\n\n<p>Estos obst\u00e1culos frenan las inversiones esenciales para impulsar la sostenibilidad y garantizar la resiliencia a largo plazo, la aplicaci\u00f3n, dificultan la innovaci\u00f3n y ralentizan las transiciones que la sociedad exige.<\/p>\n\n\n\n<p>Por lo tanto, las organizaciones de la cadena agroalimentaria que firman este llamamiento acogen con satisfacci\u00f3n el compromiso de la Comisi\u00f3n Europea para 2024-2029 de mejorar la competitividad, reducir las cargas administrativas y racionalizar y modernizar la legislaci\u00f3n.<\/p>\n\n\n\n<p><strong>SIMPLIFICACI\u00d3N REAL. <\/strong>Como se destaca en el documento <em>Visi\u00f3n de la Comisi\u00f3n Europea para la agricultura y la alimentaci\u00f3n, <\/em>la consecuci\u00f3n de sus objetivos  requiere una simplificaci\u00f3n real para los agricultores y ganaderos, los transformadores de alimentos y todos los actores de la cadena de valor agroalimentaria, respaldada por una innovaci\u00f3n que ofrezca soluciones pr\u00e1cticas.<\/p>\n\n\n\n<p>En este contexto, se espera que la Comisi\u00f3n Europea presente un paquete de simplificaci\u00f3n legislativa transversal que aporte mejoras significativas m\u00e1s all\u00e1 de la PAC, en particular en todos los \u00e1mbitos pol\u00edticos que afectan a los agricultores y ganaderos, las empresas de alimentos y piensos y las administraciones. <\/p>\n\n\n\n<p>Nuestras expectativas respecto al paquete \u00f3mnibus sobre medio ambiente y alimentaci\u00f3n y piensos son muy altas. La Comisi\u00f3n debe racionalizar urgentemente las normas existentes y evitar acumular nuevas normas. Esto no se puede lograr centr\u00e1ndose \u00fanicamente en las cargas administrativas. <\/p>\n\n\n\n<p><strong>PERSPECTIVA INTEGRAL. <\/strong>Es necesario ampliar la perspectiva para que los paquetes \u00f3mnibus aborden de manera integral las cargas reglamentarias, administrativas, jur\u00eddicas, pr\u00e1cticas y de informaci\u00f3n a las que se enfrentan los operadores agroalimentarios, que constituyen obst\u00e1culos importantes para la inversi\u00f3n en sostenibilidad y productividad.<\/p>\n\n\n\n<p>Por lo tanto, pedimos a la Comisi\u00f3n Europea que act\u00fae con valent\u00eda y presente paquetes \u00f3mnibus sobre medio ambiente y alimentaci\u00f3n y piensos ambiciosos, capaces de simplificar realmente la vida de millones de agricultores y ganaderos, cooperativas agrarias y cientos de miles de transformadores y operadores de la cadena de suministro agroalimentaria, proporcionando a las empresas la seguridad que necesitan para operar e invertir, al tiempo que se refuerza la confianza de los consumidores. <\/p>\n\n\n\n<p>Los esfuerzos de simplificaci\u00f3n y modernizaci\u00f3n para los agentes agroalimentarios deben ocupar un lugar central tanto en el paquete omnibus sobre medio ambiente como en el de alimentaci\u00f3n y piensos. <\/p>\n\n\n\n<p><strong>NO A MEROS CAMBIOS COSM\u00c9TICOS. <\/strong>Los cambios cosm\u00e9ticos no son suficientes para garantizar el futuro de una cadena agroalimentaria competitiva en la UE. Necesitamos una mejor regulaci\u00f3n y pedimos que los pr\u00f3ximos paquetes omnibus modernicen tambi\u00e9n la legislaci\u00f3n que actualmente obstaculiza la concesi\u00f3n de permisos, la innovaci\u00f3n y la circularidad en la agricultura y la alimentaci\u00f3n.<\/p>\n\n\n\n<p>El Consejo Europeo de octubre reafirm\u00f3 la urgente necesidad de una agenda ambiciosa y horizontal de simplificaci\u00f3n y mejora de la regulaci\u00f3n a nivel europeo, nacional y regional, en todos los \u00e1mbitos pol\u00edticos, para salvaguardar la competitividad de Europa.<\/p>\n\n\n\n<p>Ahora es esencial armonizar las normas de la UE con la realidad a la que se enfrentan los agricultores y los operadores econ\u00f3micos sobre el terreno. Esto debe incluir la habilitaci\u00f3n de soluciones interoperables e innovadoras que apoyen a las explotaciones agr\u00edcolas y a los agentes agroalimentarios sin crear nuevas cargas. <\/p>\n\n\n\n<p><strong>RESULTADOS CONCRETOS. <\/strong>Esto solo puede lograrse presentando paquetes omnibus ambiciosos para el medio ambiente, los alimentos y los piensos que no reh\u00fayan de introducir cambios legislativos cuando estos afecten m\u00e1s a los operadores agroalimentarios. La simplificaci\u00f3n debe ser un proceso exhaustivo y por etapas, con sucesivos paquetes omnibus propuestos siempre que sea necesario.<\/p>\n\n\n\n<p>\u00a1Ahora es el momento de actuar! Esperamos que la Comisi\u00f3n Europea escuche el llamamiento de la cadena agroalimentaria y ofrezca resultados concretos que garanticen el futuro y la competitividad de todo el sector.<\/p>\n\n\n<div class=\"wp-block-image\">\n<figure class=\"aligncenter size-large\"><img loading=\"lazy\" decoding=\"async\" width=\"1024\" height=\"291\" src=\"https:\/\/www.asajacyl.com\/palencia\/wp-content\/uploads\/sites\/3\/2025\/11\/Firmantes-cadena-alimentaria-nov2025-1024x291.jpg\" alt=\"\" class=\"wp-image-21653\" srcset=\"https:\/\/www.asajacyl.com\/palencia\/wp-content\/uploads\/sites\/3\/2025\/11\/Firmantes-cadena-alimentaria-nov2025-1024x291.jpg 1024w, https:\/\/www.asajacyl.com\/palencia\/wp-content\/uploads\/sites\/3\/2025\/11\/Firmantes-cadena-alimentaria-nov2025-300x85.jpg 300w, https:\/\/www.asajacyl.com\/palencia\/wp-content\/uploads\/sites\/3\/2025\/11\/Firmantes-cadena-alimentaria-nov2025-768x218.jpg 768w, https:\/\/www.asajacyl.com\/palencia\/wp-content\/uploads\/sites\/3\/2025\/11\/Firmantes-cadena-alimentaria-nov2025-1536x437.jpg 1536w, https:\/\/www.asajacyl.com\/palencia\/wp-content\/uploads\/sites\/3\/2025\/11\/Firmantes-cadena-alimentaria-nov2025-1477x420.jpg 1477w, https:\/\/www.asajacyl.com\/palencia\/wp-content\/uploads\/sites\/3\/2025\/11\/Firmantes-cadena-alimentaria-nov2025-696x198.jpg 696w, https:\/\/www.asajacyl.com\/palencia\/wp-content\/uploads\/sites\/3\/2025\/11\/Firmantes-cadena-alimentaria-nov2025-1068x304.jpg 1068w, https:\/\/www.asajacyl.com\/palencia\/wp-content\/uploads\/sites\/3\/2025\/11\/Firmantes-cadena-alimentaria-nov2025.jpg 1600w\" sizes=\"(max-width: 1024px) 100vw, 1024px\" \/><\/figure><\/div>","protected":false},"excerpt":{"rendered":"<p>Una treintena de entidades del \u00e1mbito agrario y alimentario de la Uni\u00f3n Europea ha elaborado un llamamiento para reclamar un ambicioso programa de simplificaci\u00f3n y seguridad jur\u00eddica que garantice el futuro y la competitividad de la cadena agroalimentaria en el espacio comunitario. Entre esas entidades figuran los comit\u00e9s COPA (al que pertenece ASAJA) y COGECA, [&hellip;]<\/p>\n","protected":false},"author":9,"featured_media":16568,"comment_status":"open","ping_status":"open","sticky":false,"template":"","format":"standard","meta":{"footnotes":""},"categories":[9,38,29,28,13],"tags":[58,298,161,101,260,332,192,351,77,338],"yoast_head":"<!-- This site is optimized with the Yoast SEO plugin v24.5 - https:\/\/yoast.com\/wordpress\/plugins\/seo\/ -->\n<title>La cadena agroalimentaria de la UE necesita un plan ambicioso que simplifique y d\u00e9 seguridad jur\u00eddica - ASAJA Palencia<\/title>\n<meta name=\"description\" content=\"Una treintena de entidades del \u00e1mbito agrario y alimentario de la Uni\u00f3n Europea ha elaborado un llamamiento para reclamar un ambicioso programa de\" \/>\n<meta name=\"robots\" content=\"index, follow, max-snippet:-1, max-image-preview:large, max-video-preview:-1\" \/>\n<link rel=\"canonical\" href=\"https:\/\/www.asajacyl.com\/palencia\/asaja-palencia-informa\/la-cadena-agroalimentaria-de-la-ue-necesita-un-plan-ambicioso-que-simplifique-y-de-seguridad-juridica\" \/>\n<meta property=\"og:locale\" content=\"es_ES\" \/>\n<meta property=\"og:type\" content=\"article\" \/>\n<meta property=\"og:title\" content=\"La cadena agroalimentaria de la UE necesita un plan ambicioso que simplifique y d\u00e9 seguridad jur\u00eddica - ASAJA Palencia\" \/>\n<meta property=\"og:description\" content=\"Una treintena de entidades del \u00e1mbito agrario y alimentario de la Uni\u00f3n Europea ha elaborado un llamamiento para reclamar un ambicioso programa de\" \/>\n<meta property=\"og:url\" content=\"https:\/\/www.asajacyl.com\/palencia\/asaja-palencia-informa\/la-cadena-agroalimentaria-de-la-ue-necesita-un-plan-ambicioso-que-simplifique-y-de-seguridad-juridica\" \/>\n<meta property=\"og:site_name\" content=\"ASAJA Palencia\" \/>\n<meta property=\"article:published_time\" content=\"2025-11-29T08:00:00+00:00\" \/>\n<meta property=\"og:image\" content=\"https:\/\/www.asajacyl.com\/palencia\/wp-content\/uploads\/sites\/3\/2024\/06\/Comision-Medio-Ambiente-c-Consejo-Europeo-web.jpg\" \/>\n\t<meta property=\"og:image:width\" content=\"1890\" \/>\n\t<meta property=\"og:image:height\" content=\"1654\" \/>\n\t<meta property=\"og:image:type\" content=\"image\/jpeg\" \/>\n<meta name=\"author\" content=\"Administrador\" \/>\n<meta name=\"twitter:card\" content=\"summary_large_image\" \/>\n<meta name=\"twitter:label1\" content=\"Escrito por\" \/>\n\t<meta name=\"twitter:data1\" content=\"Administrador\" \/>\n\t<meta name=\"twitter:label2\" content=\"Tiempo de lectura\" \/>\n\t<meta name=\"twitter:data2\" content=\"5 minutos\" \/>\n<script type=\"application\/ld+json\" class=\"yoast-schema-graph\">{\"@context\":\"https:\/\/schema.org\",\"@graph\":[{\"@type\":\"WebPage\",\"@id\":\"https:\/\/www.asajacyl.com\/palencia\/asaja-palencia-informa\/la-cadena-agroalimentaria-de-la-ue-necesita-un-plan-ambicioso-que-simplifique-y-de-seguridad-juridica\",\"url\":\"https:\/\/www.asajacyl.com\/palencia\/asaja-palencia-informa\/la-cadena-agroalimentaria-de-la-ue-necesita-un-plan-ambicioso-que-simplifique-y-de-seguridad-juridica\",\"name\":\"La cadena agroalimentaria de la UE necesita un plan ambicioso que simplifique y d\u00e9 seguridad jur\u00eddica - ASAJA Palencia\",\"isPartOf\":{\"@id\":\"https:\/\/www.asajacyl.com\/palencia\/#website\"},\"primaryImageOfPage\":{\"@id\":\"https:\/\/www.asajacyl.com\/palencia\/asaja-palencia-informa\/la-cadena-agroalimentaria-de-la-ue-necesita-un-plan-ambicioso-que-simplifique-y-de-seguridad-juridica#primaryimage\"},\"image\":{\"@id\":\"https:\/\/www.asajacyl.com\/palencia\/asaja-palencia-informa\/la-cadena-agroalimentaria-de-la-ue-necesita-un-plan-ambicioso-que-simplifique-y-de-seguridad-juridica#primaryimage\"},\"thumbnailUrl\":\"https:\/\/www.asajacyl.com\/palencia\/wp-content\/uploads\/sites\/3\/2024\/06\/Comision-Medio-Ambiente-c-Consejo-Europeo-web.jpg\",\"datePublished\":\"2025-11-29T08:00:00+00:00\",\"author\":{\"@id\":\"https:\/\/www.asajacyl.com\/palencia\/#\/schema\/person\/3ab17aeb03527485c317557fae64aab1\"},\"description\":\"Una treintena de entidades del \u00e1mbito agrario y alimentario de la Uni\u00f3n Europea ha elaborado un llamamiento para reclamar un ambicioso programa de\",\"breadcrumb\":{\"@id\":\"https:\/\/www.asajacyl.com\/palencia\/asaja-palencia-informa\/la-cadena-agroalimentaria-de-la-ue-necesita-un-plan-ambicioso-que-simplifique-y-de-seguridad-juridica#breadcrumb\"},\"inLanguage\":\"es\",\"potentialAction\":[{\"@type\":\"ReadAction\",\"target\":[\"https:\/\/www.asajacyl.com\/palencia\/asaja-palencia-informa\/la-cadena-agroalimentaria-de-la-ue-necesita-un-plan-ambicioso-que-simplifique-y-de-seguridad-juridica\"]}]},{\"@type\":\"ImageObject\",\"inLanguage\":\"es\",\"@id\":\"https:\/\/www.asajacyl.com\/palencia\/asaja-palencia-informa\/la-cadena-agroalimentaria-de-la-ue-necesita-un-plan-ambicioso-que-simplifique-y-de-seguridad-juridica#primaryimage\",\"url\":\"https:\/\/www.asajacyl.com\/palencia\/wp-content\/uploads\/sites\/3\/2024\/06\/Comision-Medio-Ambiente-c-Consejo-Europeo-web.jpg\",\"contentUrl\":\"https:\/\/www.asajacyl.com\/palencia\/wp-content\/uploads\/sites\/3\/2024\/06\/Comision-Medio-Ambiente-c-Consejo-Europeo-web.jpg\",\"width\":1890,\"height\":1654},{\"@type\":\"BreadcrumbList\",\"@id\":\"https:\/\/www.asajacyl.com\/palencia\/asaja-palencia-informa\/la-cadena-agroalimentaria-de-la-ue-necesita-un-plan-ambicioso-que-simplifique-y-de-seguridad-juridica#breadcrumb\",\"itemListElement\":[{\"@type\":\"ListItem\",\"position\":1,\"name\":\"Portada\",\"item\":\"https:\/\/www.asajacyl.com\/palencia\/\"},{\"@type\":\"ListItem\",\"position\":2,\"name\":\"La cadena agroalimentaria de la UE necesita un plan ambicioso que simplifique y d\u00e9 seguridad jur\u00eddica\"}]},{\"@type\":\"WebSite\",\"@id\":\"https:\/\/www.asajacyl.com\/palencia\/#website\",\"url\":\"https:\/\/www.asajacyl.com\/palencia\/\",\"name\":\"ASAJA Palencia\",\"description\":\"Otro sitio m\u00e1s de Provincias ASAJA Castilla y Le\u00f3n\",\"potentialAction\":[{\"@type\":\"SearchAction\",\"target\":{\"@type\":\"EntryPoint\",\"urlTemplate\":\"https:\/\/www.asajacyl.com\/palencia\/?s={search_term_string}\"},\"query-input\":{\"@type\":\"PropertyValueSpecification\",\"valueRequired\":true,\"valueName\":\"search_term_string\"}}],\"inLanguage\":\"es\"},{\"@type\":\"Person\",\"@id\":\"https:\/\/www.asajacyl.com\/palencia\/#\/schema\/person\/3ab17aeb03527485c317557fae64aab1\",\"name\":\"Administrador\",\"image\":{\"@type\":\"ImageObject\",\"inLanguage\":\"es\",\"@id\":\"https:\/\/www.asajacyl.com\/palencia\/#\/schema\/person\/image\/\",\"url\":\"https:\/\/secure.gravatar.com\/avatar\/517384810d242ca9e38c180f3c9fb973?s=96&d=mm&r=g\",\"contentUrl\":\"https:\/\/secure.gravatar.com\/avatar\/517384810d242ca9e38c180f3c9fb973?s=96&d=mm&r=g\",\"caption\":\"Administrador\"},\"url\":\"https:\/\/www.asajacyl.com\/palencia\/author\/carlosrm\"}]}<\/script>\n<!-- \/ Yoast SEO plugin. -->","yoast_head_json":{"title":"La cadena agroalimentaria de la UE necesita un plan ambicioso que simplifique y d\u00e9 seguridad jur\u00eddica - ASAJA Palencia","description":"Una treintena de entidades del \u00e1mbito agrario y alimentario de la Uni\u00f3n Europea ha elaborado un llamamiento para reclamar un ambicioso programa de","robots":{"index":"index","follow":"follow","max-snippet":"max-snippet:-1","max-image-preview":"max-image-preview:large","max-video-preview":"max-video-preview:-1"},"canonical":"https:\/\/www.asajacyl.com\/palencia\/asaja-palencia-informa\/la-cadena-agroalimentaria-de-la-ue-necesita-un-plan-ambicioso-que-simplifique-y-de-seguridad-juridica","og_locale":"es_ES","og_type":"article","og_title":"La cadena agroalimentaria de la UE necesita un plan ambicioso que simplifique y d\u00e9 seguridad jur\u00eddica - ASAJA Palencia","og_description":"Una treintena de entidades del \u00e1mbito agrario y alimentario de la Uni\u00f3n Europea ha elaborado un llamamiento para reclamar un ambicioso programa de","og_url":"https:\/\/www.asajacyl.com\/palencia\/asaja-palencia-informa\/la-cadena-agroalimentaria-de-la-ue-necesita-un-plan-ambicioso-que-simplifique-y-de-seguridad-juridica","og_site_name":"ASAJA Palencia","article_published_time":"2025-11-29T08:00:00+00:00","og_image":[{"width":1890,"height":1654,"url":"https:\/\/www.asajacyl.com\/palencia\/wp-content\/uploads\/sites\/3\/2024\/06\/Comision-Medio-Ambiente-c-Consejo-Europeo-web.jpg","type":"image\/jpeg"}],"author":"Administrador","twitter_card":"summary_large_image","twitter_misc":{"Escrito por":"Administrador","Tiempo de lectura":"5 minutos"},"schema":{"@context":"https:\/\/schema.org","@graph":[{"@type":"WebPage","@id":"https:\/\/www.asajacyl.com\/palencia\/asaja-palencia-informa\/la-cadena-agroalimentaria-de-la-ue-necesita-un-plan-ambicioso-que-simplifique-y-de-seguridad-juridica","url":"https:\/\/www.asajacyl.com\/palencia\/asaja-palencia-informa\/la-cadena-agroalimentaria-de-la-ue-necesita-un-plan-ambicioso-que-simplifique-y-de-seguridad-juridica","name":"La cadena agroalimentaria de la UE necesita un plan ambicioso que simplifique y d\u00e9 seguridad jur\u00eddica - ASAJA Palencia","isPartOf":{"@id":"https:\/\/www.asajacyl.com\/palencia\/#website"},"primaryImageOfPage":{"@id":"https:\/\/www.asajacyl.com\/palencia\/asaja-palencia-informa\/la-cadena-agroalimentaria-de-la-ue-necesita-un-plan-ambicioso-que-simplifique-y-de-seguridad-juridica#primaryimage"},"image":{"@id":"https:\/\/www.asajacyl.com\/palencia\/asaja-palencia-informa\/la-cadena-agroalimentaria-de-la-ue-necesita-un-plan-ambicioso-que-simplifique-y-de-seguridad-juridica#primaryimage"},"thumbnailUrl":"https:\/\/www.asajacyl.com\/palencia\/wp-content\/uploads\/sites\/3\/2024\/06\/Comision-Medio-Ambiente-c-Consejo-Europeo-web.jpg","datePublished":"2025-11-29T08:00:00+00:00","author":{"@id":"https:\/\/www.asajacyl.com\/palencia\/#\/schema\/person\/3ab17aeb03527485c317557fae64aab1"},"description":"Una treintena de entidades del \u00e1mbito agrario y alimentario de la Uni\u00f3n Europea ha elaborado un llamamiento para reclamar un ambicioso programa de","breadcrumb":{"@id":"https:\/\/www.asajacyl.com\/palencia\/asaja-palencia-informa\/la-cadena-agroalimentaria-de-la-ue-necesita-un-plan-ambicioso-que-simplifique-y-de-seguridad-juridica#breadcrumb"},"inLanguage":"es","potentialAction":[{"@type":"ReadAction","target":["https:\/\/www.asajacyl.com\/palencia\/asaja-palencia-informa\/la-cadena-agroalimentaria-de-la-ue-necesita-un-plan-ambicioso-que-simplifique-y-de-seguridad-juridica"]}]},{"@type":"ImageObject","inLanguage":"es","@id":"https:\/\/www.asajacyl.com\/palencia\/asaja-palencia-informa\/la-cadena-agroalimentaria-de-la-ue-necesita-un-plan-ambicioso-que-simplifique-y-de-seguridad-juridica#primaryimage","url":"https:\/\/www.asajacyl.com\/palencia\/wp-content\/uploads\/sites\/3\/2024\/06\/Comision-Medio-Ambiente-c-Consejo-Europeo-web.jpg","contentUrl":"https:\/\/www.asajacyl.com\/palencia\/wp-content\/uploads\/sites\/3\/2024\/06\/Comision-Medio-Ambiente-c-Consejo-Europeo-web.jpg","width":1890,"height":1654},{"@type":"BreadcrumbList","@id":"https:\/\/www.asajacyl.com\/palencia\/asaja-palencia-informa\/la-cadena-agroalimentaria-de-la-ue-necesita-un-plan-ambicioso-que-simplifique-y-de-seguridad-juridica#breadcrumb","itemListElement":[{"@type":"ListItem","position":1,"name":"Portada","item":"https:\/\/www.asajacyl.com\/palencia\/"},{"@type":"ListItem","position":2,"name":"La cadena agroalimentaria de la UE necesita un plan ambicioso que simplifique y d\u00e9 seguridad jur\u00eddica"}]},{"@type":"WebSite","@id":"https:\/\/www.asajacyl.com\/palencia\/#website","url":"https:\/\/www.asajacyl.com\/palencia\/","name":"ASAJA Palencia","description":"Otro sitio m\u00e1s de Provincias ASAJA Castilla y Le\u00f3n","potentialAction":[{"@type":"SearchAction","target":{"@type":"EntryPoint","urlTemplate":"https:\/\/www.asajacyl.com\/palencia\/?s={search_term_string}"},"query-input":{"@type":"PropertyValueSpecification","valueRequired":true,"valueName":"search_term_string"}}],"inLanguage":"es"},{"@type":"Person","@id":"https:\/\/www.asajacyl.com\/palencia\/#\/schema\/person\/3ab17aeb03527485c317557fae64aab1","name":"Administrador","image":{"@type":"ImageObject","inLanguage":"es","@id":"https:\/\/www.asajacyl.com\/palencia\/#\/schema\/person\/image\/","url":"https:\/\/secure.gravatar.com\/avatar\/517384810d242ca9e38c180f3c9fb973?s=96&d=mm&r=g","contentUrl":"https:\/\/secure.gravatar.com\/avatar\/517384810d242ca9e38c180f3c9fb973?s=96&d=mm&r=g","caption":"Administrador"},"url":"https:\/\/www.asajacyl.com\/palencia\/author\/carlosrm"}]}},"_links":{"self":[{"href":"https:\/\/www.asajacyl.com\/palencia\/wp-json\/wp\/v2\/posts\/21650"}],"collection":[{"href":"https:\/\/www.asajacyl.com\/palencia\/wp-json\/wp\/v2\/posts"}],"about":[{"href":"https:\/\/www.asajacyl.com\/palencia\/wp-json\/wp\/v2\/types\/post"}],"author":[{"embeddable":true,"href":"https:\/\/www.asajacyl.com\/palencia\/wp-json\/wp\/v2\/users\/9"}],"replies":[{"embeddable":true,"href":"https:\/\/www.asajacyl.com\/palencia\/wp-json\/wp\/v2\/comments?post=21650"}],"version-history":[{"count":3,"href":"https:\/\/www.asajacyl.com\/palencia\/wp-json\/wp\/v2\/posts\/21650\/revisions"}],"predecessor-version":[{"id":21654,"href":"https:\/\/www.asajacyl.com\/palencia\/wp-json\/wp\/v2\/posts\/21650\/revisions\/21654"}],"wp:featuredmedia":[{"embeddable":true,"href":"https:\/\/www.asajacyl.com\/palencia\/wp-json\/wp\/v2\/media\/16568"}],"wp:attachment":[{"href":"https:\/\/www.asajacyl.com\/palencia\/wp-json\/wp\/v2\/media?parent=21650"}],"wp:term":[{"taxonomy":"category","embeddable":true,"href":"https:\/\/www.asajacyl.com\/palencia\/wp-json\/wp\/v2\/categories?post=21650"},{"taxonomy":"post_tag","embeddable":true,"href":"https:\/\/www.asajacyl.com\/palencia\/wp-json\/wp\/v2\/tags?post=21650"}],"curies":[{"name":"wp","href":"https:\/\/api.w.org\/{rel}","templated":true}]}}