{"id":21669,"date":"2025-12-01T15:55:50","date_gmt":"2025-12-01T14:55:50","guid":{"rendered":"https:\/\/www.asajacyl.com\/palencia\/?p=21669"},"modified":"2025-12-01T15:55:53","modified_gmt":"2025-12-01T14:55:53","slug":"la-junta-amplia-hasta-el-2-de-enero-las-medidas-de-prevencion-frente-a-la-dermatosis-nodular-contagiosa","status":"publish","type":"post","link":"https:\/\/www.asajacyl.com\/palencia\/asaja-palencia-informa\/la-junta-amplia-hasta-el-2-de-enero-las-medidas-de-prevencion-frente-a-la-dermatosis-nodular-contagiosa","title":{"rendered":"La Junta ampl\u00eda hasta el 2 de enero las medidas de prevenci\u00f3n frente a la dermatosis nodular contagiosa"},"content":{"rendered":"\n<h2 class=\"wp-block-heading\">La Direcci\u00f3n General de Producci\u00f3n Agr\u00edcola y Ganadera de la Junta de Castilla y Le\u00f3n ha actualizado las medidas cautelares de prevenci\u00f3n frente a la dermatosis nodular contagiosa (DNC) del bovino, recogidas en la resoluci\u00f3n del pasado 6 de noviembre, que se ampl\u00edan hasta el 2 de enero de 2026.\u00a0No obstante, la Consejer\u00eda de Agricultura, Ganader\u00eda y Desarrollo Rural permite desde este lunes, 1 de diciembre, que puedan celebrarse mercados y ferias de cualquier especie, <span style=\"text-decoration: underline\">salvo de bovinos<\/span>, si bien adicionalmente se a\u00f1ade la obligaci\u00f3n en esos eventos de efectuar una desinsectaci\u00f3n, adem\u00e1s de las tareas de limpieza y desinfecci\u00f3n de las instalaciones.<\/h2>\n\n\n\n<p>La resoluci\u00f3n recoge expresamente la suspensi\u00f3n de todas las ferias, concursos, cert\u00e1menes, subastas, romer\u00edas, mercados y cualquier evento o concentraci\u00f3n de animales de la especie bovina en el \u00e1mbito de Castilla y Le\u00f3n. <\/p>\n\n\n\n<p>Adem\u00e1s, se suspende la presencia de animales de bovino en los Mercados Nacionales de Ganados de Le\u00f3n y Salamanca. A la vez, se mantienen el resto de las medidas de seguridad y vigilancia relacionadas con los movimientos de animales. \u00a0<\/p>\n\n\n\n<p>La Junta recuerda a los titulares de explotaciones, operadores y transportistas la necesidad de reforzar la aplicaci\u00f3n de las medidas de bioseguridad, la vigilancia del registro de entradas y salidas, as\u00ed como de la cl\u00ednica de los animales y la obligaci\u00f3n de notificar cualquier sospecha a los servicios veterinarios oficiales.\u00a0<\/p>\n\n\n\n<p>La resoluci\u00f3n se revisar\u00e1 en funci\u00f3n de la evoluci\u00f3n epidemiol\u00f3gica de la DNC, si bien se espera una reducci\u00f3n de la actividad de los vectores seg\u00fan avance el invierno, ya que se trata de una enfermedad v\u00edrica que principalmente difunden los insectos. No afecta a los seres humanos ni por contacto con los animales ni por ingesti\u00f3n de productos derivados de este ganado.<strong>\/<\/strong><\/p>\n","protected":false},"excerpt":{"rendered":"<p>La Direcci\u00f3n General de Producci\u00f3n Agr\u00edcola y Ganadera de la Junta de Castilla y Le\u00f3n ha actualizado las medidas cautelares de prevenci\u00f3n frente a la dermatosis nodular contagiosa (DNC) del bovino, recogidas en la resoluci\u00f3n del pasado 6 de noviembre, que se ampl\u00edan hasta el 2 de enero de 2026.\u00a0No obstante, la Consejer\u00eda de Agricultura, [&hellip;]<\/p>\n","protected":false},"author":9,"featured_media":13354,"comment_status":"open","ping_status":"open","sticky":false,"template":"","format":"standard","meta":{"footnotes":""},"categories":[9,31,29,28,13],"tags":[234,142,1490,1489,77,66,571,365,168,1579,144],"yoast_head":"<!-- This site is optimized with the Yoast SEO plugin v24.5 - https:\/\/yoast.com\/wordpress\/plugins\/seo\/ -->\n<title>La Junta ampl\u00eda hasta el 2 de enero las medidas de prevenci\u00f3n frente a la dermatosis nodular contagiosa - ASAJA Palencia<\/title>\n<meta name=\"description\" content=\"La Direcci\u00f3n General de Producci\u00f3n Agr\u00edcola y Ganadera de la Junta de Castilla y Le\u00f3n ha actualizado las medidas cautelares de prevenci\u00f3n frente a la\" \/>\n<meta name=\"robots\" content=\"index, follow, max-snippet:-1, max-image-preview:large, max-video-preview:-1\" \/>\n<link rel=\"canonical\" href=\"https:\/\/www.asajacyl.com\/palencia\/asaja-palencia-informa\/la-junta-amplia-hasta-el-2-de-enero-las-medidas-de-prevencion-frente-a-la-dermatosis-nodular-contagiosa\" \/>\n<meta property=\"og:locale\" content=\"es_ES\" \/>\n<meta property=\"og:type\" content=\"article\" \/>\n<meta property=\"og:title\" content=\"La Junta ampl\u00eda hasta el 2 de enero las medidas de prevenci\u00f3n frente a la dermatosis nodular contagiosa - ASAJA Palencia\" \/>\n<meta property=\"og:description\" content=\"La Direcci\u00f3n General de Producci\u00f3n Agr\u00edcola y Ganadera de la Junta de Castilla y Le\u00f3n ha actualizado las medidas cautelares de prevenci\u00f3n frente a la\" \/>\n<meta property=\"og:url\" content=\"https:\/\/www.asajacyl.com\/palencia\/asaja-palencia-informa\/la-junta-amplia-hasta-el-2-de-enero-las-medidas-de-prevencion-frente-a-la-dermatosis-nodular-contagiosa\" \/>\n<meta property=\"og:site_name\" content=\"ASAJA Palencia\" \/>\n<meta property=\"article:published_time\" content=\"2025-12-01T14:55:50+00:00\" \/>\n<meta property=\"article:modified_time\" content=\"2025-12-01T14:55:53+00:00\" \/>\n<meta property=\"og:image\" content=\"https:\/\/www.asajacyl.com\/palencia\/wp-content\/uploads\/sites\/3\/2023\/05\/foto-transporte-ganado.jpg\" \/>\n\t<meta property=\"og:image:width\" content=\"1562\" \/>\n\t<meta property=\"og:image:height\" content=\"1233\" \/>\n\t<meta property=\"og:image:type\" content=\"image\/jpeg\" \/>\n<meta name=\"author\" content=\"Administrador\" \/>\n<meta name=\"twitter:card\" content=\"summary_large_image\" \/>\n<meta name=\"twitter:label1\" content=\"Escrito por\" \/>\n\t<meta name=\"twitter:data1\" content=\"Administrador\" \/>\n\t<meta name=\"twitter:label2\" content=\"Tiempo de lectura\" \/>\n\t<meta name=\"twitter:data2\" content=\"2 minutos\" \/>\n<script type=\"application\/ld+json\" class=\"yoast-schema-graph\">{\"@context\":\"https:\/\/schema.org\",\"@graph\":[{\"@type\":\"WebPage\",\"@id\":\"https:\/\/www.asajacyl.com\/palencia\/asaja-palencia-informa\/la-junta-amplia-hasta-el-2-de-enero-las-medidas-de-prevencion-frente-a-la-dermatosis-nodular-contagiosa\",\"url\":\"https:\/\/www.asajacyl.com\/palencia\/asaja-palencia-informa\/la-junta-amplia-hasta-el-2-de-enero-las-medidas-de-prevencion-frente-a-la-dermatosis-nodular-contagiosa\",\"name\":\"La Junta ampl\u00eda hasta el 2 de enero las medidas de prevenci\u00f3n frente a la dermatosis nodular contagiosa - ASAJA Palencia\",\"isPartOf\":{\"@id\":\"https:\/\/www.asajacyl.com\/palencia\/#website\"},\"primaryImageOfPage\":{\"@id\":\"https:\/\/www.asajacyl.com\/palencia\/asaja-palencia-informa\/la-junta-amplia-hasta-el-2-de-enero-las-medidas-de-prevencion-frente-a-la-dermatosis-nodular-contagiosa#primaryimage\"},\"image\":{\"@id\":\"https:\/\/www.asajacyl.com\/palencia\/asaja-palencia-informa\/la-junta-amplia-hasta-el-2-de-enero-las-medidas-de-prevencion-frente-a-la-dermatosis-nodular-contagiosa#primaryimage\"},\"thumbnailUrl\":\"https:\/\/www.asajacyl.com\/palencia\/wp-content\/uploads\/sites\/3\/2023\/05\/foto-transporte-ganado.jpg\",\"datePublished\":\"2025-12-01T14:55:50+00:00\",\"dateModified\":\"2025-12-01T14:55:53+00:00\",\"author\":{\"@id\":\"https:\/\/www.asajacyl.com\/palencia\/#\/schema\/person\/3ab17aeb03527485c317557fae64aab1\"},\"description\":\"La Direcci\u00f3n General de Producci\u00f3n Agr\u00edcola y Ganadera de la Junta de Castilla y Le\u00f3n ha actualizado las medidas cautelares de prevenci\u00f3n frente a la\",\"breadcrumb\":{\"@id\":\"https:\/\/www.asajacyl.com\/palencia\/asaja-palencia-informa\/la-junta-amplia-hasta-el-2-de-enero-las-medidas-de-prevencion-frente-a-la-dermatosis-nodular-contagiosa#breadcrumb\"},\"inLanguage\":\"es\",\"potentialAction\":[{\"@type\":\"ReadAction\",\"target\":[\"https:\/\/www.asajacyl.com\/palencia\/asaja-palencia-informa\/la-junta-amplia-hasta-el-2-de-enero-las-medidas-de-prevencion-frente-a-la-dermatosis-nodular-contagiosa\"]}]},{\"@type\":\"ImageObject\",\"inLanguage\":\"es\",\"@id\":\"https:\/\/www.asajacyl.com\/palencia\/asaja-palencia-informa\/la-junta-amplia-hasta-el-2-de-enero-las-medidas-de-prevencion-frente-a-la-dermatosis-nodular-contagiosa#primaryimage\",\"url\":\"https:\/\/www.asajacyl.com\/palencia\/wp-content\/uploads\/sites\/3\/2023\/05\/foto-transporte-ganado.jpg\",\"contentUrl\":\"https:\/\/www.asajacyl.com\/palencia\/wp-content\/uploads\/sites\/3\/2023\/05\/foto-transporte-ganado.jpg\",\"width\":1562,\"height\":1233},{\"@type\":\"BreadcrumbList\",\"@id\":\"https:\/\/www.asajacyl.com\/palencia\/asaja-palencia-informa\/la-junta-amplia-hasta-el-2-de-enero-las-medidas-de-prevencion-frente-a-la-dermatosis-nodular-contagiosa#breadcrumb\",\"itemListElement\":[{\"@type\":\"ListItem\",\"position\":1,\"name\":\"Portada\",\"item\":\"https:\/\/www.asajacyl.com\/palencia\/\"},{\"@type\":\"ListItem\",\"position\":2,\"name\":\"La Junta ampl\u00eda hasta el 2 de enero las medidas de prevenci\u00f3n frente a la dermatosis nodular contagiosa\"}]},{\"@type\":\"WebSite\",\"@id\":\"https:\/\/www.asajacyl.com\/palencia\/#website\",\"url\":\"https:\/\/www.asajacyl.com\/palencia\/\",\"name\":\"ASAJA Palencia\",\"description\":\"Otro sitio m\u00e1s de Provincias ASAJA Castilla y Le\u00f3n\",\"potentialAction\":[{\"@type\":\"SearchAction\",\"target\":{\"@type\":\"EntryPoint\",\"urlTemplate\":\"https:\/\/www.asajacyl.com\/palencia\/?s={search_term_string}\"},\"query-input\":{\"@type\":\"PropertyValueSpecification\",\"valueRequired\":true,\"valueName\":\"search_term_string\"}}],\"inLanguage\":\"es\"},{\"@type\":\"Person\",\"@id\":\"https:\/\/www.asajacyl.com\/palencia\/#\/schema\/person\/3ab17aeb03527485c317557fae64aab1\",\"name\":\"Administrador\",\"image\":{\"@type\":\"ImageObject\",\"inLanguage\":\"es\",\"@id\":\"https:\/\/www.asajacyl.com\/palencia\/#\/schema\/person\/image\/\",\"url\":\"https:\/\/secure.gravatar.com\/avatar\/517384810d242ca9e38c180f3c9fb973?s=96&d=mm&r=g\",\"contentUrl\":\"https:\/\/secure.gravatar.com\/avatar\/517384810d242ca9e38c180f3c9fb973?s=96&d=mm&r=g\",\"caption\":\"Administrador\"},\"url\":\"https:\/\/www.asajacyl.com\/palencia\/author\/carlosrm\"}]}<\/script>\n<!-- \/ Yoast SEO plugin. -->","yoast_head_json":{"title":"La Junta ampl\u00eda hasta el 2 de enero las medidas de prevenci\u00f3n frente a la dermatosis nodular contagiosa - ASAJA Palencia","description":"La Direcci\u00f3n General de Producci\u00f3n Agr\u00edcola y Ganadera de la Junta de Castilla y Le\u00f3n ha actualizado las medidas cautelares de prevenci\u00f3n frente a la","robots":{"index":"index","follow":"follow","max-snippet":"max-snippet:-1","max-image-preview":"max-image-preview:large","max-video-preview":"max-video-preview:-1"},"canonical":"https:\/\/www.asajacyl.com\/palencia\/asaja-palencia-informa\/la-junta-amplia-hasta-el-2-de-enero-las-medidas-de-prevencion-frente-a-la-dermatosis-nodular-contagiosa","og_locale":"es_ES","og_type":"article","og_title":"La Junta ampl\u00eda hasta el 2 de enero las medidas de prevenci\u00f3n frente a la dermatosis nodular contagiosa - ASAJA Palencia","og_description":"La Direcci\u00f3n General de Producci\u00f3n Agr\u00edcola y Ganadera de la Junta de Castilla y Le\u00f3n ha actualizado las medidas cautelares de prevenci\u00f3n frente a la","og_url":"https:\/\/www.asajacyl.com\/palencia\/asaja-palencia-informa\/la-junta-amplia-hasta-el-2-de-enero-las-medidas-de-prevencion-frente-a-la-dermatosis-nodular-contagiosa","og_site_name":"ASAJA Palencia","article_published_time":"2025-12-01T14:55:50+00:00","article_modified_time":"2025-12-01T14:55:53+00:00","og_image":[{"width":1562,"height":1233,"url":"https:\/\/www.asajacyl.com\/palencia\/wp-content\/uploads\/sites\/3\/2023\/05\/foto-transporte-ganado.jpg","type":"image\/jpeg"}],"author":"Administrador","twitter_card":"summary_large_image","twitter_misc":{"Escrito por":"Administrador","Tiempo de lectura":"2 minutos"},"schema":{"@context":"https:\/\/schema.org","@graph":[{"@type":"WebPage","@id":"https:\/\/www.asajacyl.com\/palencia\/asaja-palencia-informa\/la-junta-amplia-hasta-el-2-de-enero-las-medidas-de-prevencion-frente-a-la-dermatosis-nodular-contagiosa","url":"https:\/\/www.asajacyl.com\/palencia\/asaja-palencia-informa\/la-junta-amplia-hasta-el-2-de-enero-las-medidas-de-prevencion-frente-a-la-dermatosis-nodular-contagiosa","name":"La Junta ampl\u00eda hasta el 2 de enero las medidas de prevenci\u00f3n frente a la dermatosis nodular contagiosa - ASAJA Palencia","isPartOf":{"@id":"https:\/\/www.asajacyl.com\/palencia\/#website"},"primaryImageOfPage":{"@id":"https:\/\/www.asajacyl.com\/palencia\/asaja-palencia-informa\/la-junta-amplia-hasta-el-2-de-enero-las-medidas-de-prevencion-frente-a-la-dermatosis-nodular-contagiosa#primaryimage"},"image":{"@id":"https:\/\/www.asajacyl.com\/palencia\/asaja-palencia-informa\/la-junta-amplia-hasta-el-2-de-enero-las-medidas-de-prevencion-frente-a-la-dermatosis-nodular-contagiosa#primaryimage"},"thumbnailUrl":"https:\/\/www.asajacyl.com\/palencia\/wp-content\/uploads\/sites\/3\/2023\/05\/foto-transporte-ganado.jpg","datePublished":"2025-12-01T14:55:50+00:00","dateModified":"2025-12-01T14:55:53+00:00","author":{"@id":"https:\/\/www.asajacyl.com\/palencia\/#\/schema\/person\/3ab17aeb03527485c317557fae64aab1"},"description":"La Direcci\u00f3n General de Producci\u00f3n Agr\u00edcola y Ganadera de la Junta de Castilla y Le\u00f3n ha actualizado las medidas cautelares de prevenci\u00f3n frente a la","breadcrumb":{"@id":"https:\/\/www.asajacyl.com\/palencia\/asaja-palencia-informa\/la-junta-amplia-hasta-el-2-de-enero-las-medidas-de-prevencion-frente-a-la-dermatosis-nodular-contagiosa#breadcrumb"},"inLanguage":"es","potentialAction":[{"@type":"ReadAction","target":["https:\/\/www.asajacyl.com\/palencia\/asaja-palencia-informa\/la-junta-amplia-hasta-el-2-de-enero-las-medidas-de-prevencion-frente-a-la-dermatosis-nodular-contagiosa"]}]},{"@type":"ImageObject","inLanguage":"es","@id":"https:\/\/www.asajacyl.com\/palencia\/asaja-palencia-informa\/la-junta-amplia-hasta-el-2-de-enero-las-medidas-de-prevencion-frente-a-la-dermatosis-nodular-contagiosa#primaryimage","url":"https:\/\/www.asajacyl.com\/palencia\/wp-content\/uploads\/sites\/3\/2023\/05\/foto-transporte-ganado.jpg","contentUrl":"https:\/\/www.asajacyl.com\/palencia\/wp-content\/uploads\/sites\/3\/2023\/05\/foto-transporte-ganado.jpg","width":1562,"height":1233},{"@type":"BreadcrumbList","@id":"https:\/\/www.asajacyl.com\/palencia\/asaja-palencia-informa\/la-junta-amplia-hasta-el-2-de-enero-las-medidas-de-prevencion-frente-a-la-dermatosis-nodular-contagiosa#breadcrumb","itemListElement":[{"@type":"ListItem","position":1,"name":"Portada","item":"https:\/\/www.asajacyl.com\/palencia\/"},{"@type":"ListItem","position":2,"name":"La Junta ampl\u00eda hasta el 2 de enero las medidas de prevenci\u00f3n frente a la dermatosis nodular contagiosa"}]},{"@type":"WebSite","@id":"https:\/\/www.asajacyl.com\/palencia\/#website","url":"https:\/\/www.asajacyl.com\/palencia\/","name":"ASAJA Palencia","description":"Otro sitio m\u00e1s de Provincias ASAJA Castilla y Le\u00f3n","potentialAction":[{"@type":"SearchAction","target":{"@type":"EntryPoint","urlTemplate":"https:\/\/www.asajacyl.com\/palencia\/?s={search_term_string}"},"query-input":{"@type":"PropertyValueSpecification","valueRequired":true,"valueName":"search_term_string"}}],"inLanguage":"es"},{"@type":"Person","@id":"https:\/\/www.asajacyl.com\/palencia\/#\/schema\/person\/3ab17aeb03527485c317557fae64aab1","name":"Administrador","image":{"@type":"ImageObject","inLanguage":"es","@id":"https:\/\/www.asajacyl.com\/palencia\/#\/schema\/person\/image\/","url":"https:\/\/secure.gravatar.com\/avatar\/517384810d242ca9e38c180f3c9fb973?s=96&d=mm&r=g","contentUrl":"https:\/\/secure.gravatar.com\/avatar\/517384810d242ca9e38c180f3c9fb973?s=96&d=mm&r=g","caption":"Administrador"},"url":"https:\/\/www.asajacyl.com\/palencia\/author\/carlosrm"}]}},"_links":{"self":[{"href":"https:\/\/www.asajacyl.com\/palencia\/wp-json\/wp\/v2\/posts\/21669"}],"collection":[{"href":"https:\/\/www.asajacyl.com\/palencia\/wp-json\/wp\/v2\/posts"}],"about":[{"href":"https:\/\/www.asajacyl.com\/palencia\/wp-json\/wp\/v2\/types\/post"}],"author":[{"embeddable":true,"href":"https:\/\/www.asajacyl.com\/palencia\/wp-json\/wp\/v2\/users\/9"}],"replies":[{"embeddable":true,"href":"https:\/\/www.asajacyl.com\/palencia\/wp-json\/wp\/v2\/comments?post=21669"}],"version-history":[{"count":2,"href":"https:\/\/www.asajacyl.com\/palencia\/wp-json\/wp\/v2\/posts\/21669\/revisions"}],"predecessor-version":[{"id":21671,"href":"https:\/\/www.asajacyl.com\/palencia\/wp-json\/wp\/v2\/posts\/21669\/revisions\/21671"}],"wp:featuredmedia":[{"embeddable":true,"href":"https:\/\/www.asajacyl.com\/palencia\/wp-json\/wp\/v2\/media\/13354"}],"wp:attachment":[{"href":"https:\/\/www.asajacyl.com\/palencia\/wp-json\/wp\/v2\/media?parent=21669"}],"wp:term":[{"taxonomy":"category","embeddable":true,"href":"https:\/\/www.asajacyl.com\/palencia\/wp-json\/wp\/v2\/categories?post=21669"},{"taxonomy":"post_tag","embeddable":true,"href":"https:\/\/www.asajacyl.com\/palencia\/wp-json\/wp\/v2\/tags?post=21669"}],"curies":[{"name":"wp","href":"https:\/\/api.w.org\/{rel}","templated":true}]}}