{"id":21677,"date":"2025-12-02T18:59:30","date_gmt":"2025-12-02T17:59:30","guid":{"rendered":"https:\/\/www.asajacyl.com\/palencia\/?p=21677"},"modified":"2025-12-02T18:59:31","modified_gmt":"2025-12-02T17:59:31","slug":"asaja-castilla-y-leon-exige-un-control-de-censos-de-jabalies-para-prevenir-la-peste-porcina-africana","status":"publish","type":"post","link":"https:\/\/www.asajacyl.com\/palencia\/asaja-palencia-informa\/asaja-castilla-y-leon-exige-un-control-de-censos-de-jabalies-para-prevenir-la-peste-porcina-africana","title":{"rendered":"ASAJA-Castilla y Le\u00f3n exige un control de censos de jabal\u00edes para prevenir la peste porcina africana"},"content":{"rendered":"\n<h2 class=\"wp-block-heading\">La aparici\u00f3n de un foco de peste porcina africana (PPA) en jabal\u00edes muertos en una comarca de la provincia de Barcelona, despu\u00e9s de tres d\u00e9cadas sin presencia del virus en nuestro pa\u00eds, pone de manifiesto el papel relevante de la fauna salvaje en la difusi\u00f3n de enfermedades que son comunes con las especies dom\u00e9sticas. ASAJA-Castilla y Le\u00f3n lleva a\u00f1os denunciando este problema, sobre todo con motivo del programa de erradicaci\u00f3n de la tuberculosis bovina. Por ello, nuestra organizaci\u00f3n reclama el control del censo de este suido silvestre en nuestra comunidad, as\u00ed como en el resto de Espa\u00f1a. Por ello, exigimos  a las administraciones central y auton\u00f3mica un plan de actuaci\u00f3n urgente, dotado de medidas y de presupuesto econ\u00f3mico suficiente. En este <a href=\"https:\/\/www.facebook.com\/watch\/?v=1894787467737929\" target=\"_blank\" rel=\"noreferrer noopener\"><span style=\"text-decoration: underline\">enlace a Facebook<\/span><\/a>, nuestro presidente regional, Donaciano Dujo, expone una primera valoraci\u00f3n tras conocerse la aparici\u00f3n de este foco de PPA en fauna silvestre de Catalu\u00f1a.<\/h2>\n\n\n\n<p>El sector ganadero de porcino espa\u00f1ol es referente mundial por su sistema productivo, y parte de su \u00e9xito se debe al estricto control sanitario y de bioseguridad que se lleva a cabo en las granjas. <\/p>\n\n\n\n<p>En Castilla y Le\u00f3n la bioseguridad es mayor, si cabe, debido a que las granjas son m\u00e1s modernas, y a que las instalaciones, adem\u00e1s de encontrarse m\u00e1s distantes entre s\u00ed, se han construido con las \u00faltimas exigencias normativas, pensadas sobre todo con un fin medioambiental y sanitario. <\/p>\n\n\n\n<p>ASAJA-Castilla y Le\u00f3n considera que el sector ganadero poco puede hacer ya para evitar la entrada del virus en la caba\u00f1a porcina, pero a\u00fan as\u00ed, los productores est\u00e1n a disposici\u00f3n de las autoridades sanitarias para revisar protocolos si se considera necesario.<\/p>\n\n\n\n<p><strong>DIEZ VECES M\u00c1S.<\/strong> Lo que realmente ha cambiado en las \u00faltimas d\u00e9cadas, desde que se erradic\u00f3 la PPA en Espa\u00f1a, ha sido el censo de jabal\u00edes, tanto en n\u00famero \u2014hace tres d\u00e9cadas eran una d\u00e9cima parte\u2014, como en su expansi\u00f3n por todo el territorio. Entonces su h\u00e1bitat era \u00fanicamente el monte y la\u00a0 dehesa, pero desde hace unos a\u00f1os se pasean por todo el campo, e incluso por los entornos de los n\u00facleos de poblaci\u00f3n.<\/p>\n\n\n\n<p>Por esta raz\u00f3n, y dado su papel decisivo en la difusi\u00f3n de la enfermedad, el plan de control y, en su caso, de erradicaci\u00f3n para evitar la propagaci\u00f3n de la PPA, tiene que ser distinto al aplicado en su d\u00eda, con el principal objetivo de vigilar y controlar la enfermedad en los jabal\u00edes, algo que pasa necesariamente por reducir los censos de este suido silvestre en Castilla y Le\u00f3n y en el resto de Espa\u00f1a. <\/p>\n\n\n\n<p>En este sentido, ASAJA exige a la Junta y al Gobierno nacional que, con car\u00e1cter de urgencia, dise\u00f1en un plan de actuaci\u00f3n dotado de medidas y de presupuesto econ\u00f3mico suficiente.<\/p>\n\n\n\n<p><strong>DA\u00d1O A LA AGRICULTURA DEL CEREAL.<\/strong> Por \u00faltimo, ASAJA-Castilla y Le\u00f3n quiere resaltar la importancia econ\u00f3mica y social del sector porcino en esta comunidad aut\u00f3noma, que sustenta una potente industria agroalimentaria, y que es el gran consumidor del cereal, principal producto agr\u00edcola en nuestra tierra. <\/p>\n\n\n\n<p>Los perjuicios para el sector ganadero no se derivar\u00edan solo de un sacrificio masivo de animales, si el virus llega a determinadas explotaciones, como tambi\u00e9n de una hipot\u00e9tica ca\u00edda de las ventas por limitaciones a la exportaci\u00f3n.<strong>\/<\/strong><\/p>\n","protected":false},"excerpt":{"rendered":"<p>La aparici\u00f3n de un foco de peste porcina africana (PPA) en jabal\u00edes muertos en una comarca de la provincia de Barcelona, despu\u00e9s de tres d\u00e9cadas sin presencia del virus en nuestro pa\u00eds, pone de manifiesto el papel relevante de la fauna salvaje en la difusi\u00f3n de enfermedades que son comunes con las especies dom\u00e9sticas. ASAJA-Castilla [&hellip;]<\/p>\n","protected":false},"author":9,"featured_media":21678,"comment_status":"open","ping_status":"open","sticky":false,"template":"","format":"standard","meta":{"footnotes":""},"categories":[9,29,28],"tags":[58,46,351,77,1665,217,365],"yoast_head":"<!-- This site is optimized with the Yoast SEO plugin v24.5 - https:\/\/yoast.com\/wordpress\/plugins\/seo\/ -->\n<title>ASAJA-Castilla y Le\u00f3n exige un control de censos de jabal\u00edes para prevenir la peste porcina africana - ASAJA Palencia<\/title>\n<meta name=\"description\" content=\"La aparici\u00f3n de un foco de peste porcina africana (PPA) en jabal\u00edes muertos en una comarca de la provincia de Barcelona, despu\u00e9s de tres d\u00e9cadas sin\" \/>\n<meta name=\"robots\" content=\"index, follow, max-snippet:-1, max-image-preview:large, max-video-preview:-1\" \/>\n<link rel=\"canonical\" href=\"https:\/\/www.asajacyl.com\/palencia\/asaja-palencia-informa\/asaja-castilla-y-leon-exige-un-control-de-censos-de-jabalies-para-prevenir-la-peste-porcina-africana\" \/>\n<meta property=\"og:locale\" content=\"es_ES\" \/>\n<meta property=\"og:type\" content=\"article\" \/>\n<meta property=\"og:title\" content=\"ASAJA-Castilla y Le\u00f3n exige un control de censos de jabal\u00edes para prevenir la peste porcina africana - ASAJA Palencia\" \/>\n<meta property=\"og:description\" content=\"La aparici\u00f3n de un foco de peste porcina africana (PPA) en jabal\u00edes muertos en una comarca de la provincia de Barcelona, despu\u00e9s de tres d\u00e9cadas sin\" \/>\n<meta property=\"og:url\" content=\"https:\/\/www.asajacyl.com\/palencia\/asaja-palencia-informa\/asaja-castilla-y-leon-exige-un-control-de-censos-de-jabalies-para-prevenir-la-peste-porcina-africana\" \/>\n<meta property=\"og:site_name\" content=\"ASAJA Palencia\" \/>\n<meta property=\"article:published_time\" content=\"2025-12-02T17:59:30+00:00\" \/>\n<meta property=\"article:modified_time\" content=\"2025-12-02T17:59:31+00:00\" \/>\n<meta property=\"og:image\" content=\"https:\/\/www.asajacyl.com\/palencia\/wp-content\/uploads\/sites\/3\/2025\/12\/DonacianoDujo-declaracione-PPA.jpg\" \/>\n\t<meta property=\"og:image:width\" content=\"1890\" \/>\n\t<meta property=\"og:image:height\" content=\"1654\" \/>\n\t<meta property=\"og:image:type\" content=\"image\/jpeg\" \/>\n<meta name=\"author\" content=\"Administrador\" \/>\n<meta name=\"twitter:card\" content=\"summary_large_image\" \/>\n<meta name=\"twitter:label1\" content=\"Escrito por\" \/>\n\t<meta name=\"twitter:data1\" content=\"Administrador\" \/>\n\t<meta name=\"twitter:label2\" content=\"Tiempo de lectura\" \/>\n\t<meta name=\"twitter:data2\" content=\"3 minutos\" \/>\n<script type=\"application\/ld+json\" class=\"yoast-schema-graph\">{\"@context\":\"https:\/\/schema.org\",\"@graph\":[{\"@type\":\"WebPage\",\"@id\":\"https:\/\/www.asajacyl.com\/palencia\/asaja-palencia-informa\/asaja-castilla-y-leon-exige-un-control-de-censos-de-jabalies-para-prevenir-la-peste-porcina-africana\",\"url\":\"https:\/\/www.asajacyl.com\/palencia\/asaja-palencia-informa\/asaja-castilla-y-leon-exige-un-control-de-censos-de-jabalies-para-prevenir-la-peste-porcina-africana\",\"name\":\"ASAJA-Castilla y Le\u00f3n exige un control de censos de jabal\u00edes para prevenir la peste porcina africana - ASAJA Palencia\",\"isPartOf\":{\"@id\":\"https:\/\/www.asajacyl.com\/palencia\/#website\"},\"primaryImageOfPage\":{\"@id\":\"https:\/\/www.asajacyl.com\/palencia\/asaja-palencia-informa\/asaja-castilla-y-leon-exige-un-control-de-censos-de-jabalies-para-prevenir-la-peste-porcina-africana#primaryimage\"},\"image\":{\"@id\":\"https:\/\/www.asajacyl.com\/palencia\/asaja-palencia-informa\/asaja-castilla-y-leon-exige-un-control-de-censos-de-jabalies-para-prevenir-la-peste-porcina-africana#primaryimage\"},\"thumbnailUrl\":\"https:\/\/www.asajacyl.com\/palencia\/wp-content\/uploads\/sites\/3\/2025\/12\/DonacianoDujo-declaracione-PPA.jpg\",\"datePublished\":\"2025-12-02T17:59:30+00:00\",\"dateModified\":\"2025-12-02T17:59:31+00:00\",\"author\":{\"@id\":\"https:\/\/www.asajacyl.com\/palencia\/#\/schema\/person\/3ab17aeb03527485c317557fae64aab1\"},\"description\":\"La aparici\u00f3n de un foco de peste porcina africana (PPA) en jabal\u00edes muertos en una comarca de la provincia de Barcelona, despu\u00e9s de tres d\u00e9cadas sin\",\"breadcrumb\":{\"@id\":\"https:\/\/www.asajacyl.com\/palencia\/asaja-palencia-informa\/asaja-castilla-y-leon-exige-un-control-de-censos-de-jabalies-para-prevenir-la-peste-porcina-africana#breadcrumb\"},\"inLanguage\":\"es\",\"potentialAction\":[{\"@type\":\"ReadAction\",\"target\":[\"https:\/\/www.asajacyl.com\/palencia\/asaja-palencia-informa\/asaja-castilla-y-leon-exige-un-control-de-censos-de-jabalies-para-prevenir-la-peste-porcina-africana\"]}]},{\"@type\":\"ImageObject\",\"inLanguage\":\"es\",\"@id\":\"https:\/\/www.asajacyl.com\/palencia\/asaja-palencia-informa\/asaja-castilla-y-leon-exige-un-control-de-censos-de-jabalies-para-prevenir-la-peste-porcina-africana#primaryimage\",\"url\":\"https:\/\/www.asajacyl.com\/palencia\/wp-content\/uploads\/sites\/3\/2025\/12\/DonacianoDujo-declaracione-PPA.jpg\",\"contentUrl\":\"https:\/\/www.asajacyl.com\/palencia\/wp-content\/uploads\/sites\/3\/2025\/12\/DonacianoDujo-declaracione-PPA.jpg\",\"width\":1890,\"height\":1654},{\"@type\":\"BreadcrumbList\",\"@id\":\"https:\/\/www.asajacyl.com\/palencia\/asaja-palencia-informa\/asaja-castilla-y-leon-exige-un-control-de-censos-de-jabalies-para-prevenir-la-peste-porcina-africana#breadcrumb\",\"itemListElement\":[{\"@type\":\"ListItem\",\"position\":1,\"name\":\"Portada\",\"item\":\"https:\/\/www.asajacyl.com\/palencia\/\"},{\"@type\":\"ListItem\",\"position\":2,\"name\":\"ASAJA-Castilla y Le\u00f3n exige un control de censos de jabal\u00edes para prevenir la peste porcina africana\"}]},{\"@type\":\"WebSite\",\"@id\":\"https:\/\/www.asajacyl.com\/palencia\/#website\",\"url\":\"https:\/\/www.asajacyl.com\/palencia\/\",\"name\":\"ASAJA Palencia\",\"description\":\"Otro sitio m\u00e1s de Provincias ASAJA Castilla y Le\u00f3n\",\"potentialAction\":[{\"@type\":\"SearchAction\",\"target\":{\"@type\":\"EntryPoint\",\"urlTemplate\":\"https:\/\/www.asajacyl.com\/palencia\/?s={search_term_string}\"},\"query-input\":{\"@type\":\"PropertyValueSpecification\",\"valueRequired\":true,\"valueName\":\"search_term_string\"}}],\"inLanguage\":\"es\"},{\"@type\":\"Person\",\"@id\":\"https:\/\/www.asajacyl.com\/palencia\/#\/schema\/person\/3ab17aeb03527485c317557fae64aab1\",\"name\":\"Administrador\",\"image\":{\"@type\":\"ImageObject\",\"inLanguage\":\"es\",\"@id\":\"https:\/\/www.asajacyl.com\/palencia\/#\/schema\/person\/image\/\",\"url\":\"https:\/\/secure.gravatar.com\/avatar\/517384810d242ca9e38c180f3c9fb973?s=96&d=mm&r=g\",\"contentUrl\":\"https:\/\/secure.gravatar.com\/avatar\/517384810d242ca9e38c180f3c9fb973?s=96&d=mm&r=g\",\"caption\":\"Administrador\"},\"url\":\"https:\/\/www.asajacyl.com\/palencia\/author\/carlosrm\"}]}<\/script>\n<!-- \/ Yoast SEO plugin. -->","yoast_head_json":{"title":"ASAJA-Castilla y Le\u00f3n exige un control de censos de jabal\u00edes para prevenir la peste porcina africana - ASAJA Palencia","description":"La aparici\u00f3n de un foco de peste porcina africana (PPA) en jabal\u00edes muertos en una comarca de la provincia de Barcelona, despu\u00e9s de tres d\u00e9cadas sin","robots":{"index":"index","follow":"follow","max-snippet":"max-snippet:-1","max-image-preview":"max-image-preview:large","max-video-preview":"max-video-preview:-1"},"canonical":"https:\/\/www.asajacyl.com\/palencia\/asaja-palencia-informa\/asaja-castilla-y-leon-exige-un-control-de-censos-de-jabalies-para-prevenir-la-peste-porcina-africana","og_locale":"es_ES","og_type":"article","og_title":"ASAJA-Castilla y Le\u00f3n exige un control de censos de jabal\u00edes para prevenir la peste porcina africana - ASAJA Palencia","og_description":"La aparici\u00f3n de un foco de peste porcina africana (PPA) en jabal\u00edes muertos en una comarca de la provincia de Barcelona, despu\u00e9s de tres d\u00e9cadas sin","og_url":"https:\/\/www.asajacyl.com\/palencia\/asaja-palencia-informa\/asaja-castilla-y-leon-exige-un-control-de-censos-de-jabalies-para-prevenir-la-peste-porcina-africana","og_site_name":"ASAJA Palencia","article_published_time":"2025-12-02T17:59:30+00:00","article_modified_time":"2025-12-02T17:59:31+00:00","og_image":[{"width":1890,"height":1654,"url":"https:\/\/www.asajacyl.com\/palencia\/wp-content\/uploads\/sites\/3\/2025\/12\/DonacianoDujo-declaracione-PPA.jpg","type":"image\/jpeg"}],"author":"Administrador","twitter_card":"summary_large_image","twitter_misc":{"Escrito por":"Administrador","Tiempo de lectura":"3 minutos"},"schema":{"@context":"https:\/\/schema.org","@graph":[{"@type":"WebPage","@id":"https:\/\/www.asajacyl.com\/palencia\/asaja-palencia-informa\/asaja-castilla-y-leon-exige-un-control-de-censos-de-jabalies-para-prevenir-la-peste-porcina-africana","url":"https:\/\/www.asajacyl.com\/palencia\/asaja-palencia-informa\/asaja-castilla-y-leon-exige-un-control-de-censos-de-jabalies-para-prevenir-la-peste-porcina-africana","name":"ASAJA-Castilla y Le\u00f3n exige un control de censos de jabal\u00edes para prevenir la peste porcina africana - ASAJA Palencia","isPartOf":{"@id":"https:\/\/www.asajacyl.com\/palencia\/#website"},"primaryImageOfPage":{"@id":"https:\/\/www.asajacyl.com\/palencia\/asaja-palencia-informa\/asaja-castilla-y-leon-exige-un-control-de-censos-de-jabalies-para-prevenir-la-peste-porcina-africana#primaryimage"},"image":{"@id":"https:\/\/www.asajacyl.com\/palencia\/asaja-palencia-informa\/asaja-castilla-y-leon-exige-un-control-de-censos-de-jabalies-para-prevenir-la-peste-porcina-africana#primaryimage"},"thumbnailUrl":"https:\/\/www.asajacyl.com\/palencia\/wp-content\/uploads\/sites\/3\/2025\/12\/DonacianoDujo-declaracione-PPA.jpg","datePublished":"2025-12-02T17:59:30+00:00","dateModified":"2025-12-02T17:59:31+00:00","author":{"@id":"https:\/\/www.asajacyl.com\/palencia\/#\/schema\/person\/3ab17aeb03527485c317557fae64aab1"},"description":"La aparici\u00f3n de un foco de peste porcina africana (PPA) en jabal\u00edes muertos en una comarca de la provincia de Barcelona, despu\u00e9s de tres d\u00e9cadas sin","breadcrumb":{"@id":"https:\/\/www.asajacyl.com\/palencia\/asaja-palencia-informa\/asaja-castilla-y-leon-exige-un-control-de-censos-de-jabalies-para-prevenir-la-peste-porcina-africana#breadcrumb"},"inLanguage":"es","potentialAction":[{"@type":"ReadAction","target":["https:\/\/www.asajacyl.com\/palencia\/asaja-palencia-informa\/asaja-castilla-y-leon-exige-un-control-de-censos-de-jabalies-para-prevenir-la-peste-porcina-africana"]}]},{"@type":"ImageObject","inLanguage":"es","@id":"https:\/\/www.asajacyl.com\/palencia\/asaja-palencia-informa\/asaja-castilla-y-leon-exige-un-control-de-censos-de-jabalies-para-prevenir-la-peste-porcina-africana#primaryimage","url":"https:\/\/www.asajacyl.com\/palencia\/wp-content\/uploads\/sites\/3\/2025\/12\/DonacianoDujo-declaracione-PPA.jpg","contentUrl":"https:\/\/www.asajacyl.com\/palencia\/wp-content\/uploads\/sites\/3\/2025\/12\/DonacianoDujo-declaracione-PPA.jpg","width":1890,"height":1654},{"@type":"BreadcrumbList","@id":"https:\/\/www.asajacyl.com\/palencia\/asaja-palencia-informa\/asaja-castilla-y-leon-exige-un-control-de-censos-de-jabalies-para-prevenir-la-peste-porcina-africana#breadcrumb","itemListElement":[{"@type":"ListItem","position":1,"name":"Portada","item":"https:\/\/www.asajacyl.com\/palencia\/"},{"@type":"ListItem","position":2,"name":"ASAJA-Castilla y Le\u00f3n exige un control de censos de jabal\u00edes para prevenir la peste porcina africana"}]},{"@type":"WebSite","@id":"https:\/\/www.asajacyl.com\/palencia\/#website","url":"https:\/\/www.asajacyl.com\/palencia\/","name":"ASAJA Palencia","description":"Otro sitio m\u00e1s de Provincias ASAJA Castilla y Le\u00f3n","potentialAction":[{"@type":"SearchAction","target":{"@type":"EntryPoint","urlTemplate":"https:\/\/www.asajacyl.com\/palencia\/?s={search_term_string}"},"query-input":{"@type":"PropertyValueSpecification","valueRequired":true,"valueName":"search_term_string"}}],"inLanguage":"es"},{"@type":"Person","@id":"https:\/\/www.asajacyl.com\/palencia\/#\/schema\/person\/3ab17aeb03527485c317557fae64aab1","name":"Administrador","image":{"@type":"ImageObject","inLanguage":"es","@id":"https:\/\/www.asajacyl.com\/palencia\/#\/schema\/person\/image\/","url":"https:\/\/secure.gravatar.com\/avatar\/517384810d242ca9e38c180f3c9fb973?s=96&d=mm&r=g","contentUrl":"https:\/\/secure.gravatar.com\/avatar\/517384810d242ca9e38c180f3c9fb973?s=96&d=mm&r=g","caption":"Administrador"},"url":"https:\/\/www.asajacyl.com\/palencia\/author\/carlosrm"}]}},"_links":{"self":[{"href":"https:\/\/www.asajacyl.com\/palencia\/wp-json\/wp\/v2\/posts\/21677"}],"collection":[{"href":"https:\/\/www.asajacyl.com\/palencia\/wp-json\/wp\/v2\/posts"}],"about":[{"href":"https:\/\/www.asajacyl.com\/palencia\/wp-json\/wp\/v2\/types\/post"}],"author":[{"embeddable":true,"href":"https:\/\/www.asajacyl.com\/palencia\/wp-json\/wp\/v2\/users\/9"}],"replies":[{"embeddable":true,"href":"https:\/\/www.asajacyl.com\/palencia\/wp-json\/wp\/v2\/comments?post=21677"}],"version-history":[{"count":1,"href":"https:\/\/www.asajacyl.com\/palencia\/wp-json\/wp\/v2\/posts\/21677\/revisions"}],"predecessor-version":[{"id":21679,"href":"https:\/\/www.asajacyl.com\/palencia\/wp-json\/wp\/v2\/posts\/21677\/revisions\/21679"}],"wp:featuredmedia":[{"embeddable":true,"href":"https:\/\/www.asajacyl.com\/palencia\/wp-json\/wp\/v2\/media\/21678"}],"wp:attachment":[{"href":"https:\/\/www.asajacyl.com\/palencia\/wp-json\/wp\/v2\/media?parent=21677"}],"wp:term":[{"taxonomy":"category","embeddable":true,"href":"https:\/\/www.asajacyl.com\/palencia\/wp-json\/wp\/v2\/categories?post=21677"},{"taxonomy":"post_tag","embeddable":true,"href":"https:\/\/www.asajacyl.com\/palencia\/wp-json\/wp\/v2\/tags?post=21677"}],"curies":[{"name":"wp","href":"https:\/\/api.w.org\/{rel}","templated":true}]}}