{"id":21683,"date":"2025-12-04T07:30:00","date_gmt":"2025-12-04T06:30:00","guid":{"rendered":"https:\/\/www.asajacyl.com\/palencia\/?p=21683"},"modified":"2025-12-03T14:19:12","modified_gmt":"2025-12-03T13:19:12","slug":"el-escaso-movimiento-en-los-mercados-del-cereal-y-la-patata-se-refleja-en-precios-bajos-y-estancados","status":"publish","type":"post","link":"https:\/\/www.asajacyl.com\/palencia\/sin-categoria\/el-escaso-movimiento-en-los-mercados-del-cereal-y-la-patata-se-refleja-en-precios-bajos-y-estancados","title":{"rendered":"El escaso movimiento en los mercados de cereales y  patatas se refleja en precios bajos y estancados"},"content":{"rendered":"\n<h2 class=\"wp-block-heading\">El escaso movimiento del mercado de los cereales se refleja en un estancamiento de las cotizaciones, al igual que sucede en el de patata, con precios en ambos casos muy por debajo de los que aseguran la rentabilidad de estos cultivos, en especial en este \u00faltimo, ya que el precio libre desanima incluso el arranque. La aton\u00eda se ha percibido este mi\u00e9rcoles, 3 de diciembre, en la sesi\u00f3n de la Lonja de Le\u00f3n, donde han repetido todas las categor\u00edas de ambas mesas, salvo la cebada, donde se constata una m\u00ednima bajada de un euro por tonelada con respecto a la semana anterior.<\/h2>\n\n\n\n<p>La apat\u00eda del mercado del grano, seg\u00fan subrayan desde la lonja leonesa, es fruto del retraso en las ventas por parte de los agricultores, que no ven apetecibles los precios actuales. \u00abLos compradores tampoco tienen prisa en cerrar operaciones puesto que tanto a nivel nacional como mundial las existencias son abundantes\u00bb, a\u00f1aden.<\/p>\n\n\n\n<p>En todo caso, la cebada cae a los 188 euros\/tonelada, y sigue una semana m\u00e1s dej\u00e1ndose parte de la recuperaci\u00f3n que hab\u00eda logrado este oto\u00f1o, recorte sintom\u00e1tico de esa oferta abundante tras los rendimientos hist\u00f3ricos en la pasada cosecha (la Junta estima un promedio de 4830 kilos por hect\u00e1rea en las cebadas cultivadas en Castilla y Le\u00f3n, incluidos secanos y regad\u00edos).<\/p>\n\n\n\n<p>El Departamento de Agricultura de Estados Unidos (USDA) emitir\u00e1 nuevo informe la pr\u00f3xima semana, donde se espera una cierta rebaja en el optimismo sobre la cosecha de ma\u00edz. No obstante, en la Lonja de Le\u00f3n consideran que \u00abesto tampoco tendr\u00eda porque influir mucho en los precios puesto que los mercados siempre se anticipan a estas noticias\u00bb.<\/p>\n\n\n\n<p>M\u00e1s efecto puede notarse en la recta final del a\u00f1o cuando los agricultores dispongan de sus contabilidades al d\u00eda y decidan, en funci\u00f3n de la fiscalidad, si les interesa cerrar alguna operaci\u00f3n m\u00e1s, o dejar el a\u00f1o liquidado por lo que al cap\u00edtulo de ingresos se refiere. <\/p>\n\n\n<div class=\"wp-block-image\">\n<figure class=\"aligncenter size-large is-resized\"><img loading=\"lazy\" decoding=\"async\" width=\"1024\" height=\"768\" src=\"https:\/\/www.asajacyl.com\/palencia\/wp-content\/uploads\/sites\/3\/2025\/12\/Precios-agricultura-3dic2025-1024x768.png\" alt=\"\" class=\"wp-image-21684\" style=\"width:1067px;height:auto\" srcset=\"https:\/\/www.asajacyl.com\/palencia\/wp-content\/uploads\/sites\/3\/2025\/12\/Precios-agricultura-3dic2025-1024x768.png 1024w, https:\/\/www.asajacyl.com\/palencia\/wp-content\/uploads\/sites\/3\/2025\/12\/Precios-agricultura-3dic2025-300x225.png 300w, https:\/\/www.asajacyl.com\/palencia\/wp-content\/uploads\/sites\/3\/2025\/12\/Precios-agricultura-3dic2025-768x576.png 768w, https:\/\/www.asajacyl.com\/palencia\/wp-content\/uploads\/sites\/3\/2025\/12\/Precios-agricultura-3dic2025-1536x1152.png 1536w, https:\/\/www.asajacyl.com\/palencia\/wp-content\/uploads\/sites\/3\/2025\/12\/Precios-agricultura-3dic2025-2048x1536.png 2048w, https:\/\/www.asajacyl.com\/palencia\/wp-content\/uploads\/sites\/3\/2025\/12\/Precios-agricultura-3dic2025-560x420.png 560w, https:\/\/www.asajacyl.com\/palencia\/wp-content\/uploads\/sites\/3\/2025\/12\/Precios-agricultura-3dic2025-80x60.png 80w, https:\/\/www.asajacyl.com\/palencia\/wp-content\/uploads\/sites\/3\/2025\/12\/Precios-agricultura-3dic2025-696x522.png 696w, https:\/\/www.asajacyl.com\/palencia\/wp-content\/uploads\/sites\/3\/2025\/12\/Precios-agricultura-3dic2025-1068x801.png 1068w, https:\/\/www.asajacyl.com\/palencia\/wp-content\/uploads\/sites\/3\/2025\/12\/Precios-agricultura-3dic2025-1920x1440.png 1920w\" sizes=\"(max-width: 1024px) 100vw, 1024px\" \/><\/figure><\/div>","protected":false},"excerpt":{"rendered":"<p>El escaso movimiento del mercado de los cereales se refleja en un estancamiento de las cotizaciones, al igual que sucede en el de patata, con precios en ambos casos muy por debajo de los que aseguran la rentabilidad de estos cultivos, en especial en este \u00faltimo, ya que el precio libre desanima incluso el arranque. [&hellip;]<\/p>\n","protected":false},"author":9,"featured_media":21685,"comment_status":"open","ping_status":"open","sticky":false,"template":"","format":"standard","meta":{"footnotes":""},"categories":[1],"tags":[58,290,46,142,66,293,219,147,220],"yoast_head":"<!-- This site is optimized with the Yoast SEO plugin v24.5 - https:\/\/yoast.com\/wordpress\/plugins\/seo\/ -->\n<title>El escaso movimiento en los mercados de cereales y patatas se refleja en precios bajos y estancados - ASAJA Palencia<\/title>\n<meta name=\"description\" content=\"El escaso movimiento del mercado de los cereales se refleja en un estancamiento de las cotizaciones, al igual que sucede en el de patata, con precios en\" \/>\n<meta name=\"robots\" content=\"index, follow, max-snippet:-1, max-image-preview:large, max-video-preview:-1\" \/>\n<link rel=\"canonical\" href=\"https:\/\/www.asajacyl.com\/palencia\/sin-categoria\/el-escaso-movimiento-en-los-mercados-del-cereal-y-la-patata-se-refleja-en-precios-bajos-y-estancados\" \/>\n<meta property=\"og:locale\" content=\"es_ES\" \/>\n<meta property=\"og:type\" content=\"article\" \/>\n<meta property=\"og:title\" content=\"El escaso movimiento en los mercados de cereales y patatas se refleja en precios bajos y estancados - ASAJA Palencia\" \/>\n<meta property=\"og:description\" content=\"El escaso movimiento del mercado de los cereales se refleja en un estancamiento de las cotizaciones, al igual que sucede en el de patata, con precios en\" \/>\n<meta property=\"og:url\" content=\"https:\/\/www.asajacyl.com\/palencia\/sin-categoria\/el-escaso-movimiento-en-los-mercados-del-cereal-y-la-patata-se-refleja-en-precios-bajos-y-estancados\" \/>\n<meta property=\"og:site_name\" content=\"ASAJA Palencia\" \/>\n<meta property=\"article:published_time\" content=\"2025-12-04T06:30:00+00:00\" \/>\n<meta property=\"og:image\" content=\"https:\/\/www.asajacyl.com\/palencia\/wp-content\/uploads\/sites\/3\/2025\/12\/Cebada-primer-plano-c-Luis-Maria-Santiago-web.jpg\" \/>\n\t<meta property=\"og:image:width\" content=\"1890\" \/>\n\t<meta property=\"og:image:height\" content=\"1654\" \/>\n\t<meta property=\"og:image:type\" content=\"image\/jpeg\" \/>\n<meta name=\"author\" content=\"Administrador\" \/>\n<meta name=\"twitter:card\" content=\"summary_large_image\" \/>\n<meta name=\"twitter:label1\" content=\"Escrito por\" \/>\n\t<meta name=\"twitter:data1\" content=\"Administrador\" \/>\n\t<meta name=\"twitter:label2\" content=\"Tiempo de lectura\" \/>\n\t<meta name=\"twitter:data2\" content=\"2 minutos\" \/>\n<script type=\"application\/ld+json\" class=\"yoast-schema-graph\">{\"@context\":\"https:\/\/schema.org\",\"@graph\":[{\"@type\":\"WebPage\",\"@id\":\"https:\/\/www.asajacyl.com\/palencia\/sin-categoria\/el-escaso-movimiento-en-los-mercados-del-cereal-y-la-patata-se-refleja-en-precios-bajos-y-estancados\",\"url\":\"https:\/\/www.asajacyl.com\/palencia\/sin-categoria\/el-escaso-movimiento-en-los-mercados-del-cereal-y-la-patata-se-refleja-en-precios-bajos-y-estancados\",\"name\":\"El escaso movimiento en los mercados de cereales y patatas se refleja en precios bajos y estancados - ASAJA Palencia\",\"isPartOf\":{\"@id\":\"https:\/\/www.asajacyl.com\/palencia\/#website\"},\"primaryImageOfPage\":{\"@id\":\"https:\/\/www.asajacyl.com\/palencia\/sin-categoria\/el-escaso-movimiento-en-los-mercados-del-cereal-y-la-patata-se-refleja-en-precios-bajos-y-estancados#primaryimage\"},\"image\":{\"@id\":\"https:\/\/www.asajacyl.com\/palencia\/sin-categoria\/el-escaso-movimiento-en-los-mercados-del-cereal-y-la-patata-se-refleja-en-precios-bajos-y-estancados#primaryimage\"},\"thumbnailUrl\":\"https:\/\/www.asajacyl.com\/palencia\/wp-content\/uploads\/sites\/3\/2025\/12\/Cebada-primer-plano-c-Luis-Maria-Santiago-web.jpg\",\"datePublished\":\"2025-12-04T06:30:00+00:00\",\"author\":{\"@id\":\"https:\/\/www.asajacyl.com\/palencia\/#\/schema\/person\/3ab17aeb03527485c317557fae64aab1\"},\"description\":\"El escaso movimiento del mercado de los cereales se refleja en un estancamiento de las cotizaciones, al igual que sucede en el de patata, con precios en\",\"breadcrumb\":{\"@id\":\"https:\/\/www.asajacyl.com\/palencia\/sin-categoria\/el-escaso-movimiento-en-los-mercados-del-cereal-y-la-patata-se-refleja-en-precios-bajos-y-estancados#breadcrumb\"},\"inLanguage\":\"es\",\"potentialAction\":[{\"@type\":\"ReadAction\",\"target\":[\"https:\/\/www.asajacyl.com\/palencia\/sin-categoria\/el-escaso-movimiento-en-los-mercados-del-cereal-y-la-patata-se-refleja-en-precios-bajos-y-estancados\"]}]},{\"@type\":\"ImageObject\",\"inLanguage\":\"es\",\"@id\":\"https:\/\/www.asajacyl.com\/palencia\/sin-categoria\/el-escaso-movimiento-en-los-mercados-del-cereal-y-la-patata-se-refleja-en-precios-bajos-y-estancados#primaryimage\",\"url\":\"https:\/\/www.asajacyl.com\/palencia\/wp-content\/uploads\/sites\/3\/2025\/12\/Cebada-primer-plano-c-Luis-Maria-Santiago-web.jpg\",\"contentUrl\":\"https:\/\/www.asajacyl.com\/palencia\/wp-content\/uploads\/sites\/3\/2025\/12\/Cebada-primer-plano-c-Luis-Maria-Santiago-web.jpg\",\"width\":1890,\"height\":1654},{\"@type\":\"BreadcrumbList\",\"@id\":\"https:\/\/www.asajacyl.com\/palencia\/sin-categoria\/el-escaso-movimiento-en-los-mercados-del-cereal-y-la-patata-se-refleja-en-precios-bajos-y-estancados#breadcrumb\",\"itemListElement\":[{\"@type\":\"ListItem\",\"position\":1,\"name\":\"Portada\",\"item\":\"https:\/\/www.asajacyl.com\/palencia\/\"},{\"@type\":\"ListItem\",\"position\":2,\"name\":\"El escaso movimiento en los mercados de cereales y patatas se refleja en precios bajos y estancados\"}]},{\"@type\":\"WebSite\",\"@id\":\"https:\/\/www.asajacyl.com\/palencia\/#website\",\"url\":\"https:\/\/www.asajacyl.com\/palencia\/\",\"name\":\"ASAJA Palencia\",\"description\":\"Otro sitio m\u00e1s de Provincias ASAJA Castilla y Le\u00f3n\",\"potentialAction\":[{\"@type\":\"SearchAction\",\"target\":{\"@type\":\"EntryPoint\",\"urlTemplate\":\"https:\/\/www.asajacyl.com\/palencia\/?s={search_term_string}\"},\"query-input\":{\"@type\":\"PropertyValueSpecification\",\"valueRequired\":true,\"valueName\":\"search_term_string\"}}],\"inLanguage\":\"es\"},{\"@type\":\"Person\",\"@id\":\"https:\/\/www.asajacyl.com\/palencia\/#\/schema\/person\/3ab17aeb03527485c317557fae64aab1\",\"name\":\"Administrador\",\"image\":{\"@type\":\"ImageObject\",\"inLanguage\":\"es\",\"@id\":\"https:\/\/www.asajacyl.com\/palencia\/#\/schema\/person\/image\/\",\"url\":\"https:\/\/secure.gravatar.com\/avatar\/517384810d242ca9e38c180f3c9fb973?s=96&d=mm&r=g\",\"contentUrl\":\"https:\/\/secure.gravatar.com\/avatar\/517384810d242ca9e38c180f3c9fb973?s=96&d=mm&r=g\",\"caption\":\"Administrador\"},\"url\":\"https:\/\/www.asajacyl.com\/palencia\/author\/carlosrm\"}]}<\/script>\n<!-- \/ Yoast SEO plugin. -->","yoast_head_json":{"title":"El escaso movimiento en los mercados de cereales y patatas se refleja en precios bajos y estancados - ASAJA Palencia","description":"El escaso movimiento del mercado de los cereales se refleja en un estancamiento de las cotizaciones, al igual que sucede en el de patata, con precios en","robots":{"index":"index","follow":"follow","max-snippet":"max-snippet:-1","max-image-preview":"max-image-preview:large","max-video-preview":"max-video-preview:-1"},"canonical":"https:\/\/www.asajacyl.com\/palencia\/sin-categoria\/el-escaso-movimiento-en-los-mercados-del-cereal-y-la-patata-se-refleja-en-precios-bajos-y-estancados","og_locale":"es_ES","og_type":"article","og_title":"El escaso movimiento en los mercados de cereales y patatas se refleja en precios bajos y estancados - ASAJA Palencia","og_description":"El escaso movimiento del mercado de los cereales se refleja en un estancamiento de las cotizaciones, al igual que sucede en el de patata, con precios en","og_url":"https:\/\/www.asajacyl.com\/palencia\/sin-categoria\/el-escaso-movimiento-en-los-mercados-del-cereal-y-la-patata-se-refleja-en-precios-bajos-y-estancados","og_site_name":"ASAJA Palencia","article_published_time":"2025-12-04T06:30:00+00:00","og_image":[{"width":1890,"height":1654,"url":"https:\/\/www.asajacyl.com\/palencia\/wp-content\/uploads\/sites\/3\/2025\/12\/Cebada-primer-plano-c-Luis-Maria-Santiago-web.jpg","type":"image\/jpeg"}],"author":"Administrador","twitter_card":"summary_large_image","twitter_misc":{"Escrito por":"Administrador","Tiempo de lectura":"2 minutos"},"schema":{"@context":"https:\/\/schema.org","@graph":[{"@type":"WebPage","@id":"https:\/\/www.asajacyl.com\/palencia\/sin-categoria\/el-escaso-movimiento-en-los-mercados-del-cereal-y-la-patata-se-refleja-en-precios-bajos-y-estancados","url":"https:\/\/www.asajacyl.com\/palencia\/sin-categoria\/el-escaso-movimiento-en-los-mercados-del-cereal-y-la-patata-se-refleja-en-precios-bajos-y-estancados","name":"El escaso movimiento en los mercados de cereales y patatas se refleja en precios bajos y estancados - ASAJA Palencia","isPartOf":{"@id":"https:\/\/www.asajacyl.com\/palencia\/#website"},"primaryImageOfPage":{"@id":"https:\/\/www.asajacyl.com\/palencia\/sin-categoria\/el-escaso-movimiento-en-los-mercados-del-cereal-y-la-patata-se-refleja-en-precios-bajos-y-estancados#primaryimage"},"image":{"@id":"https:\/\/www.asajacyl.com\/palencia\/sin-categoria\/el-escaso-movimiento-en-los-mercados-del-cereal-y-la-patata-se-refleja-en-precios-bajos-y-estancados#primaryimage"},"thumbnailUrl":"https:\/\/www.asajacyl.com\/palencia\/wp-content\/uploads\/sites\/3\/2025\/12\/Cebada-primer-plano-c-Luis-Maria-Santiago-web.jpg","datePublished":"2025-12-04T06:30:00+00:00","author":{"@id":"https:\/\/www.asajacyl.com\/palencia\/#\/schema\/person\/3ab17aeb03527485c317557fae64aab1"},"description":"El escaso movimiento del mercado de los cereales se refleja en un estancamiento de las cotizaciones, al igual que sucede en el de patata, con precios en","breadcrumb":{"@id":"https:\/\/www.asajacyl.com\/palencia\/sin-categoria\/el-escaso-movimiento-en-los-mercados-del-cereal-y-la-patata-se-refleja-en-precios-bajos-y-estancados#breadcrumb"},"inLanguage":"es","potentialAction":[{"@type":"ReadAction","target":["https:\/\/www.asajacyl.com\/palencia\/sin-categoria\/el-escaso-movimiento-en-los-mercados-del-cereal-y-la-patata-se-refleja-en-precios-bajos-y-estancados"]}]},{"@type":"ImageObject","inLanguage":"es","@id":"https:\/\/www.asajacyl.com\/palencia\/sin-categoria\/el-escaso-movimiento-en-los-mercados-del-cereal-y-la-patata-se-refleja-en-precios-bajos-y-estancados#primaryimage","url":"https:\/\/www.asajacyl.com\/palencia\/wp-content\/uploads\/sites\/3\/2025\/12\/Cebada-primer-plano-c-Luis-Maria-Santiago-web.jpg","contentUrl":"https:\/\/www.asajacyl.com\/palencia\/wp-content\/uploads\/sites\/3\/2025\/12\/Cebada-primer-plano-c-Luis-Maria-Santiago-web.jpg","width":1890,"height":1654},{"@type":"BreadcrumbList","@id":"https:\/\/www.asajacyl.com\/palencia\/sin-categoria\/el-escaso-movimiento-en-los-mercados-del-cereal-y-la-patata-se-refleja-en-precios-bajos-y-estancados#breadcrumb","itemListElement":[{"@type":"ListItem","position":1,"name":"Portada","item":"https:\/\/www.asajacyl.com\/palencia\/"},{"@type":"ListItem","position":2,"name":"El escaso movimiento en los mercados de cereales y patatas se refleja en precios bajos y estancados"}]},{"@type":"WebSite","@id":"https:\/\/www.asajacyl.com\/palencia\/#website","url":"https:\/\/www.asajacyl.com\/palencia\/","name":"ASAJA Palencia","description":"Otro sitio m\u00e1s de Provincias ASAJA Castilla y Le\u00f3n","potentialAction":[{"@type":"SearchAction","target":{"@type":"EntryPoint","urlTemplate":"https:\/\/www.asajacyl.com\/palencia\/?s={search_term_string}"},"query-input":{"@type":"PropertyValueSpecification","valueRequired":true,"valueName":"search_term_string"}}],"inLanguage":"es"},{"@type":"Person","@id":"https:\/\/www.asajacyl.com\/palencia\/#\/schema\/person\/3ab17aeb03527485c317557fae64aab1","name":"Administrador","image":{"@type":"ImageObject","inLanguage":"es","@id":"https:\/\/www.asajacyl.com\/palencia\/#\/schema\/person\/image\/","url":"https:\/\/secure.gravatar.com\/avatar\/517384810d242ca9e38c180f3c9fb973?s=96&d=mm&r=g","contentUrl":"https:\/\/secure.gravatar.com\/avatar\/517384810d242ca9e38c180f3c9fb973?s=96&d=mm&r=g","caption":"Administrador"},"url":"https:\/\/www.asajacyl.com\/palencia\/author\/carlosrm"}]}},"_links":{"self":[{"href":"https:\/\/www.asajacyl.com\/palencia\/wp-json\/wp\/v2\/posts\/21683"}],"collection":[{"href":"https:\/\/www.asajacyl.com\/palencia\/wp-json\/wp\/v2\/posts"}],"about":[{"href":"https:\/\/www.asajacyl.com\/palencia\/wp-json\/wp\/v2\/types\/post"}],"author":[{"embeddable":true,"href":"https:\/\/www.asajacyl.com\/palencia\/wp-json\/wp\/v2\/users\/9"}],"replies":[{"embeddable":true,"href":"https:\/\/www.asajacyl.com\/palencia\/wp-json\/wp\/v2\/comments?post=21683"}],"version-history":[{"count":3,"href":"https:\/\/www.asajacyl.com\/palencia\/wp-json\/wp\/v2\/posts\/21683\/revisions"}],"predecessor-version":[{"id":21688,"href":"https:\/\/www.asajacyl.com\/palencia\/wp-json\/wp\/v2\/posts\/21683\/revisions\/21688"}],"wp:featuredmedia":[{"embeddable":true,"href":"https:\/\/www.asajacyl.com\/palencia\/wp-json\/wp\/v2\/media\/21685"}],"wp:attachment":[{"href":"https:\/\/www.asajacyl.com\/palencia\/wp-json\/wp\/v2\/media?parent=21683"}],"wp:term":[{"taxonomy":"category","embeddable":true,"href":"https:\/\/www.asajacyl.com\/palencia\/wp-json\/wp\/v2\/categories?post=21683"},{"taxonomy":"post_tag","embeddable":true,"href":"https:\/\/www.asajacyl.com\/palencia\/wp-json\/wp\/v2\/tags?post=21683"}],"curies":[{"name":"wp","href":"https:\/\/api.w.org\/{rel}","templated":true}]}}