{"id":21690,"date":"2025-12-04T12:51:17","date_gmt":"2025-12-04T11:51:17","guid":{"rendered":"https:\/\/www.asajacyl.com\/palencia\/?p=21690"},"modified":"2025-12-04T12:53:25","modified_gmt":"2025-12-04T11:53:25","slug":"asaja-pide-calma-ante-la-peste-porcina-pero-reclama-un-plan-nacional-de-control-de-la-fauna-salvaje","status":"publish","type":"post","link":"https:\/\/www.asajacyl.com\/palencia\/asaja-palencia-informa\/asaja-pide-calma-ante-la-peste-porcina-pero-reclama-un-plan-nacional-de-control-de-la-fauna-salvaje","title":{"rendered":"ASAJA pide calma ante la peste porcina, pero exige un plan nacional inmediato de control de la fauna salvaje"},"content":{"rendered":"\n<h2 class=\"wp-block-heading\">ASAJA ha valorado la\u00a0r\u00e1pida detecci\u00f3n\u00a0de jabal\u00edes infectados por peste porcina africana (PPA) en la zona de Collserola (Barcelona), primer foco localizado en Espa\u00f1a desde 1994, y ha lanzado un mensaje de\u00a0tranquilidad\u00a0al sector porcino y a la ciudadan\u00eda. No obstante, nuestra organizaci\u00f3n reclama un plan nacional de control de la fauna salvaje, cuya presencia desordenada en el medio rural constituye un riesgo permanente, tanto para la sanidad animal como para la producci\u00f3n agraria.<\/h2>\n\n\n\n<p>La Uni\u00f3n Europea (UE) ha ampliado\u00a0hoy de 64 a 91 los municipios de ocho comarcas, que estar\u00e1n sometidos a restricciones hasta el 28 de febrero de 2026 por el brote de peste porcina africana. La decisi\u00f3n publicada en el Diario Oficial de la UE se\u00f1ala que las medidas de control \u2014como la restricci\u00f3n de desplazamientos de los animales y sus productos derivados\u2014 deben\u00a0aplicarse lo antes posible\u00a0en dicha zona, dada la urgencia de la situaci\u00f3n epidemiol\u00f3gica.<\/p>\n\n\n<div class=\"wp-block-image\">\n<figure class=\"alignright size-full is-resized\"><img loading=\"lazy\" decoding=\"async\" width=\"930\" height=\"620\" src=\"https:\/\/www.asajacyl.com\/palencia\/wp-content\/uploads\/sites\/3\/2025\/12\/Pere-Roque-c-ASAJA-Lerida-copia.jpg\" alt=\"\" class=\"wp-image-21694\" style=\"width:741px;height:auto\" srcset=\"https:\/\/www.asajacyl.com\/palencia\/wp-content\/uploads\/sites\/3\/2025\/12\/Pere-Roque-c-ASAJA-Lerida-copia.jpg 930w, https:\/\/www.asajacyl.com\/palencia\/wp-content\/uploads\/sites\/3\/2025\/12\/Pere-Roque-c-ASAJA-Lerida-copia-300x200.jpg 300w, https:\/\/www.asajacyl.com\/palencia\/wp-content\/uploads\/sites\/3\/2025\/12\/Pere-Roque-c-ASAJA-Lerida-copia-768x512.jpg 768w, https:\/\/www.asajacyl.com\/palencia\/wp-content\/uploads\/sites\/3\/2025\/12\/Pere-Roque-c-ASAJA-Lerida-copia-630x420.jpg 630w, https:\/\/www.asajacyl.com\/palencia\/wp-content\/uploads\/sites\/3\/2025\/12\/Pere-Roque-c-ASAJA-Lerida-copia-696x464.jpg 696w\" sizes=\"(max-width: 930px) 100vw, 930px\" \/><figcaption class=\"wp-element-caption\">Pere Roqu\u00e9, presidente de ASAJA-Catalu\u00f1a<\/figcaption><\/figure><\/div>\n\n\n<p>Antes, las autoridades espa\u00f1olas prohibieron la actividad en el medio natural de doce municipios dentro de un radio de\u00a0seis kil\u00f3metros\u00a0en torno a Cerda\u00f1ola del Vall\u00e9s, donde se han encontrado los jabal\u00eds muertos contagiados. Al mismo tiempo, se ha establecido un per\u00edmetro de\u00a0vigilancia de veinte kil\u00f3metros con restricciones\u00a0en esos 64 municipios, mientras se captura y controla a posibles animales infectados con ayuda de la Unidad Militar de Emergencias (UME). <\/p>\n\n\n<div class=\"wp-block-image\">\n<figure class=\"alignright size-large is-resized\"><img loading=\"lazy\" decoding=\"async\" width=\"494\" height=\"1024\" src=\"https:\/\/www.asajacyl.com\/palencia\/wp-content\/uploads\/sites\/3\/2025\/12\/Infografia-PPA-web-494x1024.jpg\" alt=\"\" class=\"wp-image-21696\" style=\"width:740px;height:auto\" srcset=\"https:\/\/www.asajacyl.com\/palencia\/wp-content\/uploads\/sites\/3\/2025\/12\/Infografia-PPA-web-494x1024.jpg 494w, https:\/\/www.asajacyl.com\/palencia\/wp-content\/uploads\/sites\/3\/2025\/12\/Infografia-PPA-web-145x300.jpg 145w, https:\/\/www.asajacyl.com\/palencia\/wp-content\/uploads\/sites\/3\/2025\/12\/Infografia-PPA-web-768x1591.jpg 768w, https:\/\/www.asajacyl.com\/palencia\/wp-content\/uploads\/sites\/3\/2025\/12\/Infografia-PPA-web-742x1536.jpg 742w, https:\/\/www.asajacyl.com\/palencia\/wp-content\/uploads\/sites\/3\/2025\/12\/Infografia-PPA-web-989x2048.jpg 989w, https:\/\/www.asajacyl.com\/palencia\/wp-content\/uploads\/sites\/3\/2025\/12\/Infografia-PPA-web-203x420.jpg 203w, https:\/\/www.asajacyl.com\/palencia\/wp-content\/uploads\/sites\/3\/2025\/12\/Infografia-PPA-web-696x1442.jpg 696w, https:\/\/www.asajacyl.com\/palencia\/wp-content\/uploads\/sites\/3\/2025\/12\/Infografia-PPA-web-1068x2212.jpg 1068w, https:\/\/www.asajacyl.com\/palencia\/wp-content\/uploads\/sites\/3\/2025\/12\/Infografia-PPA-web.jpg 1207w\" sizes=\"(max-width: 494px) 100vw, 494px\" \/><\/figure><\/div>\n\n\n<p><strong>NO CONTAGIA AL SER HUMANO.<\/strong> Hay que recordar que la enfermedad\u00a0no se contagia a los seres humanos,\u00a0ni por contacto ni por ingesti\u00f3n de alimentos, pero el riesgo es elevado en t\u00e9rminos de salud animal y por el potencial impacto econ\u00f3mico en el sector porcino. El brote no solo puede reducir sus exportaciones, sino que, en el caso de contagio en una granja, la ley obliga a sacrificar a todos los animales de la explotaci\u00f3n.<\/p>\n\n\n\n<p>El panel adjunto, elaborado por la Organizaci\u00f3n Colegial Veterinaria, expone con claridad detalles importantes de la peste porcina africana. No afecta al ser humano por ninguna v\u00eda, si bien puede ser un vector de contagio para las explotaciones, por lo que hay que extremar las medidas de bioseguridad.<\/p>\n\n\n\n<p>Nuestra organizaci\u00f3n agraria destaca que los servicios veterinarios han actuado con diligencia y eficacia, seg\u00fan Pere Roqu\u00e9, presidente de ASAJA-Catalu\u00f1a, comunidad aut\u00f3noma donde se han localizado los focos en jabal\u00edes, al confirmarse el positivo en tiempo r\u00e9cord y activar de inmediato el protocolo previsto en el manual nacional de lucha contra la enfermedad. Roqu\u00e9 ha subrayado que esta rapidez es clave para reducir el riesgo de expansi\u00f3n, por lo que agradece el trabajo de los profesionales implicados.<\/p>\n\n\n\n<p><strong>SECTOR PREPARADO. <\/strong>ASAJA quiere enviar un mensaje claro: El sector porcino espa\u00f1ol est\u00e1 preparado.\u00a0Hemos pasado a\u00f1os modernizando explotaciones, reforzando medidas de bioseguridad y situando a nuestras granjas entre las m\u00e1s avanzadas del mundo. Espa\u00f1a es un pa\u00eds referente en exportaci\u00f3n, y el porcino es uno de los sectores que m\u00e1s aporta a producto interior bruto nacional.<\/p>\n\n\n\n<p>Por ello, desde nuestra organizaci\u00f3n apelamos a dejar trabajar a los t\u00e9cnicos y evitar el alarmismo, para trabajar de la mano entre las administraciones p\u00fablicas, los ganaderos y los dem\u00e1s operadores del sector porcino.<\/p>\n\n\n\n<p><strong>DESCONTROL. <\/strong>No obstante, ASAJA considera que, m\u00e1s all\u00e1 de la gesti\u00f3n inmediata del foco, la presencia descontrolada de fauna salvaje en el medio rural constituye un riesgo permanente, tanto para la sanidad animal como para la producci\u00f3n agraria.<\/p>\n\n\n\n<p>Al igual que <a href=\"https:\/\/www.asajacyl.com\/palencia\/asaja-palencia-informa\/asaja-castilla-y-leon-exige-un-control-de-censos-de-jabalies-para-prevenir-la-peste-porcina-africana\" target=\"_blank\" rel=\"noreferrer noopener\">ha manifestado ASAJA-Castilla y Le\u00f3n, a trav\u00e9s de nuestro presidente regional, Donaciano Dujo<\/a>, el m\u00e1ximo responsable de nuestra organizaci\u00f3n en Catalu\u00f1a recuerda que llevamos a\u00f1os denunciando que la poblaci\u00f3n de jabal\u00edes, ciervos y conejos es desorbitada. Su expansi\u00f3n descontrolada viene generando da\u00f1os continuados en las explotaciones, y reduciendo la producci\u00f3n agroalimentaria del pa\u00eds, seg\u00fan ha se\u00f1alado Roqu\u00e9.<\/p>\n\n\n\n<p><strong>REALISMO.<\/strong> Por ello, ASAJA pide al Gobierno de Espa\u00f1a que impulse un plan nacional de erradicaci\u00f3n y control\u00a0de fauna salvaje, especialmente del jabal\u00ed, para reducir el riesgo sanitario y minimizar el impacto sobre el campo.<\/p>\n\n\n\n<p>\u00abLo que ha ocurrido en Collserola \u2014comarca barcelonesa donde se han localizado los focos\u2014 no es un caso aislado. La presi\u00f3n de fauna salvaje es un problema estructural y debe abordarse como tal. Espa\u00f1a necesita una estrategia de control realista y eficaz\u00bb, subraya el presidente de ASAJA-Catalu\u00f1a.<\/p>\n\n\n\n<p>ASAJA apela a la colaboraci\u00f3n plena entre el Gobierno de Espa\u00f1a, las comunidades aut\u00f3nomas, el sector productor y los servicios veterinarios oficiales para garantizar que el foco detectado se controla con rapidez y que la producci\u00f3n porcina espa\u00f1ola \u2014l\u00edder mundial\u2014 mantiene su seguridad sanitaria y su reputaci\u00f3n internacional.<strong>\/<\/strong><\/p>\n","protected":false},"excerpt":{"rendered":"<p>ASAJA ha valorado la\u00a0r\u00e1pida detecci\u00f3n\u00a0de jabal\u00edes infectados por peste porcina africana (PPA) en la zona de Collserola (Barcelona), primer foco localizado en Espa\u00f1a desde 1994, y ha lanzado un mensaje de\u00a0tranquilidad\u00a0al sector porcino y a la ciudadan\u00eda. No obstante, nuestra organizaci\u00f3n reclama un plan nacional de control de la fauna salvaje, cuya presencia desordenada en [&hellip;]<\/p>\n","protected":false},"author":9,"featured_media":16089,"comment_status":"open","ping_status":"open","sticky":false,"template":"","format":"standard","meta":{"footnotes":""},"categories":[9,38,29,28,13],"tags":[58,351,349,270,231,77,1668,110,1667,1665,217,365],"yoast_head":"<!-- This site is optimized with the Yoast SEO plugin v24.5 - https:\/\/yoast.com\/wordpress\/plugins\/seo\/ -->\n<title>ASAJA pide calma ante la peste porcina, pero exige un plan nacional inmediato de control de la fauna salvaje - ASAJA Palencia<\/title>\n<meta name=\"description\" content=\"ASAJA ha valorado la\u00a0r\u00e1pida detecci\u00f3n\u00a0de jabal\u00edes infectados por peste porcina africana (PPA) en la zona de Collserola (Barcelona), primer foco localizado\" \/>\n<meta name=\"robots\" content=\"index, follow, max-snippet:-1, max-image-preview:large, max-video-preview:-1\" \/>\n<link rel=\"canonical\" href=\"https:\/\/www.asajacyl.com\/palencia\/asaja-palencia-informa\/asaja-pide-calma-ante-la-peste-porcina-pero-reclama-un-plan-nacional-de-control-de-la-fauna-salvaje\" \/>\n<meta property=\"og:locale\" content=\"es_ES\" \/>\n<meta property=\"og:type\" content=\"article\" \/>\n<meta property=\"og:title\" content=\"ASAJA pide calma ante la peste porcina, pero exige un plan nacional inmediato de control de la fauna salvaje - ASAJA Palencia\" \/>\n<meta property=\"og:description\" content=\"ASAJA ha valorado la\u00a0r\u00e1pida detecci\u00f3n\u00a0de jabal\u00edes infectados por peste porcina africana (PPA) en la zona de Collserola (Barcelona), primer foco localizado\" \/>\n<meta property=\"og:url\" content=\"https:\/\/www.asajacyl.com\/palencia\/asaja-palencia-informa\/asaja-pide-calma-ante-la-peste-porcina-pero-reclama-un-plan-nacional-de-control-de-la-fauna-salvaje\" \/>\n<meta property=\"og:site_name\" content=\"ASAJA Palencia\" \/>\n<meta property=\"article:published_time\" content=\"2025-12-04T11:51:17+00:00\" \/>\n<meta property=\"article:modified_time\" content=\"2025-12-04T11:53:25+00:00\" \/>\n<meta property=\"og:image\" content=\"https:\/\/www.asajacyl.com\/palencia\/wp-content\/uploads\/sites\/3\/2024\/04\/Jabali-por-el-campo-1024x896.jpg\" \/>\n\t<meta property=\"og:image:width\" content=\"1024\" \/>\n\t<meta property=\"og:image:height\" content=\"896\" \/>\n\t<meta property=\"og:image:type\" content=\"image\/jpeg\" \/>\n<meta name=\"author\" content=\"Administrador\" \/>\n<meta name=\"twitter:card\" content=\"summary_large_image\" \/>\n<meta name=\"twitter:label1\" content=\"Escrito por\" \/>\n\t<meta name=\"twitter:data1\" content=\"Administrador\" \/>\n\t<meta name=\"twitter:label2\" content=\"Tiempo de lectura\" \/>\n\t<meta name=\"twitter:data2\" content=\"5 minutos\" \/>\n<script type=\"application\/ld+json\" class=\"yoast-schema-graph\">{\"@context\":\"https:\/\/schema.org\",\"@graph\":[{\"@type\":\"WebPage\",\"@id\":\"https:\/\/www.asajacyl.com\/palencia\/asaja-palencia-informa\/asaja-pide-calma-ante-la-peste-porcina-pero-reclama-un-plan-nacional-de-control-de-la-fauna-salvaje\",\"url\":\"https:\/\/www.asajacyl.com\/palencia\/asaja-palencia-informa\/asaja-pide-calma-ante-la-peste-porcina-pero-reclama-un-plan-nacional-de-control-de-la-fauna-salvaje\",\"name\":\"ASAJA pide calma ante la peste porcina, pero exige un plan nacional inmediato de control de la fauna salvaje - ASAJA Palencia\",\"isPartOf\":{\"@id\":\"https:\/\/www.asajacyl.com\/palencia\/#website\"},\"primaryImageOfPage\":{\"@id\":\"https:\/\/www.asajacyl.com\/palencia\/asaja-palencia-informa\/asaja-pide-calma-ante-la-peste-porcina-pero-reclama-un-plan-nacional-de-control-de-la-fauna-salvaje#primaryimage\"},\"image\":{\"@id\":\"https:\/\/www.asajacyl.com\/palencia\/asaja-palencia-informa\/asaja-pide-calma-ante-la-peste-porcina-pero-reclama-un-plan-nacional-de-control-de-la-fauna-salvaje#primaryimage\"},\"thumbnailUrl\":\"https:\/\/www.asajacyl.com\/palencia\/wp-content\/uploads\/sites\/3\/2024\/04\/Jabali-por-el-campo.jpg\",\"datePublished\":\"2025-12-04T11:51:17+00:00\",\"dateModified\":\"2025-12-04T11:53:25+00:00\",\"author\":{\"@id\":\"https:\/\/www.asajacyl.com\/palencia\/#\/schema\/person\/3ab17aeb03527485c317557fae64aab1\"},\"description\":\"ASAJA ha valorado la\u00a0r\u00e1pida detecci\u00f3n\u00a0de jabal\u00edes infectados por peste porcina africana (PPA) en la zona de Collserola (Barcelona), primer foco localizado\",\"breadcrumb\":{\"@id\":\"https:\/\/www.asajacyl.com\/palencia\/asaja-palencia-informa\/asaja-pide-calma-ante-la-peste-porcina-pero-reclama-un-plan-nacional-de-control-de-la-fauna-salvaje#breadcrumb\"},\"inLanguage\":\"es\",\"potentialAction\":[{\"@type\":\"ReadAction\",\"target\":[\"https:\/\/www.asajacyl.com\/palencia\/asaja-palencia-informa\/asaja-pide-calma-ante-la-peste-porcina-pero-reclama-un-plan-nacional-de-control-de-la-fauna-salvaje\"]}]},{\"@type\":\"ImageObject\",\"inLanguage\":\"es\",\"@id\":\"https:\/\/www.asajacyl.com\/palencia\/asaja-palencia-informa\/asaja-pide-calma-ante-la-peste-porcina-pero-reclama-un-plan-nacional-de-control-de-la-fauna-salvaje#primaryimage\",\"url\":\"https:\/\/www.asajacyl.com\/palencia\/wp-content\/uploads\/sites\/3\/2024\/04\/Jabali-por-el-campo.jpg\",\"contentUrl\":\"https:\/\/www.asajacyl.com\/palencia\/wp-content\/uploads\/sites\/3\/2024\/04\/Jabali-por-el-campo.jpg\",\"width\":1890,\"height\":1654},{\"@type\":\"BreadcrumbList\",\"@id\":\"https:\/\/www.asajacyl.com\/palencia\/asaja-palencia-informa\/asaja-pide-calma-ante-la-peste-porcina-pero-reclama-un-plan-nacional-de-control-de-la-fauna-salvaje#breadcrumb\",\"itemListElement\":[{\"@type\":\"ListItem\",\"position\":1,\"name\":\"Portada\",\"item\":\"https:\/\/www.asajacyl.com\/palencia\/\"},{\"@type\":\"ListItem\",\"position\":2,\"name\":\"ASAJA pide calma ante la peste porcina, pero exige un plan nacional inmediato de control de la fauna salvaje\"}]},{\"@type\":\"WebSite\",\"@id\":\"https:\/\/www.asajacyl.com\/palencia\/#website\",\"url\":\"https:\/\/www.asajacyl.com\/palencia\/\",\"name\":\"ASAJA Palencia\",\"description\":\"Otro sitio m\u00e1s de Provincias ASAJA Castilla y Le\u00f3n\",\"potentialAction\":[{\"@type\":\"SearchAction\",\"target\":{\"@type\":\"EntryPoint\",\"urlTemplate\":\"https:\/\/www.asajacyl.com\/palencia\/?s={search_term_string}\"},\"query-input\":{\"@type\":\"PropertyValueSpecification\",\"valueRequired\":true,\"valueName\":\"search_term_string\"}}],\"inLanguage\":\"es\"},{\"@type\":\"Person\",\"@id\":\"https:\/\/www.asajacyl.com\/palencia\/#\/schema\/person\/3ab17aeb03527485c317557fae64aab1\",\"name\":\"Administrador\",\"image\":{\"@type\":\"ImageObject\",\"inLanguage\":\"es\",\"@id\":\"https:\/\/www.asajacyl.com\/palencia\/#\/schema\/person\/image\/\",\"url\":\"https:\/\/secure.gravatar.com\/avatar\/517384810d242ca9e38c180f3c9fb973?s=96&d=mm&r=g\",\"contentUrl\":\"https:\/\/secure.gravatar.com\/avatar\/517384810d242ca9e38c180f3c9fb973?s=96&d=mm&r=g\",\"caption\":\"Administrador\"},\"url\":\"https:\/\/www.asajacyl.com\/palencia\/author\/carlosrm\"}]}<\/script>\n<!-- \/ Yoast SEO plugin. -->","yoast_head_json":{"title":"ASAJA pide calma ante la peste porcina, pero exige un plan nacional inmediato de control de la fauna salvaje - ASAJA Palencia","description":"ASAJA ha valorado la\u00a0r\u00e1pida detecci\u00f3n\u00a0de jabal\u00edes infectados por peste porcina africana (PPA) en la zona de Collserola (Barcelona), primer foco localizado","robots":{"index":"index","follow":"follow","max-snippet":"max-snippet:-1","max-image-preview":"max-image-preview:large","max-video-preview":"max-video-preview:-1"},"canonical":"https:\/\/www.asajacyl.com\/palencia\/asaja-palencia-informa\/asaja-pide-calma-ante-la-peste-porcina-pero-reclama-un-plan-nacional-de-control-de-la-fauna-salvaje","og_locale":"es_ES","og_type":"article","og_title":"ASAJA pide calma ante la peste porcina, pero exige un plan nacional inmediato de control de la fauna salvaje - ASAJA Palencia","og_description":"ASAJA ha valorado la\u00a0r\u00e1pida detecci\u00f3n\u00a0de jabal\u00edes infectados por peste porcina africana (PPA) en la zona de Collserola (Barcelona), primer foco localizado","og_url":"https:\/\/www.asajacyl.com\/palencia\/asaja-palencia-informa\/asaja-pide-calma-ante-la-peste-porcina-pero-reclama-un-plan-nacional-de-control-de-la-fauna-salvaje","og_site_name":"ASAJA Palencia","article_published_time":"2025-12-04T11:51:17+00:00","article_modified_time":"2025-12-04T11:53:25+00:00","og_image":[{"width":1024,"height":896,"url":"https:\/\/www.asajacyl.com\/palencia\/wp-content\/uploads\/sites\/3\/2024\/04\/Jabali-por-el-campo-1024x896.jpg","type":"image\/jpeg"}],"author":"Administrador","twitter_card":"summary_large_image","twitter_misc":{"Escrito por":"Administrador","Tiempo de lectura":"5 minutos"},"schema":{"@context":"https:\/\/schema.org","@graph":[{"@type":"WebPage","@id":"https:\/\/www.asajacyl.com\/palencia\/asaja-palencia-informa\/asaja-pide-calma-ante-la-peste-porcina-pero-reclama-un-plan-nacional-de-control-de-la-fauna-salvaje","url":"https:\/\/www.asajacyl.com\/palencia\/asaja-palencia-informa\/asaja-pide-calma-ante-la-peste-porcina-pero-reclama-un-plan-nacional-de-control-de-la-fauna-salvaje","name":"ASAJA pide calma ante la peste porcina, pero exige un plan nacional inmediato de control de la fauna salvaje - ASAJA Palencia","isPartOf":{"@id":"https:\/\/www.asajacyl.com\/palencia\/#website"},"primaryImageOfPage":{"@id":"https:\/\/www.asajacyl.com\/palencia\/asaja-palencia-informa\/asaja-pide-calma-ante-la-peste-porcina-pero-reclama-un-plan-nacional-de-control-de-la-fauna-salvaje#primaryimage"},"image":{"@id":"https:\/\/www.asajacyl.com\/palencia\/asaja-palencia-informa\/asaja-pide-calma-ante-la-peste-porcina-pero-reclama-un-plan-nacional-de-control-de-la-fauna-salvaje#primaryimage"},"thumbnailUrl":"https:\/\/www.asajacyl.com\/palencia\/wp-content\/uploads\/sites\/3\/2024\/04\/Jabali-por-el-campo.jpg","datePublished":"2025-12-04T11:51:17+00:00","dateModified":"2025-12-04T11:53:25+00:00","author":{"@id":"https:\/\/www.asajacyl.com\/palencia\/#\/schema\/person\/3ab17aeb03527485c317557fae64aab1"},"description":"ASAJA ha valorado la\u00a0r\u00e1pida detecci\u00f3n\u00a0de jabal\u00edes infectados por peste porcina africana (PPA) en la zona de Collserola (Barcelona), primer foco localizado","breadcrumb":{"@id":"https:\/\/www.asajacyl.com\/palencia\/asaja-palencia-informa\/asaja-pide-calma-ante-la-peste-porcina-pero-reclama-un-plan-nacional-de-control-de-la-fauna-salvaje#breadcrumb"},"inLanguage":"es","potentialAction":[{"@type":"ReadAction","target":["https:\/\/www.asajacyl.com\/palencia\/asaja-palencia-informa\/asaja-pide-calma-ante-la-peste-porcina-pero-reclama-un-plan-nacional-de-control-de-la-fauna-salvaje"]}]},{"@type":"ImageObject","inLanguage":"es","@id":"https:\/\/www.asajacyl.com\/palencia\/asaja-palencia-informa\/asaja-pide-calma-ante-la-peste-porcina-pero-reclama-un-plan-nacional-de-control-de-la-fauna-salvaje#primaryimage","url":"https:\/\/www.asajacyl.com\/palencia\/wp-content\/uploads\/sites\/3\/2024\/04\/Jabali-por-el-campo.jpg","contentUrl":"https:\/\/www.asajacyl.com\/palencia\/wp-content\/uploads\/sites\/3\/2024\/04\/Jabali-por-el-campo.jpg","width":1890,"height":1654},{"@type":"BreadcrumbList","@id":"https:\/\/www.asajacyl.com\/palencia\/asaja-palencia-informa\/asaja-pide-calma-ante-la-peste-porcina-pero-reclama-un-plan-nacional-de-control-de-la-fauna-salvaje#breadcrumb","itemListElement":[{"@type":"ListItem","position":1,"name":"Portada","item":"https:\/\/www.asajacyl.com\/palencia\/"},{"@type":"ListItem","position":2,"name":"ASAJA pide calma ante la peste porcina, pero exige un plan nacional inmediato de control de la fauna salvaje"}]},{"@type":"WebSite","@id":"https:\/\/www.asajacyl.com\/palencia\/#website","url":"https:\/\/www.asajacyl.com\/palencia\/","name":"ASAJA Palencia","description":"Otro sitio m\u00e1s de Provincias ASAJA Castilla y Le\u00f3n","potentialAction":[{"@type":"SearchAction","target":{"@type":"EntryPoint","urlTemplate":"https:\/\/www.asajacyl.com\/palencia\/?s={search_term_string}"},"query-input":{"@type":"PropertyValueSpecification","valueRequired":true,"valueName":"search_term_string"}}],"inLanguage":"es"},{"@type":"Person","@id":"https:\/\/www.asajacyl.com\/palencia\/#\/schema\/person\/3ab17aeb03527485c317557fae64aab1","name":"Administrador","image":{"@type":"ImageObject","inLanguage":"es","@id":"https:\/\/www.asajacyl.com\/palencia\/#\/schema\/person\/image\/","url":"https:\/\/secure.gravatar.com\/avatar\/517384810d242ca9e38c180f3c9fb973?s=96&d=mm&r=g","contentUrl":"https:\/\/secure.gravatar.com\/avatar\/517384810d242ca9e38c180f3c9fb973?s=96&d=mm&r=g","caption":"Administrador"},"url":"https:\/\/www.asajacyl.com\/palencia\/author\/carlosrm"}]}},"_links":{"self":[{"href":"https:\/\/www.asajacyl.com\/palencia\/wp-json\/wp\/v2\/posts\/21690"}],"collection":[{"href":"https:\/\/www.asajacyl.com\/palencia\/wp-json\/wp\/v2\/posts"}],"about":[{"href":"https:\/\/www.asajacyl.com\/palencia\/wp-json\/wp\/v2\/types\/post"}],"author":[{"embeddable":true,"href":"https:\/\/www.asajacyl.com\/palencia\/wp-json\/wp\/v2\/users\/9"}],"replies":[{"embeddable":true,"href":"https:\/\/www.asajacyl.com\/palencia\/wp-json\/wp\/v2\/comments?post=21690"}],"version-history":[{"count":7,"href":"https:\/\/www.asajacyl.com\/palencia\/wp-json\/wp\/v2\/posts\/21690\/revisions"}],"predecessor-version":[{"id":21700,"href":"https:\/\/www.asajacyl.com\/palencia\/wp-json\/wp\/v2\/posts\/21690\/revisions\/21700"}],"wp:featuredmedia":[{"embeddable":true,"href":"https:\/\/www.asajacyl.com\/palencia\/wp-json\/wp\/v2\/media\/16089"}],"wp:attachment":[{"href":"https:\/\/www.asajacyl.com\/palencia\/wp-json\/wp\/v2\/media?parent=21690"}],"wp:term":[{"taxonomy":"category","embeddable":true,"href":"https:\/\/www.asajacyl.com\/palencia\/wp-json\/wp\/v2\/categories?post=21690"},{"taxonomy":"post_tag","embeddable":true,"href":"https:\/\/www.asajacyl.com\/palencia\/wp-json\/wp\/v2\/tags?post=21690"}],"curies":[{"name":"wp","href":"https:\/\/api.w.org\/{rel}","templated":true}]}}