{"id":21701,"date":"2025-12-04T14:12:31","date_gmt":"2025-12-04T13:12:31","guid":{"rendered":"https:\/\/www.asajacyl.com\/palencia\/?p=21701"},"modified":"2025-12-04T14:12:33","modified_gmt":"2025-12-04T13:12:33","slug":"cervera-celebra-el-sabado-6-y-el-domingo-7-su-feria-de-ganado-extensivo-pero-sin-muestra-por-la-dermatosis","status":"publish","type":"post","link":"https:\/\/www.asajacyl.com\/palencia\/asaja-palencia-informa\/cervera-celebra-el-sabado-6-y-el-domingo-7-su-feria-de-ganado-extensivo-pero-sin-muestra-por-la-dermatosis","title":{"rendered":"Cervera celebra el s\u00e1bado 6 y el domingo 7 su feria de ganado extensivo, pero sin muestra por la dermatosis"},"content":{"rendered":"\n<h2 class=\"wp-block-heading\">Ante la obligatoria suspensi\u00f3n de la muestra ganadera, como medida preventiva de la dermatosis nodular contagiosa, Cervera de Pisuerga centrar\u00e1 esta sexta edici\u00f3n de su Feria de Ganado en Extensivo en los atractivos gastron\u00f3micos. La Plaza Mayor y la Plaza de los Jardinillos de la localidad palentina ser\u00e1n el centro de atracci\u00f3n de las actividades programadas para este s\u00e1bado 6 de diciembre \u2014D\u00eda de la Constituci\u00f3n\u2014 y el domingo 7. El car\u00e1cter no laborable de la jornada del s\u00e1bado, dentro de un largo fin de semana con la incorporaci\u00f3n del lunes, festividad de la Inmaculada Concepci\u00f3n, augura unas fechas de animaci\u00f3n en Cervera.<\/h2>\n\n\n\n<p>La feria est\u00e1 organizada por el Ayuntamiento de Cervera y el Centro de Iniciativas Tur\u00edsticas de la localidad, y cuenta con la colaboraci\u00f3n del Ministerio del Ministerio para la Transici\u00f3n Ecol\u00f3gica y el Reto Demogr\u00e1fico, la Junta de Castilla y Le\u00f3n, la Diputaci\u00f3n de Palencia, la cooperativa Agropal y la Marca de Garant\u00eda Carne de Cervera de Pisuerga y de la Monta\u00f1a Palentina.<\/p>\n\n\n\n<p>El programa, que puede consultarse en las im\u00e1genes adjuntas, incluye muestras, exposiciones, degustaciones, talleres, actuaciones musicales&#8230; Adem\u00e1s, durante ambos d\u00edas podr\u00e1n catarse elaboraciones especiales de la feria en el restaurante Pacho. Se echar\u00e1 en falta la animada muestra de ganado ovino, caprino, bovino y equino que suele acompa\u00f1ar a la feria y que, en esta ocasi\u00f3n, no se celebra para cumplir con las restricciones preventivas de la dermatosis nodular contagiosa.<\/p>\n\n\n\n<p><strong>PAPEL IMPORTANTE. <\/strong>Adem\u00e1s de animar a asistir a la feria, ASAJA-Palencia aprovecha este evento para recordar que siempre ha abogado por fortalecer y apoya a la ganader\u00eda extensiva en nuestra provincia, especialmente en determinadas zonas donde existe una larga tradici\u00f3n de este modelo de explotaci\u00f3n agraria.  <\/p>\n\n\n\n<p>La ganader\u00eda extensiva es un aliado contra la despoblaci\u00f3n rural y, si bien genera producciones menores, normalmente poseen m\u00e1s calidad nutricional y gastron\u00f3mica. Asimismo, no s\u00f3lo ayuda a mantener determinados ecosistemas (dehesas, pastizales&#8230;), sino que el abandono de este tipo de ganader\u00eda repercute en una peor conservaci\u00f3n del h\u00e1bitat, al acumularse vegetaci\u00f3n que favorece la propagaci\u00f3n de incendios, como lamentablemente ha podido comprobarse este a\u00f1o en amplias zonas de Espa\u00f1a.<strong>\/<\/strong><\/p>\n\n\n<div class=\"wp-block-image\">\n<figure class=\"alignleft size-large is-resized\"><img loading=\"lazy\" decoding=\"async\" width=\"724\" height=\"1024\" src=\"https:\/\/www.asajacyl.com\/palencia\/wp-content\/uploads\/sites\/3\/2025\/12\/Feria-Cervera-724x1024.jpg\" alt=\"\" class=\"wp-image-21703\" style=\"width:498px;height:auto\" srcset=\"https:\/\/www.asajacyl.com\/palencia\/wp-content\/uploads\/sites\/3\/2025\/12\/Feria-Cervera-724x1024.jpg 724w, https:\/\/www.asajacyl.com\/palencia\/wp-content\/uploads\/sites\/3\/2025\/12\/Feria-Cervera-212x300.jpg 212w, https:\/\/www.asajacyl.com\/palencia\/wp-content\/uploads\/sites\/3\/2025\/12\/Feria-Cervera-768x1086.jpg 768w, https:\/\/www.asajacyl.com\/palencia\/wp-content\/uploads\/sites\/3\/2025\/12\/Feria-Cervera-1086x1536.jpg 1086w, https:\/\/www.asajacyl.com\/palencia\/wp-content\/uploads\/sites\/3\/2025\/12\/Feria-Cervera-297x420.jpg 297w, https:\/\/www.asajacyl.com\/palencia\/wp-content\/uploads\/sites\/3\/2025\/12\/Feria-Cervera-696x985.jpg 696w, https:\/\/www.asajacyl.com\/palencia\/wp-content\/uploads\/sites\/3\/2025\/12\/Feria-Cervera-1068x1511.jpg 1068w, https:\/\/www.asajacyl.com\/palencia\/wp-content\/uploads\/sites\/3\/2025\/12\/Feria-Cervera.jpg 1131w\" sizes=\"(max-width: 724px) 100vw, 724px\" \/><\/figure><\/div>\n\n<div class=\"wp-block-image\">\n<figure class=\"alignright size-large is-resized\"><img loading=\"lazy\" decoding=\"async\" width=\"724\" height=\"1024\" src=\"https:\/\/www.asajacyl.com\/palencia\/wp-content\/uploads\/sites\/3\/2025\/12\/Feria-Cervera-2-724x1024.jpg\" alt=\"\" class=\"wp-image-21704\" style=\"width:493px;height:auto\" srcset=\"https:\/\/www.asajacyl.com\/palencia\/wp-content\/uploads\/sites\/3\/2025\/12\/Feria-Cervera-2-724x1024.jpg 724w, https:\/\/www.asajacyl.com\/palencia\/wp-content\/uploads\/sites\/3\/2025\/12\/Feria-Cervera-2-212x300.jpg 212w, https:\/\/www.asajacyl.com\/palencia\/wp-content\/uploads\/sites\/3\/2025\/12\/Feria-Cervera-2-768x1086.jpg 768w, https:\/\/www.asajacyl.com\/palencia\/wp-content\/uploads\/sites\/3\/2025\/12\/Feria-Cervera-2-1086x1536.jpg 1086w, https:\/\/www.asajacyl.com\/palencia\/wp-content\/uploads\/sites\/3\/2025\/12\/Feria-Cervera-2-297x420.jpg 297w, https:\/\/www.asajacyl.com\/palencia\/wp-content\/uploads\/sites\/3\/2025\/12\/Feria-Cervera-2-696x985.jpg 696w, https:\/\/www.asajacyl.com\/palencia\/wp-content\/uploads\/sites\/3\/2025\/12\/Feria-Cervera-2-1068x1511.jpg 1068w, https:\/\/www.asajacyl.com\/palencia\/wp-content\/uploads\/sites\/3\/2025\/12\/Feria-Cervera-2.jpg 1131w\" sizes=\"(max-width: 724px) 100vw, 724px\" \/><\/figure><\/div>","protected":false},"excerpt":{"rendered":"<p>Ante la obligatoria suspensi\u00f3n de la muestra ganadera, como medida preventiva de la dermatosis nodular contagiosa, Cervera de Pisuerga centrar\u00e1 esta sexta edici\u00f3n de su Feria de Ganado en Extensivo en los atractivos gastron\u00f3micos. La Plaza Mayor y la Plaza de los Jardinillos de la localidad palentina ser\u00e1n el centro de atracci\u00f3n de las actividades [&hellip;]<\/p>\n","protected":false},"author":9,"featured_media":21710,"comment_status":"open","ping_status":"open","sticky":false,"template":"","format":"standard","meta":{"footnotes":""},"categories":[9,31,29,28,13],"tags":[478,1203,81,351,795,77,474,365,631,294],"yoast_head":"<!-- This site is optimized with the Yoast SEO plugin v24.5 - https:\/\/yoast.com\/wordpress\/plugins\/seo\/ -->\n<title>Cervera celebra el s\u00e1bado 6 y el domingo 7 su feria de ganado extensivo, pero sin muestra por la dermatosis - ASAJA Palencia<\/title>\n<meta name=\"description\" content=\"Ante la obligatoria suspensi\u00f3n de la muestra ganadera, como medida preventiva de la dermatosis nodular contagiosa, Cervera de Pisuerga centrar\u00e1 esta sexta\" \/>\n<meta name=\"robots\" content=\"index, follow, max-snippet:-1, max-image-preview:large, max-video-preview:-1\" \/>\n<link rel=\"canonical\" href=\"https:\/\/www.asajacyl.com\/palencia\/asaja-palencia-informa\/cervera-celebra-el-sabado-6-y-el-domingo-7-su-feria-de-ganado-extensivo-pero-sin-muestra-por-la-dermatosis\" \/>\n<meta property=\"og:locale\" content=\"es_ES\" \/>\n<meta property=\"og:type\" content=\"article\" \/>\n<meta property=\"og:title\" content=\"Cervera celebra el s\u00e1bado 6 y el domingo 7 su feria de ganado extensivo, pero sin muestra por la dermatosis - ASAJA Palencia\" \/>\n<meta property=\"og:description\" content=\"Ante la obligatoria suspensi\u00f3n de la muestra ganadera, como medida preventiva de la dermatosis nodular contagiosa, Cervera de Pisuerga centrar\u00e1 esta sexta\" \/>\n<meta property=\"og:url\" content=\"https:\/\/www.asajacyl.com\/palencia\/asaja-palencia-informa\/cervera-celebra-el-sabado-6-y-el-domingo-7-su-feria-de-ganado-extensivo-pero-sin-muestra-por-la-dermatosis\" \/>\n<meta property=\"og:site_name\" content=\"ASAJA Palencia\" \/>\n<meta property=\"article:published_time\" content=\"2025-12-04T13:12:31+00:00\" \/>\n<meta property=\"article:modified_time\" content=\"2025-12-04T13:12:33+00:00\" \/>\n<meta property=\"og:image\" content=\"https:\/\/www.asajacyl.com\/palencia\/wp-content\/uploads\/sites\/3\/2025\/12\/Feria-Cervera-web.jpg\" \/>\n\t<meta property=\"og:image:width\" content=\"1890\" \/>\n\t<meta property=\"og:image:height\" content=\"1654\" \/>\n\t<meta property=\"og:image:type\" content=\"image\/jpeg\" \/>\n<meta name=\"author\" content=\"Administrador\" \/>\n<meta name=\"twitter:card\" content=\"summary_large_image\" \/>\n<meta name=\"twitter:label1\" content=\"Escrito por\" \/>\n\t<meta name=\"twitter:data1\" content=\"Administrador\" \/>\n\t<meta name=\"twitter:label2\" content=\"Tiempo de lectura\" \/>\n\t<meta name=\"twitter:data2\" content=\"3 minutos\" \/>\n<script type=\"application\/ld+json\" class=\"yoast-schema-graph\">{\"@context\":\"https:\/\/schema.org\",\"@graph\":[{\"@type\":\"WebPage\",\"@id\":\"https:\/\/www.asajacyl.com\/palencia\/asaja-palencia-informa\/cervera-celebra-el-sabado-6-y-el-domingo-7-su-feria-de-ganado-extensivo-pero-sin-muestra-por-la-dermatosis\",\"url\":\"https:\/\/www.asajacyl.com\/palencia\/asaja-palencia-informa\/cervera-celebra-el-sabado-6-y-el-domingo-7-su-feria-de-ganado-extensivo-pero-sin-muestra-por-la-dermatosis\",\"name\":\"Cervera celebra el s\u00e1bado 6 y el domingo 7 su feria de ganado extensivo, pero sin muestra por la dermatosis - ASAJA Palencia\",\"isPartOf\":{\"@id\":\"https:\/\/www.asajacyl.com\/palencia\/#website\"},\"primaryImageOfPage\":{\"@id\":\"https:\/\/www.asajacyl.com\/palencia\/asaja-palencia-informa\/cervera-celebra-el-sabado-6-y-el-domingo-7-su-feria-de-ganado-extensivo-pero-sin-muestra-por-la-dermatosis#primaryimage\"},\"image\":{\"@id\":\"https:\/\/www.asajacyl.com\/palencia\/asaja-palencia-informa\/cervera-celebra-el-sabado-6-y-el-domingo-7-su-feria-de-ganado-extensivo-pero-sin-muestra-por-la-dermatosis#primaryimage\"},\"thumbnailUrl\":\"https:\/\/www.asajacyl.com\/palencia\/wp-content\/uploads\/sites\/3\/2025\/12\/Feria-Cervera-web.jpg\",\"datePublished\":\"2025-12-04T13:12:31+00:00\",\"dateModified\":\"2025-12-04T13:12:33+00:00\",\"author\":{\"@id\":\"https:\/\/www.asajacyl.com\/palencia\/#\/schema\/person\/3ab17aeb03527485c317557fae64aab1\"},\"description\":\"Ante la obligatoria suspensi\u00f3n de la muestra ganadera, como medida preventiva de la dermatosis nodular contagiosa, Cervera de Pisuerga centrar\u00e1 esta sexta\",\"breadcrumb\":{\"@id\":\"https:\/\/www.asajacyl.com\/palencia\/asaja-palencia-informa\/cervera-celebra-el-sabado-6-y-el-domingo-7-su-feria-de-ganado-extensivo-pero-sin-muestra-por-la-dermatosis#breadcrumb\"},\"inLanguage\":\"es\",\"potentialAction\":[{\"@type\":\"ReadAction\",\"target\":[\"https:\/\/www.asajacyl.com\/palencia\/asaja-palencia-informa\/cervera-celebra-el-sabado-6-y-el-domingo-7-su-feria-de-ganado-extensivo-pero-sin-muestra-por-la-dermatosis\"]}]},{\"@type\":\"ImageObject\",\"inLanguage\":\"es\",\"@id\":\"https:\/\/www.asajacyl.com\/palencia\/asaja-palencia-informa\/cervera-celebra-el-sabado-6-y-el-domingo-7-su-feria-de-ganado-extensivo-pero-sin-muestra-por-la-dermatosis#primaryimage\",\"url\":\"https:\/\/www.asajacyl.com\/palencia\/wp-content\/uploads\/sites\/3\/2025\/12\/Feria-Cervera-web.jpg\",\"contentUrl\":\"https:\/\/www.asajacyl.com\/palencia\/wp-content\/uploads\/sites\/3\/2025\/12\/Feria-Cervera-web.jpg\",\"width\":1890,\"height\":1654},{\"@type\":\"BreadcrumbList\",\"@id\":\"https:\/\/www.asajacyl.com\/palencia\/asaja-palencia-informa\/cervera-celebra-el-sabado-6-y-el-domingo-7-su-feria-de-ganado-extensivo-pero-sin-muestra-por-la-dermatosis#breadcrumb\",\"itemListElement\":[{\"@type\":\"ListItem\",\"position\":1,\"name\":\"Portada\",\"item\":\"https:\/\/www.asajacyl.com\/palencia\/\"},{\"@type\":\"ListItem\",\"position\":2,\"name\":\"Cervera celebra el s\u00e1bado 6 y el domingo 7 su feria de ganado extensivo, pero sin muestra por la dermatosis\"}]},{\"@type\":\"WebSite\",\"@id\":\"https:\/\/www.asajacyl.com\/palencia\/#website\",\"url\":\"https:\/\/www.asajacyl.com\/palencia\/\",\"name\":\"ASAJA Palencia\",\"description\":\"Otro sitio m\u00e1s de Provincias ASAJA Castilla y Le\u00f3n\",\"potentialAction\":[{\"@type\":\"SearchAction\",\"target\":{\"@type\":\"EntryPoint\",\"urlTemplate\":\"https:\/\/www.asajacyl.com\/palencia\/?s={search_term_string}\"},\"query-input\":{\"@type\":\"PropertyValueSpecification\",\"valueRequired\":true,\"valueName\":\"search_term_string\"}}],\"inLanguage\":\"es\"},{\"@type\":\"Person\",\"@id\":\"https:\/\/www.asajacyl.com\/palencia\/#\/schema\/person\/3ab17aeb03527485c317557fae64aab1\",\"name\":\"Administrador\",\"image\":{\"@type\":\"ImageObject\",\"inLanguage\":\"es\",\"@id\":\"https:\/\/www.asajacyl.com\/palencia\/#\/schema\/person\/image\/\",\"url\":\"https:\/\/secure.gravatar.com\/avatar\/517384810d242ca9e38c180f3c9fb973?s=96&d=mm&r=g\",\"contentUrl\":\"https:\/\/secure.gravatar.com\/avatar\/517384810d242ca9e38c180f3c9fb973?s=96&d=mm&r=g\",\"caption\":\"Administrador\"},\"url\":\"https:\/\/www.asajacyl.com\/palencia\/author\/carlosrm\"}]}<\/script>\n<!-- \/ Yoast SEO plugin. -->","yoast_head_json":{"title":"Cervera celebra el s\u00e1bado 6 y el domingo 7 su feria de ganado extensivo, pero sin muestra por la dermatosis - ASAJA Palencia","description":"Ante la obligatoria suspensi\u00f3n de la muestra ganadera, como medida preventiva de la dermatosis nodular contagiosa, Cervera de Pisuerga centrar\u00e1 esta sexta","robots":{"index":"index","follow":"follow","max-snippet":"max-snippet:-1","max-image-preview":"max-image-preview:large","max-video-preview":"max-video-preview:-1"},"canonical":"https:\/\/www.asajacyl.com\/palencia\/asaja-palencia-informa\/cervera-celebra-el-sabado-6-y-el-domingo-7-su-feria-de-ganado-extensivo-pero-sin-muestra-por-la-dermatosis","og_locale":"es_ES","og_type":"article","og_title":"Cervera celebra el s\u00e1bado 6 y el domingo 7 su feria de ganado extensivo, pero sin muestra por la dermatosis - ASAJA Palencia","og_description":"Ante la obligatoria suspensi\u00f3n de la muestra ganadera, como medida preventiva de la dermatosis nodular contagiosa, Cervera de Pisuerga centrar\u00e1 esta sexta","og_url":"https:\/\/www.asajacyl.com\/palencia\/asaja-palencia-informa\/cervera-celebra-el-sabado-6-y-el-domingo-7-su-feria-de-ganado-extensivo-pero-sin-muestra-por-la-dermatosis","og_site_name":"ASAJA Palencia","article_published_time":"2025-12-04T13:12:31+00:00","article_modified_time":"2025-12-04T13:12:33+00:00","og_image":[{"width":1890,"height":1654,"url":"https:\/\/www.asajacyl.com\/palencia\/wp-content\/uploads\/sites\/3\/2025\/12\/Feria-Cervera-web.jpg","type":"image\/jpeg"}],"author":"Administrador","twitter_card":"summary_large_image","twitter_misc":{"Escrito por":"Administrador","Tiempo de lectura":"3 minutos"},"schema":{"@context":"https:\/\/schema.org","@graph":[{"@type":"WebPage","@id":"https:\/\/www.asajacyl.com\/palencia\/asaja-palencia-informa\/cervera-celebra-el-sabado-6-y-el-domingo-7-su-feria-de-ganado-extensivo-pero-sin-muestra-por-la-dermatosis","url":"https:\/\/www.asajacyl.com\/palencia\/asaja-palencia-informa\/cervera-celebra-el-sabado-6-y-el-domingo-7-su-feria-de-ganado-extensivo-pero-sin-muestra-por-la-dermatosis","name":"Cervera celebra el s\u00e1bado 6 y el domingo 7 su feria de ganado extensivo, pero sin muestra por la dermatosis - ASAJA Palencia","isPartOf":{"@id":"https:\/\/www.asajacyl.com\/palencia\/#website"},"primaryImageOfPage":{"@id":"https:\/\/www.asajacyl.com\/palencia\/asaja-palencia-informa\/cervera-celebra-el-sabado-6-y-el-domingo-7-su-feria-de-ganado-extensivo-pero-sin-muestra-por-la-dermatosis#primaryimage"},"image":{"@id":"https:\/\/www.asajacyl.com\/palencia\/asaja-palencia-informa\/cervera-celebra-el-sabado-6-y-el-domingo-7-su-feria-de-ganado-extensivo-pero-sin-muestra-por-la-dermatosis#primaryimage"},"thumbnailUrl":"https:\/\/www.asajacyl.com\/palencia\/wp-content\/uploads\/sites\/3\/2025\/12\/Feria-Cervera-web.jpg","datePublished":"2025-12-04T13:12:31+00:00","dateModified":"2025-12-04T13:12:33+00:00","author":{"@id":"https:\/\/www.asajacyl.com\/palencia\/#\/schema\/person\/3ab17aeb03527485c317557fae64aab1"},"description":"Ante la obligatoria suspensi\u00f3n de la muestra ganadera, como medida preventiva de la dermatosis nodular contagiosa, Cervera de Pisuerga centrar\u00e1 esta sexta","breadcrumb":{"@id":"https:\/\/www.asajacyl.com\/palencia\/asaja-palencia-informa\/cervera-celebra-el-sabado-6-y-el-domingo-7-su-feria-de-ganado-extensivo-pero-sin-muestra-por-la-dermatosis#breadcrumb"},"inLanguage":"es","potentialAction":[{"@type":"ReadAction","target":["https:\/\/www.asajacyl.com\/palencia\/asaja-palencia-informa\/cervera-celebra-el-sabado-6-y-el-domingo-7-su-feria-de-ganado-extensivo-pero-sin-muestra-por-la-dermatosis"]}]},{"@type":"ImageObject","inLanguage":"es","@id":"https:\/\/www.asajacyl.com\/palencia\/asaja-palencia-informa\/cervera-celebra-el-sabado-6-y-el-domingo-7-su-feria-de-ganado-extensivo-pero-sin-muestra-por-la-dermatosis#primaryimage","url":"https:\/\/www.asajacyl.com\/palencia\/wp-content\/uploads\/sites\/3\/2025\/12\/Feria-Cervera-web.jpg","contentUrl":"https:\/\/www.asajacyl.com\/palencia\/wp-content\/uploads\/sites\/3\/2025\/12\/Feria-Cervera-web.jpg","width":1890,"height":1654},{"@type":"BreadcrumbList","@id":"https:\/\/www.asajacyl.com\/palencia\/asaja-palencia-informa\/cervera-celebra-el-sabado-6-y-el-domingo-7-su-feria-de-ganado-extensivo-pero-sin-muestra-por-la-dermatosis#breadcrumb","itemListElement":[{"@type":"ListItem","position":1,"name":"Portada","item":"https:\/\/www.asajacyl.com\/palencia\/"},{"@type":"ListItem","position":2,"name":"Cervera celebra el s\u00e1bado 6 y el domingo 7 su feria de ganado extensivo, pero sin muestra por la dermatosis"}]},{"@type":"WebSite","@id":"https:\/\/www.asajacyl.com\/palencia\/#website","url":"https:\/\/www.asajacyl.com\/palencia\/","name":"ASAJA Palencia","description":"Otro sitio m\u00e1s de Provincias ASAJA Castilla y Le\u00f3n","potentialAction":[{"@type":"SearchAction","target":{"@type":"EntryPoint","urlTemplate":"https:\/\/www.asajacyl.com\/palencia\/?s={search_term_string}"},"query-input":{"@type":"PropertyValueSpecification","valueRequired":true,"valueName":"search_term_string"}}],"inLanguage":"es"},{"@type":"Person","@id":"https:\/\/www.asajacyl.com\/palencia\/#\/schema\/person\/3ab17aeb03527485c317557fae64aab1","name":"Administrador","image":{"@type":"ImageObject","inLanguage":"es","@id":"https:\/\/www.asajacyl.com\/palencia\/#\/schema\/person\/image\/","url":"https:\/\/secure.gravatar.com\/avatar\/517384810d242ca9e38c180f3c9fb973?s=96&d=mm&r=g","contentUrl":"https:\/\/secure.gravatar.com\/avatar\/517384810d242ca9e38c180f3c9fb973?s=96&d=mm&r=g","caption":"Administrador"},"url":"https:\/\/www.asajacyl.com\/palencia\/author\/carlosrm"}]}},"_links":{"self":[{"href":"https:\/\/www.asajacyl.com\/palencia\/wp-json\/wp\/v2\/posts\/21701"}],"collection":[{"href":"https:\/\/www.asajacyl.com\/palencia\/wp-json\/wp\/v2\/posts"}],"about":[{"href":"https:\/\/www.asajacyl.com\/palencia\/wp-json\/wp\/v2\/types\/post"}],"author":[{"embeddable":true,"href":"https:\/\/www.asajacyl.com\/palencia\/wp-json\/wp\/v2\/users\/9"}],"replies":[{"embeddable":true,"href":"https:\/\/www.asajacyl.com\/palencia\/wp-json\/wp\/v2\/comments?post=21701"}],"version-history":[{"count":9,"href":"https:\/\/www.asajacyl.com\/palencia\/wp-json\/wp\/v2\/posts\/21701\/revisions"}],"predecessor-version":[{"id":21714,"href":"https:\/\/www.asajacyl.com\/palencia\/wp-json\/wp\/v2\/posts\/21701\/revisions\/21714"}],"wp:featuredmedia":[{"embeddable":true,"href":"https:\/\/www.asajacyl.com\/palencia\/wp-json\/wp\/v2\/media\/21710"}],"wp:attachment":[{"href":"https:\/\/www.asajacyl.com\/palencia\/wp-json\/wp\/v2\/media?parent=21701"}],"wp:term":[{"taxonomy":"category","embeddable":true,"href":"https:\/\/www.asajacyl.com\/palencia\/wp-json\/wp\/v2\/categories?post=21701"},{"taxonomy":"post_tag","embeddable":true,"href":"https:\/\/www.asajacyl.com\/palencia\/wp-json\/wp\/v2\/tags?post=21701"}],"curies":[{"name":"wp","href":"https:\/\/api.w.org\/{rel}","templated":true}]}}