{"id":21715,"date":"2025-12-05T13:38:54","date_gmt":"2025-12-05T12:38:54","guid":{"rendered":"https:\/\/www.asajacyl.com\/palencia\/?p=21715"},"modified":"2025-12-05T13:41:04","modified_gmt":"2025-12-05T12:41:04","slug":"villamartin-de-campos-acoge-del-6-de-diciembre-al-11-de-enero-la-cuarta-exposicion-de-miniaturas-agrarias","status":"publish","type":"post","link":"https:\/\/www.asajacyl.com\/palencia\/asaja-palencia-informa\/villamartin-de-campos-acoge-del-6-de-diciembre-al-11-de-enero-la-cuarta-exposicion-de-miniaturas-agrarias","title":{"rendered":"Villamart\u00edn de Campos acoge del 6 de diciembre al 11 de enero la cuarta exposici\u00f3n de miniaturas agrarias"},"content":{"rendered":"\n<h2 class=\"wp-block-heading\">Villamart\u00edn de Campos acoge desde este s\u00e1bado, 6 de diciembre, hasta el domingo 11 de enero de 2026 la cuarta edici\u00f3n de la Exposici\u00f3n de Miniaturas Agr\u00edcolas, que re\u00fane m\u00e1s de trescientas  maquetas a escala 1\/32 que recrean la vida del campo, con una especial atenci\u00f3n a las labores agroganaderas. Aqu\u00ed te contamos los horarios y los detalles de una muestra para todos los p\u00fablicos, que en pocas ediciones se ha convertido en una atractiva visita en estas semanas del tramo final del oto\u00f1o y el inicio del invierno, que ofrece una amena alternativa de ocio para este largo fin de semana de la Constituci\u00f3n y la Inmaculada, y para los fines de semana de las pr\u00f3ximas navidades.<\/h2>\n\n\n<div class=\"wp-block-image\">\n<figure class=\"alignright size-large is-resized\"><img loading=\"lazy\" decoding=\"async\" width=\"1024\" height=\"576\" src=\"https:\/\/www.asajacyl.com\/palencia\/wp-content\/uploads\/sites\/3\/2025\/12\/7a3635e5-76f6-4f36-9a9c-af52faac8e09-1024x576.jpeg\" alt=\"\" class=\"wp-image-21721\" style=\"width:556px;height:auto\" srcset=\"https:\/\/www.asajacyl.com\/palencia\/wp-content\/uploads\/sites\/3\/2025\/12\/7a3635e5-76f6-4f36-9a9c-af52faac8e09-1024x576.jpeg 1024w, https:\/\/www.asajacyl.com\/palencia\/wp-content\/uploads\/sites\/3\/2025\/12\/7a3635e5-76f6-4f36-9a9c-af52faac8e09-300x169.jpeg 300w, https:\/\/www.asajacyl.com\/palencia\/wp-content\/uploads\/sites\/3\/2025\/12\/7a3635e5-76f6-4f36-9a9c-af52faac8e09-768x432.jpeg 768w, https:\/\/www.asajacyl.com\/palencia\/wp-content\/uploads\/sites\/3\/2025\/12\/7a3635e5-76f6-4f36-9a9c-af52faac8e09-1536x864.jpeg 1536w, https:\/\/www.asajacyl.com\/palencia\/wp-content\/uploads\/sites\/3\/2025\/12\/7a3635e5-76f6-4f36-9a9c-af52faac8e09-747x420.jpeg 747w, https:\/\/www.asajacyl.com\/palencia\/wp-content\/uploads\/sites\/3\/2025\/12\/7a3635e5-76f6-4f36-9a9c-af52faac8e09-696x392.jpeg 696w, https:\/\/www.asajacyl.com\/palencia\/wp-content\/uploads\/sites\/3\/2025\/12\/7a3635e5-76f6-4f36-9a9c-af52faac8e09-1068x601.jpeg 1068w, https:\/\/www.asajacyl.com\/palencia\/wp-content\/uploads\/sites\/3\/2025\/12\/7a3635e5-76f6-4f36-9a9c-af52faac8e09-1920x1080.jpeg 1920w, https:\/\/www.asajacyl.com\/palencia\/wp-content\/uploads\/sites\/3\/2025\/12\/7a3635e5-76f6-4f36-9a9c-af52faac8e09.jpeg 2000w\" sizes=\"(max-width: 1024px) 100vw, 1024px\" \/><\/figure><\/div>\n\n\n<p>La localidad de Villamart\u00edn de Campos, en pleno coraz\u00f3n de la Tierra de Campos palentina, vuelve a convertirse durante algo m\u00e1s de un mes en foco de atracci\u00f3n no s\u00f3lo para los aficionados a las miniaturas agr\u00edcolas y ganaderas, sino para cualquier persona que puede disfrutar de unos sesenta y seis metros cuadrados de exposiciones curiosas que recrean a peque\u00f1a escala el mundo agrario.<\/p>\n\n\n<div class=\"wp-block-image\">\n<figure class=\"alignright size-large is-resized\"><img loading=\"lazy\" decoding=\"async\" width=\"1024\" height=\"576\" src=\"https:\/\/www.asajacyl.com\/palencia\/wp-content\/uploads\/sites\/3\/2025\/12\/e47c01de-7300-4591-89cc-30a20fcb55e2-1024x576.jpeg\" alt=\"\" class=\"wp-image-21722\" style=\"width:556px;height:auto\" srcset=\"https:\/\/www.asajacyl.com\/palencia\/wp-content\/uploads\/sites\/3\/2025\/12\/e47c01de-7300-4591-89cc-30a20fcb55e2-1024x576.jpeg 1024w, https:\/\/www.asajacyl.com\/palencia\/wp-content\/uploads\/sites\/3\/2025\/12\/e47c01de-7300-4591-89cc-30a20fcb55e2-300x169.jpeg 300w, https:\/\/www.asajacyl.com\/palencia\/wp-content\/uploads\/sites\/3\/2025\/12\/e47c01de-7300-4591-89cc-30a20fcb55e2-768x432.jpeg 768w, https:\/\/www.asajacyl.com\/palencia\/wp-content\/uploads\/sites\/3\/2025\/12\/e47c01de-7300-4591-89cc-30a20fcb55e2-1536x864.jpeg 1536w, https:\/\/www.asajacyl.com\/palencia\/wp-content\/uploads\/sites\/3\/2025\/12\/e47c01de-7300-4591-89cc-30a20fcb55e2-747x420.jpeg 747w, https:\/\/www.asajacyl.com\/palencia\/wp-content\/uploads\/sites\/3\/2025\/12\/e47c01de-7300-4591-89cc-30a20fcb55e2-696x392.jpeg 696w, https:\/\/www.asajacyl.com\/palencia\/wp-content\/uploads\/sites\/3\/2025\/12\/e47c01de-7300-4591-89cc-30a20fcb55e2-1068x601.jpeg 1068w, https:\/\/www.asajacyl.com\/palencia\/wp-content\/uploads\/sites\/3\/2025\/12\/e47c01de-7300-4591-89cc-30a20fcb55e2-1920x1080.jpeg 1920w, https:\/\/www.asajacyl.com\/palencia\/wp-content\/uploads\/sites\/3\/2025\/12\/e47c01de-7300-4591-89cc-30a20fcb55e2.jpeg 2000w\" sizes=\"(max-width: 1024px) 100vw, 1024px\" \/><\/figure><\/div>\n\n\n<p>La muestra, que se exhibe en la nave municipal de usos m\u00faltiples de Villamart\u00edn, es el fruto del trabajo apasionado de cuatro coleccionistas y maquetistas: Fran Garc\u00eda (@manoplas17), V\u00edctor Le\u00f3n (@agrovilla32), Carlos Mart\u00edn (@agrympresion3d) y Jorge Ib\u00e1\u00f1ez (@miniaturas_elfugas). Adem\u00e1s, cuentan con la colaboraci\u00f3n de los ayuntamientos de Villamart\u00edn de Campos y Grijota.<\/p>\n\n\n<div class=\"wp-block-image\">\n<figure class=\"alignright size-large is-resized\"><img loading=\"lazy\" decoding=\"async\" width=\"1024\" height=\"576\" src=\"https:\/\/www.asajacyl.com\/palencia\/wp-content\/uploads\/sites\/3\/2025\/12\/c9cde11a-b0e1-49db-863c-9bf409456cdd-1024x576.jpeg\" alt=\"\" class=\"wp-image-21723\" style=\"width:553px;height:auto\" srcset=\"https:\/\/www.asajacyl.com\/palencia\/wp-content\/uploads\/sites\/3\/2025\/12\/c9cde11a-b0e1-49db-863c-9bf409456cdd-1024x576.jpeg 1024w, https:\/\/www.asajacyl.com\/palencia\/wp-content\/uploads\/sites\/3\/2025\/12\/c9cde11a-b0e1-49db-863c-9bf409456cdd-300x169.jpeg 300w, https:\/\/www.asajacyl.com\/palencia\/wp-content\/uploads\/sites\/3\/2025\/12\/c9cde11a-b0e1-49db-863c-9bf409456cdd-768x432.jpeg 768w, https:\/\/www.asajacyl.com\/palencia\/wp-content\/uploads\/sites\/3\/2025\/12\/c9cde11a-b0e1-49db-863c-9bf409456cdd-1536x864.jpeg 1536w, https:\/\/www.asajacyl.com\/palencia\/wp-content\/uploads\/sites\/3\/2025\/12\/c9cde11a-b0e1-49db-863c-9bf409456cdd-747x420.jpeg 747w, https:\/\/www.asajacyl.com\/palencia\/wp-content\/uploads\/sites\/3\/2025\/12\/c9cde11a-b0e1-49db-863c-9bf409456cdd-696x392.jpeg 696w, https:\/\/www.asajacyl.com\/palencia\/wp-content\/uploads\/sites\/3\/2025\/12\/c9cde11a-b0e1-49db-863c-9bf409456cdd-1068x601.jpeg 1068w, https:\/\/www.asajacyl.com\/palencia\/wp-content\/uploads\/sites\/3\/2025\/12\/c9cde11a-b0e1-49db-863c-9bf409456cdd-1920x1080.jpeg 1920w, https:\/\/www.asajacyl.com\/palencia\/wp-content\/uploads\/sites\/3\/2025\/12\/c9cde11a-b0e1-49db-863c-9bf409456cdd.jpeg 2000w\" sizes=\"(max-width: 1024px) 100vw, 1024px\" \/><\/figure><\/div>\n\n\n<p><strong>AL DETALLE. <\/strong>Su trabajo en equipo ha logrado reunir m\u00e1s de trescientas maquetas, algunas originales, otras modificadas para ganar en realismo, y otras fabricadas expresamente con impresoras 3D. Gracias a ello, los visitantes pueden presenciar con detalle decenas de labores del campo, desde el arado a la cosecha y la siega, pasando por diversas fases de cultivos diversos (cereales, remolacha, girasol, plantas arom\u00e1ticas&#8230;) Asimismo, se ofrecen instalaciones ganaderas con diversidad de animales para completar un curioso panorama de nuestro mundo rural m\u00e1s vinculado con el sector primario.<\/p>\n\n\n\n<p>El horario abierto al p\u00fablico es el siguiente:<\/p>\n\n\n\n<ul>\n<li><strong>Viernes<\/strong>: 17:00-20:00 horas<\/li>\n\n\n\n<li><strong>S\u00e1bados y domingos: <\/strong>11:00-14:00 horas y 17:00-20:00 horas. <br>El <strong>lunes 8 de diciembre<\/strong>, al ser festivo, tambi\u00e9n abre con este mismo horario.<\/li>\n<\/ul>\n\n\n\n<p>No obstante, fuera de este horario, pueden contactar con los <span style=\"text-decoration: underline\">tel\u00e9fonos<\/span> que aparecen en el cartel para <span style=\"text-decoration: underline\">concertar visitas fuera de estos horarios<\/span>. <\/p>\n\n\n\n<p>Los organizadores <strong>sortear\u00e1n productos y regalos<\/strong>, gracias a una larga lista de colaboradores y patrocinadores de la exposici\u00f3n, entre los que se encuentra ASAJA-Palencia, que recomienda visitar esta curiosa exposici\u00f3n.<\/p>\n\n\n<div class=\"wp-block-image\">\n<figure class=\"aligncenter size-large is-resized\"><img loading=\"lazy\" decoding=\"async\" width=\"724\" height=\"1024\" src=\"https:\/\/www.asajacyl.com\/palencia\/wp-content\/uploads\/sites\/3\/2025\/12\/Cartel-724x1024.jpeg\" alt=\"\" class=\"wp-image-21718\" style=\"width:1054px;height:auto\" srcset=\"https:\/\/www.asajacyl.com\/palencia\/wp-content\/uploads\/sites\/3\/2025\/12\/Cartel-724x1024.jpeg 724w, https:\/\/www.asajacyl.com\/palencia\/wp-content\/uploads\/sites\/3\/2025\/12\/Cartel-212x300.jpeg 212w, https:\/\/www.asajacyl.com\/palencia\/wp-content\/uploads\/sites\/3\/2025\/12\/Cartel-768x1086.jpeg 768w, https:\/\/www.asajacyl.com\/palencia\/wp-content\/uploads\/sites\/3\/2025\/12\/Cartel-1086x1536.jpeg 1086w, https:\/\/www.asajacyl.com\/palencia\/wp-content\/uploads\/sites\/3\/2025\/12\/Cartel-297x420.jpeg 297w, https:\/\/www.asajacyl.com\/palencia\/wp-content\/uploads\/sites\/3\/2025\/12\/Cartel-696x985.jpeg 696w, https:\/\/www.asajacyl.com\/palencia\/wp-content\/uploads\/sites\/3\/2025\/12\/Cartel-1068x1511.jpeg 1068w, https:\/\/www.asajacyl.com\/palencia\/wp-content\/uploads\/sites\/3\/2025\/12\/Cartel.jpeg 1131w\" sizes=\"(max-width: 724px) 100vw, 724px\" \/><\/figure><\/div>\n\n\n<p><br><\/p>\n","protected":false},"excerpt":{"rendered":"<p>Villamart\u00edn de Campos acoge desde este s\u00e1bado, 6 de diciembre, hasta el domingo 11 de enero de 2026 la cuarta edici\u00f3n de la Exposici\u00f3n de Miniaturas Agr\u00edcolas, que re\u00fane m\u00e1s de trescientas maquetas a escala 1\/32 que recrean la vida del campo, con una especial atenci\u00f3n a las labores agroganaderas. Aqu\u00ed te contamos los horarios [&hellip;]<\/p>\n","protected":false},"author":9,"featured_media":21720,"comment_status":"open","ping_status":"open","sticky":false,"template":"","format":"standard","meta":{"footnotes":""},"categories":[9,31,29,28,13],"tags":[58,351,77,586,325],"yoast_head":"<!-- This site is optimized with the Yoast SEO plugin v24.5 - https:\/\/yoast.com\/wordpress\/plugins\/seo\/ -->\n<title>Villamart\u00edn de Campos acoge del 6 de diciembre al 11 de enero la cuarta exposici\u00f3n de miniaturas agrarias - ASAJA Palencia<\/title>\n<meta name=\"description\" content=\"Villamart\u00edn de Campos acoge desde este s\u00e1bado, 6 de diciembre, hasta el domingo 11 de enero de 2026 la cuarta edici\u00f3n de la Exposici\u00f3n de Miniaturas\" \/>\n<meta name=\"robots\" content=\"index, follow, max-snippet:-1, max-image-preview:large, max-video-preview:-1\" \/>\n<link rel=\"canonical\" href=\"https:\/\/www.asajacyl.com\/palencia\/asaja-palencia-informa\/villamartin-de-campos-acoge-del-6-de-diciembre-al-11-de-enero-la-cuarta-exposicion-de-miniaturas-agrarias\" \/>\n<meta property=\"og:locale\" content=\"es_ES\" \/>\n<meta property=\"og:type\" content=\"article\" \/>\n<meta property=\"og:title\" content=\"Villamart\u00edn de Campos acoge del 6 de diciembre al 11 de enero la cuarta exposici\u00f3n de miniaturas agrarias - ASAJA Palencia\" \/>\n<meta property=\"og:description\" content=\"Villamart\u00edn de Campos acoge desde este s\u00e1bado, 6 de diciembre, hasta el domingo 11 de enero de 2026 la cuarta edici\u00f3n de la Exposici\u00f3n de Miniaturas\" \/>\n<meta property=\"og:url\" content=\"https:\/\/www.asajacyl.com\/palencia\/asaja-palencia-informa\/villamartin-de-campos-acoge-del-6-de-diciembre-al-11-de-enero-la-cuarta-exposicion-de-miniaturas-agrarias\" \/>\n<meta property=\"og:site_name\" content=\"ASAJA Palencia\" \/>\n<meta property=\"article:published_time\" content=\"2025-12-05T12:38:54+00:00\" \/>\n<meta property=\"article:modified_time\" content=\"2025-12-05T12:41:04+00:00\" \/>\n<meta property=\"og:image\" content=\"https:\/\/www.asajacyl.com\/palencia\/wp-content\/uploads\/sites\/3\/2025\/12\/Cartel-web.jpg\" \/>\n\t<meta property=\"og:image:width\" content=\"1890\" \/>\n\t<meta property=\"og:image:height\" content=\"1654\" \/>\n\t<meta property=\"og:image:type\" content=\"image\/jpeg\" \/>\n<meta name=\"author\" content=\"Administrador\" \/>\n<meta name=\"twitter:card\" content=\"summary_large_image\" \/>\n<meta name=\"twitter:label1\" content=\"Escrito por\" \/>\n\t<meta name=\"twitter:data1\" content=\"Administrador\" \/>\n\t<meta name=\"twitter:label2\" content=\"Tiempo de lectura\" \/>\n\t<meta name=\"twitter:data2\" content=\"3 minutos\" \/>\n<script type=\"application\/ld+json\" class=\"yoast-schema-graph\">{\"@context\":\"https:\/\/schema.org\",\"@graph\":[{\"@type\":\"WebPage\",\"@id\":\"https:\/\/www.asajacyl.com\/palencia\/asaja-palencia-informa\/villamartin-de-campos-acoge-del-6-de-diciembre-al-11-de-enero-la-cuarta-exposicion-de-miniaturas-agrarias\",\"url\":\"https:\/\/www.asajacyl.com\/palencia\/asaja-palencia-informa\/villamartin-de-campos-acoge-del-6-de-diciembre-al-11-de-enero-la-cuarta-exposicion-de-miniaturas-agrarias\",\"name\":\"Villamart\u00edn de Campos acoge del 6 de diciembre al 11 de enero la cuarta exposici\u00f3n de miniaturas agrarias - ASAJA Palencia\",\"isPartOf\":{\"@id\":\"https:\/\/www.asajacyl.com\/palencia\/#website\"},\"primaryImageOfPage\":{\"@id\":\"https:\/\/www.asajacyl.com\/palencia\/asaja-palencia-informa\/villamartin-de-campos-acoge-del-6-de-diciembre-al-11-de-enero-la-cuarta-exposicion-de-miniaturas-agrarias#primaryimage\"},\"image\":{\"@id\":\"https:\/\/www.asajacyl.com\/palencia\/asaja-palencia-informa\/villamartin-de-campos-acoge-del-6-de-diciembre-al-11-de-enero-la-cuarta-exposicion-de-miniaturas-agrarias#primaryimage\"},\"thumbnailUrl\":\"https:\/\/www.asajacyl.com\/palencia\/wp-content\/uploads\/sites\/3\/2025\/12\/Cartel-web.jpg\",\"datePublished\":\"2025-12-05T12:38:54+00:00\",\"dateModified\":\"2025-12-05T12:41:04+00:00\",\"author\":{\"@id\":\"https:\/\/www.asajacyl.com\/palencia\/#\/schema\/person\/3ab17aeb03527485c317557fae64aab1\"},\"description\":\"Villamart\u00edn de Campos acoge desde este s\u00e1bado, 6 de diciembre, hasta el domingo 11 de enero de 2026 la cuarta edici\u00f3n de la Exposici\u00f3n de Miniaturas\",\"breadcrumb\":{\"@id\":\"https:\/\/www.asajacyl.com\/palencia\/asaja-palencia-informa\/villamartin-de-campos-acoge-del-6-de-diciembre-al-11-de-enero-la-cuarta-exposicion-de-miniaturas-agrarias#breadcrumb\"},\"inLanguage\":\"es\",\"potentialAction\":[{\"@type\":\"ReadAction\",\"target\":[\"https:\/\/www.asajacyl.com\/palencia\/asaja-palencia-informa\/villamartin-de-campos-acoge-del-6-de-diciembre-al-11-de-enero-la-cuarta-exposicion-de-miniaturas-agrarias\"]}]},{\"@type\":\"ImageObject\",\"inLanguage\":\"es\",\"@id\":\"https:\/\/www.asajacyl.com\/palencia\/asaja-palencia-informa\/villamartin-de-campos-acoge-del-6-de-diciembre-al-11-de-enero-la-cuarta-exposicion-de-miniaturas-agrarias#primaryimage\",\"url\":\"https:\/\/www.asajacyl.com\/palencia\/wp-content\/uploads\/sites\/3\/2025\/12\/Cartel-web.jpg\",\"contentUrl\":\"https:\/\/www.asajacyl.com\/palencia\/wp-content\/uploads\/sites\/3\/2025\/12\/Cartel-web.jpg\",\"width\":1890,\"height\":1654},{\"@type\":\"BreadcrumbList\",\"@id\":\"https:\/\/www.asajacyl.com\/palencia\/asaja-palencia-informa\/villamartin-de-campos-acoge-del-6-de-diciembre-al-11-de-enero-la-cuarta-exposicion-de-miniaturas-agrarias#breadcrumb\",\"itemListElement\":[{\"@type\":\"ListItem\",\"position\":1,\"name\":\"Portada\",\"item\":\"https:\/\/www.asajacyl.com\/palencia\/\"},{\"@type\":\"ListItem\",\"position\":2,\"name\":\"Villamart\u00edn de Campos acoge del 6 de diciembre al 11 de enero la cuarta exposici\u00f3n de miniaturas agrarias\"}]},{\"@type\":\"WebSite\",\"@id\":\"https:\/\/www.asajacyl.com\/palencia\/#website\",\"url\":\"https:\/\/www.asajacyl.com\/palencia\/\",\"name\":\"ASAJA Palencia\",\"description\":\"Otro sitio m\u00e1s de Provincias ASAJA Castilla y Le\u00f3n\",\"potentialAction\":[{\"@type\":\"SearchAction\",\"target\":{\"@type\":\"EntryPoint\",\"urlTemplate\":\"https:\/\/www.asajacyl.com\/palencia\/?s={search_term_string}\"},\"query-input\":{\"@type\":\"PropertyValueSpecification\",\"valueRequired\":true,\"valueName\":\"search_term_string\"}}],\"inLanguage\":\"es\"},{\"@type\":\"Person\",\"@id\":\"https:\/\/www.asajacyl.com\/palencia\/#\/schema\/person\/3ab17aeb03527485c317557fae64aab1\",\"name\":\"Administrador\",\"image\":{\"@type\":\"ImageObject\",\"inLanguage\":\"es\",\"@id\":\"https:\/\/www.asajacyl.com\/palencia\/#\/schema\/person\/image\/\",\"url\":\"https:\/\/secure.gravatar.com\/avatar\/517384810d242ca9e38c180f3c9fb973?s=96&d=mm&r=g\",\"contentUrl\":\"https:\/\/secure.gravatar.com\/avatar\/517384810d242ca9e38c180f3c9fb973?s=96&d=mm&r=g\",\"caption\":\"Administrador\"},\"url\":\"https:\/\/www.asajacyl.com\/palencia\/author\/carlosrm\"}]}<\/script>\n<!-- \/ Yoast SEO plugin. -->","yoast_head_json":{"title":"Villamart\u00edn de Campos acoge del 6 de diciembre al 11 de enero la cuarta exposici\u00f3n de miniaturas agrarias - ASAJA Palencia","description":"Villamart\u00edn de Campos acoge desde este s\u00e1bado, 6 de diciembre, hasta el domingo 11 de enero de 2026 la cuarta edici\u00f3n de la Exposici\u00f3n de Miniaturas","robots":{"index":"index","follow":"follow","max-snippet":"max-snippet:-1","max-image-preview":"max-image-preview:large","max-video-preview":"max-video-preview:-1"},"canonical":"https:\/\/www.asajacyl.com\/palencia\/asaja-palencia-informa\/villamartin-de-campos-acoge-del-6-de-diciembre-al-11-de-enero-la-cuarta-exposicion-de-miniaturas-agrarias","og_locale":"es_ES","og_type":"article","og_title":"Villamart\u00edn de Campos acoge del 6 de diciembre al 11 de enero la cuarta exposici\u00f3n de miniaturas agrarias - ASAJA Palencia","og_description":"Villamart\u00edn de Campos acoge desde este s\u00e1bado, 6 de diciembre, hasta el domingo 11 de enero de 2026 la cuarta edici\u00f3n de la Exposici\u00f3n de Miniaturas","og_url":"https:\/\/www.asajacyl.com\/palencia\/asaja-palencia-informa\/villamartin-de-campos-acoge-del-6-de-diciembre-al-11-de-enero-la-cuarta-exposicion-de-miniaturas-agrarias","og_site_name":"ASAJA Palencia","article_published_time":"2025-12-05T12:38:54+00:00","article_modified_time":"2025-12-05T12:41:04+00:00","og_image":[{"width":1890,"height":1654,"url":"https:\/\/www.asajacyl.com\/palencia\/wp-content\/uploads\/sites\/3\/2025\/12\/Cartel-web.jpg","type":"image\/jpeg"}],"author":"Administrador","twitter_card":"summary_large_image","twitter_misc":{"Escrito por":"Administrador","Tiempo de lectura":"3 minutos"},"schema":{"@context":"https:\/\/schema.org","@graph":[{"@type":"WebPage","@id":"https:\/\/www.asajacyl.com\/palencia\/asaja-palencia-informa\/villamartin-de-campos-acoge-del-6-de-diciembre-al-11-de-enero-la-cuarta-exposicion-de-miniaturas-agrarias","url":"https:\/\/www.asajacyl.com\/palencia\/asaja-palencia-informa\/villamartin-de-campos-acoge-del-6-de-diciembre-al-11-de-enero-la-cuarta-exposicion-de-miniaturas-agrarias","name":"Villamart\u00edn de Campos acoge del 6 de diciembre al 11 de enero la cuarta exposici\u00f3n de miniaturas agrarias - ASAJA Palencia","isPartOf":{"@id":"https:\/\/www.asajacyl.com\/palencia\/#website"},"primaryImageOfPage":{"@id":"https:\/\/www.asajacyl.com\/palencia\/asaja-palencia-informa\/villamartin-de-campos-acoge-del-6-de-diciembre-al-11-de-enero-la-cuarta-exposicion-de-miniaturas-agrarias#primaryimage"},"image":{"@id":"https:\/\/www.asajacyl.com\/palencia\/asaja-palencia-informa\/villamartin-de-campos-acoge-del-6-de-diciembre-al-11-de-enero-la-cuarta-exposicion-de-miniaturas-agrarias#primaryimage"},"thumbnailUrl":"https:\/\/www.asajacyl.com\/palencia\/wp-content\/uploads\/sites\/3\/2025\/12\/Cartel-web.jpg","datePublished":"2025-12-05T12:38:54+00:00","dateModified":"2025-12-05T12:41:04+00:00","author":{"@id":"https:\/\/www.asajacyl.com\/palencia\/#\/schema\/person\/3ab17aeb03527485c317557fae64aab1"},"description":"Villamart\u00edn de Campos acoge desde este s\u00e1bado, 6 de diciembre, hasta el domingo 11 de enero de 2026 la cuarta edici\u00f3n de la Exposici\u00f3n de Miniaturas","breadcrumb":{"@id":"https:\/\/www.asajacyl.com\/palencia\/asaja-palencia-informa\/villamartin-de-campos-acoge-del-6-de-diciembre-al-11-de-enero-la-cuarta-exposicion-de-miniaturas-agrarias#breadcrumb"},"inLanguage":"es","potentialAction":[{"@type":"ReadAction","target":["https:\/\/www.asajacyl.com\/palencia\/asaja-palencia-informa\/villamartin-de-campos-acoge-del-6-de-diciembre-al-11-de-enero-la-cuarta-exposicion-de-miniaturas-agrarias"]}]},{"@type":"ImageObject","inLanguage":"es","@id":"https:\/\/www.asajacyl.com\/palencia\/asaja-palencia-informa\/villamartin-de-campos-acoge-del-6-de-diciembre-al-11-de-enero-la-cuarta-exposicion-de-miniaturas-agrarias#primaryimage","url":"https:\/\/www.asajacyl.com\/palencia\/wp-content\/uploads\/sites\/3\/2025\/12\/Cartel-web.jpg","contentUrl":"https:\/\/www.asajacyl.com\/palencia\/wp-content\/uploads\/sites\/3\/2025\/12\/Cartel-web.jpg","width":1890,"height":1654},{"@type":"BreadcrumbList","@id":"https:\/\/www.asajacyl.com\/palencia\/asaja-palencia-informa\/villamartin-de-campos-acoge-del-6-de-diciembre-al-11-de-enero-la-cuarta-exposicion-de-miniaturas-agrarias#breadcrumb","itemListElement":[{"@type":"ListItem","position":1,"name":"Portada","item":"https:\/\/www.asajacyl.com\/palencia\/"},{"@type":"ListItem","position":2,"name":"Villamart\u00edn de Campos acoge del 6 de diciembre al 11 de enero la cuarta exposici\u00f3n de miniaturas agrarias"}]},{"@type":"WebSite","@id":"https:\/\/www.asajacyl.com\/palencia\/#website","url":"https:\/\/www.asajacyl.com\/palencia\/","name":"ASAJA Palencia","description":"Otro sitio m\u00e1s de Provincias ASAJA Castilla y Le\u00f3n","potentialAction":[{"@type":"SearchAction","target":{"@type":"EntryPoint","urlTemplate":"https:\/\/www.asajacyl.com\/palencia\/?s={search_term_string}"},"query-input":{"@type":"PropertyValueSpecification","valueRequired":true,"valueName":"search_term_string"}}],"inLanguage":"es"},{"@type":"Person","@id":"https:\/\/www.asajacyl.com\/palencia\/#\/schema\/person\/3ab17aeb03527485c317557fae64aab1","name":"Administrador","image":{"@type":"ImageObject","inLanguage":"es","@id":"https:\/\/www.asajacyl.com\/palencia\/#\/schema\/person\/image\/","url":"https:\/\/secure.gravatar.com\/avatar\/517384810d242ca9e38c180f3c9fb973?s=96&d=mm&r=g","contentUrl":"https:\/\/secure.gravatar.com\/avatar\/517384810d242ca9e38c180f3c9fb973?s=96&d=mm&r=g","caption":"Administrador"},"url":"https:\/\/www.asajacyl.com\/palencia\/author\/carlosrm"}]}},"_links":{"self":[{"href":"https:\/\/www.asajacyl.com\/palencia\/wp-json\/wp\/v2\/posts\/21715"}],"collection":[{"href":"https:\/\/www.asajacyl.com\/palencia\/wp-json\/wp\/v2\/posts"}],"about":[{"href":"https:\/\/www.asajacyl.com\/palencia\/wp-json\/wp\/v2\/types\/post"}],"author":[{"embeddable":true,"href":"https:\/\/www.asajacyl.com\/palencia\/wp-json\/wp\/v2\/users\/9"}],"replies":[{"embeddable":true,"href":"https:\/\/www.asajacyl.com\/palencia\/wp-json\/wp\/v2\/comments?post=21715"}],"version-history":[{"count":4,"href":"https:\/\/www.asajacyl.com\/palencia\/wp-json\/wp\/v2\/posts\/21715\/revisions"}],"predecessor-version":[{"id":21727,"href":"https:\/\/www.asajacyl.com\/palencia\/wp-json\/wp\/v2\/posts\/21715\/revisions\/21727"}],"wp:featuredmedia":[{"embeddable":true,"href":"https:\/\/www.asajacyl.com\/palencia\/wp-json\/wp\/v2\/media\/21720"}],"wp:attachment":[{"href":"https:\/\/www.asajacyl.com\/palencia\/wp-json\/wp\/v2\/media?parent=21715"}],"wp:term":[{"taxonomy":"category","embeddable":true,"href":"https:\/\/www.asajacyl.com\/palencia\/wp-json\/wp\/v2\/categories?post=21715"},{"taxonomy":"post_tag","embeddable":true,"href":"https:\/\/www.asajacyl.com\/palencia\/wp-json\/wp\/v2\/tags?post=21715"}],"curies":[{"name":"wp","href":"https:\/\/api.w.org\/{rel}","templated":true}]}}