{"id":21736,"date":"2025-12-06T08:00:00","date_gmt":"2025-12-06T07:00:00","guid":{"rendered":"https:\/\/www.asajacyl.com\/palencia\/?p=21736"},"modified":"2025-12-05T19:42:34","modified_gmt":"2025-12-05T18:42:34","slug":"asaja-exige-al-gobierno-control-de-la-fauna-salvaje-y-activar-ayudas-al-ganadero-de-porcino-perjudicado","status":"publish","type":"post","link":"https:\/\/www.asajacyl.com\/palencia\/asaja-palencia-informa\/asaja-exige-al-gobierno-control-de-la-fauna-salvaje-y-activar-ayudas-al-ganadero-de-porcino-perjudicado","title":{"rendered":"ASAJA exige al Gobierno control de la fauna salvaje y activar ayudas al ganadero de porcino perjudicado"},"content":{"rendered":"\n<h2 class=\"wp-block-heading\">ASAJA particip\u00f3 activamente este viernes, 5 de diciembre, en una reuni\u00f3n clave celebrada con el ministro de Agricultura, Pesca y Alimentaci\u00f3n, Luis Planas, junto a las dem\u00e1s organizaciones profesionales representativas y a las cooperativas agroalimentarias, para abordar la cr\u00edtica situaci\u00f3n que atraviesa el sector porcino a ra\u00edz de detectarse la peste porcina africana (PPA) en jabal\u00edes de Catalu\u00f1a. Tras el encuentro, nuestra valoraci\u00f3n es clara: aunque ha habido avances en materia diplom\u00e1tica y financiera, el Ministerio sigue sin poner sobre la mesa la soluci\u00f3n al origen real del problema, que es la&nbsp;superpoblaci\u00f3n de fauna salvaje, cuyo control inminente ha exigido ASAJA en la reuni\u00f3n celebrada en el Ministerio.<\/h2>\n\n\n\n<p>El presidente de ASAJA-Catalu\u00f1a, Per\u00e9 Roque, y el secretario de Organizaci\u00f3n de ASAJA, Juan Jos\u00e9 \u00c1lvarez, han trasladado al ministro una postura firme. Aunque el Ministerio comprende la gravedad de la situaci\u00f3n, la organizaci\u00f3n echa en falta medidas ejecutivas inmediatas. \u00abNo han puesto encima de la mesa esas medidas que nosotros estamos exigiendo. La densidad de fauna salvaje que tenemos en este momento se tiene que bajar s\u00ed o s\u00ed\u00bb, han se\u00f1alado los representantes de nuestra organizaci\u00f3n a la salida de la reuni\u00f3n.<\/p>\n\n\n<div class=\"wp-block-image\">\n<figure class=\"alignright size-large is-resized\"><img loading=\"lazy\" decoding=\"async\" width=\"1024\" height=\"543\" src=\"https:\/\/www.asajacyl.com\/palencia\/wp-content\/uploads\/sites\/3\/2025\/12\/Reunion-porcino-web-5dic2025-c-MAPA-1024x543.jpg\" alt=\"\" class=\"wp-image-21741\" style=\"width:788px;height:auto\" srcset=\"https:\/\/www.asajacyl.com\/palencia\/wp-content\/uploads\/sites\/3\/2025\/12\/Reunion-porcino-web-5dic2025-c-MAPA-1024x543.jpg 1024w, https:\/\/www.asajacyl.com\/palencia\/wp-content\/uploads\/sites\/3\/2025\/12\/Reunion-porcino-web-5dic2025-c-MAPA-300x159.jpg 300w, https:\/\/www.asajacyl.com\/palencia\/wp-content\/uploads\/sites\/3\/2025\/12\/Reunion-porcino-web-5dic2025-c-MAPA-768x407.jpg 768w, https:\/\/www.asajacyl.com\/palencia\/wp-content\/uploads\/sites\/3\/2025\/12\/Reunion-porcino-web-5dic2025-c-MAPA-1536x814.jpg 1536w, https:\/\/www.asajacyl.com\/palencia\/wp-content\/uploads\/sites\/3\/2025\/12\/Reunion-porcino-web-5dic2025-c-MAPA-2048x1085.jpg 2048w, https:\/\/www.asajacyl.com\/palencia\/wp-content\/uploads\/sites\/3\/2025\/12\/Reunion-porcino-web-5dic2025-c-MAPA-792x420.jpg 792w, https:\/\/www.asajacyl.com\/palencia\/wp-content\/uploads\/sites\/3\/2025\/12\/Reunion-porcino-web-5dic2025-c-MAPA-696x369.jpg 696w, https:\/\/www.asajacyl.com\/palencia\/wp-content\/uploads\/sites\/3\/2025\/12\/Reunion-porcino-web-5dic2025-c-MAPA-1068x566.jpg 1068w, https:\/\/www.asajacyl.com\/palencia\/wp-content\/uploads\/sites\/3\/2025\/12\/Reunion-porcino-web-5dic2025-c-MAPA-1920x1018.jpg 1920w\" sizes=\"(max-width: 1024px) 100vw, 1024px\" \/><figcaption class=\"wp-element-caption\">Pere Roque y Juan Jos\u00e9 \u00c1lvarez, segundo y tercero por la derecha, durante la reuni\u00f3n celebrada este viernes en el Ministerio de Agricultura para abordar la situaci\u00f3n creada por los casos de peste porcina africana en jabal\u00edes de Barcelona. (Fotos del MINISTERIO DE AGRICULTURA, PESCA Y ALIMENTACI\u00d3N)<\/figcaption><\/figure><\/div>\n\n\n<p>Insistimos en que el sector porcino es la v\u00edctima, no el culpable. \u00abLa gente tiene que entender que esto no lo ha causado el sector; nos lo ha provocado el jabal\u00ed\u00bb, recalcaron, en alusi\u00f3n al foco detectado en la zona de Collserola (Barcelona) y la alta presencia de estos animales en todo el territorio nacional. <\/p>\n\n\n\n<p>Hasta la celebraci\u00f3n ayer de la reuni\u00f3n se hab\u00edan confirmado ya trece casos de PPA, todos ellos en jabal\u00edes localizados en un mismo \u00e1rea, dentro de un radio de seis kil\u00f3metros del foco inicial. Asimismo, se han analizado otros treinta y siete animales silvestres muertos en la zona y su entorno, todos con resultado negativo.<\/p>\n\n\n\n<p><strong>CONVIVENCIA INSOSTENIBLE. <\/strong>ASAJA ha defendido en la reuni\u00f3n la labor del sector cineg\u00e9tico y su bioseguridad, pero urge a la administraci\u00f3n central a facilitar en todo el pa\u00eds el control poblacional de la fauna salvaje, porque la convivencia con la ganader\u00eda se ha vuelto insostenible.<\/p>\n\n\n\n<p>En el plano econ\u00f3mico, la reuni\u00f3n ha arrojado m\u00e1s luz. El Ministerio se ha mostrado receptivo a la petici\u00f3n de ASAJA para la activaci\u00f3n de l\u00edneas de cr\u00e9dito a trav\u00e9s del&nbsp;Instituto de Cr\u00e9dito Oficial (ICO), similares a los cincuenta millones de euros activados por el ICF (Instituto Catal\u00e1n de Finanzas). Se espera una respuesta afirmativa pr\u00f3xima por parte del Gobierno de Espa\u00f1a sobre esta herramienta.<\/p>\n\n\n\n<p>Sin embargo, la mayor preocupaci\u00f3n de ASAJA se centra en las granjas ubicadas en el radio de veinte kil\u00f3metros de las zonas afectadas. La exigencia al ministro ha sido tajante:&nbsp;\u00abNinguna granja puede cerrar por falta de liquidaci\u00f3n\u00bb. Nuestra organizaci\u00f3n exige que los mataderos acepten la carne procedente de estas zonas, ya que es perfectamente apta para el consumo y venta; o que, en su defecto, se habiliten&nbsp;ayudas directas&nbsp;inmediatas. <\/p>\n\n\n\n<p>Europa tiene que ponerse las pilas. El porcino no recibe ayudas de la PAC, por lo que toda ayuda necesaria dentro de ese margen de veinte kil\u00f3metros tiene que ponerse sin ninguna duda.<\/p>\n\n\n\n<p><strong>DEFENSA REPUTACIONAL.<\/strong> El punto m\u00e1s positivo del encuentro fue el anuncio de que&nbsp;Corea del Sur ha aceptado las medidas de regionalizaci\u00f3n, un bal\u00f3n de ox\u00edgeno para las exportaciones, que confirma la confianza internacional en el sistema de control espa\u00f1ol.<\/p>\n\n\n\n<p>Finalmente, ASAJA ha querido lanzar un mensaje contundente a la sociedad frente a la campa\u00f1a de desprestigio que sufre el sector por parte de grupos animalistas. La carne de porcino espa\u00f1ola gana la Champions\u2019 cada a\u00f1o a nivel mundial en calidad y seguridad, seg\u00fan han se\u00f1alado los representantes de nuestra organizaci\u00f3n en la reuni\u00f3n.<\/p>\n\n\n\n<p>El sector porcino es un pilar fundamental para la supervivencia del mundo rural y la lucha contra la despoblaci\u00f3n. Si nos quedamos sin granjas de porcino, el agricultor no se va a quedar. Necesitamos ganader\u00eda para mantener la actividad agraria, porque la alimentaci\u00f3n del porcino da salida a importantes producciones agr\u00edcolas espa\u00f1olas.<\/p>\n\n\n\n<p>ASAJA se mantendr\u00e1 vigilante para asegurar que el compromiso del Ministerio de Agricultura se traduzca en hechos, especialmente en lo referente a la erradicaci\u00f3n del exceso de fauna salvaje y a la protecci\u00f3n econ\u00f3mica de los ganaderos afectados.<strong>\/<\/strong><\/p>\n","protected":false},"excerpt":{"rendered":"<p>ASAJA particip\u00f3 activamente este viernes, 5 de diciembre, en una reuni\u00f3n clave celebrada con el ministro de Agricultura, Pesca y Alimentaci\u00f3n, Luis Planas, junto a las dem\u00e1s organizaciones profesionales representativas y a las cooperativas agroalimentarias, para abordar la cr\u00edtica situaci\u00f3n que atraviesa el sector porcino a ra\u00edz de detectarse la peste porcina africana (PPA) en [&hellip;]<\/p>\n","protected":false},"author":9,"featured_media":21740,"comment_status":"open","ping_status":"open","sticky":false,"template":"","format":"standard","meta":{"footnotes":""},"categories":[9,38,29,28,13],"tags":[58,59,203,1674,351,270,77,110,1667,1665,571,317],"yoast_head":"<!-- This site is optimized with the Yoast SEO plugin v24.5 - https:\/\/yoast.com\/wordpress\/plugins\/seo\/ -->\n<title>ASAJA exige al Gobierno control de la fauna salvaje y activar ayudas al ganadero de porcino perjudicado - ASAJA Palencia<\/title>\n<meta name=\"description\" content=\"ASAJA particip\u00f3 activamente este viernes, 5 de diciembre, en una reuni\u00f3n clave celebrada con el ministro de Agricultura, Pesca y Alimentaci\u00f3n, Luis\" \/>\n<meta name=\"robots\" content=\"index, follow, max-snippet:-1, max-image-preview:large, max-video-preview:-1\" \/>\n<link rel=\"canonical\" href=\"https:\/\/www.asajacyl.com\/palencia\/asaja-palencia-informa\/asaja-exige-al-gobierno-control-de-la-fauna-salvaje-y-activar-ayudas-al-ganadero-de-porcino-perjudicado\" \/>\n<meta property=\"og:locale\" content=\"es_ES\" \/>\n<meta property=\"og:type\" content=\"article\" \/>\n<meta property=\"og:title\" content=\"ASAJA exige al Gobierno control de la fauna salvaje y activar ayudas al ganadero de porcino perjudicado - ASAJA Palencia\" \/>\n<meta property=\"og:description\" content=\"ASAJA particip\u00f3 activamente este viernes, 5 de diciembre, en una reuni\u00f3n clave celebrada con el ministro de Agricultura, Pesca y Alimentaci\u00f3n, Luis\" \/>\n<meta property=\"og:url\" content=\"https:\/\/www.asajacyl.com\/palencia\/asaja-palencia-informa\/asaja-exige-al-gobierno-control-de-la-fauna-salvaje-y-activar-ayudas-al-ganadero-de-porcino-perjudicado\" \/>\n<meta property=\"og:site_name\" content=\"ASAJA Palencia\" \/>\n<meta property=\"article:published_time\" content=\"2025-12-06T07:00:00+00:00\" \/>\n<meta property=\"og:image\" content=\"https:\/\/www.asajacyl.com\/palencia\/wp-content\/uploads\/sites\/3\/2025\/12\/Reunion2-web-porcino-5dic2025-c-MAPA-1024x896.jpg\" \/>\n\t<meta property=\"og:image:width\" content=\"1024\" \/>\n\t<meta property=\"og:image:height\" content=\"896\" \/>\n\t<meta property=\"og:image:type\" content=\"image\/jpeg\" \/>\n<meta name=\"author\" content=\"Administrador\" \/>\n<meta name=\"twitter:card\" content=\"summary_large_image\" \/>\n<meta name=\"twitter:label1\" content=\"Escrito por\" \/>\n\t<meta name=\"twitter:data1\" content=\"Administrador\" \/>\n\t<meta name=\"twitter:label2\" content=\"Tiempo de lectura\" \/>\n\t<meta name=\"twitter:data2\" content=\"4 minutos\" \/>\n<script type=\"application\/ld+json\" class=\"yoast-schema-graph\">{\"@context\":\"https:\/\/schema.org\",\"@graph\":[{\"@type\":\"WebPage\",\"@id\":\"https:\/\/www.asajacyl.com\/palencia\/asaja-palencia-informa\/asaja-exige-al-gobierno-control-de-la-fauna-salvaje-y-activar-ayudas-al-ganadero-de-porcino-perjudicado\",\"url\":\"https:\/\/www.asajacyl.com\/palencia\/asaja-palencia-informa\/asaja-exige-al-gobierno-control-de-la-fauna-salvaje-y-activar-ayudas-al-ganadero-de-porcino-perjudicado\",\"name\":\"ASAJA exige al Gobierno control de la fauna salvaje y activar ayudas al ganadero de porcino perjudicado - ASAJA Palencia\",\"isPartOf\":{\"@id\":\"https:\/\/www.asajacyl.com\/palencia\/#website\"},\"primaryImageOfPage\":{\"@id\":\"https:\/\/www.asajacyl.com\/palencia\/asaja-palencia-informa\/asaja-exige-al-gobierno-control-de-la-fauna-salvaje-y-activar-ayudas-al-ganadero-de-porcino-perjudicado#primaryimage\"},\"image\":{\"@id\":\"https:\/\/www.asajacyl.com\/palencia\/asaja-palencia-informa\/asaja-exige-al-gobierno-control-de-la-fauna-salvaje-y-activar-ayudas-al-ganadero-de-porcino-perjudicado#primaryimage\"},\"thumbnailUrl\":\"https:\/\/www.asajacyl.com\/palencia\/wp-content\/uploads\/sites\/3\/2025\/12\/Reunion2-web-porcino-5dic2025-c-MAPA.jpg\",\"datePublished\":\"2025-12-06T07:00:00+00:00\",\"author\":{\"@id\":\"https:\/\/www.asajacyl.com\/palencia\/#\/schema\/person\/3ab17aeb03527485c317557fae64aab1\"},\"description\":\"ASAJA particip\u00f3 activamente este viernes, 5 de diciembre, en una reuni\u00f3n clave celebrada con el ministro de Agricultura, Pesca y Alimentaci\u00f3n, Luis\",\"breadcrumb\":{\"@id\":\"https:\/\/www.asajacyl.com\/palencia\/asaja-palencia-informa\/asaja-exige-al-gobierno-control-de-la-fauna-salvaje-y-activar-ayudas-al-ganadero-de-porcino-perjudicado#breadcrumb\"},\"inLanguage\":\"es\",\"potentialAction\":[{\"@type\":\"ReadAction\",\"target\":[\"https:\/\/www.asajacyl.com\/palencia\/asaja-palencia-informa\/asaja-exige-al-gobierno-control-de-la-fauna-salvaje-y-activar-ayudas-al-ganadero-de-porcino-perjudicado\"]}]},{\"@type\":\"ImageObject\",\"inLanguage\":\"es\",\"@id\":\"https:\/\/www.asajacyl.com\/palencia\/asaja-palencia-informa\/asaja-exige-al-gobierno-control-de-la-fauna-salvaje-y-activar-ayudas-al-ganadero-de-porcino-perjudicado#primaryimage\",\"url\":\"https:\/\/www.asajacyl.com\/palencia\/wp-content\/uploads\/sites\/3\/2025\/12\/Reunion2-web-porcino-5dic2025-c-MAPA.jpg\",\"contentUrl\":\"https:\/\/www.asajacyl.com\/palencia\/wp-content\/uploads\/sites\/3\/2025\/12\/Reunion2-web-porcino-5dic2025-c-MAPA.jpg\",\"width\":1890,\"height\":1654},{\"@type\":\"BreadcrumbList\",\"@id\":\"https:\/\/www.asajacyl.com\/palencia\/asaja-palencia-informa\/asaja-exige-al-gobierno-control-de-la-fauna-salvaje-y-activar-ayudas-al-ganadero-de-porcino-perjudicado#breadcrumb\",\"itemListElement\":[{\"@type\":\"ListItem\",\"position\":1,\"name\":\"Portada\",\"item\":\"https:\/\/www.asajacyl.com\/palencia\/\"},{\"@type\":\"ListItem\",\"position\":2,\"name\":\"ASAJA exige al Gobierno control de la fauna salvaje y activar ayudas al ganadero de porcino perjudicado\"}]},{\"@type\":\"WebSite\",\"@id\":\"https:\/\/www.asajacyl.com\/palencia\/#website\",\"url\":\"https:\/\/www.asajacyl.com\/palencia\/\",\"name\":\"ASAJA Palencia\",\"description\":\"Otro sitio m\u00e1s de Provincias ASAJA Castilla y Le\u00f3n\",\"potentialAction\":[{\"@type\":\"SearchAction\",\"target\":{\"@type\":\"EntryPoint\",\"urlTemplate\":\"https:\/\/www.asajacyl.com\/palencia\/?s={search_term_string}\"},\"query-input\":{\"@type\":\"PropertyValueSpecification\",\"valueRequired\":true,\"valueName\":\"search_term_string\"}}],\"inLanguage\":\"es\"},{\"@type\":\"Person\",\"@id\":\"https:\/\/www.asajacyl.com\/palencia\/#\/schema\/person\/3ab17aeb03527485c317557fae64aab1\",\"name\":\"Administrador\",\"image\":{\"@type\":\"ImageObject\",\"inLanguage\":\"es\",\"@id\":\"https:\/\/www.asajacyl.com\/palencia\/#\/schema\/person\/image\/\",\"url\":\"https:\/\/secure.gravatar.com\/avatar\/517384810d242ca9e38c180f3c9fb973?s=96&d=mm&r=g\",\"contentUrl\":\"https:\/\/secure.gravatar.com\/avatar\/517384810d242ca9e38c180f3c9fb973?s=96&d=mm&r=g\",\"caption\":\"Administrador\"},\"url\":\"https:\/\/www.asajacyl.com\/palencia\/author\/carlosrm\"}]}<\/script>\n<!-- \/ Yoast SEO plugin. -->","yoast_head_json":{"title":"ASAJA exige al Gobierno control de la fauna salvaje y activar ayudas al ganadero de porcino perjudicado - ASAJA Palencia","description":"ASAJA particip\u00f3 activamente este viernes, 5 de diciembre, en una reuni\u00f3n clave celebrada con el ministro de Agricultura, Pesca y Alimentaci\u00f3n, Luis","robots":{"index":"index","follow":"follow","max-snippet":"max-snippet:-1","max-image-preview":"max-image-preview:large","max-video-preview":"max-video-preview:-1"},"canonical":"https:\/\/www.asajacyl.com\/palencia\/asaja-palencia-informa\/asaja-exige-al-gobierno-control-de-la-fauna-salvaje-y-activar-ayudas-al-ganadero-de-porcino-perjudicado","og_locale":"es_ES","og_type":"article","og_title":"ASAJA exige al Gobierno control de la fauna salvaje y activar ayudas al ganadero de porcino perjudicado - ASAJA Palencia","og_description":"ASAJA particip\u00f3 activamente este viernes, 5 de diciembre, en una reuni\u00f3n clave celebrada con el ministro de Agricultura, Pesca y Alimentaci\u00f3n, Luis","og_url":"https:\/\/www.asajacyl.com\/palencia\/asaja-palencia-informa\/asaja-exige-al-gobierno-control-de-la-fauna-salvaje-y-activar-ayudas-al-ganadero-de-porcino-perjudicado","og_site_name":"ASAJA Palencia","article_published_time":"2025-12-06T07:00:00+00:00","og_image":[{"width":1024,"height":896,"url":"https:\/\/www.asajacyl.com\/palencia\/wp-content\/uploads\/sites\/3\/2025\/12\/Reunion2-web-porcino-5dic2025-c-MAPA-1024x896.jpg","type":"image\/jpeg"}],"author":"Administrador","twitter_card":"summary_large_image","twitter_misc":{"Escrito por":"Administrador","Tiempo de lectura":"4 minutos"},"schema":{"@context":"https:\/\/schema.org","@graph":[{"@type":"WebPage","@id":"https:\/\/www.asajacyl.com\/palencia\/asaja-palencia-informa\/asaja-exige-al-gobierno-control-de-la-fauna-salvaje-y-activar-ayudas-al-ganadero-de-porcino-perjudicado","url":"https:\/\/www.asajacyl.com\/palencia\/asaja-palencia-informa\/asaja-exige-al-gobierno-control-de-la-fauna-salvaje-y-activar-ayudas-al-ganadero-de-porcino-perjudicado","name":"ASAJA exige al Gobierno control de la fauna salvaje y activar ayudas al ganadero de porcino perjudicado - ASAJA Palencia","isPartOf":{"@id":"https:\/\/www.asajacyl.com\/palencia\/#website"},"primaryImageOfPage":{"@id":"https:\/\/www.asajacyl.com\/palencia\/asaja-palencia-informa\/asaja-exige-al-gobierno-control-de-la-fauna-salvaje-y-activar-ayudas-al-ganadero-de-porcino-perjudicado#primaryimage"},"image":{"@id":"https:\/\/www.asajacyl.com\/palencia\/asaja-palencia-informa\/asaja-exige-al-gobierno-control-de-la-fauna-salvaje-y-activar-ayudas-al-ganadero-de-porcino-perjudicado#primaryimage"},"thumbnailUrl":"https:\/\/www.asajacyl.com\/palencia\/wp-content\/uploads\/sites\/3\/2025\/12\/Reunion2-web-porcino-5dic2025-c-MAPA.jpg","datePublished":"2025-12-06T07:00:00+00:00","author":{"@id":"https:\/\/www.asajacyl.com\/palencia\/#\/schema\/person\/3ab17aeb03527485c317557fae64aab1"},"description":"ASAJA particip\u00f3 activamente este viernes, 5 de diciembre, en una reuni\u00f3n clave celebrada con el ministro de Agricultura, Pesca y Alimentaci\u00f3n, Luis","breadcrumb":{"@id":"https:\/\/www.asajacyl.com\/palencia\/asaja-palencia-informa\/asaja-exige-al-gobierno-control-de-la-fauna-salvaje-y-activar-ayudas-al-ganadero-de-porcino-perjudicado#breadcrumb"},"inLanguage":"es","potentialAction":[{"@type":"ReadAction","target":["https:\/\/www.asajacyl.com\/palencia\/asaja-palencia-informa\/asaja-exige-al-gobierno-control-de-la-fauna-salvaje-y-activar-ayudas-al-ganadero-de-porcino-perjudicado"]}]},{"@type":"ImageObject","inLanguage":"es","@id":"https:\/\/www.asajacyl.com\/palencia\/asaja-palencia-informa\/asaja-exige-al-gobierno-control-de-la-fauna-salvaje-y-activar-ayudas-al-ganadero-de-porcino-perjudicado#primaryimage","url":"https:\/\/www.asajacyl.com\/palencia\/wp-content\/uploads\/sites\/3\/2025\/12\/Reunion2-web-porcino-5dic2025-c-MAPA.jpg","contentUrl":"https:\/\/www.asajacyl.com\/palencia\/wp-content\/uploads\/sites\/3\/2025\/12\/Reunion2-web-porcino-5dic2025-c-MAPA.jpg","width":1890,"height":1654},{"@type":"BreadcrumbList","@id":"https:\/\/www.asajacyl.com\/palencia\/asaja-palencia-informa\/asaja-exige-al-gobierno-control-de-la-fauna-salvaje-y-activar-ayudas-al-ganadero-de-porcino-perjudicado#breadcrumb","itemListElement":[{"@type":"ListItem","position":1,"name":"Portada","item":"https:\/\/www.asajacyl.com\/palencia\/"},{"@type":"ListItem","position":2,"name":"ASAJA exige al Gobierno control de la fauna salvaje y activar ayudas al ganadero de porcino perjudicado"}]},{"@type":"WebSite","@id":"https:\/\/www.asajacyl.com\/palencia\/#website","url":"https:\/\/www.asajacyl.com\/palencia\/","name":"ASAJA Palencia","description":"Otro sitio m\u00e1s de Provincias ASAJA Castilla y Le\u00f3n","potentialAction":[{"@type":"SearchAction","target":{"@type":"EntryPoint","urlTemplate":"https:\/\/www.asajacyl.com\/palencia\/?s={search_term_string}"},"query-input":{"@type":"PropertyValueSpecification","valueRequired":true,"valueName":"search_term_string"}}],"inLanguage":"es"},{"@type":"Person","@id":"https:\/\/www.asajacyl.com\/palencia\/#\/schema\/person\/3ab17aeb03527485c317557fae64aab1","name":"Administrador","image":{"@type":"ImageObject","inLanguage":"es","@id":"https:\/\/www.asajacyl.com\/palencia\/#\/schema\/person\/image\/","url":"https:\/\/secure.gravatar.com\/avatar\/517384810d242ca9e38c180f3c9fb973?s=96&d=mm&r=g","contentUrl":"https:\/\/secure.gravatar.com\/avatar\/517384810d242ca9e38c180f3c9fb973?s=96&d=mm&r=g","caption":"Administrador"},"url":"https:\/\/www.asajacyl.com\/palencia\/author\/carlosrm"}]}},"_links":{"self":[{"href":"https:\/\/www.asajacyl.com\/palencia\/wp-json\/wp\/v2\/posts\/21736"}],"collection":[{"href":"https:\/\/www.asajacyl.com\/palencia\/wp-json\/wp\/v2\/posts"}],"about":[{"href":"https:\/\/www.asajacyl.com\/palencia\/wp-json\/wp\/v2\/types\/post"}],"author":[{"embeddable":true,"href":"https:\/\/www.asajacyl.com\/palencia\/wp-json\/wp\/v2\/users\/9"}],"replies":[{"embeddable":true,"href":"https:\/\/www.asajacyl.com\/palencia\/wp-json\/wp\/v2\/comments?post=21736"}],"version-history":[{"count":6,"href":"https:\/\/www.asajacyl.com\/palencia\/wp-json\/wp\/v2\/posts\/21736\/revisions"}],"predecessor-version":[{"id":21744,"href":"https:\/\/www.asajacyl.com\/palencia\/wp-json\/wp\/v2\/posts\/21736\/revisions\/21744"}],"wp:featuredmedia":[{"embeddable":true,"href":"https:\/\/www.asajacyl.com\/palencia\/wp-json\/wp\/v2\/media\/21740"}],"wp:attachment":[{"href":"https:\/\/www.asajacyl.com\/palencia\/wp-json\/wp\/v2\/media?parent=21736"}],"wp:term":[{"taxonomy":"category","embeddable":true,"href":"https:\/\/www.asajacyl.com\/palencia\/wp-json\/wp\/v2\/categories?post=21736"},{"taxonomy":"post_tag","embeddable":true,"href":"https:\/\/www.asajacyl.com\/palencia\/wp-json\/wp\/v2\/tags?post=21736"}],"curies":[{"name":"wp","href":"https:\/\/api.w.org\/{rel}","templated":true}]}}