{"id":21746,"date":"2025-12-08T08:00:00","date_gmt":"2025-12-08T07:00:00","guid":{"rendered":"https:\/\/www.asajacyl.com\/palencia\/?p=21746"},"modified":"2025-12-05T20:11:17","modified_gmt":"2025-12-05T19:11:17","slug":"peste-porcina-cuando-la-sanidad-animal-empieza-en-el-monte","status":"publish","type":"post","link":"https:\/\/www.asajacyl.com\/palencia\/asaja-palencia-informa\/peste-porcina-cuando-la-sanidad-animal-empieza-en-el-monte","title":{"rendered":"Cuando la sanidad animal empieza en el monte"},"content":{"rendered":"\n<h2 class=\"wp-block-heading\">PERE ROQU\u00c9 | Presidente de ASAJA-Catalu\u00f1a<\/h2>\n\n\n<div class=\"wp-block-image\">\n<figure class=\"alignright size-large is-resized\"><img loading=\"lazy\" decoding=\"async\" width=\"1024\" height=\"896\" src=\"https:\/\/www.asajacyl.com\/palencia\/wp-content\/uploads\/sites\/3\/2025\/12\/Pere-Roque-1024x896.jpg\" alt=\"\" class=\"wp-image-21747\" style=\"width:548px;height:auto\" srcset=\"https:\/\/www.asajacyl.com\/palencia\/wp-content\/uploads\/sites\/3\/2025\/12\/Pere-Roque-1024x896.jpg 1024w, https:\/\/www.asajacyl.com\/palencia\/wp-content\/uploads\/sites\/3\/2025\/12\/Pere-Roque-300x263.jpg 300w, https:\/\/www.asajacyl.com\/palencia\/wp-content\/uploads\/sites\/3\/2025\/12\/Pere-Roque-768x672.jpg 768w, https:\/\/www.asajacyl.com\/palencia\/wp-content\/uploads\/sites\/3\/2025\/12\/Pere-Roque-1536x1344.jpg 1536w, https:\/\/www.asajacyl.com\/palencia\/wp-content\/uploads\/sites\/3\/2025\/12\/Pere-Roque-480x420.jpg 480w, https:\/\/www.asajacyl.com\/palencia\/wp-content\/uploads\/sites\/3\/2025\/12\/Pere-Roque-696x609.jpg 696w, https:\/\/www.asajacyl.com\/palencia\/wp-content\/uploads\/sites\/3\/2025\/12\/Pere-Roque-1068x935.jpg 1068w, https:\/\/www.asajacyl.com\/palencia\/wp-content\/uploads\/sites\/3\/2025\/12\/Pere-Roque.jpg 1890w\" sizes=\"(max-width: 1024px) 100vw, 1024px\" \/><figcaption class=\"wp-element-caption\">Pere Roqu\u00e9, presidente de ASAJA-L\u00e9rida y de ASAJA-Catalu\u00f1a<\/figcaption><\/figure><\/div>\n\n\n<p>Lo primero, una precisi\u00f3n que conviene dejar clara: la peste porcina africana no afecta a los humanos ni convierte la carne en peligrosa, as\u00ed que no tiene sentido que caiga el consumo por miedo. El problema es sanitario y econ\u00f3mico para el sector, no de seguridad alimentaria.<\/p>\n\n\n\n<p>Treinta a\u00f1os despu\u00e9s de haberla dado por erradicada, Espa\u00f1a vuelve a tener el virus dentro de sus fronteras. De momento, <em>s\u00f3lo <\/em>en jabal\u00edes. Pero cualquiera que se dedique a la ganader\u00eda sabe leer el siguiente rengl\u00f3n: si la enfermedad salta a las granjas, la broma se convierte en tragedia. No hay tratamiento, no hay vacuna en el mercado y la mortalidad en cerdos y jabal\u00edes es pr\u00e1cticamente total. <\/p>\n\n\n\n<p>Este no es un texto para meter miedo al consumidor, sino un recordatorio inc\u00f3modo y una cr\u00edtica clara: hace a\u00f1os que desde el campo venimos avisando de la necesidad de controlar la fauna silvestre, y no se nos ha hecho caso. Sin ese control serio, todo el sistema de sanidad animal hace aguas.<\/p>\n\n\n\n<p><strong>EL JABAL\u00cd NO LEE EL BOE, PERO LLEVA VIRUS. <\/strong>Llevamos a\u00f1os <em>celebrando<\/em> \u2014con raz\u00f3n\u2014 la recuperaci\u00f3n de la fauna: m\u00e1s ciervos, m\u00e1s jabal\u00edes, m\u00e1s vida en el monte. El problema es que ese monte ya no est\u00e1 lejos: se pega a cultivos, carreteras, urbanizaciones y, por supuesto, granjas.<\/p>\n\n\n\n<p>El jabal\u00ed se reproduce r\u00e1pido, se adapta a todo y no distingue entre un encinar, un vertedero o la valla de una explotaci\u00f3n porcina. Desde hace a\u00f1os, los t\u00e9cnicos avisan: es un reservorio ideal para enfermedades como la PPA. El virus aguanta en sangre, carne y restos de comida. Un bocadillo de embutido tirado en una cuneta y un jabal\u00ed que lo come pueden ser suficientes para encender la mecha.<\/p>\n\n\n\n<p>Luego viene el manual conocido: cierre del parque, per\u00edmetro de seguridad, rastreo de cad\u00e1veres, desinfecciones, presencia de la UME. Y, al fondo, el verdadero miedo: que el virus salte de ese jabal\u00ed muerto al primer cerdo dom\u00e9stico.<\/p>\n\n\n\n<p><strong>FAUNA SILVESTRE, S\u00cd; PERO GESTIONADA.<\/strong> Cada vez que se habla de control de fauna, saltan las alarmas cuando controlar fauna, en serio, significa reducir densidades de jabal\u00ed donde el riesgo es m\u00e1s alto; retirar y analizar los cad\u00e1veres para que no sean almacenes de virus; limitar accesos en las zonas afectadas; reforzar la bioseguridad en las granjas del entorno.<\/p>\n\n\n\n<p>Hecho as\u00ed, tiene tres efectos claros: protege a los animales dom\u00e9sticos, evita que el virus se instale durante a\u00f1os en las poblaciones salvajes y defiende el empleo y la econom\u00eda del mundo rural.<\/p>\n\n\n\n<p>\u00bfHay riesgos? S\u00ed. Un control mal dise\u00f1ado puede convertirse en barra libre cineg\u00e9tica o en un destrozo ecol\u00f3gico. Por eso no puede improvisarse ni delegarse en ocurrencias. Tiene que estar guiado primero por agricultores y ganaderos, por veterinarios, t\u00e9cnicos del sector y datos, no por pulsos ideol\u00f3gicos.<\/p>\n\n\n\n<p>O tomamos el control, o lo tomar\u00e1 el virus. La alternativa no es una postal buc\u00f3lica de jabal\u00edes felices al atardecer. Es un virus circulando, animales sufriendo y un sector entero en vilo. Podemos seguir discutiendo si preferimos decir control, gesti\u00f3n o regulaci\u00f3n. Pero, al final, en sanidad animal mandan los hechos: o controlas tu fauna salvaje, o tu fauna salvaje acaba controlando tu destino. Porque la naturaleza no entiende de discursos. Entiende de equilibrios. Y ese equilibrio, nos guste o no, se llama control.<\/p>\n\n\n\n<blockquote class=\"wp-block-quote is-layout-flow wp-block-quote-is-layout-flow\">\n<p class=\"has-text-align-center\">\u00abCONTROLAR LA FAUNA SILVESTRE Tiene tres efectos claros: protege a los animales dom\u00e9sticos, evita que LOS virus se instaleN durante a\u00f1os en las poblaciones salvajes, y defiende el empleo y la econom\u00eda del mundo rural.\u00bb<\/p>\n<\/blockquote>\n","protected":false},"excerpt":{"rendered":"<p>PERE ROQU\u00c9 | Presidente de ASAJA-Catalu\u00f1a Lo primero, una precisi\u00f3n que conviene dejar clara: la peste porcina africana no afecta a los humanos ni convierte la carne en peligrosa, as\u00ed que no tiene sentido que caiga el consumo por miedo. El problema es sanitario y econ\u00f3mico para el sector, no de seguridad alimentaria. Treinta a\u00f1os [&hellip;]<\/p>\n","protected":false},"author":9,"featured_media":21747,"comment_status":"open","ping_status":"open","sticky":false,"template":"","format":"standard","meta":{"footnotes":""},"categories":[9,29,30,28],"tags":[58,133,1674,351,270,231,77,845,1667,1665,217],"yoast_head":"<!-- This site is optimized with the Yoast SEO plugin v24.5 - https:\/\/yoast.com\/wordpress\/plugins\/seo\/ -->\n<title>Cuando la sanidad animal empieza en el monte - ASAJA Palencia<\/title>\n<meta name=\"description\" content=\"PERE ROQU\u00c9 | Presidente de ASAJA-Catalu\u00f1a Pere Roqu\u00e9, presidente de ASAJA-L\u00e9rida y de ASAJA-Catalu\u00f1a Lo primero, una precisi\u00f3n que conviene dejar clara:\" \/>\n<meta name=\"robots\" content=\"index, follow, max-snippet:-1, max-image-preview:large, max-video-preview:-1\" \/>\n<link rel=\"canonical\" href=\"https:\/\/www.asajacyl.com\/palencia\/asaja-palencia-informa\/peste-porcina-cuando-la-sanidad-animal-empieza-en-el-monte\" \/>\n<meta property=\"og:locale\" content=\"es_ES\" \/>\n<meta property=\"og:type\" content=\"article\" \/>\n<meta property=\"og:title\" content=\"Cuando la sanidad animal empieza en el monte - ASAJA Palencia\" \/>\n<meta property=\"og:description\" content=\"PERE ROQU\u00c9 | Presidente de ASAJA-Catalu\u00f1a Pere Roqu\u00e9, presidente de ASAJA-L\u00e9rida y de ASAJA-Catalu\u00f1a Lo primero, una precisi\u00f3n que conviene dejar clara:\" \/>\n<meta property=\"og:url\" content=\"https:\/\/www.asajacyl.com\/palencia\/asaja-palencia-informa\/peste-porcina-cuando-la-sanidad-animal-empieza-en-el-monte\" \/>\n<meta property=\"og:site_name\" content=\"ASAJA Palencia\" \/>\n<meta property=\"article:published_time\" content=\"2025-12-08T07:00:00+00:00\" \/>\n<meta property=\"og:image\" content=\"https:\/\/www.asajacyl.com\/palencia\/wp-content\/uploads\/sites\/3\/2025\/12\/Pere-Roque-1024x896.jpg\" \/>\n\t<meta property=\"og:image:width\" content=\"1024\" \/>\n\t<meta property=\"og:image:height\" content=\"896\" \/>\n\t<meta property=\"og:image:type\" content=\"image\/jpeg\" \/>\n<meta name=\"author\" content=\"Administrador\" \/>\n<meta name=\"twitter:card\" content=\"summary_large_image\" \/>\n<meta name=\"twitter:label1\" content=\"Escrito por\" \/>\n\t<meta name=\"twitter:data1\" content=\"Administrador\" \/>\n\t<meta name=\"twitter:label2\" content=\"Tiempo de lectura\" \/>\n\t<meta name=\"twitter:data2\" content=\"3 minutos\" \/>\n<script type=\"application\/ld+json\" class=\"yoast-schema-graph\">{\"@context\":\"https:\/\/schema.org\",\"@graph\":[{\"@type\":\"WebPage\",\"@id\":\"https:\/\/www.asajacyl.com\/palencia\/asaja-palencia-informa\/peste-porcina-cuando-la-sanidad-animal-empieza-en-el-monte\",\"url\":\"https:\/\/www.asajacyl.com\/palencia\/asaja-palencia-informa\/peste-porcina-cuando-la-sanidad-animal-empieza-en-el-monte\",\"name\":\"Cuando la sanidad animal empieza en el monte - ASAJA Palencia\",\"isPartOf\":{\"@id\":\"https:\/\/www.asajacyl.com\/palencia\/#website\"},\"primaryImageOfPage\":{\"@id\":\"https:\/\/www.asajacyl.com\/palencia\/asaja-palencia-informa\/peste-porcina-cuando-la-sanidad-animal-empieza-en-el-monte#primaryimage\"},\"image\":{\"@id\":\"https:\/\/www.asajacyl.com\/palencia\/asaja-palencia-informa\/peste-porcina-cuando-la-sanidad-animal-empieza-en-el-monte#primaryimage\"},\"thumbnailUrl\":\"https:\/\/www.asajacyl.com\/palencia\/wp-content\/uploads\/sites\/3\/2025\/12\/Pere-Roque.jpg\",\"datePublished\":\"2025-12-08T07:00:00+00:00\",\"author\":{\"@id\":\"https:\/\/www.asajacyl.com\/palencia\/#\/schema\/person\/3ab17aeb03527485c317557fae64aab1\"},\"description\":\"PERE ROQU\u00c9 | Presidente de ASAJA-Catalu\u00f1a Pere Roqu\u00e9, presidente de ASAJA-L\u00e9rida y de ASAJA-Catalu\u00f1a Lo primero, una precisi\u00f3n que conviene dejar clara:\",\"breadcrumb\":{\"@id\":\"https:\/\/www.asajacyl.com\/palencia\/asaja-palencia-informa\/peste-porcina-cuando-la-sanidad-animal-empieza-en-el-monte#breadcrumb\"},\"inLanguage\":\"es\",\"potentialAction\":[{\"@type\":\"ReadAction\",\"target\":[\"https:\/\/www.asajacyl.com\/palencia\/asaja-palencia-informa\/peste-porcina-cuando-la-sanidad-animal-empieza-en-el-monte\"]}]},{\"@type\":\"ImageObject\",\"inLanguage\":\"es\",\"@id\":\"https:\/\/www.asajacyl.com\/palencia\/asaja-palencia-informa\/peste-porcina-cuando-la-sanidad-animal-empieza-en-el-monte#primaryimage\",\"url\":\"https:\/\/www.asajacyl.com\/palencia\/wp-content\/uploads\/sites\/3\/2025\/12\/Pere-Roque.jpg\",\"contentUrl\":\"https:\/\/www.asajacyl.com\/palencia\/wp-content\/uploads\/sites\/3\/2025\/12\/Pere-Roque.jpg\",\"width\":1890,\"height\":1654},{\"@type\":\"BreadcrumbList\",\"@id\":\"https:\/\/www.asajacyl.com\/palencia\/asaja-palencia-informa\/peste-porcina-cuando-la-sanidad-animal-empieza-en-el-monte#breadcrumb\",\"itemListElement\":[{\"@type\":\"ListItem\",\"position\":1,\"name\":\"Portada\",\"item\":\"https:\/\/www.asajacyl.com\/palencia\/\"},{\"@type\":\"ListItem\",\"position\":2,\"name\":\"Cuando la sanidad animal empieza en el monte\"}]},{\"@type\":\"WebSite\",\"@id\":\"https:\/\/www.asajacyl.com\/palencia\/#website\",\"url\":\"https:\/\/www.asajacyl.com\/palencia\/\",\"name\":\"ASAJA Palencia\",\"description\":\"Otro sitio m\u00e1s de Provincias ASAJA Castilla y Le\u00f3n\",\"potentialAction\":[{\"@type\":\"SearchAction\",\"target\":{\"@type\":\"EntryPoint\",\"urlTemplate\":\"https:\/\/www.asajacyl.com\/palencia\/?s={search_term_string}\"},\"query-input\":{\"@type\":\"PropertyValueSpecification\",\"valueRequired\":true,\"valueName\":\"search_term_string\"}}],\"inLanguage\":\"es\"},{\"@type\":\"Person\",\"@id\":\"https:\/\/www.asajacyl.com\/palencia\/#\/schema\/person\/3ab17aeb03527485c317557fae64aab1\",\"name\":\"Administrador\",\"image\":{\"@type\":\"ImageObject\",\"inLanguage\":\"es\",\"@id\":\"https:\/\/www.asajacyl.com\/palencia\/#\/schema\/person\/image\/\",\"url\":\"https:\/\/secure.gravatar.com\/avatar\/517384810d242ca9e38c180f3c9fb973?s=96&d=mm&r=g\",\"contentUrl\":\"https:\/\/secure.gravatar.com\/avatar\/517384810d242ca9e38c180f3c9fb973?s=96&d=mm&r=g\",\"caption\":\"Administrador\"},\"url\":\"https:\/\/www.asajacyl.com\/palencia\/author\/carlosrm\"}]}<\/script>\n<!-- \/ Yoast SEO plugin. -->","yoast_head_json":{"title":"Cuando la sanidad animal empieza en el monte - ASAJA Palencia","description":"PERE ROQU\u00c9 | Presidente de ASAJA-Catalu\u00f1a Pere Roqu\u00e9, presidente de ASAJA-L\u00e9rida y de ASAJA-Catalu\u00f1a Lo primero, una precisi\u00f3n que conviene dejar clara:","robots":{"index":"index","follow":"follow","max-snippet":"max-snippet:-1","max-image-preview":"max-image-preview:large","max-video-preview":"max-video-preview:-1"},"canonical":"https:\/\/www.asajacyl.com\/palencia\/asaja-palencia-informa\/peste-porcina-cuando-la-sanidad-animal-empieza-en-el-monte","og_locale":"es_ES","og_type":"article","og_title":"Cuando la sanidad animal empieza en el monte - ASAJA Palencia","og_description":"PERE ROQU\u00c9 | Presidente de ASAJA-Catalu\u00f1a Pere Roqu\u00e9, presidente de ASAJA-L\u00e9rida y de ASAJA-Catalu\u00f1a Lo primero, una precisi\u00f3n que conviene dejar clara:","og_url":"https:\/\/www.asajacyl.com\/palencia\/asaja-palencia-informa\/peste-porcina-cuando-la-sanidad-animal-empieza-en-el-monte","og_site_name":"ASAJA Palencia","article_published_time":"2025-12-08T07:00:00+00:00","og_image":[{"width":1024,"height":896,"url":"https:\/\/www.asajacyl.com\/palencia\/wp-content\/uploads\/sites\/3\/2025\/12\/Pere-Roque-1024x896.jpg","type":"image\/jpeg"}],"author":"Administrador","twitter_card":"summary_large_image","twitter_misc":{"Escrito por":"Administrador","Tiempo de lectura":"3 minutos"},"schema":{"@context":"https:\/\/schema.org","@graph":[{"@type":"WebPage","@id":"https:\/\/www.asajacyl.com\/palencia\/asaja-palencia-informa\/peste-porcina-cuando-la-sanidad-animal-empieza-en-el-monte","url":"https:\/\/www.asajacyl.com\/palencia\/asaja-palencia-informa\/peste-porcina-cuando-la-sanidad-animal-empieza-en-el-monte","name":"Cuando la sanidad animal empieza en el monte - ASAJA Palencia","isPartOf":{"@id":"https:\/\/www.asajacyl.com\/palencia\/#website"},"primaryImageOfPage":{"@id":"https:\/\/www.asajacyl.com\/palencia\/asaja-palencia-informa\/peste-porcina-cuando-la-sanidad-animal-empieza-en-el-monte#primaryimage"},"image":{"@id":"https:\/\/www.asajacyl.com\/palencia\/asaja-palencia-informa\/peste-porcina-cuando-la-sanidad-animal-empieza-en-el-monte#primaryimage"},"thumbnailUrl":"https:\/\/www.asajacyl.com\/palencia\/wp-content\/uploads\/sites\/3\/2025\/12\/Pere-Roque.jpg","datePublished":"2025-12-08T07:00:00+00:00","author":{"@id":"https:\/\/www.asajacyl.com\/palencia\/#\/schema\/person\/3ab17aeb03527485c317557fae64aab1"},"description":"PERE ROQU\u00c9 | Presidente de ASAJA-Catalu\u00f1a Pere Roqu\u00e9, presidente de ASAJA-L\u00e9rida y de ASAJA-Catalu\u00f1a Lo primero, una precisi\u00f3n que conviene dejar clara:","breadcrumb":{"@id":"https:\/\/www.asajacyl.com\/palencia\/asaja-palencia-informa\/peste-porcina-cuando-la-sanidad-animal-empieza-en-el-monte#breadcrumb"},"inLanguage":"es","potentialAction":[{"@type":"ReadAction","target":["https:\/\/www.asajacyl.com\/palencia\/asaja-palencia-informa\/peste-porcina-cuando-la-sanidad-animal-empieza-en-el-monte"]}]},{"@type":"ImageObject","inLanguage":"es","@id":"https:\/\/www.asajacyl.com\/palencia\/asaja-palencia-informa\/peste-porcina-cuando-la-sanidad-animal-empieza-en-el-monte#primaryimage","url":"https:\/\/www.asajacyl.com\/palencia\/wp-content\/uploads\/sites\/3\/2025\/12\/Pere-Roque.jpg","contentUrl":"https:\/\/www.asajacyl.com\/palencia\/wp-content\/uploads\/sites\/3\/2025\/12\/Pere-Roque.jpg","width":1890,"height":1654},{"@type":"BreadcrumbList","@id":"https:\/\/www.asajacyl.com\/palencia\/asaja-palencia-informa\/peste-porcina-cuando-la-sanidad-animal-empieza-en-el-monte#breadcrumb","itemListElement":[{"@type":"ListItem","position":1,"name":"Portada","item":"https:\/\/www.asajacyl.com\/palencia\/"},{"@type":"ListItem","position":2,"name":"Cuando la sanidad animal empieza en el monte"}]},{"@type":"WebSite","@id":"https:\/\/www.asajacyl.com\/palencia\/#website","url":"https:\/\/www.asajacyl.com\/palencia\/","name":"ASAJA Palencia","description":"Otro sitio m\u00e1s de Provincias ASAJA Castilla y Le\u00f3n","potentialAction":[{"@type":"SearchAction","target":{"@type":"EntryPoint","urlTemplate":"https:\/\/www.asajacyl.com\/palencia\/?s={search_term_string}"},"query-input":{"@type":"PropertyValueSpecification","valueRequired":true,"valueName":"search_term_string"}}],"inLanguage":"es"},{"@type":"Person","@id":"https:\/\/www.asajacyl.com\/palencia\/#\/schema\/person\/3ab17aeb03527485c317557fae64aab1","name":"Administrador","image":{"@type":"ImageObject","inLanguage":"es","@id":"https:\/\/www.asajacyl.com\/palencia\/#\/schema\/person\/image\/","url":"https:\/\/secure.gravatar.com\/avatar\/517384810d242ca9e38c180f3c9fb973?s=96&d=mm&r=g","contentUrl":"https:\/\/secure.gravatar.com\/avatar\/517384810d242ca9e38c180f3c9fb973?s=96&d=mm&r=g","caption":"Administrador"},"url":"https:\/\/www.asajacyl.com\/palencia\/author\/carlosrm"}]}},"_links":{"self":[{"href":"https:\/\/www.asajacyl.com\/palencia\/wp-json\/wp\/v2\/posts\/21746"}],"collection":[{"href":"https:\/\/www.asajacyl.com\/palencia\/wp-json\/wp\/v2\/posts"}],"about":[{"href":"https:\/\/www.asajacyl.com\/palencia\/wp-json\/wp\/v2\/types\/post"}],"author":[{"embeddable":true,"href":"https:\/\/www.asajacyl.com\/palencia\/wp-json\/wp\/v2\/users\/9"}],"replies":[{"embeddable":true,"href":"https:\/\/www.asajacyl.com\/palencia\/wp-json\/wp\/v2\/comments?post=21746"}],"version-history":[{"count":3,"href":"https:\/\/www.asajacyl.com\/palencia\/wp-json\/wp\/v2\/posts\/21746\/revisions"}],"predecessor-version":[{"id":21750,"href":"https:\/\/www.asajacyl.com\/palencia\/wp-json\/wp\/v2\/posts\/21746\/revisions\/21750"}],"wp:featuredmedia":[{"embeddable":true,"href":"https:\/\/www.asajacyl.com\/palencia\/wp-json\/wp\/v2\/media\/21747"}],"wp:attachment":[{"href":"https:\/\/www.asajacyl.com\/palencia\/wp-json\/wp\/v2\/media?parent=21746"}],"wp:term":[{"taxonomy":"category","embeddable":true,"href":"https:\/\/www.asajacyl.com\/palencia\/wp-json\/wp\/v2\/categories?post=21746"},{"taxonomy":"post_tag","embeddable":true,"href":"https:\/\/www.asajacyl.com\/palencia\/wp-json\/wp\/v2\/tags?post=21746"}],"curies":[{"name":"wp","href":"https:\/\/api.w.org\/{rel}","templated":true}]}}