{"id":21768,"date":"2025-12-10T10:18:54","date_gmt":"2025-12-10T09:18:54","guid":{"rendered":"https:\/\/www.asajacyl.com\/palencia\/?p=21768"},"modified":"2025-12-10T18:52:35","modified_gmt":"2025-12-10T17:52:35","slug":"la-confederacion-del-duero-aprueba-el-canon-de-regulacion-y-las-tarifas-del-regadio-para-2026","status":"publish","type":"post","link":"https:\/\/www.asajacyl.com\/palencia\/asaja-palencia-informa\/la-confederacion-del-duero-aprueba-el-canon-de-regulacion-y-las-tarifas-del-regadio-para-2026","title":{"rendered":"La Confederaci\u00f3n del Duero aprueba el canon de regulaci\u00f3n y las tarifas del regad\u00edo para 2026"},"content":{"rendered":"\n<h2 class=\"wp-block-heading\">La Confederaci\u00f3n Hidrogr\u00e1fica del Duero ha aprobado las tablas con el canon de regulaci\u00f3n y las tarifas de utilizaci\u00f3n del agua correspondiente a las juntas de explotaci\u00f3n de los sistemas de la cuenca que regir\u00e1n en 2026. El\u00a0canon\u00a0en la\u00a0junta de explotaci\u00f3n del Carri\u00f3n\u00a0ser\u00e1 de\u00a041,25 euros por hect\u00e1rea, mientras en la\u00a0junta de explotaci\u00f3n del Pisuerga\u00a0ser\u00e1 de\u00a033,25 euros por hect\u00e1rea., lo que representa unas subidas respectivas del 5,7 % y del 4,9 % con respecto a este a\u00f1o. Por su parte, las tarifas de regulaci\u00f3n han bajado de promedio el 2,8<strong> % <\/strong>en el sistema Carri\u00f3n, si bien sube hasta el 34,5% en el Conjunto de Las Navas; y baja en torno al 20 % en canales como el de Carri\u00f3n-Salda\u00f1a, el Bajo Carri\u00f3n y La Retenci\u00f3n. En el sistema Pisuerga hay un promedio de subida del 6,5%, consecuencia del aumento de m\u00e1s del 80 % en la tarifa del Canal de Cervera-Arbejal, ya que en los otros cuatro de la provincia de Palencia bajan entre el 20 % y el 33 %.<\/h2>\n\n\n<div class=\"wp-block-image\">\n<figure class=\"alignright size-large is-resized\"><img loading=\"lazy\" decoding=\"async\" width=\"1024\" height=\"1024\" src=\"https:\/\/www.asajacyl.com\/palencia\/wp-content\/uploads\/sites\/3\/2025\/12\/Canon-y-tarifas-regadio-CHD-2026-1024x1024.jpg\" alt=\"\" class=\"wp-image-21769\" style=\"width:672px;height:auto\" srcset=\"https:\/\/www.asajacyl.com\/palencia\/wp-content\/uploads\/sites\/3\/2025\/12\/Canon-y-tarifas-regadio-CHD-2026-1024x1024.jpg 1024w, https:\/\/www.asajacyl.com\/palencia\/wp-content\/uploads\/sites\/3\/2025\/12\/Canon-y-tarifas-regadio-CHD-2026-300x300.jpg 300w, https:\/\/www.asajacyl.com\/palencia\/wp-content\/uploads\/sites\/3\/2025\/12\/Canon-y-tarifas-regadio-CHD-2026-150x150.jpg 150w, https:\/\/www.asajacyl.com\/palencia\/wp-content\/uploads\/sites\/3\/2025\/12\/Canon-y-tarifas-regadio-CHD-2026-768x768.jpg 768w, https:\/\/www.asajacyl.com\/palencia\/wp-content\/uploads\/sites\/3\/2025\/12\/Canon-y-tarifas-regadio-CHD-2026-1536x1536.jpg 1536w, https:\/\/www.asajacyl.com\/palencia\/wp-content\/uploads\/sites\/3\/2025\/12\/Canon-y-tarifas-regadio-CHD-2026-2048x2048.jpg 2048w, https:\/\/www.asajacyl.com\/palencia\/wp-content\/uploads\/sites\/3\/2025\/12\/Canon-y-tarifas-regadio-CHD-2026-420x420.jpg 420w, https:\/\/www.asajacyl.com\/palencia\/wp-content\/uploads\/sites\/3\/2025\/12\/Canon-y-tarifas-regadio-CHD-2026-696x696.jpg 696w, https:\/\/www.asajacyl.com\/palencia\/wp-content\/uploads\/sites\/3\/2025\/12\/Canon-y-tarifas-regadio-CHD-2026-1068x1068.jpg 1068w, https:\/\/www.asajacyl.com\/palencia\/wp-content\/uploads\/sites\/3\/2025\/12\/Canon-y-tarifas-regadio-CHD-2026-1920x1920.jpg 1920w\" sizes=\"(max-width: 1024px) 100vw, 1024px\" \/><\/figure><\/div>\n\n\n<p>Finalizado el periodo de informaci\u00f3n p\u00fablica, el anuncio del organismo dependiente del Ministerio para la Transici\u00f3n Ecol\u00f3gica y el Reto Demogr\u00e1fico se ha publicado ya en el BOE, lo que tambi\u00e9n confirma las diferentes tarifas establecidas para el pr\u00f3ximo ejercicio sobre la utilizaci\u00f3n de agua, incluido el regad\u00edo por parte de los usuarios de los distintos canales, cantidades que detallamos en esta informaci\u00f3n.<\/p>\n\n\n\n<p>El canon del sistema Carri\u00f3n en este 2025 fue de 39,01&nbsp;euros\/hect\u00e1rea, por lo que aumentar\u00e1 en 2,24 euros por hect\u00e1rea con respecto al actual ejercicio. Por su parte, el canon del sistema Pisuerga de este a\u00f1o ha sido de 31,71 \u20ac\/ha, por lo que sube 1,54 euros por hect\u00e1rea en relaci\u00f3n con el aplicado en el a\u00f1o en curso.<\/p>\n\n\n\n<p><strong>OBRAS GENERALES Y OBRAS ESPEC\u00cdFICAS. <\/strong>Seg\u00fan la Ley de Aguas, el canon de regulaci\u00f3n han de abonarlo \u00ablos beneficiados por las&nbsp;obras de regulaci\u00f3n&nbsp;de las aguas superficiales o subterr\u00e1neas, financiadas total o parcialmente con cargo al Estado\u00bb. Por eso es el mismo para cada sistema.<\/p>\n\n\n\n<p>Por su parte, la tarifa de utilizaci\u00f3n del agua deben pagarla \u00ablos beneficiados por&nbsp;otras obras hidr\u00e1ulicas&nbsp;espec\u00edficas financiadas total o parcialmente a cargo del Estado,&nbsp;incluidas las de correcci\u00f3n del deterioro del dominio p\u00fablico hidr\u00e1ulico, derivado de su utilizaci\u00f3n\u00bb. Eso explica las diferencias mayores de unos sistemas a otros, tanto por las actuaciones desarrolladas como en la cantidad de usuarios a quienes puede repercutirse la inversi\u00f3n, que var\u00eda sensiblemente de unos canales a otros. <\/p>\n\n\n\n<p>La recaudaci\u00f3n se destina \u00aba compensar los costes de inversi\u00f3n que soporte la Administraci\u00f3n estatal y a atender a los gastos de explotaci\u00f3n y conservaci\u00f3n de tales obras\u00bb.<\/p>\n\n\n\n<p>Para&nbsp;<strong>2026<\/strong>, esas&nbsp;<strong>tarifas de utilizaci\u00f3n del agua<\/strong>&nbsp;para el regad\u00edo en los diversos canales del&nbsp;<strong>SISTEMA CARRI\u00d3N<\/strong>&nbsp;en la provincia de Palencia son las siguientes (en&nbsp;euros por hect\u00e1rea):<\/p>\n\n\n\n<ul>\n<li><strong>Canal de Carri\u00f3n-Salda\u00f1a: 5,78<br><\/strong>(7,34 \u20ac\/ha en 2025, -21,3 %)<\/li>\n\n\n\n<li><strong>Canal del Bajo Carri\u00f3n: 6,73<br><\/strong>(8,62 \u20ac\/ha en 2025, -21,9 %)<\/li>\n\n\n\n<li><strong>Canal de Castilla (Ramal de Campos): 18,34 <br><\/strong>(19,82 \u20ac\/ha en 2025, -7,5 %)<\/li>\n\n\n\n<li><strong>Canal de Castilla (Iniciativa privada): 18,39<br><\/strong>(19,84 \u20ac\/ha en 2025, -7,3 %)<\/li>\n\n\n\n<li><strong>Canal de la Retenci\u00f3n:&nbsp;19,29<br><\/strong>(23,80 \u20ac\/ha en 2025, -18,9 %)<\/li>\n\n\n\n<li><strong>Conjunto de Las Navas:&nbsp; 18,13<br><\/strong>(13,48 \u20ac\/ha en 2025, +34,5%)<\/li>\n\n\n\n<li><strong>Canal de Castilla (Ramal Sur):&nbsp;47,76<\/strong><br>(45,99 \u20ac\/ha en 2025, +3,8 %)<\/li>\n\n\n\n<li><strong>Canal de Palencia:<\/strong>&nbsp;<strong>22,15<\/strong><br>(19,06 \u20ac\/ha en 2025, +16,2 %)<\/li>\n<\/ul>\n\n\n\n<p>Para&nbsp;<strong>2026<\/strong>, las&nbsp;<strong>tarifas de utilizaci\u00f3n del agua<\/strong>&nbsp;en los diversos canales del&nbsp;<strong>SISTEMA PISUERGA&nbsp;<\/strong>en la provincia de Palencia son las siguientes (en&nbsp;euros por hect\u00e1rea):<\/p>\n\n\n\n<ul>\n<li><strong>Canal de Cervera-Arbejal:&nbsp;0,47 euros\/hect\u00e1rea<br><\/strong>(0,26 \u20ac\/ha en 2025, +80,8 %)<\/li>\n\n\n\n<li><strong>Canal de Castilla (Ramal Norte):&nbsp;69,47 euros\/hect\u00e1rea<br><\/strong>(79,02 \u20ac\/ha en 2025, -12,1 %)<\/li>\n\n\n\n<li><strong>Canal de Pisuerga:&nbsp;4,88 euros\/hect\u00e1rea<br><\/strong>(5,41 \u20ac\/ha en 2025, -9,8 %)<\/li>\n\n\n\n<li><strong>Canal de Villalaco:&nbsp;98,94 euros\/hect\u00e1rea<br><\/strong>(147,32 \u20ac\/ha en 2025, -32,8 %)<\/li>\n<\/ul>\n\n\n\n<p>Asismismo, en la Junta de Explotaci\u00f3n del <strong>ARLANZ\u00d3N <\/strong>(demarcaci\u00f3n de la que forman parte los municipios palentinos de Cordovilla la Real, Herrera de Valdeca\u00f1as, Palenzuela, Quintana del Puente, Torquemada y Villodrigo), el canon de regulaci\u00f3n que se establece para 2026 es de 99,06 euros\/hect\u00e1rea, pr\u00e1cticamente id\u00e9ntico al del a\u00f1o actual (99,39 \u20ac\/ha).<\/p>\n\n\n\n<p>La Confederaci\u00f3n emitir\u00e1 las correspondientes liquidaciones, que se notificar\u00e1n a cada afectado. El <span style=\"text-decoration: underline\">importe m\u00ednimo de cada liquidaci\u00f3n<\/span> por canon o tarifa ser\u00e1 de <span style=\"text-decoration: underline\">6,01 euros<\/span>. Cuando proceda, el importe se incrementar\u00eda con la tasa por explotaci\u00f3n de obras y servicios. <strong>\/<\/strong> <\/p>\n","protected":false},"excerpt":{"rendered":"<p>La Confederaci\u00f3n Hidrogr\u00e1fica del Duero ha aprobado las tablas con el canon de regulaci\u00f3n y las tarifas de utilizaci\u00f3n del agua correspondiente a las juntas de explotaci\u00f3n de los sistemas de la cuenca que regir\u00e1n en 2026. El\u00a0canon\u00a0en la\u00a0junta de explotaci\u00f3n del Carri\u00f3n\u00a0ser\u00e1 de\u00a041,25 euros por hect\u00e1rea, mientras en la\u00a0junta de explotaci\u00f3n del Pisuerga\u00a0ser\u00e1 de\u00a033,25 [&hellip;]<\/p>\n","protected":false},"author":9,"featured_media":21771,"comment_status":"open","ping_status":"open","sticky":false,"template":"","format":"standard","meta":{"footnotes":""},"categories":[9,31,29,28,13],"tags":[58,1678,83,134,226,55,136,135,1679],"yoast_head":"<!-- This site is optimized with the Yoast SEO plugin v24.5 - https:\/\/yoast.com\/wordpress\/plugins\/seo\/ -->\n<title>La Confederaci\u00f3n del Duero aprueba el canon de regulaci\u00f3n y las tarifas del regad\u00edo para 2026 - ASAJA Palencia<\/title>\n<meta name=\"description\" content=\"La Confederaci\u00f3n Hidrogr\u00e1fica del Duero ha aprobado las tablas con el canon de regulaci\u00f3n y las tarifas de utilizaci\u00f3n del agua correspondiente a las\" \/>\n<meta name=\"robots\" content=\"index, follow, max-snippet:-1, max-image-preview:large, max-video-preview:-1\" \/>\n<link rel=\"canonical\" href=\"https:\/\/www.asajacyl.com\/palencia\/asaja-palencia-informa\/la-confederacion-del-duero-aprueba-el-canon-de-regulacion-y-las-tarifas-del-regadio-para-2026\" \/>\n<meta property=\"og:locale\" content=\"es_ES\" \/>\n<meta property=\"og:type\" content=\"article\" \/>\n<meta property=\"og:title\" content=\"La Confederaci\u00f3n del Duero aprueba el canon de regulaci\u00f3n y las tarifas del regad\u00edo para 2026 - ASAJA Palencia\" \/>\n<meta property=\"og:description\" content=\"La Confederaci\u00f3n Hidrogr\u00e1fica del Duero ha aprobado las tablas con el canon de regulaci\u00f3n y las tarifas de utilizaci\u00f3n del agua correspondiente a las\" \/>\n<meta property=\"og:url\" content=\"https:\/\/www.asajacyl.com\/palencia\/asaja-palencia-informa\/la-confederacion-del-duero-aprueba-el-canon-de-regulacion-y-las-tarifas-del-regadio-para-2026\" \/>\n<meta property=\"og:site_name\" content=\"ASAJA Palencia\" \/>\n<meta property=\"article:published_time\" content=\"2025-12-10T09:18:54+00:00\" \/>\n<meta property=\"article:modified_time\" content=\"2025-12-10T17:52:35+00:00\" \/>\n<meta property=\"og:image\" content=\"https:\/\/www.asajacyl.com\/palencia\/wp-content\/uploads\/sites\/3\/2025\/12\/Regadio-modernizado-Soto-de-Cerrato-c-Marco-Porras-1024x896.jpg\" \/>\n\t<meta property=\"og:image:width\" content=\"1024\" \/>\n\t<meta property=\"og:image:height\" content=\"896\" \/>\n\t<meta property=\"og:image:type\" content=\"image\/jpeg\" \/>\n<meta name=\"author\" content=\"Administrador\" \/>\n<meta name=\"twitter:card\" content=\"summary_large_image\" \/>\n<meta name=\"twitter:label1\" content=\"Escrito por\" \/>\n\t<meta name=\"twitter:data1\" content=\"Administrador\" \/>\n\t<meta name=\"twitter:label2\" content=\"Tiempo de lectura\" \/>\n\t<meta name=\"twitter:data2\" content=\"4 minutos\" \/>\n<script type=\"application\/ld+json\" class=\"yoast-schema-graph\">{\"@context\":\"https:\/\/schema.org\",\"@graph\":[{\"@type\":\"WebPage\",\"@id\":\"https:\/\/www.asajacyl.com\/palencia\/asaja-palencia-informa\/la-confederacion-del-duero-aprueba-el-canon-de-regulacion-y-las-tarifas-del-regadio-para-2026\",\"url\":\"https:\/\/www.asajacyl.com\/palencia\/asaja-palencia-informa\/la-confederacion-del-duero-aprueba-el-canon-de-regulacion-y-las-tarifas-del-regadio-para-2026\",\"name\":\"La Confederaci\u00f3n del Duero aprueba el canon de regulaci\u00f3n y las tarifas del regad\u00edo para 2026 - ASAJA Palencia\",\"isPartOf\":{\"@id\":\"https:\/\/www.asajacyl.com\/palencia\/#website\"},\"primaryImageOfPage\":{\"@id\":\"https:\/\/www.asajacyl.com\/palencia\/asaja-palencia-informa\/la-confederacion-del-duero-aprueba-el-canon-de-regulacion-y-las-tarifas-del-regadio-para-2026#primaryimage\"},\"image\":{\"@id\":\"https:\/\/www.asajacyl.com\/palencia\/asaja-palencia-informa\/la-confederacion-del-duero-aprueba-el-canon-de-regulacion-y-las-tarifas-del-regadio-para-2026#primaryimage\"},\"thumbnailUrl\":\"https:\/\/www.asajacyl.com\/palencia\/wp-content\/uploads\/sites\/3\/2025\/12\/Regadio-modernizado-Soto-de-Cerrato-c-Marco-Porras.jpg\",\"datePublished\":\"2025-12-10T09:18:54+00:00\",\"dateModified\":\"2025-12-10T17:52:35+00:00\",\"author\":{\"@id\":\"https:\/\/www.asajacyl.com\/palencia\/#\/schema\/person\/3ab17aeb03527485c317557fae64aab1\"},\"description\":\"La Confederaci\u00f3n Hidrogr\u00e1fica del Duero ha aprobado las tablas con el canon de regulaci\u00f3n y las tarifas de utilizaci\u00f3n del agua correspondiente a las\",\"breadcrumb\":{\"@id\":\"https:\/\/www.asajacyl.com\/palencia\/asaja-palencia-informa\/la-confederacion-del-duero-aprueba-el-canon-de-regulacion-y-las-tarifas-del-regadio-para-2026#breadcrumb\"},\"inLanguage\":\"es\",\"potentialAction\":[{\"@type\":\"ReadAction\",\"target\":[\"https:\/\/www.asajacyl.com\/palencia\/asaja-palencia-informa\/la-confederacion-del-duero-aprueba-el-canon-de-regulacion-y-las-tarifas-del-regadio-para-2026\"]}]},{\"@type\":\"ImageObject\",\"inLanguage\":\"es\",\"@id\":\"https:\/\/www.asajacyl.com\/palencia\/asaja-palencia-informa\/la-confederacion-del-duero-aprueba-el-canon-de-regulacion-y-las-tarifas-del-regadio-para-2026#primaryimage\",\"url\":\"https:\/\/www.asajacyl.com\/palencia\/wp-content\/uploads\/sites\/3\/2025\/12\/Regadio-modernizado-Soto-de-Cerrato-c-Marco-Porras.jpg\",\"contentUrl\":\"https:\/\/www.asajacyl.com\/palencia\/wp-content\/uploads\/sites\/3\/2025\/12\/Regadio-modernizado-Soto-de-Cerrato-c-Marco-Porras.jpg\",\"width\":1890,\"height\":1654},{\"@type\":\"BreadcrumbList\",\"@id\":\"https:\/\/www.asajacyl.com\/palencia\/asaja-palencia-informa\/la-confederacion-del-duero-aprueba-el-canon-de-regulacion-y-las-tarifas-del-regadio-para-2026#breadcrumb\",\"itemListElement\":[{\"@type\":\"ListItem\",\"position\":1,\"name\":\"Portada\",\"item\":\"https:\/\/www.asajacyl.com\/palencia\/\"},{\"@type\":\"ListItem\",\"position\":2,\"name\":\"La Confederaci\u00f3n del Duero aprueba el canon de regulaci\u00f3n y las tarifas del regad\u00edo para 2026\"}]},{\"@type\":\"WebSite\",\"@id\":\"https:\/\/www.asajacyl.com\/palencia\/#website\",\"url\":\"https:\/\/www.asajacyl.com\/palencia\/\",\"name\":\"ASAJA Palencia\",\"description\":\"Otro sitio m\u00e1s de Provincias ASAJA Castilla y Le\u00f3n\",\"potentialAction\":[{\"@type\":\"SearchAction\",\"target\":{\"@type\":\"EntryPoint\",\"urlTemplate\":\"https:\/\/www.asajacyl.com\/palencia\/?s={search_term_string}\"},\"query-input\":{\"@type\":\"PropertyValueSpecification\",\"valueRequired\":true,\"valueName\":\"search_term_string\"}}],\"inLanguage\":\"es\"},{\"@type\":\"Person\",\"@id\":\"https:\/\/www.asajacyl.com\/palencia\/#\/schema\/person\/3ab17aeb03527485c317557fae64aab1\",\"name\":\"Administrador\",\"image\":{\"@type\":\"ImageObject\",\"inLanguage\":\"es\",\"@id\":\"https:\/\/www.asajacyl.com\/palencia\/#\/schema\/person\/image\/\",\"url\":\"https:\/\/secure.gravatar.com\/avatar\/517384810d242ca9e38c180f3c9fb973?s=96&d=mm&r=g\",\"contentUrl\":\"https:\/\/secure.gravatar.com\/avatar\/517384810d242ca9e38c180f3c9fb973?s=96&d=mm&r=g\",\"caption\":\"Administrador\"},\"url\":\"https:\/\/www.asajacyl.com\/palencia\/author\/carlosrm\"}]}<\/script>\n<!-- \/ Yoast SEO plugin. -->","yoast_head_json":{"title":"La Confederaci\u00f3n del Duero aprueba el canon de regulaci\u00f3n y las tarifas del regad\u00edo para 2026 - ASAJA Palencia","description":"La Confederaci\u00f3n Hidrogr\u00e1fica del Duero ha aprobado las tablas con el canon de regulaci\u00f3n y las tarifas de utilizaci\u00f3n del agua correspondiente a las","robots":{"index":"index","follow":"follow","max-snippet":"max-snippet:-1","max-image-preview":"max-image-preview:large","max-video-preview":"max-video-preview:-1"},"canonical":"https:\/\/www.asajacyl.com\/palencia\/asaja-palencia-informa\/la-confederacion-del-duero-aprueba-el-canon-de-regulacion-y-las-tarifas-del-regadio-para-2026","og_locale":"es_ES","og_type":"article","og_title":"La Confederaci\u00f3n del Duero aprueba el canon de regulaci\u00f3n y las tarifas del regad\u00edo para 2026 - ASAJA Palencia","og_description":"La Confederaci\u00f3n Hidrogr\u00e1fica del Duero ha aprobado las tablas con el canon de regulaci\u00f3n y las tarifas de utilizaci\u00f3n del agua correspondiente a las","og_url":"https:\/\/www.asajacyl.com\/palencia\/asaja-palencia-informa\/la-confederacion-del-duero-aprueba-el-canon-de-regulacion-y-las-tarifas-del-regadio-para-2026","og_site_name":"ASAJA Palencia","article_published_time":"2025-12-10T09:18:54+00:00","article_modified_time":"2025-12-10T17:52:35+00:00","og_image":[{"width":1024,"height":896,"url":"https:\/\/www.asajacyl.com\/palencia\/wp-content\/uploads\/sites\/3\/2025\/12\/Regadio-modernizado-Soto-de-Cerrato-c-Marco-Porras-1024x896.jpg","type":"image\/jpeg"}],"author":"Administrador","twitter_card":"summary_large_image","twitter_misc":{"Escrito por":"Administrador","Tiempo de lectura":"4 minutos"},"schema":{"@context":"https:\/\/schema.org","@graph":[{"@type":"WebPage","@id":"https:\/\/www.asajacyl.com\/palencia\/asaja-palencia-informa\/la-confederacion-del-duero-aprueba-el-canon-de-regulacion-y-las-tarifas-del-regadio-para-2026","url":"https:\/\/www.asajacyl.com\/palencia\/asaja-palencia-informa\/la-confederacion-del-duero-aprueba-el-canon-de-regulacion-y-las-tarifas-del-regadio-para-2026","name":"La Confederaci\u00f3n del Duero aprueba el canon de regulaci\u00f3n y las tarifas del regad\u00edo para 2026 - ASAJA Palencia","isPartOf":{"@id":"https:\/\/www.asajacyl.com\/palencia\/#website"},"primaryImageOfPage":{"@id":"https:\/\/www.asajacyl.com\/palencia\/asaja-palencia-informa\/la-confederacion-del-duero-aprueba-el-canon-de-regulacion-y-las-tarifas-del-regadio-para-2026#primaryimage"},"image":{"@id":"https:\/\/www.asajacyl.com\/palencia\/asaja-palencia-informa\/la-confederacion-del-duero-aprueba-el-canon-de-regulacion-y-las-tarifas-del-regadio-para-2026#primaryimage"},"thumbnailUrl":"https:\/\/www.asajacyl.com\/palencia\/wp-content\/uploads\/sites\/3\/2025\/12\/Regadio-modernizado-Soto-de-Cerrato-c-Marco-Porras.jpg","datePublished":"2025-12-10T09:18:54+00:00","dateModified":"2025-12-10T17:52:35+00:00","author":{"@id":"https:\/\/www.asajacyl.com\/palencia\/#\/schema\/person\/3ab17aeb03527485c317557fae64aab1"},"description":"La Confederaci\u00f3n Hidrogr\u00e1fica del Duero ha aprobado las tablas con el canon de regulaci\u00f3n y las tarifas de utilizaci\u00f3n del agua correspondiente a las","breadcrumb":{"@id":"https:\/\/www.asajacyl.com\/palencia\/asaja-palencia-informa\/la-confederacion-del-duero-aprueba-el-canon-de-regulacion-y-las-tarifas-del-regadio-para-2026#breadcrumb"},"inLanguage":"es","potentialAction":[{"@type":"ReadAction","target":["https:\/\/www.asajacyl.com\/palencia\/asaja-palencia-informa\/la-confederacion-del-duero-aprueba-el-canon-de-regulacion-y-las-tarifas-del-regadio-para-2026"]}]},{"@type":"ImageObject","inLanguage":"es","@id":"https:\/\/www.asajacyl.com\/palencia\/asaja-palencia-informa\/la-confederacion-del-duero-aprueba-el-canon-de-regulacion-y-las-tarifas-del-regadio-para-2026#primaryimage","url":"https:\/\/www.asajacyl.com\/palencia\/wp-content\/uploads\/sites\/3\/2025\/12\/Regadio-modernizado-Soto-de-Cerrato-c-Marco-Porras.jpg","contentUrl":"https:\/\/www.asajacyl.com\/palencia\/wp-content\/uploads\/sites\/3\/2025\/12\/Regadio-modernizado-Soto-de-Cerrato-c-Marco-Porras.jpg","width":1890,"height":1654},{"@type":"BreadcrumbList","@id":"https:\/\/www.asajacyl.com\/palencia\/asaja-palencia-informa\/la-confederacion-del-duero-aprueba-el-canon-de-regulacion-y-las-tarifas-del-regadio-para-2026#breadcrumb","itemListElement":[{"@type":"ListItem","position":1,"name":"Portada","item":"https:\/\/www.asajacyl.com\/palencia\/"},{"@type":"ListItem","position":2,"name":"La Confederaci\u00f3n del Duero aprueba el canon de regulaci\u00f3n y las tarifas del regad\u00edo para 2026"}]},{"@type":"WebSite","@id":"https:\/\/www.asajacyl.com\/palencia\/#website","url":"https:\/\/www.asajacyl.com\/palencia\/","name":"ASAJA Palencia","description":"Otro sitio m\u00e1s de Provincias ASAJA Castilla y Le\u00f3n","potentialAction":[{"@type":"SearchAction","target":{"@type":"EntryPoint","urlTemplate":"https:\/\/www.asajacyl.com\/palencia\/?s={search_term_string}"},"query-input":{"@type":"PropertyValueSpecification","valueRequired":true,"valueName":"search_term_string"}}],"inLanguage":"es"},{"@type":"Person","@id":"https:\/\/www.asajacyl.com\/palencia\/#\/schema\/person\/3ab17aeb03527485c317557fae64aab1","name":"Administrador","image":{"@type":"ImageObject","inLanguage":"es","@id":"https:\/\/www.asajacyl.com\/palencia\/#\/schema\/person\/image\/","url":"https:\/\/secure.gravatar.com\/avatar\/517384810d242ca9e38c180f3c9fb973?s=96&d=mm&r=g","contentUrl":"https:\/\/secure.gravatar.com\/avatar\/517384810d242ca9e38c180f3c9fb973?s=96&d=mm&r=g","caption":"Administrador"},"url":"https:\/\/www.asajacyl.com\/palencia\/author\/carlosrm"}]}},"_links":{"self":[{"href":"https:\/\/www.asajacyl.com\/palencia\/wp-json\/wp\/v2\/posts\/21768"}],"collection":[{"href":"https:\/\/www.asajacyl.com\/palencia\/wp-json\/wp\/v2\/posts"}],"about":[{"href":"https:\/\/www.asajacyl.com\/palencia\/wp-json\/wp\/v2\/types\/post"}],"author":[{"embeddable":true,"href":"https:\/\/www.asajacyl.com\/palencia\/wp-json\/wp\/v2\/users\/9"}],"replies":[{"embeddable":true,"href":"https:\/\/www.asajacyl.com\/palencia\/wp-json\/wp\/v2\/comments?post=21768"}],"version-history":[{"count":3,"href":"https:\/\/www.asajacyl.com\/palencia\/wp-json\/wp\/v2\/posts\/21768\/revisions"}],"predecessor-version":[{"id":21776,"href":"https:\/\/www.asajacyl.com\/palencia\/wp-json\/wp\/v2\/posts\/21768\/revisions\/21776"}],"wp:featuredmedia":[{"embeddable":true,"href":"https:\/\/www.asajacyl.com\/palencia\/wp-json\/wp\/v2\/media\/21771"}],"wp:attachment":[{"href":"https:\/\/www.asajacyl.com\/palencia\/wp-json\/wp\/v2\/media?parent=21768"}],"wp:term":[{"taxonomy":"category","embeddable":true,"href":"https:\/\/www.asajacyl.com\/palencia\/wp-json\/wp\/v2\/categories?post=21768"},{"taxonomy":"post_tag","embeddable":true,"href":"https:\/\/www.asajacyl.com\/palencia\/wp-json\/wp\/v2\/tags?post=21768"}],"curies":[{"name":"wp","href":"https:\/\/api.w.org\/{rel}","templated":true}]}}