{"id":21773,"date":"2025-12-10T11:32:35","date_gmt":"2025-12-10T10:32:35","guid":{"rendered":"https:\/\/www.asajacyl.com\/palencia\/?p=21773"},"modified":"2026-01-12T08:53:57","modified_gmt":"2026-01-12T07:53:57","slug":"viernes-19-de-diciembre-ultimo-dia-para-formalizar-importantes-seguros-agrarios-en-esta-campana","status":"publish","type":"post","link":"https:\/\/www.asajacyl.com\/palencia\/asaja-palencia-informa\/viernes-19-de-diciembre-ultimo-dia-para-formalizar-importantes-seguros-agrarios-en-esta-campana","title":{"rendered":"Viernes 19 de diciembre, \u00faltimo d\u00eda para formalizar  importantes seguros agrarios en esta campa\u00f1a"},"content":{"rendered":"\n<h2 class=\"wp-block-heading\">Quedan apenas unos d\u00edas para que concluya el plazo para contratar el seguro de cultivos forrajeros, que incluye cobertura de sequ\u00eda, una hist\u00f3rica conquista de ASAJA-Palencia. Este a\u00f1o el 20 de diciembre cae en s\u00e1bado, as\u00ed que el viernes 19 es el \u00faltimo d\u00eda para formalizarlo (y recordamos a los asociados que las oficinas no abren las tardes de los viernes). Tambi\u00e9n es la fecha final para asegurar los herb\u00e1ceos de secano, columna vertebral del campo palentino.<\/h2>\n\n\n\n<p>La p\u00f3liza de cultivos forrajeros presenta ciertas peculiaridades, por lo que se aconseja ponerse en manos de los t\u00e9cnicos especialistas del seguro agrario en nuestra organizaci\u00f3n, para aprovechar mejor todas las posibilidades y las ventajas a lo largo de toda la vigencia del contrato.<\/p>\n\n\n\n<p>El seguro de forrajes es una herramienta que protege contra el incendio, el pedrisco, la lluvia y otras adversidades atmosf\u00e9ricas, as\u00ed como ante otros riesgos excepcionales, incluido el de la fauna silvestre siempre que se contrate no m\u00e1s tarde del 20 de diciembre.<\/p>\n\n\n\n<p>Nuestras oficinas tienen abiertas sus puertas para informa del seguro de estos cultivos, segundo grupo en importancia en t\u00e9rminos de superficie en la provincia de Palencia, tan s\u00f3lo superados por los cereales:<\/p>\n\n\n\n<ul>\n<li><strong>Ma\u00edz<\/strong>,<\/li>\n\n\n\n<li><strong>Alfalfa<\/strong>: forraje y semilla en el \u00c1rea I (Campos y Cerrato), tanto secano como regad\u00edo; con la mencionada cobertura de sequ\u00eda.<\/li>\n\n\n\n<li><strong>Semilla de alfalfa <\/strong>(resto de la provincia) y otras semillas forrajeras (toda la provincia)<\/li>\n\n\n\n<li><strong>Resto de forrajeras<\/strong> segadas o cortadas: alfalfa (\u00c1rea II), veza forrajera y otros.<\/li>\n\n\n\n<li><strong>Paja <\/strong>de cereal de invierno<\/li>\n\n\n\n<li><strong>Pastos<\/strong> con aprovechamiento al diente.<\/li>\n<\/ul>\n\n\n\n<p>Se mantienen los mismos precios del producto asegurado de la anterior campa\u00f1a:<\/p>\n\n\n\n<ul>\n<li>Alfalfa: 168 \u20ac<\/li>\n\n\n\n<li>Veza: 120 \u20ac<\/li>\n\n\n\n<li>Otros (heno): 60 \u20ac<\/li>\n\n\n\n<li>Ma\u00edz en verde: 46 \u20ac<\/li>\n\n\n\n<li>Semilla de alfalfa: 2500 \u20ac<\/li>\n\n\n\n<li>Resto de semillas: 1800 \u20ac<\/li>\n<\/ul>\n\n\n\n<p>Recordemos que el seguro indemniza da\u00f1o en la alfalfa tanto en la cantidad como en la calidad; y que para cubrir la semilla en este cultivo es indispensable formalizar antes la p\u00f3liza de producci\u00f3n. Nuestros t\u00e9cnicos pueden informar con detalle sobre el seguro del forraje  estudiando el caso concreto de cada explotaci\u00f3n.<\/p>\n\n\n\n<p><strong>HERB\u00c1CEOS Y UVA DE VINO. <\/strong>La ma\u00f1ana del viernes 19 ser\u00e1 tambi\u00e9n el plazo l\u00edmite para contratar en el seguro de los cultivos herb\u00e1ceos de secano (cereal de invierno, leguminosas, c\u00e1rtamo y girasol) y en uva de vino los llamados m\u00f3dulos de oto\u00f1o, que incluyen las garant\u00edas m\u00e1s completas. <\/p>\n\n\n\n<p>Recordemos que son producciones agr\u00edcolas que las \u00faltimas campa\u00f1as han registrado una siniestralidad elevada, tanto por la mayor recurrencia y gravedad de la sequ\u00edas, como por otros fen\u00f3menos atmosf\u00e9ricos adversos.<\/p>\n\n\n\n<p><strong>2025, M\u00c1XIMO HIST\u00d3RICO DE SUPERFICIE AFECTADA POR TORMENTAS. <\/strong>De hecho, Agroseguro informaba recientemente que en 2025 (a fecha del pasado 31 de octubre) se ha superado en Espa\u00f1a el mill\u00f3n de hect\u00e1reas declaradas con siniestro a causa dels tormentas de pedrisco, lluvia torrencial o persistente y viento, un registro desconocido en cuatro d\u00e9cadas y media de existencia del sistema espa\u00f1ol de seguros agrarios combinados. Esa superficie supera el m\u00e1ximo hist\u00f3rico anterior, de 2018, cuando se declararon siniestrados por fen\u00f3menos tormentosos en todo el pa\u00eds cerca de 858 000 hect\u00e1reas.<\/p>\n\n\n\n<p>Agroseguro estima que este a\u00f1o las indemnizaciones por esos da\u00f1os rondar\u00e1n los 446 millones de euros (en su mayor parte, ya abonadas), de los que casi el 12 % corresponden a Castilla y Le\u00f3n (52,5 millones de euros), aun cuando no se trata de una comunidad con bastante superficie de una de las producciones de alto valor m\u00e1s perjudicada, como los frutales (s\u00ed es el caso de otra con bastante da\u00f1o y valiosa, como la uva de vino).<\/p>\n\n\n\n<p>Contando el conjunto de riesgos cubiertos por el seguro agrario, a 31 de octubre el consorcio asegurador calculaba unas indemnizaciones en el conjunto de Espa\u00f1a este a\u00f1o cercanas a los setecientos millones de euros.<strong>\/<\/strong><\/p>\n","protected":false},"excerpt":{"rendered":"<p>Quedan apenas unos d\u00edas para que concluya el plazo para contratar el seguro de cultivos forrajeros, que incluye cobertura de sequ\u00eda, una hist\u00f3rica conquista de ASAJA-Palencia. Este a\u00f1o el 20 de diciembre cae en s\u00e1bado, as\u00ed que el viernes 19 es el \u00faltimo d\u00eda para formalizarlo (y recordamos a los asociados que las oficinas no [&hellip;]<\/p>\n","protected":false},"author":9,"featured_media":21775,"comment_status":"open","ping_status":"open","sticky":false,"template":"","format":"standard","meta":{"footnotes":""},"categories":[9,29,28],"tags":[58,176,46,1626,99,77,145,1680,1681,92,93,1076],"yoast_head":"<!-- This site is optimized with the Yoast SEO plugin v24.5 - https:\/\/yoast.com\/wordpress\/plugins\/seo\/ -->\n<title>Viernes 19 de diciembre, \u00faltimo d\u00eda para formalizar importantes seguros agrarios en esta campa\u00f1a - ASAJA Palencia<\/title>\n<meta name=\"description\" content=\"Quedan apenas unos d\u00edas para que concluya el plazo para contratar el seguro de cultivos forrajeros, que incluye cobertura de sequ\u00eda, una hist\u00f3rica\" \/>\n<meta name=\"robots\" content=\"index, follow, max-snippet:-1, max-image-preview:large, max-video-preview:-1\" \/>\n<link rel=\"canonical\" href=\"https:\/\/www.asajacyl.com\/palencia\/asaja-palencia-informa\/viernes-19-de-diciembre-ultimo-dia-para-formalizar-importantes-seguros-agrarios-en-esta-campana\" \/>\n<meta property=\"og:locale\" content=\"es_ES\" \/>\n<meta property=\"og:type\" content=\"article\" \/>\n<meta property=\"og:title\" content=\"Viernes 19 de diciembre, \u00faltimo d\u00eda para formalizar importantes seguros agrarios en esta campa\u00f1a - ASAJA Palencia\" \/>\n<meta property=\"og:description\" content=\"Quedan apenas unos d\u00edas para que concluya el plazo para contratar el seguro de cultivos forrajeros, que incluye cobertura de sequ\u00eda, una hist\u00f3rica\" \/>\n<meta property=\"og:url\" content=\"https:\/\/www.asajacyl.com\/palencia\/asaja-palencia-informa\/viernes-19-de-diciembre-ultimo-dia-para-formalizar-importantes-seguros-agrarios-en-esta-campana\" \/>\n<meta property=\"og:site_name\" content=\"ASAJA Palencia\" \/>\n<meta property=\"article:published_time\" content=\"2025-12-10T10:32:35+00:00\" \/>\n<meta property=\"article:modified_time\" content=\"2026-01-12T07:53:57+00:00\" \/>\n<meta property=\"og:image\" content=\"https:\/\/www.asajacyl.com\/palencia\/wp-content\/uploads\/sites\/3\/2025\/12\/Remolque-forraje-web.jpg\" \/>\n\t<meta property=\"og:image:width\" content=\"1890\" \/>\n\t<meta property=\"og:image:height\" content=\"1654\" \/>\n\t<meta property=\"og:image:type\" content=\"image\/jpeg\" \/>\n<meta name=\"author\" content=\"Administrador\" \/>\n<meta name=\"twitter:card\" content=\"summary_large_image\" \/>\n<meta name=\"twitter:label1\" content=\"Escrito por\" \/>\n\t<meta name=\"twitter:data1\" content=\"Administrador\" \/>\n\t<meta name=\"twitter:label2\" content=\"Tiempo de lectura\" \/>\n\t<meta name=\"twitter:data2\" content=\"4 minutos\" \/>\n<script type=\"application\/ld+json\" class=\"yoast-schema-graph\">{\"@context\":\"https:\/\/schema.org\",\"@graph\":[{\"@type\":\"WebPage\",\"@id\":\"https:\/\/www.asajacyl.com\/palencia\/asaja-palencia-informa\/viernes-19-de-diciembre-ultimo-dia-para-formalizar-importantes-seguros-agrarios-en-esta-campana\",\"url\":\"https:\/\/www.asajacyl.com\/palencia\/asaja-palencia-informa\/viernes-19-de-diciembre-ultimo-dia-para-formalizar-importantes-seguros-agrarios-en-esta-campana\",\"name\":\"Viernes 19 de diciembre, \u00faltimo d\u00eda para formalizar importantes seguros agrarios en esta campa\u00f1a - ASAJA Palencia\",\"isPartOf\":{\"@id\":\"https:\/\/www.asajacyl.com\/palencia\/#website\"},\"primaryImageOfPage\":{\"@id\":\"https:\/\/www.asajacyl.com\/palencia\/asaja-palencia-informa\/viernes-19-de-diciembre-ultimo-dia-para-formalizar-importantes-seguros-agrarios-en-esta-campana#primaryimage\"},\"image\":{\"@id\":\"https:\/\/www.asajacyl.com\/palencia\/asaja-palencia-informa\/viernes-19-de-diciembre-ultimo-dia-para-formalizar-importantes-seguros-agrarios-en-esta-campana#primaryimage\"},\"thumbnailUrl\":\"https:\/\/www.asajacyl.com\/palencia\/wp-content\/uploads\/sites\/3\/2025\/12\/Remolque-forraje-web.jpg\",\"datePublished\":\"2025-12-10T10:32:35+00:00\",\"dateModified\":\"2026-01-12T07:53:57+00:00\",\"author\":{\"@id\":\"https:\/\/www.asajacyl.com\/palencia\/#\/schema\/person\/3ab17aeb03527485c317557fae64aab1\"},\"description\":\"Quedan apenas unos d\u00edas para que concluya el plazo para contratar el seguro de cultivos forrajeros, que incluye cobertura de sequ\u00eda, una hist\u00f3rica\",\"breadcrumb\":{\"@id\":\"https:\/\/www.asajacyl.com\/palencia\/asaja-palencia-informa\/viernes-19-de-diciembre-ultimo-dia-para-formalizar-importantes-seguros-agrarios-en-esta-campana#breadcrumb\"},\"inLanguage\":\"es\",\"potentialAction\":[{\"@type\":\"ReadAction\",\"target\":[\"https:\/\/www.asajacyl.com\/palencia\/asaja-palencia-informa\/viernes-19-de-diciembre-ultimo-dia-para-formalizar-importantes-seguros-agrarios-en-esta-campana\"]}]},{\"@type\":\"ImageObject\",\"inLanguage\":\"es\",\"@id\":\"https:\/\/www.asajacyl.com\/palencia\/asaja-palencia-informa\/viernes-19-de-diciembre-ultimo-dia-para-formalizar-importantes-seguros-agrarios-en-esta-campana#primaryimage\",\"url\":\"https:\/\/www.asajacyl.com\/palencia\/wp-content\/uploads\/sites\/3\/2025\/12\/Remolque-forraje-web.jpg\",\"contentUrl\":\"https:\/\/www.asajacyl.com\/palencia\/wp-content\/uploads\/sites\/3\/2025\/12\/Remolque-forraje-web.jpg\",\"width\":1890,\"height\":1654},{\"@type\":\"BreadcrumbList\",\"@id\":\"https:\/\/www.asajacyl.com\/palencia\/asaja-palencia-informa\/viernes-19-de-diciembre-ultimo-dia-para-formalizar-importantes-seguros-agrarios-en-esta-campana#breadcrumb\",\"itemListElement\":[{\"@type\":\"ListItem\",\"position\":1,\"name\":\"Portada\",\"item\":\"https:\/\/www.asajacyl.com\/palencia\/\"},{\"@type\":\"ListItem\",\"position\":2,\"name\":\"Viernes 19 de diciembre, \u00faltimo d\u00eda para formalizar importantes seguros agrarios en esta campa\u00f1a\"}]},{\"@type\":\"WebSite\",\"@id\":\"https:\/\/www.asajacyl.com\/palencia\/#website\",\"url\":\"https:\/\/www.asajacyl.com\/palencia\/\",\"name\":\"ASAJA Palencia\",\"description\":\"Otro sitio m\u00e1s de Provincias ASAJA Castilla y Le\u00f3n\",\"potentialAction\":[{\"@type\":\"SearchAction\",\"target\":{\"@type\":\"EntryPoint\",\"urlTemplate\":\"https:\/\/www.asajacyl.com\/palencia\/?s={search_term_string}\"},\"query-input\":{\"@type\":\"PropertyValueSpecification\",\"valueRequired\":true,\"valueName\":\"search_term_string\"}}],\"inLanguage\":\"es\"},{\"@type\":\"Person\",\"@id\":\"https:\/\/www.asajacyl.com\/palencia\/#\/schema\/person\/3ab17aeb03527485c317557fae64aab1\",\"name\":\"Administrador\",\"image\":{\"@type\":\"ImageObject\",\"inLanguage\":\"es\",\"@id\":\"https:\/\/www.asajacyl.com\/palencia\/#\/schema\/person\/image\/\",\"url\":\"https:\/\/secure.gravatar.com\/avatar\/517384810d242ca9e38c180f3c9fb973?s=96&d=mm&r=g\",\"contentUrl\":\"https:\/\/secure.gravatar.com\/avatar\/517384810d242ca9e38c180f3c9fb973?s=96&d=mm&r=g\",\"caption\":\"Administrador\"},\"url\":\"https:\/\/www.asajacyl.com\/palencia\/author\/carlosrm\"}]}<\/script>\n<!-- \/ Yoast SEO plugin. -->","yoast_head_json":{"title":"Viernes 19 de diciembre, \u00faltimo d\u00eda para formalizar importantes seguros agrarios en esta campa\u00f1a - ASAJA Palencia","description":"Quedan apenas unos d\u00edas para que concluya el plazo para contratar el seguro de cultivos forrajeros, que incluye cobertura de sequ\u00eda, una hist\u00f3rica","robots":{"index":"index","follow":"follow","max-snippet":"max-snippet:-1","max-image-preview":"max-image-preview:large","max-video-preview":"max-video-preview:-1"},"canonical":"https:\/\/www.asajacyl.com\/palencia\/asaja-palencia-informa\/viernes-19-de-diciembre-ultimo-dia-para-formalizar-importantes-seguros-agrarios-en-esta-campana","og_locale":"es_ES","og_type":"article","og_title":"Viernes 19 de diciembre, \u00faltimo d\u00eda para formalizar importantes seguros agrarios en esta campa\u00f1a - ASAJA Palencia","og_description":"Quedan apenas unos d\u00edas para que concluya el plazo para contratar el seguro de cultivos forrajeros, que incluye cobertura de sequ\u00eda, una hist\u00f3rica","og_url":"https:\/\/www.asajacyl.com\/palencia\/asaja-palencia-informa\/viernes-19-de-diciembre-ultimo-dia-para-formalizar-importantes-seguros-agrarios-en-esta-campana","og_site_name":"ASAJA Palencia","article_published_time":"2025-12-10T10:32:35+00:00","article_modified_time":"2026-01-12T07:53:57+00:00","og_image":[{"width":1890,"height":1654,"url":"https:\/\/www.asajacyl.com\/palencia\/wp-content\/uploads\/sites\/3\/2025\/12\/Remolque-forraje-web.jpg","type":"image\/jpeg"}],"author":"Administrador","twitter_card":"summary_large_image","twitter_misc":{"Escrito por":"Administrador","Tiempo de lectura":"4 minutos"},"schema":{"@context":"https:\/\/schema.org","@graph":[{"@type":"WebPage","@id":"https:\/\/www.asajacyl.com\/palencia\/asaja-palencia-informa\/viernes-19-de-diciembre-ultimo-dia-para-formalizar-importantes-seguros-agrarios-en-esta-campana","url":"https:\/\/www.asajacyl.com\/palencia\/asaja-palencia-informa\/viernes-19-de-diciembre-ultimo-dia-para-formalizar-importantes-seguros-agrarios-en-esta-campana","name":"Viernes 19 de diciembre, \u00faltimo d\u00eda para formalizar importantes seguros agrarios en esta campa\u00f1a - ASAJA Palencia","isPartOf":{"@id":"https:\/\/www.asajacyl.com\/palencia\/#website"},"primaryImageOfPage":{"@id":"https:\/\/www.asajacyl.com\/palencia\/asaja-palencia-informa\/viernes-19-de-diciembre-ultimo-dia-para-formalizar-importantes-seguros-agrarios-en-esta-campana#primaryimage"},"image":{"@id":"https:\/\/www.asajacyl.com\/palencia\/asaja-palencia-informa\/viernes-19-de-diciembre-ultimo-dia-para-formalizar-importantes-seguros-agrarios-en-esta-campana#primaryimage"},"thumbnailUrl":"https:\/\/www.asajacyl.com\/palencia\/wp-content\/uploads\/sites\/3\/2025\/12\/Remolque-forraje-web.jpg","datePublished":"2025-12-10T10:32:35+00:00","dateModified":"2026-01-12T07:53:57+00:00","author":{"@id":"https:\/\/www.asajacyl.com\/palencia\/#\/schema\/person\/3ab17aeb03527485c317557fae64aab1"},"description":"Quedan apenas unos d\u00edas para que concluya el plazo para contratar el seguro de cultivos forrajeros, que incluye cobertura de sequ\u00eda, una hist\u00f3rica","breadcrumb":{"@id":"https:\/\/www.asajacyl.com\/palencia\/asaja-palencia-informa\/viernes-19-de-diciembre-ultimo-dia-para-formalizar-importantes-seguros-agrarios-en-esta-campana#breadcrumb"},"inLanguage":"es","potentialAction":[{"@type":"ReadAction","target":["https:\/\/www.asajacyl.com\/palencia\/asaja-palencia-informa\/viernes-19-de-diciembre-ultimo-dia-para-formalizar-importantes-seguros-agrarios-en-esta-campana"]}]},{"@type":"ImageObject","inLanguage":"es","@id":"https:\/\/www.asajacyl.com\/palencia\/asaja-palencia-informa\/viernes-19-de-diciembre-ultimo-dia-para-formalizar-importantes-seguros-agrarios-en-esta-campana#primaryimage","url":"https:\/\/www.asajacyl.com\/palencia\/wp-content\/uploads\/sites\/3\/2025\/12\/Remolque-forraje-web.jpg","contentUrl":"https:\/\/www.asajacyl.com\/palencia\/wp-content\/uploads\/sites\/3\/2025\/12\/Remolque-forraje-web.jpg","width":1890,"height":1654},{"@type":"BreadcrumbList","@id":"https:\/\/www.asajacyl.com\/palencia\/asaja-palencia-informa\/viernes-19-de-diciembre-ultimo-dia-para-formalizar-importantes-seguros-agrarios-en-esta-campana#breadcrumb","itemListElement":[{"@type":"ListItem","position":1,"name":"Portada","item":"https:\/\/www.asajacyl.com\/palencia\/"},{"@type":"ListItem","position":2,"name":"Viernes 19 de diciembre, \u00faltimo d\u00eda para formalizar importantes seguros agrarios en esta campa\u00f1a"}]},{"@type":"WebSite","@id":"https:\/\/www.asajacyl.com\/palencia\/#website","url":"https:\/\/www.asajacyl.com\/palencia\/","name":"ASAJA Palencia","description":"Otro sitio m\u00e1s de Provincias ASAJA Castilla y Le\u00f3n","potentialAction":[{"@type":"SearchAction","target":{"@type":"EntryPoint","urlTemplate":"https:\/\/www.asajacyl.com\/palencia\/?s={search_term_string}"},"query-input":{"@type":"PropertyValueSpecification","valueRequired":true,"valueName":"search_term_string"}}],"inLanguage":"es"},{"@type":"Person","@id":"https:\/\/www.asajacyl.com\/palencia\/#\/schema\/person\/3ab17aeb03527485c317557fae64aab1","name":"Administrador","image":{"@type":"ImageObject","inLanguage":"es","@id":"https:\/\/www.asajacyl.com\/palencia\/#\/schema\/person\/image\/","url":"https:\/\/secure.gravatar.com\/avatar\/517384810d242ca9e38c180f3c9fb973?s=96&d=mm&r=g","contentUrl":"https:\/\/secure.gravatar.com\/avatar\/517384810d242ca9e38c180f3c9fb973?s=96&d=mm&r=g","caption":"Administrador"},"url":"https:\/\/www.asajacyl.com\/palencia\/author\/carlosrm"}]}},"_links":{"self":[{"href":"https:\/\/www.asajacyl.com\/palencia\/wp-json\/wp\/v2\/posts\/21773"}],"collection":[{"href":"https:\/\/www.asajacyl.com\/palencia\/wp-json\/wp\/v2\/posts"}],"about":[{"href":"https:\/\/www.asajacyl.com\/palencia\/wp-json\/wp\/v2\/types\/post"}],"author":[{"embeddable":true,"href":"https:\/\/www.asajacyl.com\/palencia\/wp-json\/wp\/v2\/users\/9"}],"replies":[{"embeddable":true,"href":"https:\/\/www.asajacyl.com\/palencia\/wp-json\/wp\/v2\/comments?post=21773"}],"version-history":[{"count":1,"href":"https:\/\/www.asajacyl.com\/palencia\/wp-json\/wp\/v2\/posts\/21773\/revisions"}],"predecessor-version":[{"id":21774,"href":"https:\/\/www.asajacyl.com\/palencia\/wp-json\/wp\/v2\/posts\/21773\/revisions\/21774"}],"wp:featuredmedia":[{"embeddable":true,"href":"https:\/\/www.asajacyl.com\/palencia\/wp-json\/wp\/v2\/media\/21775"}],"wp:attachment":[{"href":"https:\/\/www.asajacyl.com\/palencia\/wp-json\/wp\/v2\/media?parent=21773"}],"wp:term":[{"taxonomy":"category","embeddable":true,"href":"https:\/\/www.asajacyl.com\/palencia\/wp-json\/wp\/v2\/categories?post=21773"},{"taxonomy":"post_tag","embeddable":true,"href":"https:\/\/www.asajacyl.com\/palencia\/wp-json\/wp\/v2\/tags?post=21773"}],"curies":[{"name":"wp","href":"https:\/\/api.w.org\/{rel}","templated":true}]}}