{"id":21777,"date":"2025-12-12T09:31:33","date_gmt":"2025-12-12T08:31:33","guid":{"rendered":"https:\/\/www.asajacyl.com\/palencia\/?p=21777"},"modified":"2025-12-12T09:32:50","modified_gmt":"2025-12-12T08:32:50","slug":"bajada-de-la-cotizacion-de-cereales-debido-al-aumento-de-oferta-de-grano-a-la-venta-por-cierre-de-ejercicio","status":"publish","type":"post","link":"https:\/\/www.asajacyl.com\/palencia\/asaja-palencia-informa\/bajada-de-la-cotizacion-de-cereales-debido-al-aumento-de-oferta-de-grano-a-la-venta-por-cierre-de-ejercicio","title":{"rendered":"Bajada de la cotizaci\u00f3n de cereales debido al aumento de oferta de grano a la venta por cierre de ejercicio"},"content":{"rendered":"\n<h2 class=\"wp-block-heading\">La sesi\u00f3n de la Lonja de Le\u00f3n ha constatado esta semana un descenso de los principales cereales, como consecuencia de un aumento de la oferta de venta de producto en esta recta final del ejercicio. Aun cuando los precios son baj\u00edsimos, nuestros agricultores hacen n\u00fameros y sacan grano al mercado para ajustar su fiscalidad. La cebada cae dos euros por tonelada con respecto a la semana anterior, y queda en 186 euros, con lo que ya pierde todo lo que hab\u00eda ganado desde finales de octubre.<\/h2>\n\n\n\n<p>Por su parte, tanto el trigo como el centeno bajan un euro por tonelada, afectados tambi\u00e9n por esa reducci\u00f3n de remanentes de producci\u00f3n por parte de los vendedores, que aprovechan los compradores \u00abcuando ya muchos fabricantes ten\u00edan cubiertas sus necesidades para lo que resta de a\u00f1o\u00bb, seg\u00fan explican desde la lonja leonesa. <\/p>\n\n\n\n<p>En la mesa de forrajes, subidas estacionales de un 10 % en la paja, y de quince euros por tonelada en la alfalfa, debidas a \u00abla cercan\u00eda del invierno, que incrementa los pedidos por parte de los ganaderos ante la previsi\u00f3n de futuras necesidades\u00bb, a\u00f1aden desde la Lonja de Le\u00f3n, donde no se movieron las cotizaciones en las mesas de alubias y patatas.<\/p>\n\n\n\n<p>En cambio, la falta de oferta en un momento de pujante demanda de producto ha tirado de los precios del bovino de carne, tanto para vida como para matadero, como ya sucedi\u00f3 el martes en la Lonja de Salamanca. <\/p>\n\n\n\n<p>Los pasteros subieron cien euros (tanto hembras como machos), mientras todas las categor\u00edas para sacrificio operan a diez c\u00e9ntimos por kilo m\u00e1s que la semana anterior, salvo las vacas, que se elevan en torno a medio euro por kilo, en un contexto generalizado de revalorizaci\u00f3n del bovino espa\u00f1ol, tanto por la demanda interna como exterior, con una caba\u00f1a muy ajustada. &nbsp;<\/p>\n\n\n<div class=\"wp-block-image\">\n<figure class=\"aligncenter size-large is-resized\"><img loading=\"lazy\" decoding=\"async\" width=\"1024\" height=\"768\" src=\"https:\/\/www.asajacyl.com\/palencia\/wp-content\/uploads\/sites\/3\/2025\/12\/Precios-agricultura-10dic2025-1024x768.png\" alt=\"\" class=\"wp-image-21778\" style=\"width:1065px;height:auto\" srcset=\"https:\/\/www.asajacyl.com\/palencia\/wp-content\/uploads\/sites\/3\/2025\/12\/Precios-agricultura-10dic2025-1024x768.png 1024w, https:\/\/www.asajacyl.com\/palencia\/wp-content\/uploads\/sites\/3\/2025\/12\/Precios-agricultura-10dic2025-300x225.png 300w, https:\/\/www.asajacyl.com\/palencia\/wp-content\/uploads\/sites\/3\/2025\/12\/Precios-agricultura-10dic2025-768x576.png 768w, https:\/\/www.asajacyl.com\/palencia\/wp-content\/uploads\/sites\/3\/2025\/12\/Precios-agricultura-10dic2025-1536x1152.png 1536w, https:\/\/www.asajacyl.com\/palencia\/wp-content\/uploads\/sites\/3\/2025\/12\/Precios-agricultura-10dic2025-2048x1536.png 2048w, https:\/\/www.asajacyl.com\/palencia\/wp-content\/uploads\/sites\/3\/2025\/12\/Precios-agricultura-10dic2025-560x420.png 560w, https:\/\/www.asajacyl.com\/palencia\/wp-content\/uploads\/sites\/3\/2025\/12\/Precios-agricultura-10dic2025-80x60.png 80w, https:\/\/www.asajacyl.com\/palencia\/wp-content\/uploads\/sites\/3\/2025\/12\/Precios-agricultura-10dic2025-696x522.png 696w, https:\/\/www.asajacyl.com\/palencia\/wp-content\/uploads\/sites\/3\/2025\/12\/Precios-agricultura-10dic2025-1068x801.png 1068w, https:\/\/www.asajacyl.com\/palencia\/wp-content\/uploads\/sites\/3\/2025\/12\/Precios-agricultura-10dic2025-1920x1440.png 1920w\" sizes=\"(max-width: 1024px) 100vw, 1024px\" \/><\/figure><\/div>","protected":false},"excerpt":{"rendered":"<p>La sesi\u00f3n de la Lonja de Le\u00f3n ha constatado esta semana un descenso de los principales cereales, como consecuencia de un aumento de la oferta de venta de producto en esta recta final del ejercicio. Aun cuando los precios son baj\u00edsimos, nuestros agricultores hacen n\u00fameros y sacan grano al mercado para ajustar su fiscalidad. La [&hellip;]<\/p>\n","protected":false},"author":9,"featured_media":21780,"comment_status":"open","ping_status":"open","sticky":false,"template":"","format":"standard","meta":{"footnotes":""},"categories":[9,29,36,28,13],"tags":[58,925,290,478,221,46,99,77,96,293,219,198,756,631,220,294],"yoast_head":"<!-- This site is optimized with the Yoast SEO plugin v24.5 - https:\/\/yoast.com\/wordpress\/plugins\/seo\/ -->\n<title>Bajada de la cotizaci\u00f3n de cereales debido al aumento de oferta de grano a la venta por cierre de ejercicio - ASAJA Palencia<\/title>\n<meta name=\"description\" content=\"La sesi\u00f3n de la Lonja de Le\u00f3n ha constatado esta semana un descenso de los principales cereales, como consecuencia de un aumento de la oferta de venta de\" \/>\n<meta name=\"robots\" content=\"index, follow, max-snippet:-1, max-image-preview:large, max-video-preview:-1\" \/>\n<link rel=\"canonical\" href=\"https:\/\/www.asajacyl.com\/palencia\/asaja-palencia-informa\/bajada-de-la-cotizacion-de-cereales-debido-al-aumento-de-oferta-de-grano-a-la-venta-por-cierre-de-ejercicio\" \/>\n<meta property=\"og:locale\" content=\"es_ES\" \/>\n<meta property=\"og:type\" content=\"article\" \/>\n<meta property=\"og:title\" content=\"Bajada de la cotizaci\u00f3n de cereales debido al aumento de oferta de grano a la venta por cierre de ejercicio - ASAJA Palencia\" \/>\n<meta property=\"og:description\" content=\"La sesi\u00f3n de la Lonja de Le\u00f3n ha constatado esta semana un descenso de los principales cereales, como consecuencia de un aumento de la oferta de venta de\" \/>\n<meta property=\"og:url\" content=\"https:\/\/www.asajacyl.com\/palencia\/asaja-palencia-informa\/bajada-de-la-cotizacion-de-cereales-debido-al-aumento-de-oferta-de-grano-a-la-venta-por-cierre-de-ejercicio\" \/>\n<meta property=\"og:site_name\" content=\"ASAJA Palencia\" \/>\n<meta property=\"article:published_time\" content=\"2025-12-12T08:31:33+00:00\" \/>\n<meta property=\"article:modified_time\" content=\"2025-12-12T08:32:50+00:00\" \/>\n<meta property=\"og:image\" content=\"https:\/\/www.asajacyl.com\/palencia\/wp-content\/uploads\/sites\/3\/2025\/12\/Grano-cereal-mano-web.jpg\" \/>\n\t<meta property=\"og:image:width\" content=\"1890\" \/>\n\t<meta property=\"og:image:height\" content=\"1654\" \/>\n\t<meta property=\"og:image:type\" content=\"image\/jpeg\" \/>\n<meta name=\"author\" content=\"Administrador\" \/>\n<meta name=\"twitter:card\" content=\"summary_large_image\" \/>\n<meta name=\"twitter:label1\" content=\"Escrito por\" \/>\n\t<meta name=\"twitter:data1\" content=\"Administrador\" \/>\n\t<meta name=\"twitter:label2\" content=\"Tiempo de lectura\" \/>\n\t<meta name=\"twitter:data2\" content=\"2 minutos\" \/>\n<script type=\"application\/ld+json\" class=\"yoast-schema-graph\">{\"@context\":\"https:\/\/schema.org\",\"@graph\":[{\"@type\":\"WebPage\",\"@id\":\"https:\/\/www.asajacyl.com\/palencia\/asaja-palencia-informa\/bajada-de-la-cotizacion-de-cereales-debido-al-aumento-de-oferta-de-grano-a-la-venta-por-cierre-de-ejercicio\",\"url\":\"https:\/\/www.asajacyl.com\/palencia\/asaja-palencia-informa\/bajada-de-la-cotizacion-de-cereales-debido-al-aumento-de-oferta-de-grano-a-la-venta-por-cierre-de-ejercicio\",\"name\":\"Bajada de la cotizaci\u00f3n de cereales debido al aumento de oferta de grano a la venta por cierre de ejercicio - ASAJA Palencia\",\"isPartOf\":{\"@id\":\"https:\/\/www.asajacyl.com\/palencia\/#website\"},\"primaryImageOfPage\":{\"@id\":\"https:\/\/www.asajacyl.com\/palencia\/asaja-palencia-informa\/bajada-de-la-cotizacion-de-cereales-debido-al-aumento-de-oferta-de-grano-a-la-venta-por-cierre-de-ejercicio#primaryimage\"},\"image\":{\"@id\":\"https:\/\/www.asajacyl.com\/palencia\/asaja-palencia-informa\/bajada-de-la-cotizacion-de-cereales-debido-al-aumento-de-oferta-de-grano-a-la-venta-por-cierre-de-ejercicio#primaryimage\"},\"thumbnailUrl\":\"https:\/\/www.asajacyl.com\/palencia\/wp-content\/uploads\/sites\/3\/2025\/12\/Grano-cereal-mano-web.jpg\",\"datePublished\":\"2025-12-12T08:31:33+00:00\",\"dateModified\":\"2025-12-12T08:32:50+00:00\",\"author\":{\"@id\":\"https:\/\/www.asajacyl.com\/palencia\/#\/schema\/person\/3ab17aeb03527485c317557fae64aab1\"},\"description\":\"La sesi\u00f3n de la Lonja de Le\u00f3n ha constatado esta semana un descenso de los principales cereales, como consecuencia de un aumento de la oferta de venta de\",\"breadcrumb\":{\"@id\":\"https:\/\/www.asajacyl.com\/palencia\/asaja-palencia-informa\/bajada-de-la-cotizacion-de-cereales-debido-al-aumento-de-oferta-de-grano-a-la-venta-por-cierre-de-ejercicio#breadcrumb\"},\"inLanguage\":\"es\",\"potentialAction\":[{\"@type\":\"ReadAction\",\"target\":[\"https:\/\/www.asajacyl.com\/palencia\/asaja-palencia-informa\/bajada-de-la-cotizacion-de-cereales-debido-al-aumento-de-oferta-de-grano-a-la-venta-por-cierre-de-ejercicio\"]}]},{\"@type\":\"ImageObject\",\"inLanguage\":\"es\",\"@id\":\"https:\/\/www.asajacyl.com\/palencia\/asaja-palencia-informa\/bajada-de-la-cotizacion-de-cereales-debido-al-aumento-de-oferta-de-grano-a-la-venta-por-cierre-de-ejercicio#primaryimage\",\"url\":\"https:\/\/www.asajacyl.com\/palencia\/wp-content\/uploads\/sites\/3\/2025\/12\/Grano-cereal-mano-web.jpg\",\"contentUrl\":\"https:\/\/www.asajacyl.com\/palencia\/wp-content\/uploads\/sites\/3\/2025\/12\/Grano-cereal-mano-web.jpg\",\"width\":1890,\"height\":1654},{\"@type\":\"BreadcrumbList\",\"@id\":\"https:\/\/www.asajacyl.com\/palencia\/asaja-palencia-informa\/bajada-de-la-cotizacion-de-cereales-debido-al-aumento-de-oferta-de-grano-a-la-venta-por-cierre-de-ejercicio#breadcrumb\",\"itemListElement\":[{\"@type\":\"ListItem\",\"position\":1,\"name\":\"Portada\",\"item\":\"https:\/\/www.asajacyl.com\/palencia\/\"},{\"@type\":\"ListItem\",\"position\":2,\"name\":\"Bajada de la cotizaci\u00f3n de cereales debido al aumento de oferta de grano a la venta por cierre de ejercicio\"}]},{\"@type\":\"WebSite\",\"@id\":\"https:\/\/www.asajacyl.com\/palencia\/#website\",\"url\":\"https:\/\/www.asajacyl.com\/palencia\/\",\"name\":\"ASAJA Palencia\",\"description\":\"Otro sitio m\u00e1s de Provincias ASAJA Castilla y Le\u00f3n\",\"potentialAction\":[{\"@type\":\"SearchAction\",\"target\":{\"@type\":\"EntryPoint\",\"urlTemplate\":\"https:\/\/www.asajacyl.com\/palencia\/?s={search_term_string}\"},\"query-input\":{\"@type\":\"PropertyValueSpecification\",\"valueRequired\":true,\"valueName\":\"search_term_string\"}}],\"inLanguage\":\"es\"},{\"@type\":\"Person\",\"@id\":\"https:\/\/www.asajacyl.com\/palencia\/#\/schema\/person\/3ab17aeb03527485c317557fae64aab1\",\"name\":\"Administrador\",\"image\":{\"@type\":\"ImageObject\",\"inLanguage\":\"es\",\"@id\":\"https:\/\/www.asajacyl.com\/palencia\/#\/schema\/person\/image\/\",\"url\":\"https:\/\/secure.gravatar.com\/avatar\/517384810d242ca9e38c180f3c9fb973?s=96&d=mm&r=g\",\"contentUrl\":\"https:\/\/secure.gravatar.com\/avatar\/517384810d242ca9e38c180f3c9fb973?s=96&d=mm&r=g\",\"caption\":\"Administrador\"},\"url\":\"https:\/\/www.asajacyl.com\/palencia\/author\/carlosrm\"}]}<\/script>\n<!-- \/ Yoast SEO plugin. -->","yoast_head_json":{"title":"Bajada de la cotizaci\u00f3n de cereales debido al aumento de oferta de grano a la venta por cierre de ejercicio - ASAJA Palencia","description":"La sesi\u00f3n de la Lonja de Le\u00f3n ha constatado esta semana un descenso de los principales cereales, como consecuencia de un aumento de la oferta de venta de","robots":{"index":"index","follow":"follow","max-snippet":"max-snippet:-1","max-image-preview":"max-image-preview:large","max-video-preview":"max-video-preview:-1"},"canonical":"https:\/\/www.asajacyl.com\/palencia\/asaja-palencia-informa\/bajada-de-la-cotizacion-de-cereales-debido-al-aumento-de-oferta-de-grano-a-la-venta-por-cierre-de-ejercicio","og_locale":"es_ES","og_type":"article","og_title":"Bajada de la cotizaci\u00f3n de cereales debido al aumento de oferta de grano a la venta por cierre de ejercicio - ASAJA Palencia","og_description":"La sesi\u00f3n de la Lonja de Le\u00f3n ha constatado esta semana un descenso de los principales cereales, como consecuencia de un aumento de la oferta de venta de","og_url":"https:\/\/www.asajacyl.com\/palencia\/asaja-palencia-informa\/bajada-de-la-cotizacion-de-cereales-debido-al-aumento-de-oferta-de-grano-a-la-venta-por-cierre-de-ejercicio","og_site_name":"ASAJA Palencia","article_published_time":"2025-12-12T08:31:33+00:00","article_modified_time":"2025-12-12T08:32:50+00:00","og_image":[{"width":1890,"height":1654,"url":"https:\/\/www.asajacyl.com\/palencia\/wp-content\/uploads\/sites\/3\/2025\/12\/Grano-cereal-mano-web.jpg","type":"image\/jpeg"}],"author":"Administrador","twitter_card":"summary_large_image","twitter_misc":{"Escrito por":"Administrador","Tiempo de lectura":"2 minutos"},"schema":{"@context":"https:\/\/schema.org","@graph":[{"@type":"WebPage","@id":"https:\/\/www.asajacyl.com\/palencia\/asaja-palencia-informa\/bajada-de-la-cotizacion-de-cereales-debido-al-aumento-de-oferta-de-grano-a-la-venta-por-cierre-de-ejercicio","url":"https:\/\/www.asajacyl.com\/palencia\/asaja-palencia-informa\/bajada-de-la-cotizacion-de-cereales-debido-al-aumento-de-oferta-de-grano-a-la-venta-por-cierre-de-ejercicio","name":"Bajada de la cotizaci\u00f3n de cereales debido al aumento de oferta de grano a la venta por cierre de ejercicio - ASAJA Palencia","isPartOf":{"@id":"https:\/\/www.asajacyl.com\/palencia\/#website"},"primaryImageOfPage":{"@id":"https:\/\/www.asajacyl.com\/palencia\/asaja-palencia-informa\/bajada-de-la-cotizacion-de-cereales-debido-al-aumento-de-oferta-de-grano-a-la-venta-por-cierre-de-ejercicio#primaryimage"},"image":{"@id":"https:\/\/www.asajacyl.com\/palencia\/asaja-palencia-informa\/bajada-de-la-cotizacion-de-cereales-debido-al-aumento-de-oferta-de-grano-a-la-venta-por-cierre-de-ejercicio#primaryimage"},"thumbnailUrl":"https:\/\/www.asajacyl.com\/palencia\/wp-content\/uploads\/sites\/3\/2025\/12\/Grano-cereal-mano-web.jpg","datePublished":"2025-12-12T08:31:33+00:00","dateModified":"2025-12-12T08:32:50+00:00","author":{"@id":"https:\/\/www.asajacyl.com\/palencia\/#\/schema\/person\/3ab17aeb03527485c317557fae64aab1"},"description":"La sesi\u00f3n de la Lonja de Le\u00f3n ha constatado esta semana un descenso de los principales cereales, como consecuencia de un aumento de la oferta de venta de","breadcrumb":{"@id":"https:\/\/www.asajacyl.com\/palencia\/asaja-palencia-informa\/bajada-de-la-cotizacion-de-cereales-debido-al-aumento-de-oferta-de-grano-a-la-venta-por-cierre-de-ejercicio#breadcrumb"},"inLanguage":"es","potentialAction":[{"@type":"ReadAction","target":["https:\/\/www.asajacyl.com\/palencia\/asaja-palencia-informa\/bajada-de-la-cotizacion-de-cereales-debido-al-aumento-de-oferta-de-grano-a-la-venta-por-cierre-de-ejercicio"]}]},{"@type":"ImageObject","inLanguage":"es","@id":"https:\/\/www.asajacyl.com\/palencia\/asaja-palencia-informa\/bajada-de-la-cotizacion-de-cereales-debido-al-aumento-de-oferta-de-grano-a-la-venta-por-cierre-de-ejercicio#primaryimage","url":"https:\/\/www.asajacyl.com\/palencia\/wp-content\/uploads\/sites\/3\/2025\/12\/Grano-cereal-mano-web.jpg","contentUrl":"https:\/\/www.asajacyl.com\/palencia\/wp-content\/uploads\/sites\/3\/2025\/12\/Grano-cereal-mano-web.jpg","width":1890,"height":1654},{"@type":"BreadcrumbList","@id":"https:\/\/www.asajacyl.com\/palencia\/asaja-palencia-informa\/bajada-de-la-cotizacion-de-cereales-debido-al-aumento-de-oferta-de-grano-a-la-venta-por-cierre-de-ejercicio#breadcrumb","itemListElement":[{"@type":"ListItem","position":1,"name":"Portada","item":"https:\/\/www.asajacyl.com\/palencia\/"},{"@type":"ListItem","position":2,"name":"Bajada de la cotizaci\u00f3n de cereales debido al aumento de oferta de grano a la venta por cierre de ejercicio"}]},{"@type":"WebSite","@id":"https:\/\/www.asajacyl.com\/palencia\/#website","url":"https:\/\/www.asajacyl.com\/palencia\/","name":"ASAJA Palencia","description":"Otro sitio m\u00e1s de Provincias ASAJA Castilla y Le\u00f3n","potentialAction":[{"@type":"SearchAction","target":{"@type":"EntryPoint","urlTemplate":"https:\/\/www.asajacyl.com\/palencia\/?s={search_term_string}"},"query-input":{"@type":"PropertyValueSpecification","valueRequired":true,"valueName":"search_term_string"}}],"inLanguage":"es"},{"@type":"Person","@id":"https:\/\/www.asajacyl.com\/palencia\/#\/schema\/person\/3ab17aeb03527485c317557fae64aab1","name":"Administrador","image":{"@type":"ImageObject","inLanguage":"es","@id":"https:\/\/www.asajacyl.com\/palencia\/#\/schema\/person\/image\/","url":"https:\/\/secure.gravatar.com\/avatar\/517384810d242ca9e38c180f3c9fb973?s=96&d=mm&r=g","contentUrl":"https:\/\/secure.gravatar.com\/avatar\/517384810d242ca9e38c180f3c9fb973?s=96&d=mm&r=g","caption":"Administrador"},"url":"https:\/\/www.asajacyl.com\/palencia\/author\/carlosrm"}]}},"_links":{"self":[{"href":"https:\/\/www.asajacyl.com\/palencia\/wp-json\/wp\/v2\/posts\/21777"}],"collection":[{"href":"https:\/\/www.asajacyl.com\/palencia\/wp-json\/wp\/v2\/posts"}],"about":[{"href":"https:\/\/www.asajacyl.com\/palencia\/wp-json\/wp\/v2\/types\/post"}],"author":[{"embeddable":true,"href":"https:\/\/www.asajacyl.com\/palencia\/wp-json\/wp\/v2\/users\/9"}],"replies":[{"embeddable":true,"href":"https:\/\/www.asajacyl.com\/palencia\/wp-json\/wp\/v2\/comments?post=21777"}],"version-history":[{"count":2,"href":"https:\/\/www.asajacyl.com\/palencia\/wp-json\/wp\/v2\/posts\/21777\/revisions"}],"predecessor-version":[{"id":21781,"href":"https:\/\/www.asajacyl.com\/palencia\/wp-json\/wp\/v2\/posts\/21777\/revisions\/21781"}],"wp:featuredmedia":[{"embeddable":true,"href":"https:\/\/www.asajacyl.com\/palencia\/wp-json\/wp\/v2\/media\/21780"}],"wp:attachment":[{"href":"https:\/\/www.asajacyl.com\/palencia\/wp-json\/wp\/v2\/media?parent=21777"}],"wp:term":[{"taxonomy":"category","embeddable":true,"href":"https:\/\/www.asajacyl.com\/palencia\/wp-json\/wp\/v2\/categories?post=21777"},{"taxonomy":"post_tag","embeddable":true,"href":"https:\/\/www.asajacyl.com\/palencia\/wp-json\/wp\/v2\/tags?post=21777"}],"curies":[{"name":"wp","href":"https:\/\/api.w.org\/{rel}","templated":true}]}}