{"id":21786,"date":"2025-12-13T12:00:35","date_gmt":"2025-12-13T11:00:35","guid":{"rendered":"https:\/\/www.asajacyl.com\/palencia\/?p=21786"},"modified":"2025-12-13T12:00:37","modified_gmt":"2025-12-13T11:00:37","slug":"asaja-logra-mantener-la-compensacion-del-iva-fuera-del-computo-de-ingresos-en-los-modulos-de-2026","status":"publish","type":"post","link":"https:\/\/www.asajacyl.com\/palencia\/asaja-palencia-informa\/asaja-logra-mantener-la-compensacion-del-iva-fuera-del-computo-de-ingresos-en-los-modulos-de-2026","title":{"rendered":"ASAJA logra mantener la compensaci\u00f3n del IVA fuera del c\u00f3mputo de ingresos en los m\u00f3dulos de 2026"},"content":{"rendered":"\n<h2 class=\"wp-block-heading\">El <a href=\"https:\/\/www.boe.es\/boe\/dias\/2025\/12\/11\/pdfs\/BOE-A-2025-25272.pdf\" target=\"_blank\" rel=\"noreferrer noopener\">Bolet\u00edn Oficial del Estado<\/a> ha publicado esta semana la orden que desarrolla para  2026 el m\u00e9todo de estimaci\u00f3n objetiva del Impuesto sobre la Renta de las Personas F\u00edsicas (IRPF) y el r\u00e9gimen especial simplificado del Impuesto sobre el Valor A\u00f1adido (IVA). Se mantiene una de las&nbsp;medidas que ASAJA ven\u00eda negociando con el Gobierno de Espa\u00f1a,&nbsp;y que ya logr\u00f3 introducir en este ejercicio de 2025: la exclusi\u00f3n del c\u00f3mputo de los ingresos totales de la compensaci\u00f3n del r\u00e9gimen especial de la agricultura, ganader\u00eda y pesca del IVA, a efectos de acogerse al r\u00e9gimen de estimaci\u00f3n objetiva (m\u00f3dulos). ASAJA seguir\u00e1 reclamando, entre otras reivindicaciones fiscales, que se mantengan las&nbsp;reducciones del 35 % en la factura de gas\u00f3leo y del 15 % en la de fertilizantes.<\/h2>\n\n\n\n<p>Con esta medida,&nbsp;se podr\u00e1n beneficiar muchos productores, que podr\u00e1n seguir tributando en el r\u00e9gimen de m\u00f3dulos del IRPF, dado que as\u00ed no sobrepasar\u00e1n el l\u00edmite de los&nbsp;250 000 euros de ingresos&nbsp;que se les exige para acogerse (casi&nbsp;un mill\u00f3n de contribuyentes&nbsp;en el sector agroganadero).<\/p>\n\n\n\n<p>La orden prorroga durante el a\u00f1o que viene tanto el sistema de m\u00f3dulos como sus l\u00edmites de facturaci\u00f3n para los aut\u00f3nomos que tributen por \u00e9l, y se mantiene la <strong>reducci\u00f3n&nbsp;del 5 % sobre el rendimiento neto <\/strong>de m\u00f3dulos&nbsp;aplicable a todos los contribuyentes&nbsp;que est\u00e9n dentro del m\u00e9todo de estimaci\u00f3n objetiva.<\/p>\n\n\n\n<p><strong>GANADER\u00cdA AP\u00cdCOLA Y APICULTURA. <\/strong>Se reducen los porcentajes aplicables en 2026 para la determinaci\u00f3n de las cuotas devengadas por operaciones corrientes en el r\u00e9gimen especial simplificado del IVA para determinadas actividades ganaderas afectadas por crisis sectoriales.<\/p>\n\n\n\n<p>Esta medida afecta a las actividades ganaderas de&nbsp;<strong>servicios de cr\u00eda, guarda y engorde de aves, y de apicultura<\/strong>, fij\u00e1ndose unos porcentajes para calcular las cuotas devengadas en 2026 por operaciones corrientes de 0,06625 y 0,070, en lugar de los recogidos en el anexo I que son de 0,09375 y 0,10, respectivamente, de manera an\u00e1loga a los porcentajes aplicables en 2025.<\/p>\n\n\n\n<p>En agricultura se mantiene la reducci\u00f3n de \u00edndices de rendimiento neto aplicables en 2026 a determinadas actividades agr\u00edcolas, pero ninguna de ellas con presencia en el campo palentino: tabaco, uva de mesa y flor cortada. ASAJA ya est\u00e1 trabajando para reclamar reducciones en aquellos sectores afectados por situaciones extraordinarias que han visto mermada su rentabilidad.<\/p>\n\n\n\n<p>El <strong>plazo <\/strong>establecido para que los aut\u00f3nomos que quieran <strong>renunciar al sistema de m\u00f3dulos en 2026<\/strong> puedan hacerlo sin penalizaci\u00f3n concluye el <strong>31 de diciembre de 2025.<\/strong><\/p>\n\n\n\n<p>El R\u00e9gimen Especial de la Agricultura, Ganader\u00eda y Pesca (REAGP) en el IVA es un r\u00e9gimen simplificado de tributaci\u00f3n que beneficia a agricultores, ganaderos y pescadores en Espa\u00f1a. Su objetivo principal es facilitar el cumplimiento de las obligaciones fiscales de quienes operan en este sector, alivi\u00e1ndolos de algunos requisitos contables y administrativos que implicar\u00eda el r\u00e9gimen general de IVA. <\/p>\n\n\n\n<p>El principal requisito para poder acogerse a este r\u00e9gimen es que los ingresos anuales por la actividad agr\u00edcola o ganadera no deben superar los&nbsp;250 000 euros&nbsp;(sumando los ingresos de todas las explotaciones).<\/p>\n\n\n\n<p>En lugar de cobrar IVA, los sujetos acogidos al r\u00e9gimen reciben una compensaci\u00f3n fija del&nbsp;12 % para los productos agr\u00edcolas y ganaderos, y del&nbsp;10,5 % para productos forestales. Esta compensaci\u00f3n es abonada por los compradores de los productos (generalmente empresas o profesionales en el r\u00e9gimen general de IVA) y persigue cubrir el IVA que soporta el profesional agroganadero en sus compras y gastos imputables a la explotaci\u00f3n.<\/p>\n\n\n\n<p>La orden tambi\u00e9n recoge otras medidas destacadas:<\/p>\n\n\n\n<ul>\n<li>Se mantienen tambi\u00e9n las modificaciones que se establecieron en 2021 para los \u00edndices correctores por\u00a0piensos adquiridos a terceros\u00a0y por\u00a0cultivos en tierras de regad\u00edo\u00a0que utilicen energ\u00eda el\u00e9ctrica. Estas modificaciones se introdujeron para paliar el impacto de la sequ\u00eda y del incremento de precios.<\/li>\n\n\n\n<li>Como se viene haciendo desde 2023, las&nbsp;ayudas directas desacopladas de la PAC&nbsp;se acumular\u00e1n a los ingresos procedentes de los cultivos o explotaciones del perceptor en proporci\u00f3n a sus importes. Cuando el perceptor obtenga ingresos agr\u00edcolas y ganaderos inferiores al 25 % del total, el&nbsp;\u00edndice de rendimiento neto ser\u00e1 0,56.<\/li>\n\n\n\n<li>Se elimina (como ya en 2025) la bonificaci\u00f3n por gas\u00f3leo agr\u00edcola y fertilizantes, aplicada los tres a\u00f1os anteriores.<\/li>\n\n\n\n<li>Mantenimiento del&nbsp;l\u00edmite m\u00e1ximo del volumen de compras&nbsp;en bienes y servicios en&nbsp;150 000 euros (frente a los 250 000 euros de a\u00f1os previos).<\/li>\n<\/ul>\n\n\n\n<p><strong>NUEVA REIVINDICACI\u00d3N. <\/strong>Para ASAJA, esta \u00faltima medida es realmente incomprensible dados los incrementos de costes e insumos que soportan los agricultores y ganaderos, y que arrastran de a\u00f1os anteriores, por lo que consideran indispensable mantener la&nbsp;reducci\u00f3n del 35 % en la factura de gas\u00f3leo y del 15 % en fertilizantes.<\/p>\n\n\n\n<p>Por ello, nuestra organizaci\u00f3n continuar\u00e1 trabajando para que los agricultores y ganaderos tengan una fiscalidad adecuada al desarrollo de su actividad. Seguiremos reclamando que la reducci\u00f3n de la factura del gas\u00f3leo y de fertilizantes tenga continuidad, que la compensaci\u00f3n del IVA del R\u00e9gimen Especial en la ganader\u00eda pase del 10,5% al&nbsp;12%, al igual que en agricultura, as\u00ed como el&nbsp;incremento del l\u00edmite del volumen de compras hasta los 250 000 euros.<strong>\/<\/strong><\/p>\n","protected":false},"excerpt":{"rendered":"<p>El Bolet\u00edn Oficial del Estado ha publicado esta semana la orden que desarrolla para 2026 el m\u00e9todo de estimaci\u00f3n objetiva del Impuesto sobre la Renta de las Personas F\u00edsicas (IRPF) y el r\u00e9gimen especial simplificado del Impuesto sobre el Valor A\u00f1adido (IVA). Se mantiene una de las&nbsp;medidas que ASAJA ven\u00eda negociando con el Gobierno de [&hellip;]<\/p>\n","protected":false},"author":9,"featured_media":14779,"comment_status":"open","ping_status":"open","sticky":false,"template":"","format":"standard","meta":{"footnotes":""},"categories":[9,29,28],"tags":[58,994,59,1684,351,105,77,280,582],"yoast_head":"<!-- This site is optimized with the Yoast SEO plugin v24.5 - https:\/\/yoast.com\/wordpress\/plugins\/seo\/ -->\n<title>ASAJA logra mantener la compensaci\u00f3n del IVA fuera del c\u00f3mputo de ingresos en los m\u00f3dulos de 2026 - ASAJA Palencia<\/title>\n<meta name=\"description\" content=\"El Bolet\u00edn Oficial del Estado ha publicado esta semana la orden que desarrolla para 2026 el m\u00e9todo de estimaci\u00f3n objetiva del Impuesto sobre la Renta de\" \/>\n<meta name=\"robots\" content=\"index, follow, max-snippet:-1, max-image-preview:large, max-video-preview:-1\" \/>\n<link rel=\"canonical\" href=\"https:\/\/www.asajacyl.com\/palencia\/asaja-palencia-informa\/asaja-logra-mantener-la-compensacion-del-iva-fuera-del-computo-de-ingresos-en-los-modulos-de-2026\" \/>\n<meta property=\"og:locale\" content=\"es_ES\" \/>\n<meta property=\"og:type\" content=\"article\" \/>\n<meta property=\"og:title\" content=\"ASAJA logra mantener la compensaci\u00f3n del IVA fuera del c\u00f3mputo de ingresos en los m\u00f3dulos de 2026 - ASAJA Palencia\" \/>\n<meta property=\"og:description\" content=\"El Bolet\u00edn Oficial del Estado ha publicado esta semana la orden que desarrolla para 2026 el m\u00e9todo de estimaci\u00f3n objetiva del Impuesto sobre la Renta de\" \/>\n<meta property=\"og:url\" content=\"https:\/\/www.asajacyl.com\/palencia\/asaja-palencia-informa\/asaja-logra-mantener-la-compensacion-del-iva-fuera-del-computo-de-ingresos-en-los-modulos-de-2026\" \/>\n<meta property=\"og:site_name\" content=\"ASAJA Palencia\" \/>\n<meta property=\"article:published_time\" content=\"2025-12-13T11:00:35+00:00\" \/>\n<meta property=\"article:modified_time\" content=\"2025-12-13T11:00:37+00:00\" \/>\n<meta property=\"og:image\" content=\"https:\/\/www.asajacyl.com\/palencia\/wp-content\/uploads\/sites\/3\/2023\/11\/Agencia-Tributaria.jpg\" \/>\n\t<meta property=\"og:image:width\" content=\"1890\" \/>\n\t<meta property=\"og:image:height\" content=\"1654\" \/>\n\t<meta property=\"og:image:type\" content=\"image\/jpeg\" \/>\n<meta name=\"author\" content=\"Administrador\" \/>\n<meta name=\"twitter:card\" content=\"summary_large_image\" \/>\n<meta name=\"twitter:label1\" content=\"Escrito por\" \/>\n\t<meta name=\"twitter:data1\" content=\"Administrador\" \/>\n\t<meta name=\"twitter:label2\" content=\"Tiempo de lectura\" \/>\n\t<meta name=\"twitter:data2\" content=\"5 minutos\" \/>\n<script type=\"application\/ld+json\" class=\"yoast-schema-graph\">{\"@context\":\"https:\/\/schema.org\",\"@graph\":[{\"@type\":\"WebPage\",\"@id\":\"https:\/\/www.asajacyl.com\/palencia\/asaja-palencia-informa\/asaja-logra-mantener-la-compensacion-del-iva-fuera-del-computo-de-ingresos-en-los-modulos-de-2026\",\"url\":\"https:\/\/www.asajacyl.com\/palencia\/asaja-palencia-informa\/asaja-logra-mantener-la-compensacion-del-iva-fuera-del-computo-de-ingresos-en-los-modulos-de-2026\",\"name\":\"ASAJA logra mantener la compensaci\u00f3n del IVA fuera del c\u00f3mputo de ingresos en los m\u00f3dulos de 2026 - ASAJA Palencia\",\"isPartOf\":{\"@id\":\"https:\/\/www.asajacyl.com\/palencia\/#website\"},\"primaryImageOfPage\":{\"@id\":\"https:\/\/www.asajacyl.com\/palencia\/asaja-palencia-informa\/asaja-logra-mantener-la-compensacion-del-iva-fuera-del-computo-de-ingresos-en-los-modulos-de-2026#primaryimage\"},\"image\":{\"@id\":\"https:\/\/www.asajacyl.com\/palencia\/asaja-palencia-informa\/asaja-logra-mantener-la-compensacion-del-iva-fuera-del-computo-de-ingresos-en-los-modulos-de-2026#primaryimage\"},\"thumbnailUrl\":\"https:\/\/www.asajacyl.com\/palencia\/wp-content\/uploads\/sites\/3\/2023\/11\/Agencia-Tributaria.jpg\",\"datePublished\":\"2025-12-13T11:00:35+00:00\",\"dateModified\":\"2025-12-13T11:00:37+00:00\",\"author\":{\"@id\":\"https:\/\/www.asajacyl.com\/palencia\/#\/schema\/person\/3ab17aeb03527485c317557fae64aab1\"},\"description\":\"El Bolet\u00edn Oficial del Estado ha publicado esta semana la orden que desarrolla para 2026 el m\u00e9todo de estimaci\u00f3n objetiva del Impuesto sobre la Renta de\",\"breadcrumb\":{\"@id\":\"https:\/\/www.asajacyl.com\/palencia\/asaja-palencia-informa\/asaja-logra-mantener-la-compensacion-del-iva-fuera-del-computo-de-ingresos-en-los-modulos-de-2026#breadcrumb\"},\"inLanguage\":\"es\",\"potentialAction\":[{\"@type\":\"ReadAction\",\"target\":[\"https:\/\/www.asajacyl.com\/palencia\/asaja-palencia-informa\/asaja-logra-mantener-la-compensacion-del-iva-fuera-del-computo-de-ingresos-en-los-modulos-de-2026\"]}]},{\"@type\":\"ImageObject\",\"inLanguage\":\"es\",\"@id\":\"https:\/\/www.asajacyl.com\/palencia\/asaja-palencia-informa\/asaja-logra-mantener-la-compensacion-del-iva-fuera-del-computo-de-ingresos-en-los-modulos-de-2026#primaryimage\",\"url\":\"https:\/\/www.asajacyl.com\/palencia\/wp-content\/uploads\/sites\/3\/2023\/11\/Agencia-Tributaria.jpg\",\"contentUrl\":\"https:\/\/www.asajacyl.com\/palencia\/wp-content\/uploads\/sites\/3\/2023\/11\/Agencia-Tributaria.jpg\",\"width\":1890,\"height\":1654},{\"@type\":\"BreadcrumbList\",\"@id\":\"https:\/\/www.asajacyl.com\/palencia\/asaja-palencia-informa\/asaja-logra-mantener-la-compensacion-del-iva-fuera-del-computo-de-ingresos-en-los-modulos-de-2026#breadcrumb\",\"itemListElement\":[{\"@type\":\"ListItem\",\"position\":1,\"name\":\"Portada\",\"item\":\"https:\/\/www.asajacyl.com\/palencia\/\"},{\"@type\":\"ListItem\",\"position\":2,\"name\":\"ASAJA logra mantener la compensaci\u00f3n del IVA fuera del c\u00f3mputo de ingresos en los m\u00f3dulos de 2026\"}]},{\"@type\":\"WebSite\",\"@id\":\"https:\/\/www.asajacyl.com\/palencia\/#website\",\"url\":\"https:\/\/www.asajacyl.com\/palencia\/\",\"name\":\"ASAJA Palencia\",\"description\":\"Otro sitio m\u00e1s de Provincias ASAJA Castilla y Le\u00f3n\",\"potentialAction\":[{\"@type\":\"SearchAction\",\"target\":{\"@type\":\"EntryPoint\",\"urlTemplate\":\"https:\/\/www.asajacyl.com\/palencia\/?s={search_term_string}\"},\"query-input\":{\"@type\":\"PropertyValueSpecification\",\"valueRequired\":true,\"valueName\":\"search_term_string\"}}],\"inLanguage\":\"es\"},{\"@type\":\"Person\",\"@id\":\"https:\/\/www.asajacyl.com\/palencia\/#\/schema\/person\/3ab17aeb03527485c317557fae64aab1\",\"name\":\"Administrador\",\"image\":{\"@type\":\"ImageObject\",\"inLanguage\":\"es\",\"@id\":\"https:\/\/www.asajacyl.com\/palencia\/#\/schema\/person\/image\/\",\"url\":\"https:\/\/secure.gravatar.com\/avatar\/517384810d242ca9e38c180f3c9fb973?s=96&d=mm&r=g\",\"contentUrl\":\"https:\/\/secure.gravatar.com\/avatar\/517384810d242ca9e38c180f3c9fb973?s=96&d=mm&r=g\",\"caption\":\"Administrador\"},\"url\":\"https:\/\/www.asajacyl.com\/palencia\/author\/carlosrm\"}]}<\/script>\n<!-- \/ Yoast SEO plugin. -->","yoast_head_json":{"title":"ASAJA logra mantener la compensaci\u00f3n del IVA fuera del c\u00f3mputo de ingresos en los m\u00f3dulos de 2026 - ASAJA Palencia","description":"El Bolet\u00edn Oficial del Estado ha publicado esta semana la orden que desarrolla para 2026 el m\u00e9todo de estimaci\u00f3n objetiva del Impuesto sobre la Renta de","robots":{"index":"index","follow":"follow","max-snippet":"max-snippet:-1","max-image-preview":"max-image-preview:large","max-video-preview":"max-video-preview:-1"},"canonical":"https:\/\/www.asajacyl.com\/palencia\/asaja-palencia-informa\/asaja-logra-mantener-la-compensacion-del-iva-fuera-del-computo-de-ingresos-en-los-modulos-de-2026","og_locale":"es_ES","og_type":"article","og_title":"ASAJA logra mantener la compensaci\u00f3n del IVA fuera del c\u00f3mputo de ingresos en los m\u00f3dulos de 2026 - ASAJA Palencia","og_description":"El Bolet\u00edn Oficial del Estado ha publicado esta semana la orden que desarrolla para 2026 el m\u00e9todo de estimaci\u00f3n objetiva del Impuesto sobre la Renta de","og_url":"https:\/\/www.asajacyl.com\/palencia\/asaja-palencia-informa\/asaja-logra-mantener-la-compensacion-del-iva-fuera-del-computo-de-ingresos-en-los-modulos-de-2026","og_site_name":"ASAJA Palencia","article_published_time":"2025-12-13T11:00:35+00:00","article_modified_time":"2025-12-13T11:00:37+00:00","og_image":[{"width":1890,"height":1654,"url":"https:\/\/www.asajacyl.com\/palencia\/wp-content\/uploads\/sites\/3\/2023\/11\/Agencia-Tributaria.jpg","type":"image\/jpeg"}],"author":"Administrador","twitter_card":"summary_large_image","twitter_misc":{"Escrito por":"Administrador","Tiempo de lectura":"5 minutos"},"schema":{"@context":"https:\/\/schema.org","@graph":[{"@type":"WebPage","@id":"https:\/\/www.asajacyl.com\/palencia\/asaja-palencia-informa\/asaja-logra-mantener-la-compensacion-del-iva-fuera-del-computo-de-ingresos-en-los-modulos-de-2026","url":"https:\/\/www.asajacyl.com\/palencia\/asaja-palencia-informa\/asaja-logra-mantener-la-compensacion-del-iva-fuera-del-computo-de-ingresos-en-los-modulos-de-2026","name":"ASAJA logra mantener la compensaci\u00f3n del IVA fuera del c\u00f3mputo de ingresos en los m\u00f3dulos de 2026 - ASAJA Palencia","isPartOf":{"@id":"https:\/\/www.asajacyl.com\/palencia\/#website"},"primaryImageOfPage":{"@id":"https:\/\/www.asajacyl.com\/palencia\/asaja-palencia-informa\/asaja-logra-mantener-la-compensacion-del-iva-fuera-del-computo-de-ingresos-en-los-modulos-de-2026#primaryimage"},"image":{"@id":"https:\/\/www.asajacyl.com\/palencia\/asaja-palencia-informa\/asaja-logra-mantener-la-compensacion-del-iva-fuera-del-computo-de-ingresos-en-los-modulos-de-2026#primaryimage"},"thumbnailUrl":"https:\/\/www.asajacyl.com\/palencia\/wp-content\/uploads\/sites\/3\/2023\/11\/Agencia-Tributaria.jpg","datePublished":"2025-12-13T11:00:35+00:00","dateModified":"2025-12-13T11:00:37+00:00","author":{"@id":"https:\/\/www.asajacyl.com\/palencia\/#\/schema\/person\/3ab17aeb03527485c317557fae64aab1"},"description":"El Bolet\u00edn Oficial del Estado ha publicado esta semana la orden que desarrolla para 2026 el m\u00e9todo de estimaci\u00f3n objetiva del Impuesto sobre la Renta de","breadcrumb":{"@id":"https:\/\/www.asajacyl.com\/palencia\/asaja-palencia-informa\/asaja-logra-mantener-la-compensacion-del-iva-fuera-del-computo-de-ingresos-en-los-modulos-de-2026#breadcrumb"},"inLanguage":"es","potentialAction":[{"@type":"ReadAction","target":["https:\/\/www.asajacyl.com\/palencia\/asaja-palencia-informa\/asaja-logra-mantener-la-compensacion-del-iva-fuera-del-computo-de-ingresos-en-los-modulos-de-2026"]}]},{"@type":"ImageObject","inLanguage":"es","@id":"https:\/\/www.asajacyl.com\/palencia\/asaja-palencia-informa\/asaja-logra-mantener-la-compensacion-del-iva-fuera-del-computo-de-ingresos-en-los-modulos-de-2026#primaryimage","url":"https:\/\/www.asajacyl.com\/palencia\/wp-content\/uploads\/sites\/3\/2023\/11\/Agencia-Tributaria.jpg","contentUrl":"https:\/\/www.asajacyl.com\/palencia\/wp-content\/uploads\/sites\/3\/2023\/11\/Agencia-Tributaria.jpg","width":1890,"height":1654},{"@type":"BreadcrumbList","@id":"https:\/\/www.asajacyl.com\/palencia\/asaja-palencia-informa\/asaja-logra-mantener-la-compensacion-del-iva-fuera-del-computo-de-ingresos-en-los-modulos-de-2026#breadcrumb","itemListElement":[{"@type":"ListItem","position":1,"name":"Portada","item":"https:\/\/www.asajacyl.com\/palencia\/"},{"@type":"ListItem","position":2,"name":"ASAJA logra mantener la compensaci\u00f3n del IVA fuera del c\u00f3mputo de ingresos en los m\u00f3dulos de 2026"}]},{"@type":"WebSite","@id":"https:\/\/www.asajacyl.com\/palencia\/#website","url":"https:\/\/www.asajacyl.com\/palencia\/","name":"ASAJA Palencia","description":"Otro sitio m\u00e1s de Provincias ASAJA Castilla y Le\u00f3n","potentialAction":[{"@type":"SearchAction","target":{"@type":"EntryPoint","urlTemplate":"https:\/\/www.asajacyl.com\/palencia\/?s={search_term_string}"},"query-input":{"@type":"PropertyValueSpecification","valueRequired":true,"valueName":"search_term_string"}}],"inLanguage":"es"},{"@type":"Person","@id":"https:\/\/www.asajacyl.com\/palencia\/#\/schema\/person\/3ab17aeb03527485c317557fae64aab1","name":"Administrador","image":{"@type":"ImageObject","inLanguage":"es","@id":"https:\/\/www.asajacyl.com\/palencia\/#\/schema\/person\/image\/","url":"https:\/\/secure.gravatar.com\/avatar\/517384810d242ca9e38c180f3c9fb973?s=96&d=mm&r=g","contentUrl":"https:\/\/secure.gravatar.com\/avatar\/517384810d242ca9e38c180f3c9fb973?s=96&d=mm&r=g","caption":"Administrador"},"url":"https:\/\/www.asajacyl.com\/palencia\/author\/carlosrm"}]}},"_links":{"self":[{"href":"https:\/\/www.asajacyl.com\/palencia\/wp-json\/wp\/v2\/posts\/21786"}],"collection":[{"href":"https:\/\/www.asajacyl.com\/palencia\/wp-json\/wp\/v2\/posts"}],"about":[{"href":"https:\/\/www.asajacyl.com\/palencia\/wp-json\/wp\/v2\/types\/post"}],"author":[{"embeddable":true,"href":"https:\/\/www.asajacyl.com\/palencia\/wp-json\/wp\/v2\/users\/9"}],"replies":[{"embeddable":true,"href":"https:\/\/www.asajacyl.com\/palencia\/wp-json\/wp\/v2\/comments?post=21786"}],"version-history":[{"count":3,"href":"https:\/\/www.asajacyl.com\/palencia\/wp-json\/wp\/v2\/posts\/21786\/revisions"}],"predecessor-version":[{"id":21791,"href":"https:\/\/www.asajacyl.com\/palencia\/wp-json\/wp\/v2\/posts\/21786\/revisions\/21791"}],"wp:featuredmedia":[{"embeddable":true,"href":"https:\/\/www.asajacyl.com\/palencia\/wp-json\/wp\/v2\/media\/14779"}],"wp:attachment":[{"href":"https:\/\/www.asajacyl.com\/palencia\/wp-json\/wp\/v2\/media?parent=21786"}],"wp:term":[{"taxonomy":"category","embeddable":true,"href":"https:\/\/www.asajacyl.com\/palencia\/wp-json\/wp\/v2\/categories?post=21786"},{"taxonomy":"post_tag","embeddable":true,"href":"https:\/\/www.asajacyl.com\/palencia\/wp-json\/wp\/v2\/tags?post=21786"}],"curies":[{"name":"wp","href":"https:\/\/api.w.org\/{rel}","templated":true}]}}