{"id":21793,"date":"2025-12-16T09:34:04","date_gmt":"2025-12-16T08:34:04","guid":{"rendered":"https:\/\/www.asajacyl.com\/palencia\/?p=21793"},"modified":"2025-12-16T09:34:10","modified_gmt":"2025-12-16T08:34:10","slug":"los-ganaderos-de-lechazo-percibiran-este-diciembre-por-su-producto-en-torno-al-12-mas-que-hace-un-ano","status":"publish","type":"post","link":"https:\/\/www.asajacyl.com\/palencia\/asaja-palencia-informa\/los-ganaderos-de-lechazo-percibiran-este-diciembre-por-su-producto-en-torno-al-12-mas-que-hace-un-ano","title":{"rendered":"Los ganaderos de lechazo percibir\u00e1n este diciembre por su producto en torno al 12 % m\u00e1s que hace un a\u00f1o"},"content":{"rendered":"\n<h2 class=\"wp-block-heading\">La Mesa del Lechazo de Castilla y Le\u00f3n, reunida el pasado viernes en Tordesillas (Valladolid), constata que la carne de ovino de calidad de nuestra comunidad est\u00e1 operando en diciembre en torno a medio euro por kilo que en el trimestre anterior. El incremento de la demanda en este mes, por las celebraciones de empresa y de las fiestas navide\u00f1as, es habitual. Con esta subida, nuestros ganaderos est\u00e1n percibiendo por su producto aproximadamente el 12 % m\u00e1s que hace un a\u00f1o por estas fechas.<\/h2>\n\n\n<div class=\"wp-block-image\">\n<figure class=\"alignright size-large is-resized\"><img loading=\"lazy\" decoding=\"async\" width=\"480\" height=\"1024\" src=\"https:\/\/www.asajacyl.com\/palencia\/wp-content\/uploads\/sites\/3\/2025\/12\/Lechazos-Fuentes-de-Nava-c-Marco-Porras-web-480x1024.jpg\" alt=\"\" class=\"wp-image-21795\" style=\"width:434px;height:auto\" srcset=\"https:\/\/www.asajacyl.com\/palencia\/wp-content\/uploads\/sites\/3\/2025\/12\/Lechazos-Fuentes-de-Nava-c-Marco-Porras-web-480x1024.jpg 480w, https:\/\/www.asajacyl.com\/palencia\/wp-content\/uploads\/sites\/3\/2025\/12\/Lechazos-Fuentes-de-Nava-c-Marco-Porras-web-141x300.jpg 141w, https:\/\/www.asajacyl.com\/palencia\/wp-content\/uploads\/sites\/3\/2025\/12\/Lechazos-Fuentes-de-Nava-c-Marco-Porras-web-768x1638.jpg 768w, https:\/\/www.asajacyl.com\/palencia\/wp-content\/uploads\/sites\/3\/2025\/12\/Lechazos-Fuentes-de-Nava-c-Marco-Porras-web-720x1536.jpg 720w, https:\/\/www.asajacyl.com\/palencia\/wp-content\/uploads\/sites\/3\/2025\/12\/Lechazos-Fuentes-de-Nava-c-Marco-Porras-web-960x2048.jpg 960w, https:\/\/www.asajacyl.com\/palencia\/wp-content\/uploads\/sites\/3\/2025\/12\/Lechazos-Fuentes-de-Nava-c-Marco-Porras-web-197x420.jpg 197w, https:\/\/www.asajacyl.com\/palencia\/wp-content\/uploads\/sites\/3\/2025\/12\/Lechazos-Fuentes-de-Nava-c-Marco-Porras-web-696x1485.jpg 696w, https:\/\/www.asajacyl.com\/palencia\/wp-content\/uploads\/sites\/3\/2025\/12\/Lechazos-Fuentes-de-Nava-c-Marco-Porras-web-1068x2278.jpg 1068w, https:\/\/www.asajacyl.com\/palencia\/wp-content\/uploads\/sites\/3\/2025\/12\/Lechazos-Fuentes-de-Nava-c-Marco-Porras-web.jpg 1172w\" sizes=\"(max-width: 480px) 100vw, 480px\" \/><\/figure><\/div>\n\n\n<p>Seg\u00fan la lonja de referencia del lechazo en nuestra comunidad, los lechazos se pagan hoy al ganadero en torno a ochenta c\u00e9ntimos de euro por kilo m\u00e1s que hace un a\u00f1o. <\/p>\n\n\n\n<p>En concreto, el lechazo IGP de Castilla y Le\u00f3n opera este mes a 7,65 euros\/kilogramo, lo que supone una subida interanual del 11,7 %. Las revalorizaciones porcentuales son ligeramente superiores en las otras dos categor\u00e1is cotizadas: lechazo Tierra de Sabor (+12,7 %) y lechazo sin marchamo de hasta doce kilos de peso (+12,9 %).<\/p>\n\n\n\n<p>En todo caso, como los consumidores podr\u00e1n comprobar por estos datos, la subida del lechazo que estas semanas se percibe en las carnicer\u00edas y otros puntos de venta no se deben a lo que percibe el agricultor que, insistimos, recibir\u00e1 en torno a medio euro m\u00e1s por kilo que el precio en el que ha venido operando de septiembre a noviembre; y unos ochenta c\u00e9ntimos por kilo m\u00e1s que hace un a\u00f1o.<\/p>\n\n\n\n<p><strong>NO VALE LA PENA PERDER CALIDAD. <\/strong>De cualquier modo, desde ASAJA-Palencia insistimos en que nuestro lechazo ofrece una carne de calidad que merece apreciarse, y que tiene un precio, por lo que aconsejamos elegir productos aut\u00f3ctonos con sellos de garant\u00eda. Se trata de un producto que, adem\u00e1s, se consume de manera bastante ocasional, as\u00ed que apenas compensa el ahorro que pueda obtenerse por elegir ovino de dudosa procedencia, m\u00e1xime si se tiene en cuenta en t\u00e9rminos relativos dentro de los gastos propios de una celebraci\u00f3n familiar, de amigos o de empresa.<\/p>\n\n\n\n<p>Asimismo, apoyar nuestro lechazo es un modo de contribuir a mantener nuestra ganader\u00eda de ovino, que es un factor para conservar el medio rural y la vida de los pueblos de la provincia.<\/p>\n\n\n\n<p><strong>BOVINO DE CARNE. <\/strong>Por lo que respecta al ovino de carne,\u00a0la Lonja de Salamanca ha mostrado una semana m\u00e1s subidas, si bien s\u00f3lo para los a\u00f1ojos, que operan a cuatro c\u00e9ntimos por kilo m\u00e1s que en la sesi\u00f3n anterior, mientras en las terneras se han repetido las cotizaciones. <\/p>\n\n\n\n<p>Tambi\u00e9n en el\u00a0vacuno de vida se han aprobado repuntes, tanto para los machos como para las hembras, de cinco y cuatro c\u00e9ntimos por kilo, respectivamente. No obstante, nuestros ganaderos sostienen que hay un desfase en las tablillas con respecto a las operaciones de mercado, y pidieron unas subidas de aproximadamente el doble. <\/p>\n\n\n\n<p>La sesi\u00f3n mostr\u00f3 la coincidencia de compradores y ganaderos en su preocupaci\u00f3n por la importaci\u00f3n de animales desde Francia, pa\u00eds donde no se ha controlado la dermatosis nodular contagiosa, lo que supone riesgos e incertidumbre en un momento de sensibilidad en torno a los problemas de sanidad animal, pese a que el consumo del producto no entra\u00f1e peligro para el ser humano.<strong>\/<\/strong><\/p>\n\n\n\n<figure class=\"wp-block-image size-large is-resized\"><img loading=\"lazy\" decoding=\"async\" width=\"1024\" height=\"768\" src=\"https:\/\/www.asajacyl.com\/palencia\/wp-content\/uploads\/sites\/3\/2025\/12\/Precios-ganaderia-15dic2025-1024x768.png\" alt=\"\" class=\"wp-image-21794\" style=\"width:1068px;height:auto\" srcset=\"https:\/\/www.asajacyl.com\/palencia\/wp-content\/uploads\/sites\/3\/2025\/12\/Precios-ganaderia-15dic2025-1024x768.png 1024w, https:\/\/www.asajacyl.com\/palencia\/wp-content\/uploads\/sites\/3\/2025\/12\/Precios-ganaderia-15dic2025-300x225.png 300w, https:\/\/www.asajacyl.com\/palencia\/wp-content\/uploads\/sites\/3\/2025\/12\/Precios-ganaderia-15dic2025-768x576.png 768w, https:\/\/www.asajacyl.com\/palencia\/wp-content\/uploads\/sites\/3\/2025\/12\/Precios-ganaderia-15dic2025-1536x1152.png 1536w, https:\/\/www.asajacyl.com\/palencia\/wp-content\/uploads\/sites\/3\/2025\/12\/Precios-ganaderia-15dic2025-2048x1536.png 2048w, https:\/\/www.asajacyl.com\/palencia\/wp-content\/uploads\/sites\/3\/2025\/12\/Precios-ganaderia-15dic2025-560x420.png 560w, https:\/\/www.asajacyl.com\/palencia\/wp-content\/uploads\/sites\/3\/2025\/12\/Precios-ganaderia-15dic2025-80x60.png 80w, https:\/\/www.asajacyl.com\/palencia\/wp-content\/uploads\/sites\/3\/2025\/12\/Precios-ganaderia-15dic2025-696x522.png 696w, https:\/\/www.asajacyl.com\/palencia\/wp-content\/uploads\/sites\/3\/2025\/12\/Precios-ganaderia-15dic2025-1068x801.png 1068w, https:\/\/www.asajacyl.com\/palencia\/wp-content\/uploads\/sites\/3\/2025\/12\/Precios-ganaderia-15dic2025-1920x1440.png 1920w\" sizes=\"(max-width: 1024px) 100vw, 1024px\" \/><\/figure>\n","protected":false},"excerpt":{"rendered":"<p>La Mesa del Lechazo de Castilla y Le\u00f3n, reunida el pasado viernes en Tordesillas (Valladolid), constata que la carne de ovino de calidad de nuestra comunidad est\u00e1 operando en diciembre en torno a medio euro por kilo que en el trimestre anterior. El incremento de la demanda en este mes, por las celebraciones de empresa [&hellip;]<\/p>\n","protected":false},"author":9,"featured_media":21796,"comment_status":"open","ping_status":"open","sticky":false,"template":"","format":"standard","meta":{"footnotes":""},"categories":[9,29,36,28,13],"tags":[648,234,478,77,477,637,692,638,467,510,143,311,144],"yoast_head":"<!-- This site is optimized with the Yoast SEO plugin v24.5 - https:\/\/yoast.com\/wordpress\/plugins\/seo\/ -->\n<title>Los ganaderos de lechazo percibir\u00e1n este diciembre por su producto en torno al 12 % m\u00e1s que hace un a\u00f1o - ASAJA Palencia<\/title>\n<meta name=\"description\" content=\"La Mesa del Lechazo de Castilla y Le\u00f3n, reunida el pasado viernes en Tordesillas (Valladolid), constata que la carne de ovino de calidad de nuestra\" \/>\n<meta name=\"robots\" content=\"index, follow, max-snippet:-1, max-image-preview:large, max-video-preview:-1\" \/>\n<link rel=\"canonical\" href=\"https:\/\/www.asajacyl.com\/palencia\/asaja-palencia-informa\/los-ganaderos-de-lechazo-percibiran-este-diciembre-por-su-producto-en-torno-al-12-mas-que-hace-un-ano\" \/>\n<meta property=\"og:locale\" content=\"es_ES\" \/>\n<meta property=\"og:type\" content=\"article\" \/>\n<meta property=\"og:title\" content=\"Los ganaderos de lechazo percibir\u00e1n este diciembre por su producto en torno al 12 % m\u00e1s que hace un a\u00f1o - ASAJA Palencia\" \/>\n<meta property=\"og:description\" content=\"La Mesa del Lechazo de Castilla y Le\u00f3n, reunida el pasado viernes en Tordesillas (Valladolid), constata que la carne de ovino de calidad de nuestra\" \/>\n<meta property=\"og:url\" content=\"https:\/\/www.asajacyl.com\/palencia\/asaja-palencia-informa\/los-ganaderos-de-lechazo-percibiran-este-diciembre-por-su-producto-en-torno-al-12-mas-que-hace-un-ano\" \/>\n<meta property=\"og:site_name\" content=\"ASAJA Palencia\" \/>\n<meta property=\"article:published_time\" content=\"2025-12-16T08:34:04+00:00\" \/>\n<meta property=\"article:modified_time\" content=\"2025-12-16T08:34:10+00:00\" \/>\n<meta property=\"og:image\" content=\"https:\/\/www.asajacyl.com\/palencia\/wp-content\/uploads\/sites\/3\/2025\/12\/Lechazos-Fuentes-de-Nava-c-Marco-Porras-web2-1024x896.jpg\" \/>\n\t<meta property=\"og:image:width\" content=\"1024\" \/>\n\t<meta property=\"og:image:height\" content=\"896\" \/>\n\t<meta property=\"og:image:type\" content=\"image\/jpeg\" \/>\n<meta name=\"author\" content=\"Administrador\" \/>\n<meta name=\"twitter:card\" content=\"summary_large_image\" \/>\n<meta name=\"twitter:label1\" content=\"Escrito por\" \/>\n\t<meta name=\"twitter:data1\" content=\"Administrador\" \/>\n\t<meta name=\"twitter:label2\" content=\"Tiempo de lectura\" \/>\n\t<meta name=\"twitter:data2\" content=\"4 minutos\" \/>\n<script type=\"application\/ld+json\" class=\"yoast-schema-graph\">{\"@context\":\"https:\/\/schema.org\",\"@graph\":[{\"@type\":\"WebPage\",\"@id\":\"https:\/\/www.asajacyl.com\/palencia\/asaja-palencia-informa\/los-ganaderos-de-lechazo-percibiran-este-diciembre-por-su-producto-en-torno-al-12-mas-que-hace-un-ano\",\"url\":\"https:\/\/www.asajacyl.com\/palencia\/asaja-palencia-informa\/los-ganaderos-de-lechazo-percibiran-este-diciembre-por-su-producto-en-torno-al-12-mas-que-hace-un-ano\",\"name\":\"Los ganaderos de lechazo percibir\u00e1n este diciembre por su producto en torno al 12 % m\u00e1s que hace un a\u00f1o - ASAJA Palencia\",\"isPartOf\":{\"@id\":\"https:\/\/www.asajacyl.com\/palencia\/#website\"},\"primaryImageOfPage\":{\"@id\":\"https:\/\/www.asajacyl.com\/palencia\/asaja-palencia-informa\/los-ganaderos-de-lechazo-percibiran-este-diciembre-por-su-producto-en-torno-al-12-mas-que-hace-un-ano#primaryimage\"},\"image\":{\"@id\":\"https:\/\/www.asajacyl.com\/palencia\/asaja-palencia-informa\/los-ganaderos-de-lechazo-percibiran-este-diciembre-por-su-producto-en-torno-al-12-mas-que-hace-un-ano#primaryimage\"},\"thumbnailUrl\":\"https:\/\/www.asajacyl.com\/palencia\/wp-content\/uploads\/sites\/3\/2025\/12\/Lechazos-Fuentes-de-Nava-c-Marco-Porras-web2.jpg\",\"datePublished\":\"2025-12-16T08:34:04+00:00\",\"dateModified\":\"2025-12-16T08:34:10+00:00\",\"author\":{\"@id\":\"https:\/\/www.asajacyl.com\/palencia\/#\/schema\/person\/3ab17aeb03527485c317557fae64aab1\"},\"description\":\"La Mesa del Lechazo de Castilla y Le\u00f3n, reunida el pasado viernes en Tordesillas (Valladolid), constata que la carne de ovino de calidad de nuestra\",\"breadcrumb\":{\"@id\":\"https:\/\/www.asajacyl.com\/palencia\/asaja-palencia-informa\/los-ganaderos-de-lechazo-percibiran-este-diciembre-por-su-producto-en-torno-al-12-mas-que-hace-un-ano#breadcrumb\"},\"inLanguage\":\"es\",\"potentialAction\":[{\"@type\":\"ReadAction\",\"target\":[\"https:\/\/www.asajacyl.com\/palencia\/asaja-palencia-informa\/los-ganaderos-de-lechazo-percibiran-este-diciembre-por-su-producto-en-torno-al-12-mas-que-hace-un-ano\"]}]},{\"@type\":\"ImageObject\",\"inLanguage\":\"es\",\"@id\":\"https:\/\/www.asajacyl.com\/palencia\/asaja-palencia-informa\/los-ganaderos-de-lechazo-percibiran-este-diciembre-por-su-producto-en-torno-al-12-mas-que-hace-un-ano#primaryimage\",\"url\":\"https:\/\/www.asajacyl.com\/palencia\/wp-content\/uploads\/sites\/3\/2025\/12\/Lechazos-Fuentes-de-Nava-c-Marco-Porras-web2.jpg\",\"contentUrl\":\"https:\/\/www.asajacyl.com\/palencia\/wp-content\/uploads\/sites\/3\/2025\/12\/Lechazos-Fuentes-de-Nava-c-Marco-Porras-web2.jpg\",\"width\":1890,\"height\":1654},{\"@type\":\"BreadcrumbList\",\"@id\":\"https:\/\/www.asajacyl.com\/palencia\/asaja-palencia-informa\/los-ganaderos-de-lechazo-percibiran-este-diciembre-por-su-producto-en-torno-al-12-mas-que-hace-un-ano#breadcrumb\",\"itemListElement\":[{\"@type\":\"ListItem\",\"position\":1,\"name\":\"Portada\",\"item\":\"https:\/\/www.asajacyl.com\/palencia\/\"},{\"@type\":\"ListItem\",\"position\":2,\"name\":\"Los ganaderos de lechazo percibir\u00e1n este diciembre por su producto en torno al 12 % m\u00e1s que hace un a\u00f1o\"}]},{\"@type\":\"WebSite\",\"@id\":\"https:\/\/www.asajacyl.com\/palencia\/#website\",\"url\":\"https:\/\/www.asajacyl.com\/palencia\/\",\"name\":\"ASAJA Palencia\",\"description\":\"Otro sitio m\u00e1s de Provincias ASAJA Castilla y Le\u00f3n\",\"potentialAction\":[{\"@type\":\"SearchAction\",\"target\":{\"@type\":\"EntryPoint\",\"urlTemplate\":\"https:\/\/www.asajacyl.com\/palencia\/?s={search_term_string}\"},\"query-input\":{\"@type\":\"PropertyValueSpecification\",\"valueRequired\":true,\"valueName\":\"search_term_string\"}}],\"inLanguage\":\"es\"},{\"@type\":\"Person\",\"@id\":\"https:\/\/www.asajacyl.com\/palencia\/#\/schema\/person\/3ab17aeb03527485c317557fae64aab1\",\"name\":\"Administrador\",\"image\":{\"@type\":\"ImageObject\",\"inLanguage\":\"es\",\"@id\":\"https:\/\/www.asajacyl.com\/palencia\/#\/schema\/person\/image\/\",\"url\":\"https:\/\/secure.gravatar.com\/avatar\/517384810d242ca9e38c180f3c9fb973?s=96&d=mm&r=g\",\"contentUrl\":\"https:\/\/secure.gravatar.com\/avatar\/517384810d242ca9e38c180f3c9fb973?s=96&d=mm&r=g\",\"caption\":\"Administrador\"},\"url\":\"https:\/\/www.asajacyl.com\/palencia\/author\/carlosrm\"}]}<\/script>\n<!-- \/ Yoast SEO plugin. -->","yoast_head_json":{"title":"Los ganaderos de lechazo percibir\u00e1n este diciembre por su producto en torno al 12 % m\u00e1s que hace un a\u00f1o - ASAJA Palencia","description":"La Mesa del Lechazo de Castilla y Le\u00f3n, reunida el pasado viernes en Tordesillas (Valladolid), constata que la carne de ovino de calidad de nuestra","robots":{"index":"index","follow":"follow","max-snippet":"max-snippet:-1","max-image-preview":"max-image-preview:large","max-video-preview":"max-video-preview:-1"},"canonical":"https:\/\/www.asajacyl.com\/palencia\/asaja-palencia-informa\/los-ganaderos-de-lechazo-percibiran-este-diciembre-por-su-producto-en-torno-al-12-mas-que-hace-un-ano","og_locale":"es_ES","og_type":"article","og_title":"Los ganaderos de lechazo percibir\u00e1n este diciembre por su producto en torno al 12 % m\u00e1s que hace un a\u00f1o - ASAJA Palencia","og_description":"La Mesa del Lechazo de Castilla y Le\u00f3n, reunida el pasado viernes en Tordesillas (Valladolid), constata que la carne de ovino de calidad de nuestra","og_url":"https:\/\/www.asajacyl.com\/palencia\/asaja-palencia-informa\/los-ganaderos-de-lechazo-percibiran-este-diciembre-por-su-producto-en-torno-al-12-mas-que-hace-un-ano","og_site_name":"ASAJA Palencia","article_published_time":"2025-12-16T08:34:04+00:00","article_modified_time":"2025-12-16T08:34:10+00:00","og_image":[{"width":1024,"height":896,"url":"https:\/\/www.asajacyl.com\/palencia\/wp-content\/uploads\/sites\/3\/2025\/12\/Lechazos-Fuentes-de-Nava-c-Marco-Porras-web2-1024x896.jpg","type":"image\/jpeg"}],"author":"Administrador","twitter_card":"summary_large_image","twitter_misc":{"Escrito por":"Administrador","Tiempo de lectura":"4 minutos"},"schema":{"@context":"https:\/\/schema.org","@graph":[{"@type":"WebPage","@id":"https:\/\/www.asajacyl.com\/palencia\/asaja-palencia-informa\/los-ganaderos-de-lechazo-percibiran-este-diciembre-por-su-producto-en-torno-al-12-mas-que-hace-un-ano","url":"https:\/\/www.asajacyl.com\/palencia\/asaja-palencia-informa\/los-ganaderos-de-lechazo-percibiran-este-diciembre-por-su-producto-en-torno-al-12-mas-que-hace-un-ano","name":"Los ganaderos de lechazo percibir\u00e1n este diciembre por su producto en torno al 12 % m\u00e1s que hace un a\u00f1o - ASAJA Palencia","isPartOf":{"@id":"https:\/\/www.asajacyl.com\/palencia\/#website"},"primaryImageOfPage":{"@id":"https:\/\/www.asajacyl.com\/palencia\/asaja-palencia-informa\/los-ganaderos-de-lechazo-percibiran-este-diciembre-por-su-producto-en-torno-al-12-mas-que-hace-un-ano#primaryimage"},"image":{"@id":"https:\/\/www.asajacyl.com\/palencia\/asaja-palencia-informa\/los-ganaderos-de-lechazo-percibiran-este-diciembre-por-su-producto-en-torno-al-12-mas-que-hace-un-ano#primaryimage"},"thumbnailUrl":"https:\/\/www.asajacyl.com\/palencia\/wp-content\/uploads\/sites\/3\/2025\/12\/Lechazos-Fuentes-de-Nava-c-Marco-Porras-web2.jpg","datePublished":"2025-12-16T08:34:04+00:00","dateModified":"2025-12-16T08:34:10+00:00","author":{"@id":"https:\/\/www.asajacyl.com\/palencia\/#\/schema\/person\/3ab17aeb03527485c317557fae64aab1"},"description":"La Mesa del Lechazo de Castilla y Le\u00f3n, reunida el pasado viernes en Tordesillas (Valladolid), constata que la carne de ovino de calidad de nuestra","breadcrumb":{"@id":"https:\/\/www.asajacyl.com\/palencia\/asaja-palencia-informa\/los-ganaderos-de-lechazo-percibiran-este-diciembre-por-su-producto-en-torno-al-12-mas-que-hace-un-ano#breadcrumb"},"inLanguage":"es","potentialAction":[{"@type":"ReadAction","target":["https:\/\/www.asajacyl.com\/palencia\/asaja-palencia-informa\/los-ganaderos-de-lechazo-percibiran-este-diciembre-por-su-producto-en-torno-al-12-mas-que-hace-un-ano"]}]},{"@type":"ImageObject","inLanguage":"es","@id":"https:\/\/www.asajacyl.com\/palencia\/asaja-palencia-informa\/los-ganaderos-de-lechazo-percibiran-este-diciembre-por-su-producto-en-torno-al-12-mas-que-hace-un-ano#primaryimage","url":"https:\/\/www.asajacyl.com\/palencia\/wp-content\/uploads\/sites\/3\/2025\/12\/Lechazos-Fuentes-de-Nava-c-Marco-Porras-web2.jpg","contentUrl":"https:\/\/www.asajacyl.com\/palencia\/wp-content\/uploads\/sites\/3\/2025\/12\/Lechazos-Fuentes-de-Nava-c-Marco-Porras-web2.jpg","width":1890,"height":1654},{"@type":"BreadcrumbList","@id":"https:\/\/www.asajacyl.com\/palencia\/asaja-palencia-informa\/los-ganaderos-de-lechazo-percibiran-este-diciembre-por-su-producto-en-torno-al-12-mas-que-hace-un-ano#breadcrumb","itemListElement":[{"@type":"ListItem","position":1,"name":"Portada","item":"https:\/\/www.asajacyl.com\/palencia\/"},{"@type":"ListItem","position":2,"name":"Los ganaderos de lechazo percibir\u00e1n este diciembre por su producto en torno al 12 % m\u00e1s que hace un a\u00f1o"}]},{"@type":"WebSite","@id":"https:\/\/www.asajacyl.com\/palencia\/#website","url":"https:\/\/www.asajacyl.com\/palencia\/","name":"ASAJA Palencia","description":"Otro sitio m\u00e1s de Provincias ASAJA Castilla y Le\u00f3n","potentialAction":[{"@type":"SearchAction","target":{"@type":"EntryPoint","urlTemplate":"https:\/\/www.asajacyl.com\/palencia\/?s={search_term_string}"},"query-input":{"@type":"PropertyValueSpecification","valueRequired":true,"valueName":"search_term_string"}}],"inLanguage":"es"},{"@type":"Person","@id":"https:\/\/www.asajacyl.com\/palencia\/#\/schema\/person\/3ab17aeb03527485c317557fae64aab1","name":"Administrador","image":{"@type":"ImageObject","inLanguage":"es","@id":"https:\/\/www.asajacyl.com\/palencia\/#\/schema\/person\/image\/","url":"https:\/\/secure.gravatar.com\/avatar\/517384810d242ca9e38c180f3c9fb973?s=96&d=mm&r=g","contentUrl":"https:\/\/secure.gravatar.com\/avatar\/517384810d242ca9e38c180f3c9fb973?s=96&d=mm&r=g","caption":"Administrador"},"url":"https:\/\/www.asajacyl.com\/palencia\/author\/carlosrm"}]}},"_links":{"self":[{"href":"https:\/\/www.asajacyl.com\/palencia\/wp-json\/wp\/v2\/posts\/21793"}],"collection":[{"href":"https:\/\/www.asajacyl.com\/palencia\/wp-json\/wp\/v2\/posts"}],"about":[{"href":"https:\/\/www.asajacyl.com\/palencia\/wp-json\/wp\/v2\/types\/post"}],"author":[{"embeddable":true,"href":"https:\/\/www.asajacyl.com\/palencia\/wp-json\/wp\/v2\/users\/9"}],"replies":[{"embeddable":true,"href":"https:\/\/www.asajacyl.com\/palencia\/wp-json\/wp\/v2\/comments?post=21793"}],"version-history":[{"count":1,"href":"https:\/\/www.asajacyl.com\/palencia\/wp-json\/wp\/v2\/posts\/21793\/revisions"}],"predecessor-version":[{"id":21797,"href":"https:\/\/www.asajacyl.com\/palencia\/wp-json\/wp\/v2\/posts\/21793\/revisions\/21797"}],"wp:featuredmedia":[{"embeddable":true,"href":"https:\/\/www.asajacyl.com\/palencia\/wp-json\/wp\/v2\/media\/21796"}],"wp:attachment":[{"href":"https:\/\/www.asajacyl.com\/palencia\/wp-json\/wp\/v2\/media?parent=21793"}],"wp:term":[{"taxonomy":"category","embeddable":true,"href":"https:\/\/www.asajacyl.com\/palencia\/wp-json\/wp\/v2\/categories?post=21793"},{"taxonomy":"post_tag","embeddable":true,"href":"https:\/\/www.asajacyl.com\/palencia\/wp-json\/wp\/v2\/tags?post=21793"}],"curies":[{"name":"wp","href":"https:\/\/api.w.org\/{rel}","templated":true}]}}