{"id":21861,"date":"2025-12-28T08:00:00","date_gmt":"2025-12-28T07:00:00","guid":{"rendered":"https:\/\/www.asajacyl.com\/palencia\/?p=21861"},"modified":"2025-12-23T14:35:11","modified_gmt":"2025-12-23T13:35:11","slug":"huevos","status":"publish","type":"post","link":"https:\/\/www.asajacyl.com\/palencia\/asaja-palencia-informa\/huevos","title":{"rendered":"Huevos"},"content":{"rendered":"\n<h2 class=\"wp-block-heading\">JOS\u00c9 LUIS MARCOS | Presidente de ASAJA-Palencia<\/h2>\n\n\n\n<p>En un art\u00edculo anterior ya comentamos que el profesional agroganadero no se ve\u00eda beneficiado por la inflaci\u00f3n de precios, palpable en el d\u00eda a d\u00eda por la cesta de la compra, pero no s\u00f3lo en ese \u00e1mbito. A los agricultores y ganaderos no nos aportan ventajas estos a\u00f1os inflacionistas, sino m\u00e1s bien lo contrario: somos tambi\u00e9n v\u00edctimas de este problema econ\u00f3mico que padecemos, porque el alza de los costes de producci\u00f3n no ha encontrado, ni de lejos, una correlaci\u00f3n similar en los precios que percibimos.<\/p>\n\n\n\n<p>Mencionaremos adem\u00e1s de pasada que los procesos inflacionistas vividos desde la pandemia, acentuados con la guerra de Ucrania, han elevado los vol\u00famenes de negocio a rangos que incrementan directa e indirectamente la fiscalidad, como saben tanto el asalariado como el emprendedor. Y dej\u00e9moslo ah\u00ed. Hoy quer\u00edamos hablar sobre todo del precio de los huevos, como indica el t\u00edtulo, y no rebozarnos demasiado en las harinas fiscales\u2026<\/p>\n\n\n<div class=\"wp-block-image\">\n<figure class=\"alignright size-large is-resized\"><img loading=\"lazy\" decoding=\"async\" width=\"1024\" height=\"896\" src=\"https:\/\/www.asajacyl.com\/palencia\/wp-content\/uploads\/sites\/3\/2024\/04\/huevos-mediana-web-1024x896.jpg\" alt=\"\" class=\"wp-image-15917\" style=\"width:588px;height:auto\" srcset=\"https:\/\/www.asajacyl.com\/palencia\/wp-content\/uploads\/sites\/3\/2024\/04\/huevos-mediana-web-1024x896.jpg 1024w, https:\/\/www.asajacyl.com\/palencia\/wp-content\/uploads\/sites\/3\/2024\/04\/huevos-mediana-web-300x263.jpg 300w, https:\/\/www.asajacyl.com\/palencia\/wp-content\/uploads\/sites\/3\/2024\/04\/huevos-mediana-web-768x672.jpg 768w, https:\/\/www.asajacyl.com\/palencia\/wp-content\/uploads\/sites\/3\/2024\/04\/huevos-mediana-web-1536x1344.jpg 1536w, https:\/\/www.asajacyl.com\/palencia\/wp-content\/uploads\/sites\/3\/2024\/04\/huevos-mediana-web-696x609.jpg 696w, https:\/\/www.asajacyl.com\/palencia\/wp-content\/uploads\/sites\/3\/2024\/04\/huevos-mediana-web-1068x935.jpg 1068w, https:\/\/www.asajacyl.com\/palencia\/wp-content\/uploads\/sites\/3\/2024\/04\/huevos-mediana-web-480x420.jpg 480w, https:\/\/www.asajacyl.com\/palencia\/wp-content\/uploads\/sites\/3\/2024\/04\/huevos-mediana-web.jpg 1890w\" sizes=\"(max-width: 1024px) 100vw, 1024px\" \/><\/figure><\/div>\n\n\n<p><strong>SELLADOS. <\/strong>M\u00e1s que nada, porque parece que en este terreno pisamos callos. Y luego sucede lo que sucede: que nuestro sector se ve asediado por cartas y requerimientos de los agentes tributarios para buscarnos las vueltas. Ignoramos si a otros colectivos que protestan y reivindican les sucede lo mismo, pero nosotros s\u00ed que tenemos comprobado aqu\u00ed la correlaci\u00f3n: en cuanto sacamos pancartas y manifestamos nuestras quejas, nos ponen el sello\u2026 y Hacienda, en las provincias agrarias, imprime m\u00e1s <em>cartas<\/em> que don Heraclio Fournier, para que no se aburran nuestros asesores fiscales. Es matem\u00e1tico, como dec\u00edan los abuelos.<\/p>\n\n\n\n<p>Dicho esto, si alguien piensa que los avicultores se est\u00e1n forrando con la subida del precio de los huevos, ya tarda para invertir en el sector, e incluso animarse a montar una granja\u2026 si bien no se lo recomiendo. En primer lugar, porque lo m\u00e1s probable es que su proyecto (a poca dimensi\u00f3n que tenga) se ver\u00e1 calificado como una macrogranja, con lo que el estigma <em>macro<\/em> acarrea a la hora de lograr permisos y licencias. O bien optar por modelos productivos m\u00e1s\u00a0modestos, que dan para vivir y amortizar la inversi\u00f3n docena a docena.<\/p>\n\n\n\n<p><strong>BIENESTAR ANIMAL. <\/strong>En segundo lugar, porque los huevos han subido, sin duda, como muchos alimentos. Pero eso no significa que hayan incrementado los beneficios. Recordemos que, seg\u00fan anticipamos desde ASAJA en su momento,\u00a0aplicar la normativa europea sobre bienestar animal aumentaba hasta un 40 % las inversiones necesarias para producir huevos y carne de pollo. De esta cuesti\u00f3n parece que no interesa hablar ahora, a juzgar por lo que los d\u00edas de crisis sanitaria de la gripe aviar se ha comentado en los medios de comunicaci\u00f3n.<\/p>\n\n\n\n<p>Los huevos llevan tiempo subiendo en toda la Uni\u00f3n Europea. De media, el 10 % en el \u00faltimo a\u00f1o. M\u00e1s del 30 % en algunos pa\u00edses, como Portugal). Pero no s\u00f3lo por la gripe aviar. Se han juntado la mayor demanda de esta prote\u00edna de calidad (al haberse encarecido otras fuentes de prote\u00edna) y una oferta de producci\u00f3n menor. El censo espa\u00f1ol de gallinas apenas ha variado desde 2020, aunque el n\u00famero de explotaciones ha crecido m\u00e1s del 31 %. Eso s\u00ed, ahora las gallinas gozan de m\u00e1s bienestar. Los consumidores escuchan en los altavoces medi\u00e1ticos que esas gallinas le est\u00e1n dando al granjero huevos de oro, como en el cuento. Y no es as\u00ed.<strong>\/<\/strong><\/p>\n\n\n\n<blockquote class=\"wp-block-quote is-layout-flow wp-block-quote-is-layout-flow\">\n<p class=\"has-text-align-left\">\u00abLa cifra total de gallinas ponedoras en Espa\u00f1a apenas ha crecido desde 2020, aun cuando en estos a\u00f1os han aumentado el 31 % las explotaciones av\u00edcolas de puesta. Eso s\u00ed, ahora las gallinas gozan de m\u00e1s bienestar&#8230; los consumidores escuchan en los altavoces medi\u00e1ticos que esas gallinas le est\u00e1n dando al granjero huevos de oro, como en el cuento. Y no es as\u00ed.\u00bb<\/p>\n<\/blockquote>\n","protected":false},"excerpt":{"rendered":"<p>JOS\u00c9 LUIS MARCOS | Presidente de ASAJA-Palencia En un art\u00edculo anterior ya comentamos que el profesional agroganadero no se ve\u00eda beneficiado por la inflaci\u00f3n de precios, palpable en el d\u00eda a d\u00eda por la cesta de la compra, pero no s\u00f3lo en ese \u00e1mbito. A los agricultores y ganaderos no nos aportan ventajas estos a\u00f1os [&hellip;]<\/p>\n","protected":false},"author":9,"featured_media":15857,"comment_status":"open","ping_status":"open","sticky":false,"template":"","format":"standard","meta":{"footnotes":""},"categories":[9,29,30,28],"tags":[195,158,1644,798,351,77,282,521,502],"yoast_head":"<!-- This site is optimized with the Yoast SEO plugin v24.5 - https:\/\/yoast.com\/wordpress\/plugins\/seo\/ -->\n<title>Huevos - ASAJA Palencia<\/title>\n<meta name=\"description\" content=\"JOS\u00c9 LUIS MARCOS | Presidente de ASAJA-Palencia En un art\u00edculo anterior ya comentamos que el profesional agroganadero no se ve\u00eda beneficiado por la\" \/>\n<meta name=\"robots\" content=\"index, follow, max-snippet:-1, max-image-preview:large, max-video-preview:-1\" \/>\n<link rel=\"canonical\" href=\"https:\/\/www.asajacyl.com\/palencia\/asaja-palencia-informa\/huevos\" \/>\n<meta property=\"og:locale\" content=\"es_ES\" \/>\n<meta property=\"og:type\" content=\"article\" \/>\n<meta property=\"og:title\" content=\"Huevos - ASAJA Palencia\" \/>\n<meta property=\"og:description\" content=\"JOS\u00c9 LUIS MARCOS | Presidente de ASAJA-Palencia En un art\u00edculo anterior ya comentamos que el profesional agroganadero no se ve\u00eda beneficiado por la\" \/>\n<meta property=\"og:url\" content=\"https:\/\/www.asajacyl.com\/palencia\/asaja-palencia-informa\/huevos\" \/>\n<meta property=\"og:site_name\" content=\"ASAJA Palencia\" \/>\n<meta property=\"article:published_time\" content=\"2025-12-28T07:00:00+00:00\" \/>\n<meta property=\"og:image\" content=\"https:\/\/www.asajacyl.com\/palencia\/wp-content\/uploads\/sites\/3\/2024\/04\/Jose-Luis-Marcos-para-web.jpg\" \/>\n\t<meta property=\"og:image:width\" content=\"1890\" \/>\n\t<meta property=\"og:image:height\" content=\"1654\" \/>\n\t<meta property=\"og:image:type\" content=\"image\/jpeg\" \/>\n<meta name=\"author\" content=\"Administrador\" \/>\n<meta name=\"twitter:card\" content=\"summary_large_image\" \/>\n<meta name=\"twitter:label1\" content=\"Escrito por\" \/>\n\t<meta name=\"twitter:data1\" content=\"Administrador\" \/>\n\t<meta name=\"twitter:label2\" content=\"Tiempo de lectura\" \/>\n\t<meta name=\"twitter:data2\" content=\"3 minutos\" \/>\n<script type=\"application\/ld+json\" class=\"yoast-schema-graph\">{\"@context\":\"https:\/\/schema.org\",\"@graph\":[{\"@type\":\"WebPage\",\"@id\":\"https:\/\/www.asajacyl.com\/palencia\/asaja-palencia-informa\/huevos\",\"url\":\"https:\/\/www.asajacyl.com\/palencia\/asaja-palencia-informa\/huevos\",\"name\":\"Huevos - ASAJA Palencia\",\"isPartOf\":{\"@id\":\"https:\/\/www.asajacyl.com\/palencia\/#website\"},\"primaryImageOfPage\":{\"@id\":\"https:\/\/www.asajacyl.com\/palencia\/asaja-palencia-informa\/huevos#primaryimage\"},\"image\":{\"@id\":\"https:\/\/www.asajacyl.com\/palencia\/asaja-palencia-informa\/huevos#primaryimage\"},\"thumbnailUrl\":\"https:\/\/www.asajacyl.com\/palencia\/wp-content\/uploads\/sites\/3\/2024\/04\/Jose-Luis-Marcos-para-web.jpg\",\"datePublished\":\"2025-12-28T07:00:00+00:00\",\"author\":{\"@id\":\"https:\/\/www.asajacyl.com\/palencia\/#\/schema\/person\/3ab17aeb03527485c317557fae64aab1\"},\"description\":\"JOS\u00c9 LUIS MARCOS | Presidente de ASAJA-Palencia En un art\u00edculo anterior ya comentamos que el profesional agroganadero no se ve\u00eda beneficiado por la\",\"breadcrumb\":{\"@id\":\"https:\/\/www.asajacyl.com\/palencia\/asaja-palencia-informa\/huevos#breadcrumb\"},\"inLanguage\":\"es\",\"potentialAction\":[{\"@type\":\"ReadAction\",\"target\":[\"https:\/\/www.asajacyl.com\/palencia\/asaja-palencia-informa\/huevos\"]}]},{\"@type\":\"ImageObject\",\"inLanguage\":\"es\",\"@id\":\"https:\/\/www.asajacyl.com\/palencia\/asaja-palencia-informa\/huevos#primaryimage\",\"url\":\"https:\/\/www.asajacyl.com\/palencia\/wp-content\/uploads\/sites\/3\/2024\/04\/Jose-Luis-Marcos-para-web.jpg\",\"contentUrl\":\"https:\/\/www.asajacyl.com\/palencia\/wp-content\/uploads\/sites\/3\/2024\/04\/Jose-Luis-Marcos-para-web.jpg\",\"width\":1890,\"height\":1654},{\"@type\":\"BreadcrumbList\",\"@id\":\"https:\/\/www.asajacyl.com\/palencia\/asaja-palencia-informa\/huevos#breadcrumb\",\"itemListElement\":[{\"@type\":\"ListItem\",\"position\":1,\"name\":\"Portada\",\"item\":\"https:\/\/www.asajacyl.com\/palencia\/\"},{\"@type\":\"ListItem\",\"position\":2,\"name\":\"Huevos\"}]},{\"@type\":\"WebSite\",\"@id\":\"https:\/\/www.asajacyl.com\/palencia\/#website\",\"url\":\"https:\/\/www.asajacyl.com\/palencia\/\",\"name\":\"ASAJA Palencia\",\"description\":\"Otro sitio m\u00e1s de Provincias ASAJA Castilla y Le\u00f3n\",\"potentialAction\":[{\"@type\":\"SearchAction\",\"target\":{\"@type\":\"EntryPoint\",\"urlTemplate\":\"https:\/\/www.asajacyl.com\/palencia\/?s={search_term_string}\"},\"query-input\":{\"@type\":\"PropertyValueSpecification\",\"valueRequired\":true,\"valueName\":\"search_term_string\"}}],\"inLanguage\":\"es\"},{\"@type\":\"Person\",\"@id\":\"https:\/\/www.asajacyl.com\/palencia\/#\/schema\/person\/3ab17aeb03527485c317557fae64aab1\",\"name\":\"Administrador\",\"image\":{\"@type\":\"ImageObject\",\"inLanguage\":\"es\",\"@id\":\"https:\/\/www.asajacyl.com\/palencia\/#\/schema\/person\/image\/\",\"url\":\"https:\/\/secure.gravatar.com\/avatar\/517384810d242ca9e38c180f3c9fb973?s=96&d=mm&r=g\",\"contentUrl\":\"https:\/\/secure.gravatar.com\/avatar\/517384810d242ca9e38c180f3c9fb973?s=96&d=mm&r=g\",\"caption\":\"Administrador\"},\"url\":\"https:\/\/www.asajacyl.com\/palencia\/author\/carlosrm\"}]}<\/script>\n<!-- \/ Yoast SEO plugin. -->","yoast_head_json":{"title":"Huevos - ASAJA Palencia","description":"JOS\u00c9 LUIS MARCOS | Presidente de ASAJA-Palencia En un art\u00edculo anterior ya comentamos que el profesional agroganadero no se ve\u00eda beneficiado por la","robots":{"index":"index","follow":"follow","max-snippet":"max-snippet:-1","max-image-preview":"max-image-preview:large","max-video-preview":"max-video-preview:-1"},"canonical":"https:\/\/www.asajacyl.com\/palencia\/asaja-palencia-informa\/huevos","og_locale":"es_ES","og_type":"article","og_title":"Huevos - ASAJA Palencia","og_description":"JOS\u00c9 LUIS MARCOS | Presidente de ASAJA-Palencia En un art\u00edculo anterior ya comentamos que el profesional agroganadero no se ve\u00eda beneficiado por la","og_url":"https:\/\/www.asajacyl.com\/palencia\/asaja-palencia-informa\/huevos","og_site_name":"ASAJA Palencia","article_published_time":"2025-12-28T07:00:00+00:00","og_image":[{"width":1890,"height":1654,"url":"https:\/\/www.asajacyl.com\/palencia\/wp-content\/uploads\/sites\/3\/2024\/04\/Jose-Luis-Marcos-para-web.jpg","type":"image\/jpeg"}],"author":"Administrador","twitter_card":"summary_large_image","twitter_misc":{"Escrito por":"Administrador","Tiempo de lectura":"3 minutos"},"schema":{"@context":"https:\/\/schema.org","@graph":[{"@type":"WebPage","@id":"https:\/\/www.asajacyl.com\/palencia\/asaja-palencia-informa\/huevos","url":"https:\/\/www.asajacyl.com\/palencia\/asaja-palencia-informa\/huevos","name":"Huevos - ASAJA Palencia","isPartOf":{"@id":"https:\/\/www.asajacyl.com\/palencia\/#website"},"primaryImageOfPage":{"@id":"https:\/\/www.asajacyl.com\/palencia\/asaja-palencia-informa\/huevos#primaryimage"},"image":{"@id":"https:\/\/www.asajacyl.com\/palencia\/asaja-palencia-informa\/huevos#primaryimage"},"thumbnailUrl":"https:\/\/www.asajacyl.com\/palencia\/wp-content\/uploads\/sites\/3\/2024\/04\/Jose-Luis-Marcos-para-web.jpg","datePublished":"2025-12-28T07:00:00+00:00","author":{"@id":"https:\/\/www.asajacyl.com\/palencia\/#\/schema\/person\/3ab17aeb03527485c317557fae64aab1"},"description":"JOS\u00c9 LUIS MARCOS | Presidente de ASAJA-Palencia En un art\u00edculo anterior ya comentamos que el profesional agroganadero no se ve\u00eda beneficiado por la","breadcrumb":{"@id":"https:\/\/www.asajacyl.com\/palencia\/asaja-palencia-informa\/huevos#breadcrumb"},"inLanguage":"es","potentialAction":[{"@type":"ReadAction","target":["https:\/\/www.asajacyl.com\/palencia\/asaja-palencia-informa\/huevos"]}]},{"@type":"ImageObject","inLanguage":"es","@id":"https:\/\/www.asajacyl.com\/palencia\/asaja-palencia-informa\/huevos#primaryimage","url":"https:\/\/www.asajacyl.com\/palencia\/wp-content\/uploads\/sites\/3\/2024\/04\/Jose-Luis-Marcos-para-web.jpg","contentUrl":"https:\/\/www.asajacyl.com\/palencia\/wp-content\/uploads\/sites\/3\/2024\/04\/Jose-Luis-Marcos-para-web.jpg","width":1890,"height":1654},{"@type":"BreadcrumbList","@id":"https:\/\/www.asajacyl.com\/palencia\/asaja-palencia-informa\/huevos#breadcrumb","itemListElement":[{"@type":"ListItem","position":1,"name":"Portada","item":"https:\/\/www.asajacyl.com\/palencia\/"},{"@type":"ListItem","position":2,"name":"Huevos"}]},{"@type":"WebSite","@id":"https:\/\/www.asajacyl.com\/palencia\/#website","url":"https:\/\/www.asajacyl.com\/palencia\/","name":"ASAJA Palencia","description":"Otro sitio m\u00e1s de Provincias ASAJA Castilla y Le\u00f3n","potentialAction":[{"@type":"SearchAction","target":{"@type":"EntryPoint","urlTemplate":"https:\/\/www.asajacyl.com\/palencia\/?s={search_term_string}"},"query-input":{"@type":"PropertyValueSpecification","valueRequired":true,"valueName":"search_term_string"}}],"inLanguage":"es"},{"@type":"Person","@id":"https:\/\/www.asajacyl.com\/palencia\/#\/schema\/person\/3ab17aeb03527485c317557fae64aab1","name":"Administrador","image":{"@type":"ImageObject","inLanguage":"es","@id":"https:\/\/www.asajacyl.com\/palencia\/#\/schema\/person\/image\/","url":"https:\/\/secure.gravatar.com\/avatar\/517384810d242ca9e38c180f3c9fb973?s=96&d=mm&r=g","contentUrl":"https:\/\/secure.gravatar.com\/avatar\/517384810d242ca9e38c180f3c9fb973?s=96&d=mm&r=g","caption":"Administrador"},"url":"https:\/\/www.asajacyl.com\/palencia\/author\/carlosrm"}]}},"_links":{"self":[{"href":"https:\/\/www.asajacyl.com\/palencia\/wp-json\/wp\/v2\/posts\/21861"}],"collection":[{"href":"https:\/\/www.asajacyl.com\/palencia\/wp-json\/wp\/v2\/posts"}],"about":[{"href":"https:\/\/www.asajacyl.com\/palencia\/wp-json\/wp\/v2\/types\/post"}],"author":[{"embeddable":true,"href":"https:\/\/www.asajacyl.com\/palencia\/wp-json\/wp\/v2\/users\/9"}],"replies":[{"embeddable":true,"href":"https:\/\/www.asajacyl.com\/palencia\/wp-json\/wp\/v2\/comments?post=21861"}],"version-history":[{"count":2,"href":"https:\/\/www.asajacyl.com\/palencia\/wp-json\/wp\/v2\/posts\/21861\/revisions"}],"predecessor-version":[{"id":21863,"href":"https:\/\/www.asajacyl.com\/palencia\/wp-json\/wp\/v2\/posts\/21861\/revisions\/21863"}],"wp:featuredmedia":[{"embeddable":true,"href":"https:\/\/www.asajacyl.com\/palencia\/wp-json\/wp\/v2\/media\/15857"}],"wp:attachment":[{"href":"https:\/\/www.asajacyl.com\/palencia\/wp-json\/wp\/v2\/media?parent=21861"}],"wp:term":[{"taxonomy":"category","embeddable":true,"href":"https:\/\/www.asajacyl.com\/palencia\/wp-json\/wp\/v2\/categories?post=21861"},{"taxonomy":"post_tag","embeddable":true,"href":"https:\/\/www.asajacyl.com\/palencia\/wp-json\/wp\/v2\/tags?post=21861"}],"curies":[{"name":"wp","href":"https:\/\/api.w.org\/{rel}","templated":true}]}}