{"id":21887,"date":"2025-12-29T08:00:00","date_gmt":"2025-12-29T07:00:00","guid":{"rendered":"https:\/\/www.asajacyl.com\/palencia\/?p=21887"},"modified":"2025-12-30T07:16:26","modified_gmt":"2025-12-30T06:16:26","slug":"pedro-barato-el-aplazamiento-de-la-firma-con-mercosur-no-da-tiempo-para-mejorar-la-pac-y-el-acuerdo","status":"publish","type":"post","link":"https:\/\/www.asajacyl.com\/palencia\/asaja-palencia-informa\/pedro-barato-el-aplazamiento-de-la-firma-con-mercosur-no-da-tiempo-para-mejorar-la-pac-y-el-acuerdo","title":{"rendered":"Pedro Barato: \u00abEl aplazamiento de la firma con Mercosur da tiempo para mejorar la PAC y el acuerdo\u00bb"},"content":{"rendered":"\n<h2 class=\"wp-block-heading\">El presidente nacional de ASAJA,\u00a0Pedro Barato, ha valorado el aplazamiento de la firma del acuerdo comercial entre la Uni\u00f3n Europea y Mercosur como una oportunidad para\u00a0ganar tiempo,\u00a0y corregir un texto que, tal y como est\u00e1 planteado,\u00a0no garantiza la reciprocidad\u00a0que exige el sector agrario europeo. \u00abSupone ganar tiempo para mejorar la Pol\u00edtica Agr\u00edcola Com\u00fan y para mejorar el propio acuerdo de Mercosur\u00bb, resumi\u00f3 Barato desde Bruselas, tras una jornada de reuniones de representantes de nuestro sector con responsables comunitarios.<\/h2>\n\n\n\n<p>Barato insisti\u00f3 en que ASAJA no se opone a la apertura comercial, sino a que se haga con\u00a0reglas distintas\u00a0para unos y otros. \u00abNosotros no estamos en contra de que exista un comercio\u2026 pero el problema es\u00a0el contenido del acuerdo. Lo que ped\u00edamos era la m\u00e1gica palabra\u00a0reciprocidad: que lo que me exigen a m\u00ed para producir,\u00a0tambi\u00e9n se le exige a los dem\u00e1s\u00bb, afirma.<\/p>\n\n\n\n<p>En ese sentido, vincul\u00f3 el debate de Mercosur con otros expedientes comerciales que, a su juicio, tambi\u00e9n impactan en la agricultura espa\u00f1ola, como el acuerdo con Marruecos, con efectos sobre producciones concretas, como las hort\u00edcolas.<\/p>\n\n\n\n<p><strong>ITALIA, POSTURA ACERTADA. <\/strong>El presidente de ASAJA apunt\u00f3 adem\u00e1s a los equilibrios pol\u00edticos dentro de la UE para explicar el frenazo. Seg\u00fan su an\u00e1lisis, algunos pa\u00edses est\u00e1n presionando para introducir mejoras, mientras otros priorizan intereses industriales. \u00abAqu\u00ed lo que hay es que\u00a0Alemania quiere vender muchos coches en Mercosur\u2026 e\u00a0Italia\u00a0es un peso muy importante\u00bb, ha manifestado Pedro Barato, quien elogia la posici\u00f3n de la primera ministra italiana: \u00abMeloni lo est\u00e1 haciendo muy bien\u00a0al decir que sus agricultores no pueden salir sacrificados por el autom\u00f3vil\u00bb.<\/p>\n\n\n\n<p>Barato enmarc\u00f3 el aplazamiento en la\u00a0presi\u00f3n ejercida por el campo\u00a0durante la movilizaci\u00f3n celebrada recientemente en Bruselas. \u00abDir\u00eda que\u00a0ha sido un momento hist\u00f3rico\u00bb, porque la jornada no se limit\u00f3 a la protesta en la calle: \u00abLos dirigentes del COPA (que agrupa a las organizaciones profesionales del sectro agrario de toda la UE) est\u00e1bamos sentados con la se\u00f1ora\u00a0Von der Leyen, con el presidente del Consejo; y con el comisario de Agricultura; y a \u00faltima hora\u2026 hemos estado reunidos con\u00a0cuatro comisarios, Christophe Hansen (Agricultura), Piotr Serafin (Presupuestos), Maro\u0161 \u0160ef\u010dovi\u010d (Comercio) y Jessika Roswall (Medio Ambiente)\u00bb.<\/p>\n\n\n\n<p><strong>IMPORTANTE MOVILIZACI\u00d3N&#8230; QUE PUEDE SEGUIR. <\/strong>Tambi\u00e9n subray\u00f3 la <a href=\"https:\/\/www.asajacyl.com\/palencia\/asaja-palencia-informa\/asaja-palencia-participa-en-la-protesta-europea-en-bruselas-por-una-pac-autonoma-y-con-presupuesto\" target=\"_blank\" rel=\"noreferrer noopener\">participaci\u00f3n espa\u00f1ola, con m\u00e1s de 320 agricultores y ganaderos de ASAJA en la capital comunitaria<\/a> (entre ellos, una delegaci\u00f3n de Palencia y de Castilla y Le\u00f3n). <\/p>\n\n\n\n<p>Lejos de dar por cerrada la batalla, el presidente de ASAJA advirti\u00f3 de que el aplazamiento no es un punto final. \u00abTodav\u00eda\u00a0no estamos satisfechos\u00a0para decir que esto ha terminado\u00bb, sostiene, \u00absino que textualmente he dicho que\u00a0es el comienzo\u00a0de un trabajo, de una lucha por\u00a0defender lo nuestro. Y si hay que salir a las carreteras en Espa\u00f1a,\u00a0habr\u00e1 que seguir defendi\u00e9ndolo\u00bb.<\/p>\n\n\n\n<p>Para el l\u00edder nacional de ASAJA, nos hallamos en un momento clave para conectar Mercosur con la negociaci\u00f3n de la pr\u00f3xima PAC y el marco financiero europeo a partir de 2028. El sector se enfrenta a una ecuaci\u00f3n insostenible, porque en la propuesta de la pol\u00edtica agraria por parte de la Comisi\u00f3n Europea, \u00abhay\u00a0menos dinero\u00a0y\u00a0m\u00e1s obligaciones para ser profesional agroganadero\u00bb, explica Pedro Barato.<\/p>\n\n\n\n<p><strong>LA PRIMERA VEZ Y LLAMAMIENTO AL GOBIERNO DE ESPA\u00d1A. <\/strong>Y remat\u00f3 con un mensaje pol\u00edtico de fondo: \u00abEs la primera vez en la historia que coincide que el presupuesto de la Uni\u00f3n Europea es cuando m\u00e1s sube y, sin embargo,\u00a0lo que m\u00e1s baja es el presupuesto agrario\u00bb. En ese contexto, defendi\u00f3 que la seguridad y la soberan\u00eda alimentarias deben ser un eje estrat\u00e9gico de las pol\u00edticas comunitarias. \u00abSe confunden\u2026 mucho misil y mucho tanque; pero lo tenemos demostrado:\u00a0el mejor misil es la alimentaci\u00f3n\u00a0y con esas cosas\u00a0no se puede jugar\u00bb.<\/p>\n\n\n\n<p>Sobre la posici\u00f3n de Espa\u00f1a, Barato diferencia entre el Ministerio de Agricultura y la Presidencia del Gobierno: el ministro Luis Planas se ha pronunciado con contra de la propuesta de la Comisi\u00f3n Europea, pero reclam\u00f3 mayor implicaci\u00f3n pol\u00edtica del Ejecutivo. \u00abEl presidente del Gobierno todav\u00eda no ha dicho nada, que es lo importante\u2026 y con un solo presidente de Gobierno que diga que no, esto no va adelante\u201d.<\/p>\n\n\n\n<p>ASAJA interpreta as\u00ed este aplazamiento de la firma como una\u00a0oportunidad para exigir cambios reales. \u00abTodo lo que sea ganar tiempo para mejorar el contenido del acuerdo y esta propuesta de la PAC,\u00a0bienvenido sea\u00bb, concluye Barato, quien augura que la presi\u00f3n del sector continuar\u00e1 mientras no haya garant\u00edas efectivas para los agricultores y ganaderos europeos.<strong>\/<\/strong><\/p>\n","protected":false},"excerpt":{"rendered":"<p>El presidente nacional de ASAJA,\u00a0Pedro Barato, ha valorado el aplazamiento de la firma del acuerdo comercial entre la Uni\u00f3n Europea y Mercosur como una oportunidad para\u00a0ganar tiempo,\u00a0y corregir un texto que, tal y como est\u00e1 planteado,\u00a0no garantiza la reciprocidad\u00a0que exige el sector agrario europeo. \u00abSupone ganar tiempo para mejorar la Pol\u00edtica Agr\u00edcola Com\u00fan y para [&hellip;]<\/p>\n","protected":false},"author":9,"featured_media":21889,"comment_status":"open","ping_status":"open","sticky":false,"template":"","format":"standard","meta":{"footnotes":""},"categories":[9,38,29,28,13],"tags":[1172,1201,1604,58,1074,260,351,77,239,1171,110,45,286,338,1228],"yoast_head":"<!-- This site is optimized with the Yoast SEO plugin v24.5 - https:\/\/yoast.com\/wordpress\/plugins\/seo\/ -->\n<title>Pedro Barato: \u00abEl aplazamiento de la firma con Mercosur da tiempo para mejorar la PAC y el acuerdo\u00bb - ASAJA Palencia<\/title>\n<meta name=\"description\" content=\"El presidente nacional de ASAJA,\u00a0Pedro Barato, ha valorado el aplazamiento de la firma del acuerdo comercial entre la Uni\u00f3n Europea y Mercosur como una\" \/>\n<meta name=\"robots\" content=\"index, follow, max-snippet:-1, max-image-preview:large, max-video-preview:-1\" \/>\n<link rel=\"canonical\" href=\"https:\/\/www.asajacyl.com\/palencia\/asaja-palencia-informa\/pedro-barato-el-aplazamiento-de-la-firma-con-mercosur-no-da-tiempo-para-mejorar-la-pac-y-el-acuerdo\" \/>\n<meta property=\"og:locale\" content=\"es_ES\" \/>\n<meta property=\"og:type\" content=\"article\" \/>\n<meta property=\"og:title\" content=\"Pedro Barato: \u00abEl aplazamiento de la firma con Mercosur da tiempo para mejorar la PAC y el acuerdo\u00bb - ASAJA Palencia\" \/>\n<meta property=\"og:description\" content=\"El presidente nacional de ASAJA,\u00a0Pedro Barato, ha valorado el aplazamiento de la firma del acuerdo comercial entre la Uni\u00f3n Europea y Mercosur como una\" \/>\n<meta property=\"og:url\" content=\"https:\/\/www.asajacyl.com\/palencia\/asaja-palencia-informa\/pedro-barato-el-aplazamiento-de-la-firma-con-mercosur-no-da-tiempo-para-mejorar-la-pac-y-el-acuerdo\" \/>\n<meta property=\"og:site_name\" content=\"ASAJA Palencia\" \/>\n<meta property=\"article:published_time\" content=\"2025-12-29T07:00:00+00:00\" \/>\n<meta property=\"article:modified_time\" content=\"2025-12-30T06:16:26+00:00\" \/>\n<meta property=\"og:image\" content=\"https:\/\/www.asajacyl.com\/palencia\/wp-content\/uploads\/sites\/3\/2025\/12\/Barato-y-Hansen-web.jpg\" \/>\n\t<meta property=\"og:image:width\" content=\"1890\" \/>\n\t<meta property=\"og:image:height\" content=\"1654\" \/>\n\t<meta property=\"og:image:type\" content=\"image\/jpeg\" \/>\n<meta name=\"author\" content=\"Administrador\" \/>\n<meta name=\"twitter:card\" content=\"summary_large_image\" \/>\n<meta name=\"twitter:label1\" content=\"Escrito por\" \/>\n\t<meta name=\"twitter:data1\" content=\"Administrador\" \/>\n\t<meta name=\"twitter:label2\" content=\"Tiempo de lectura\" \/>\n\t<meta name=\"twitter:data2\" content=\"4 minutos\" \/>\n<script type=\"application\/ld+json\" class=\"yoast-schema-graph\">{\"@context\":\"https:\/\/schema.org\",\"@graph\":[{\"@type\":\"WebPage\",\"@id\":\"https:\/\/www.asajacyl.com\/palencia\/asaja-palencia-informa\/pedro-barato-el-aplazamiento-de-la-firma-con-mercosur-no-da-tiempo-para-mejorar-la-pac-y-el-acuerdo\",\"url\":\"https:\/\/www.asajacyl.com\/palencia\/asaja-palencia-informa\/pedro-barato-el-aplazamiento-de-la-firma-con-mercosur-no-da-tiempo-para-mejorar-la-pac-y-el-acuerdo\",\"name\":\"Pedro Barato: \u00abEl aplazamiento de la firma con Mercosur da tiempo para mejorar la PAC y el acuerdo\u00bb - ASAJA Palencia\",\"isPartOf\":{\"@id\":\"https:\/\/www.asajacyl.com\/palencia\/#website\"},\"primaryImageOfPage\":{\"@id\":\"https:\/\/www.asajacyl.com\/palencia\/asaja-palencia-informa\/pedro-barato-el-aplazamiento-de-la-firma-con-mercosur-no-da-tiempo-para-mejorar-la-pac-y-el-acuerdo#primaryimage\"},\"image\":{\"@id\":\"https:\/\/www.asajacyl.com\/palencia\/asaja-palencia-informa\/pedro-barato-el-aplazamiento-de-la-firma-con-mercosur-no-da-tiempo-para-mejorar-la-pac-y-el-acuerdo#primaryimage\"},\"thumbnailUrl\":\"https:\/\/www.asajacyl.com\/palencia\/wp-content\/uploads\/sites\/3\/2025\/12\/Barato-y-Hansen-web.jpg\",\"datePublished\":\"2025-12-29T07:00:00+00:00\",\"dateModified\":\"2025-12-30T06:16:26+00:00\",\"author\":{\"@id\":\"https:\/\/www.asajacyl.com\/palencia\/#\/schema\/person\/3ab17aeb03527485c317557fae64aab1\"},\"description\":\"El presidente nacional de ASAJA,\u00a0Pedro Barato, ha valorado el aplazamiento de la firma del acuerdo comercial entre la Uni\u00f3n Europea y Mercosur como una\",\"breadcrumb\":{\"@id\":\"https:\/\/www.asajacyl.com\/palencia\/asaja-palencia-informa\/pedro-barato-el-aplazamiento-de-la-firma-con-mercosur-no-da-tiempo-para-mejorar-la-pac-y-el-acuerdo#breadcrumb\"},\"inLanguage\":\"es\",\"potentialAction\":[{\"@type\":\"ReadAction\",\"target\":[\"https:\/\/www.asajacyl.com\/palencia\/asaja-palencia-informa\/pedro-barato-el-aplazamiento-de-la-firma-con-mercosur-no-da-tiempo-para-mejorar-la-pac-y-el-acuerdo\"]}]},{\"@type\":\"ImageObject\",\"inLanguage\":\"es\",\"@id\":\"https:\/\/www.asajacyl.com\/palencia\/asaja-palencia-informa\/pedro-barato-el-aplazamiento-de-la-firma-con-mercosur-no-da-tiempo-para-mejorar-la-pac-y-el-acuerdo#primaryimage\",\"url\":\"https:\/\/www.asajacyl.com\/palencia\/wp-content\/uploads\/sites\/3\/2025\/12\/Barato-y-Hansen-web.jpg\",\"contentUrl\":\"https:\/\/www.asajacyl.com\/palencia\/wp-content\/uploads\/sites\/3\/2025\/12\/Barato-y-Hansen-web.jpg\",\"width\":1890,\"height\":1654},{\"@type\":\"BreadcrumbList\",\"@id\":\"https:\/\/www.asajacyl.com\/palencia\/asaja-palencia-informa\/pedro-barato-el-aplazamiento-de-la-firma-con-mercosur-no-da-tiempo-para-mejorar-la-pac-y-el-acuerdo#breadcrumb\",\"itemListElement\":[{\"@type\":\"ListItem\",\"position\":1,\"name\":\"Portada\",\"item\":\"https:\/\/www.asajacyl.com\/palencia\/\"},{\"@type\":\"ListItem\",\"position\":2,\"name\":\"Pedro Barato: \u00abEl aplazamiento de la firma con Mercosur da tiempo para mejorar la PAC y el acuerdo\u00bb\"}]},{\"@type\":\"WebSite\",\"@id\":\"https:\/\/www.asajacyl.com\/palencia\/#website\",\"url\":\"https:\/\/www.asajacyl.com\/palencia\/\",\"name\":\"ASAJA Palencia\",\"description\":\"Otro sitio m\u00e1s de Provincias ASAJA Castilla y Le\u00f3n\",\"potentialAction\":[{\"@type\":\"SearchAction\",\"target\":{\"@type\":\"EntryPoint\",\"urlTemplate\":\"https:\/\/www.asajacyl.com\/palencia\/?s={search_term_string}\"},\"query-input\":{\"@type\":\"PropertyValueSpecification\",\"valueRequired\":true,\"valueName\":\"search_term_string\"}}],\"inLanguage\":\"es\"},{\"@type\":\"Person\",\"@id\":\"https:\/\/www.asajacyl.com\/palencia\/#\/schema\/person\/3ab17aeb03527485c317557fae64aab1\",\"name\":\"Administrador\",\"image\":{\"@type\":\"ImageObject\",\"inLanguage\":\"es\",\"@id\":\"https:\/\/www.asajacyl.com\/palencia\/#\/schema\/person\/image\/\",\"url\":\"https:\/\/secure.gravatar.com\/avatar\/517384810d242ca9e38c180f3c9fb973?s=96&d=mm&r=g\",\"contentUrl\":\"https:\/\/secure.gravatar.com\/avatar\/517384810d242ca9e38c180f3c9fb973?s=96&d=mm&r=g\",\"caption\":\"Administrador\"},\"url\":\"https:\/\/www.asajacyl.com\/palencia\/author\/carlosrm\"}]}<\/script>\n<!-- \/ Yoast SEO plugin. -->","yoast_head_json":{"title":"Pedro Barato: \u00abEl aplazamiento de la firma con Mercosur da tiempo para mejorar la PAC y el acuerdo\u00bb - ASAJA Palencia","description":"El presidente nacional de ASAJA,\u00a0Pedro Barato, ha valorado el aplazamiento de la firma del acuerdo comercial entre la Uni\u00f3n Europea y Mercosur como una","robots":{"index":"index","follow":"follow","max-snippet":"max-snippet:-1","max-image-preview":"max-image-preview:large","max-video-preview":"max-video-preview:-1"},"canonical":"https:\/\/www.asajacyl.com\/palencia\/asaja-palencia-informa\/pedro-barato-el-aplazamiento-de-la-firma-con-mercosur-no-da-tiempo-para-mejorar-la-pac-y-el-acuerdo","og_locale":"es_ES","og_type":"article","og_title":"Pedro Barato: \u00abEl aplazamiento de la firma con Mercosur da tiempo para mejorar la PAC y el acuerdo\u00bb - ASAJA Palencia","og_description":"El presidente nacional de ASAJA,\u00a0Pedro Barato, ha valorado el aplazamiento de la firma del acuerdo comercial entre la Uni\u00f3n Europea y Mercosur como una","og_url":"https:\/\/www.asajacyl.com\/palencia\/asaja-palencia-informa\/pedro-barato-el-aplazamiento-de-la-firma-con-mercosur-no-da-tiempo-para-mejorar-la-pac-y-el-acuerdo","og_site_name":"ASAJA Palencia","article_published_time":"2025-12-29T07:00:00+00:00","article_modified_time":"2025-12-30T06:16:26+00:00","og_image":[{"width":1890,"height":1654,"url":"https:\/\/www.asajacyl.com\/palencia\/wp-content\/uploads\/sites\/3\/2025\/12\/Barato-y-Hansen-web.jpg","type":"image\/jpeg"}],"author":"Administrador","twitter_card":"summary_large_image","twitter_misc":{"Escrito por":"Administrador","Tiempo de lectura":"4 minutos"},"schema":{"@context":"https:\/\/schema.org","@graph":[{"@type":"WebPage","@id":"https:\/\/www.asajacyl.com\/palencia\/asaja-palencia-informa\/pedro-barato-el-aplazamiento-de-la-firma-con-mercosur-no-da-tiempo-para-mejorar-la-pac-y-el-acuerdo","url":"https:\/\/www.asajacyl.com\/palencia\/asaja-palencia-informa\/pedro-barato-el-aplazamiento-de-la-firma-con-mercosur-no-da-tiempo-para-mejorar-la-pac-y-el-acuerdo","name":"Pedro Barato: \u00abEl aplazamiento de la firma con Mercosur da tiempo para mejorar la PAC y el acuerdo\u00bb - ASAJA Palencia","isPartOf":{"@id":"https:\/\/www.asajacyl.com\/palencia\/#website"},"primaryImageOfPage":{"@id":"https:\/\/www.asajacyl.com\/palencia\/asaja-palencia-informa\/pedro-barato-el-aplazamiento-de-la-firma-con-mercosur-no-da-tiempo-para-mejorar-la-pac-y-el-acuerdo#primaryimage"},"image":{"@id":"https:\/\/www.asajacyl.com\/palencia\/asaja-palencia-informa\/pedro-barato-el-aplazamiento-de-la-firma-con-mercosur-no-da-tiempo-para-mejorar-la-pac-y-el-acuerdo#primaryimage"},"thumbnailUrl":"https:\/\/www.asajacyl.com\/palencia\/wp-content\/uploads\/sites\/3\/2025\/12\/Barato-y-Hansen-web.jpg","datePublished":"2025-12-29T07:00:00+00:00","dateModified":"2025-12-30T06:16:26+00:00","author":{"@id":"https:\/\/www.asajacyl.com\/palencia\/#\/schema\/person\/3ab17aeb03527485c317557fae64aab1"},"description":"El presidente nacional de ASAJA,\u00a0Pedro Barato, ha valorado el aplazamiento de la firma del acuerdo comercial entre la Uni\u00f3n Europea y Mercosur como una","breadcrumb":{"@id":"https:\/\/www.asajacyl.com\/palencia\/asaja-palencia-informa\/pedro-barato-el-aplazamiento-de-la-firma-con-mercosur-no-da-tiempo-para-mejorar-la-pac-y-el-acuerdo#breadcrumb"},"inLanguage":"es","potentialAction":[{"@type":"ReadAction","target":["https:\/\/www.asajacyl.com\/palencia\/asaja-palencia-informa\/pedro-barato-el-aplazamiento-de-la-firma-con-mercosur-no-da-tiempo-para-mejorar-la-pac-y-el-acuerdo"]}]},{"@type":"ImageObject","inLanguage":"es","@id":"https:\/\/www.asajacyl.com\/palencia\/asaja-palencia-informa\/pedro-barato-el-aplazamiento-de-la-firma-con-mercosur-no-da-tiempo-para-mejorar-la-pac-y-el-acuerdo#primaryimage","url":"https:\/\/www.asajacyl.com\/palencia\/wp-content\/uploads\/sites\/3\/2025\/12\/Barato-y-Hansen-web.jpg","contentUrl":"https:\/\/www.asajacyl.com\/palencia\/wp-content\/uploads\/sites\/3\/2025\/12\/Barato-y-Hansen-web.jpg","width":1890,"height":1654},{"@type":"BreadcrumbList","@id":"https:\/\/www.asajacyl.com\/palencia\/asaja-palencia-informa\/pedro-barato-el-aplazamiento-de-la-firma-con-mercosur-no-da-tiempo-para-mejorar-la-pac-y-el-acuerdo#breadcrumb","itemListElement":[{"@type":"ListItem","position":1,"name":"Portada","item":"https:\/\/www.asajacyl.com\/palencia\/"},{"@type":"ListItem","position":2,"name":"Pedro Barato: \u00abEl aplazamiento de la firma con Mercosur da tiempo para mejorar la PAC y el acuerdo\u00bb"}]},{"@type":"WebSite","@id":"https:\/\/www.asajacyl.com\/palencia\/#website","url":"https:\/\/www.asajacyl.com\/palencia\/","name":"ASAJA Palencia","description":"Otro sitio m\u00e1s de Provincias ASAJA Castilla y Le\u00f3n","potentialAction":[{"@type":"SearchAction","target":{"@type":"EntryPoint","urlTemplate":"https:\/\/www.asajacyl.com\/palencia\/?s={search_term_string}"},"query-input":{"@type":"PropertyValueSpecification","valueRequired":true,"valueName":"search_term_string"}}],"inLanguage":"es"},{"@type":"Person","@id":"https:\/\/www.asajacyl.com\/palencia\/#\/schema\/person\/3ab17aeb03527485c317557fae64aab1","name":"Administrador","image":{"@type":"ImageObject","inLanguage":"es","@id":"https:\/\/www.asajacyl.com\/palencia\/#\/schema\/person\/image\/","url":"https:\/\/secure.gravatar.com\/avatar\/517384810d242ca9e38c180f3c9fb973?s=96&d=mm&r=g","contentUrl":"https:\/\/secure.gravatar.com\/avatar\/517384810d242ca9e38c180f3c9fb973?s=96&d=mm&r=g","caption":"Administrador"},"url":"https:\/\/www.asajacyl.com\/palencia\/author\/carlosrm"}]}},"_links":{"self":[{"href":"https:\/\/www.asajacyl.com\/palencia\/wp-json\/wp\/v2\/posts\/21887"}],"collection":[{"href":"https:\/\/www.asajacyl.com\/palencia\/wp-json\/wp\/v2\/posts"}],"about":[{"href":"https:\/\/www.asajacyl.com\/palencia\/wp-json\/wp\/v2\/types\/post"}],"author":[{"embeddable":true,"href":"https:\/\/www.asajacyl.com\/palencia\/wp-json\/wp\/v2\/users\/9"}],"replies":[{"embeddable":true,"href":"https:\/\/www.asajacyl.com\/palencia\/wp-json\/wp\/v2\/comments?post=21887"}],"version-history":[{"count":3,"href":"https:\/\/www.asajacyl.com\/palencia\/wp-json\/wp\/v2\/posts\/21887\/revisions"}],"predecessor-version":[{"id":21904,"href":"https:\/\/www.asajacyl.com\/palencia\/wp-json\/wp\/v2\/posts\/21887\/revisions\/21904"}],"wp:featuredmedia":[{"embeddable":true,"href":"https:\/\/www.asajacyl.com\/palencia\/wp-json\/wp\/v2\/media\/21889"}],"wp:attachment":[{"href":"https:\/\/www.asajacyl.com\/palencia\/wp-json\/wp\/v2\/media?parent=21887"}],"wp:term":[{"taxonomy":"category","embeddable":true,"href":"https:\/\/www.asajacyl.com\/palencia\/wp-json\/wp\/v2\/categories?post=21887"},{"taxonomy":"post_tag","embeddable":true,"href":"https:\/\/www.asajacyl.com\/palencia\/wp-json\/wp\/v2\/tags?post=21887"}],"curies":[{"name":"wp","href":"https:\/\/api.w.org\/{rel}","templated":true}]}}