{"id":21891,"date":"2025-12-27T08:00:00","date_gmt":"2025-12-27T07:00:00","guid":{"rendered":"https:\/\/www.asajacyl.com\/palencia\/?p=21891"},"modified":"2025-12-30T07:15:10","modified_gmt":"2025-12-30T06:15:10","slug":"total-estabilidad-de-precios-agricolas-al-haberse-anticipado-las-compraventas-antes-del-fin-de-ano","status":"publish","type":"post","link":"https:\/\/www.asajacyl.com\/palencia\/asaja-palencia-informa\/total-estabilidad-de-precios-agricolas-al-haberse-anticipado-las-compraventas-antes-del-fin-de-ano","title":{"rendered":"Total estabilidad de precios agr\u00edcolas al haberse adelantado las compraventas de finales de a\u00f1o"},"content":{"rendered":"\n<h2 class=\"wp-block-heading\">La Lonja de Le\u00f3n se ha saldado esta semana con una repetici\u00f3n total de los precios agr\u00edcolas, al haberse anticipado antes de fin de a\u00f1o el grueso de las transacciones de compraventa. <\/h2>\n\n\n\n<p>Tanto los cereales como los dem\u00e1s cultivos cotizados (forrajes, alubias, patatas) operan igual que en la sesi\u00f3n anterior; a precios que pueden darse como pr\u00e1cticamente definitivos del cierre de un ejercicio 2025 marcado por buenos rendimientos, pero muy baja valoraci\u00f3n de las producciones, especialmente en el cereal de invierno y en la patata. <\/p>\n\n\n\n<p>Cierto es que en los cereales se registr\u00f3 una cosecha hist\u00f3rica en kilos por hect\u00e1rea en no pocas parcelas del territorio palentino. Pero tambi\u00e9n lo es que la competencia no viene tanto por una sobreoferta interior como de una importaci\u00f3n masiva y descontrolada de grano sin arancel a los puertos nacionales.<\/p>\n\n\n\n<p>Desde la lonja leonesa (que adelant\u00f3 la sesi\u00f3n al martes, al caer en mi\u00e9rcoles la Nochebuena) constatan que todo el grano permanece estable, hundido en su nivel incompatible con la rentabilidad considerando los altos costes de producci\u00f3n actuales y un escenario de rendimientos normales, como se\u00f1alan informes recientes (sin ir m\u00e1s lejos, el de la Universidad de Valladolid para la Consejer\u00eda de Agricultura, Ganader\u00eda y Desarrollo Rural de la Junta de Castilla y Le\u00f3n).<\/p>\n\n\n\n<p>Fuera del cap\u00edtulo agr\u00edcola, tan s\u00f3lo en el ganadero de ovino de carne se perciben subidas de cinco c\u00e9ntimos por kilo en todas las categor\u00edas de cordero. Por su parte, los lechazos de hasta doce kilos (en vivo) siguen una semana m\u00e1s operando en Le\u00f3n en los 7,70 euros\/kilo, lo que representa un alza interanual del 10 % en su cotizaci\u00f3n, explicable por la fiel demanda de esta carne de calidad y por una oferta muy justa, teniendo en cuenta el abandono paulatino de explotaciones.<\/p>\n\n\n<div class=\"wp-block-image\">\n<figure class=\"aligncenter size-large\"><img loading=\"lazy\" decoding=\"async\" width=\"1024\" height=\"768\" src=\"https:\/\/www.asajacyl.com\/palencia\/wp-content\/uploads\/sites\/3\/2025\/12\/Precios-agricultura-23dic2025-1024x768.jpg\" alt=\"\" class=\"wp-image-21892\" srcset=\"https:\/\/www.asajacyl.com\/palencia\/wp-content\/uploads\/sites\/3\/2025\/12\/Precios-agricultura-23dic2025-1024x768.jpg 1024w, https:\/\/www.asajacyl.com\/palencia\/wp-content\/uploads\/sites\/3\/2025\/12\/Precios-agricultura-23dic2025-300x225.jpg 300w, https:\/\/www.asajacyl.com\/palencia\/wp-content\/uploads\/sites\/3\/2025\/12\/Precios-agricultura-23dic2025-768x576.jpg 768w, https:\/\/www.asajacyl.com\/palencia\/wp-content\/uploads\/sites\/3\/2025\/12\/Precios-agricultura-23dic2025-1536x1152.jpg 1536w, https:\/\/www.asajacyl.com\/palencia\/wp-content\/uploads\/sites\/3\/2025\/12\/Precios-agricultura-23dic2025-2048x1536.jpg 2048w, https:\/\/www.asajacyl.com\/palencia\/wp-content\/uploads\/sites\/3\/2025\/12\/Precios-agricultura-23dic2025-560x420.jpg 560w, https:\/\/www.asajacyl.com\/palencia\/wp-content\/uploads\/sites\/3\/2025\/12\/Precios-agricultura-23dic2025-80x60.jpg 80w, https:\/\/www.asajacyl.com\/palencia\/wp-content\/uploads\/sites\/3\/2025\/12\/Precios-agricultura-23dic2025-696x522.jpg 696w, https:\/\/www.asajacyl.com\/palencia\/wp-content\/uploads\/sites\/3\/2025\/12\/Precios-agricultura-23dic2025-1068x801.jpg 1068w, https:\/\/www.asajacyl.com\/palencia\/wp-content\/uploads\/sites\/3\/2025\/12\/Precios-agricultura-23dic2025-1920x1440.jpg 1920w\" sizes=\"(max-width: 1024px) 100vw, 1024px\" \/><\/figure><\/div>","protected":false},"excerpt":{"rendered":"<p>La Lonja de Le\u00f3n se ha saldado esta semana con una repetici\u00f3n total de los precios agr\u00edcolas, al haberse anticipado antes de fin de a\u00f1o el grueso de las transacciones de compraventa. Tanto los cereales como los dem\u00e1s cultivos cotizados (forrajes, alubias, patatas) operan igual que en la sesi\u00f3n anterior; a precios que pueden darse [&hellip;]<\/p>\n","protected":false},"author":9,"featured_media":21895,"comment_status":"open","ping_status":"open","sticky":false,"template":"","format":"standard","meta":{"footnotes":""},"categories":[9,29,36,28,13],"tags":[58,46,351,77,293,756],"yoast_head":"<!-- This site is optimized with the Yoast SEO plugin v24.5 - https:\/\/yoast.com\/wordpress\/plugins\/seo\/ -->\n<title>Total estabilidad de precios agr\u00edcolas al haberse adelantado las compraventas de finales de a\u00f1o - ASAJA Palencia<\/title>\n<meta name=\"description\" content=\"La Lonja de Le\u00f3n se ha saldado esta semana con una repetici\u00f3n total de los precios agr\u00edcolas, al haberse anticipado antes de fin de a\u00f1o el grueso de las\" \/>\n<meta name=\"robots\" content=\"index, follow, max-snippet:-1, max-image-preview:large, max-video-preview:-1\" \/>\n<link rel=\"canonical\" href=\"https:\/\/www.asajacyl.com\/palencia\/asaja-palencia-informa\/total-estabilidad-de-precios-agricolas-al-haberse-anticipado-las-compraventas-antes-del-fin-de-ano\" \/>\n<meta property=\"og:locale\" content=\"es_ES\" \/>\n<meta property=\"og:type\" content=\"article\" \/>\n<meta property=\"og:title\" content=\"Total estabilidad de precios agr\u00edcolas al haberse adelantado las compraventas de finales de a\u00f1o - ASAJA Palencia\" \/>\n<meta property=\"og:description\" content=\"La Lonja de Le\u00f3n se ha saldado esta semana con una repetici\u00f3n total de los precios agr\u00edcolas, al haberse anticipado antes de fin de a\u00f1o el grueso de las\" \/>\n<meta property=\"og:url\" content=\"https:\/\/www.asajacyl.com\/palencia\/asaja-palencia-informa\/total-estabilidad-de-precios-agricolas-al-haberse-anticipado-las-compraventas-antes-del-fin-de-ano\" \/>\n<meta property=\"og:site_name\" content=\"ASAJA Palencia\" \/>\n<meta property=\"article:published_time\" content=\"2025-12-27T07:00:00+00:00\" \/>\n<meta property=\"article:modified_time\" content=\"2025-12-30T06:15:10+00:00\" \/>\n<meta property=\"og:image\" content=\"https:\/\/www.asajacyl.com\/palencia\/wp-content\/uploads\/sites\/3\/2025\/12\/Helada-web-1024x896.jpg\" \/>\n\t<meta property=\"og:image:width\" content=\"1024\" \/>\n\t<meta property=\"og:image:height\" content=\"896\" \/>\n\t<meta property=\"og:image:type\" content=\"image\/jpeg\" \/>\n<meta name=\"author\" content=\"Administrador\" \/>\n<meta name=\"twitter:card\" content=\"summary_large_image\" \/>\n<meta name=\"twitter:label1\" content=\"Escrito por\" \/>\n\t<meta name=\"twitter:data1\" content=\"Administrador\" \/>\n\t<meta name=\"twitter:label2\" content=\"Tiempo de lectura\" \/>\n\t<meta name=\"twitter:data2\" content=\"2 minutos\" \/>\n<script type=\"application\/ld+json\" class=\"yoast-schema-graph\">{\"@context\":\"https:\/\/schema.org\",\"@graph\":[{\"@type\":\"WebPage\",\"@id\":\"https:\/\/www.asajacyl.com\/palencia\/asaja-palencia-informa\/total-estabilidad-de-precios-agricolas-al-haberse-anticipado-las-compraventas-antes-del-fin-de-ano\",\"url\":\"https:\/\/www.asajacyl.com\/palencia\/asaja-palencia-informa\/total-estabilidad-de-precios-agricolas-al-haberse-anticipado-las-compraventas-antes-del-fin-de-ano\",\"name\":\"Total estabilidad de precios agr\u00edcolas al haberse adelantado las compraventas de finales de a\u00f1o - ASAJA Palencia\",\"isPartOf\":{\"@id\":\"https:\/\/www.asajacyl.com\/palencia\/#website\"},\"primaryImageOfPage\":{\"@id\":\"https:\/\/www.asajacyl.com\/palencia\/asaja-palencia-informa\/total-estabilidad-de-precios-agricolas-al-haberse-anticipado-las-compraventas-antes-del-fin-de-ano#primaryimage\"},\"image\":{\"@id\":\"https:\/\/www.asajacyl.com\/palencia\/asaja-palencia-informa\/total-estabilidad-de-precios-agricolas-al-haberse-anticipado-las-compraventas-antes-del-fin-de-ano#primaryimage\"},\"thumbnailUrl\":\"https:\/\/www.asajacyl.com\/palencia\/wp-content\/uploads\/sites\/3\/2025\/12\/Helada-web.jpg\",\"datePublished\":\"2025-12-27T07:00:00+00:00\",\"dateModified\":\"2025-12-30T06:15:10+00:00\",\"author\":{\"@id\":\"https:\/\/www.asajacyl.com\/palencia\/#\/schema\/person\/3ab17aeb03527485c317557fae64aab1\"},\"description\":\"La Lonja de Le\u00f3n se ha saldado esta semana con una repetici\u00f3n total de los precios agr\u00edcolas, al haberse anticipado antes de fin de a\u00f1o el grueso de las\",\"breadcrumb\":{\"@id\":\"https:\/\/www.asajacyl.com\/palencia\/asaja-palencia-informa\/total-estabilidad-de-precios-agricolas-al-haberse-anticipado-las-compraventas-antes-del-fin-de-ano#breadcrumb\"},\"inLanguage\":\"es\",\"potentialAction\":[{\"@type\":\"ReadAction\",\"target\":[\"https:\/\/www.asajacyl.com\/palencia\/asaja-palencia-informa\/total-estabilidad-de-precios-agricolas-al-haberse-anticipado-las-compraventas-antes-del-fin-de-ano\"]}]},{\"@type\":\"ImageObject\",\"inLanguage\":\"es\",\"@id\":\"https:\/\/www.asajacyl.com\/palencia\/asaja-palencia-informa\/total-estabilidad-de-precios-agricolas-al-haberse-anticipado-las-compraventas-antes-del-fin-de-ano#primaryimage\",\"url\":\"https:\/\/www.asajacyl.com\/palencia\/wp-content\/uploads\/sites\/3\/2025\/12\/Helada-web.jpg\",\"contentUrl\":\"https:\/\/www.asajacyl.com\/palencia\/wp-content\/uploads\/sites\/3\/2025\/12\/Helada-web.jpg\",\"width\":1890,\"height\":1654},{\"@type\":\"BreadcrumbList\",\"@id\":\"https:\/\/www.asajacyl.com\/palencia\/asaja-palencia-informa\/total-estabilidad-de-precios-agricolas-al-haberse-anticipado-las-compraventas-antes-del-fin-de-ano#breadcrumb\",\"itemListElement\":[{\"@type\":\"ListItem\",\"position\":1,\"name\":\"Portada\",\"item\":\"https:\/\/www.asajacyl.com\/palencia\/\"},{\"@type\":\"ListItem\",\"position\":2,\"name\":\"Total estabilidad de precios agr\u00edcolas al haberse adelantado las compraventas de finales de a\u00f1o\"}]},{\"@type\":\"WebSite\",\"@id\":\"https:\/\/www.asajacyl.com\/palencia\/#website\",\"url\":\"https:\/\/www.asajacyl.com\/palencia\/\",\"name\":\"ASAJA Palencia\",\"description\":\"Otro sitio m\u00e1s de Provincias ASAJA Castilla y Le\u00f3n\",\"potentialAction\":[{\"@type\":\"SearchAction\",\"target\":{\"@type\":\"EntryPoint\",\"urlTemplate\":\"https:\/\/www.asajacyl.com\/palencia\/?s={search_term_string}\"},\"query-input\":{\"@type\":\"PropertyValueSpecification\",\"valueRequired\":true,\"valueName\":\"search_term_string\"}}],\"inLanguage\":\"es\"},{\"@type\":\"Person\",\"@id\":\"https:\/\/www.asajacyl.com\/palencia\/#\/schema\/person\/3ab17aeb03527485c317557fae64aab1\",\"name\":\"Administrador\",\"image\":{\"@type\":\"ImageObject\",\"inLanguage\":\"es\",\"@id\":\"https:\/\/www.asajacyl.com\/palencia\/#\/schema\/person\/image\/\",\"url\":\"https:\/\/secure.gravatar.com\/avatar\/517384810d242ca9e38c180f3c9fb973?s=96&d=mm&r=g\",\"contentUrl\":\"https:\/\/secure.gravatar.com\/avatar\/517384810d242ca9e38c180f3c9fb973?s=96&d=mm&r=g\",\"caption\":\"Administrador\"},\"url\":\"https:\/\/www.asajacyl.com\/palencia\/author\/carlosrm\"}]}<\/script>\n<!-- \/ Yoast SEO plugin. -->","yoast_head_json":{"title":"Total estabilidad de precios agr\u00edcolas al haberse adelantado las compraventas de finales de a\u00f1o - ASAJA Palencia","description":"La Lonja de Le\u00f3n se ha saldado esta semana con una repetici\u00f3n total de los precios agr\u00edcolas, al haberse anticipado antes de fin de a\u00f1o el grueso de las","robots":{"index":"index","follow":"follow","max-snippet":"max-snippet:-1","max-image-preview":"max-image-preview:large","max-video-preview":"max-video-preview:-1"},"canonical":"https:\/\/www.asajacyl.com\/palencia\/asaja-palencia-informa\/total-estabilidad-de-precios-agricolas-al-haberse-anticipado-las-compraventas-antes-del-fin-de-ano","og_locale":"es_ES","og_type":"article","og_title":"Total estabilidad de precios agr\u00edcolas al haberse adelantado las compraventas de finales de a\u00f1o - ASAJA Palencia","og_description":"La Lonja de Le\u00f3n se ha saldado esta semana con una repetici\u00f3n total de los precios agr\u00edcolas, al haberse anticipado antes de fin de a\u00f1o el grueso de las","og_url":"https:\/\/www.asajacyl.com\/palencia\/asaja-palencia-informa\/total-estabilidad-de-precios-agricolas-al-haberse-anticipado-las-compraventas-antes-del-fin-de-ano","og_site_name":"ASAJA Palencia","article_published_time":"2025-12-27T07:00:00+00:00","article_modified_time":"2025-12-30T06:15:10+00:00","og_image":[{"width":1024,"height":896,"url":"https:\/\/www.asajacyl.com\/palencia\/wp-content\/uploads\/sites\/3\/2025\/12\/Helada-web-1024x896.jpg","type":"image\/jpeg"}],"author":"Administrador","twitter_card":"summary_large_image","twitter_misc":{"Escrito por":"Administrador","Tiempo de lectura":"2 minutos"},"schema":{"@context":"https:\/\/schema.org","@graph":[{"@type":"WebPage","@id":"https:\/\/www.asajacyl.com\/palencia\/asaja-palencia-informa\/total-estabilidad-de-precios-agricolas-al-haberse-anticipado-las-compraventas-antes-del-fin-de-ano","url":"https:\/\/www.asajacyl.com\/palencia\/asaja-palencia-informa\/total-estabilidad-de-precios-agricolas-al-haberse-anticipado-las-compraventas-antes-del-fin-de-ano","name":"Total estabilidad de precios agr\u00edcolas al haberse adelantado las compraventas de finales de a\u00f1o - ASAJA Palencia","isPartOf":{"@id":"https:\/\/www.asajacyl.com\/palencia\/#website"},"primaryImageOfPage":{"@id":"https:\/\/www.asajacyl.com\/palencia\/asaja-palencia-informa\/total-estabilidad-de-precios-agricolas-al-haberse-anticipado-las-compraventas-antes-del-fin-de-ano#primaryimage"},"image":{"@id":"https:\/\/www.asajacyl.com\/palencia\/asaja-palencia-informa\/total-estabilidad-de-precios-agricolas-al-haberse-anticipado-las-compraventas-antes-del-fin-de-ano#primaryimage"},"thumbnailUrl":"https:\/\/www.asajacyl.com\/palencia\/wp-content\/uploads\/sites\/3\/2025\/12\/Helada-web.jpg","datePublished":"2025-12-27T07:00:00+00:00","dateModified":"2025-12-30T06:15:10+00:00","author":{"@id":"https:\/\/www.asajacyl.com\/palencia\/#\/schema\/person\/3ab17aeb03527485c317557fae64aab1"},"description":"La Lonja de Le\u00f3n se ha saldado esta semana con una repetici\u00f3n total de los precios agr\u00edcolas, al haberse anticipado antes de fin de a\u00f1o el grueso de las","breadcrumb":{"@id":"https:\/\/www.asajacyl.com\/palencia\/asaja-palencia-informa\/total-estabilidad-de-precios-agricolas-al-haberse-anticipado-las-compraventas-antes-del-fin-de-ano#breadcrumb"},"inLanguage":"es","potentialAction":[{"@type":"ReadAction","target":["https:\/\/www.asajacyl.com\/palencia\/asaja-palencia-informa\/total-estabilidad-de-precios-agricolas-al-haberse-anticipado-las-compraventas-antes-del-fin-de-ano"]}]},{"@type":"ImageObject","inLanguage":"es","@id":"https:\/\/www.asajacyl.com\/palencia\/asaja-palencia-informa\/total-estabilidad-de-precios-agricolas-al-haberse-anticipado-las-compraventas-antes-del-fin-de-ano#primaryimage","url":"https:\/\/www.asajacyl.com\/palencia\/wp-content\/uploads\/sites\/3\/2025\/12\/Helada-web.jpg","contentUrl":"https:\/\/www.asajacyl.com\/palencia\/wp-content\/uploads\/sites\/3\/2025\/12\/Helada-web.jpg","width":1890,"height":1654},{"@type":"BreadcrumbList","@id":"https:\/\/www.asajacyl.com\/palencia\/asaja-palencia-informa\/total-estabilidad-de-precios-agricolas-al-haberse-anticipado-las-compraventas-antes-del-fin-de-ano#breadcrumb","itemListElement":[{"@type":"ListItem","position":1,"name":"Portada","item":"https:\/\/www.asajacyl.com\/palencia\/"},{"@type":"ListItem","position":2,"name":"Total estabilidad de precios agr\u00edcolas al haberse adelantado las compraventas de finales de a\u00f1o"}]},{"@type":"WebSite","@id":"https:\/\/www.asajacyl.com\/palencia\/#website","url":"https:\/\/www.asajacyl.com\/palencia\/","name":"ASAJA Palencia","description":"Otro sitio m\u00e1s de Provincias ASAJA Castilla y Le\u00f3n","potentialAction":[{"@type":"SearchAction","target":{"@type":"EntryPoint","urlTemplate":"https:\/\/www.asajacyl.com\/palencia\/?s={search_term_string}"},"query-input":{"@type":"PropertyValueSpecification","valueRequired":true,"valueName":"search_term_string"}}],"inLanguage":"es"},{"@type":"Person","@id":"https:\/\/www.asajacyl.com\/palencia\/#\/schema\/person\/3ab17aeb03527485c317557fae64aab1","name":"Administrador","image":{"@type":"ImageObject","inLanguage":"es","@id":"https:\/\/www.asajacyl.com\/palencia\/#\/schema\/person\/image\/","url":"https:\/\/secure.gravatar.com\/avatar\/517384810d242ca9e38c180f3c9fb973?s=96&d=mm&r=g","contentUrl":"https:\/\/secure.gravatar.com\/avatar\/517384810d242ca9e38c180f3c9fb973?s=96&d=mm&r=g","caption":"Administrador"},"url":"https:\/\/www.asajacyl.com\/palencia\/author\/carlosrm"}]}},"_links":{"self":[{"href":"https:\/\/www.asajacyl.com\/palencia\/wp-json\/wp\/v2\/posts\/21891"}],"collection":[{"href":"https:\/\/www.asajacyl.com\/palencia\/wp-json\/wp\/v2\/posts"}],"about":[{"href":"https:\/\/www.asajacyl.com\/palencia\/wp-json\/wp\/v2\/types\/post"}],"author":[{"embeddable":true,"href":"https:\/\/www.asajacyl.com\/palencia\/wp-json\/wp\/v2\/users\/9"}],"replies":[{"embeddable":true,"href":"https:\/\/www.asajacyl.com\/palencia\/wp-json\/wp\/v2\/comments?post=21891"}],"version-history":[{"count":2,"href":"https:\/\/www.asajacyl.com\/palencia\/wp-json\/wp\/v2\/posts\/21891\/revisions"}],"predecessor-version":[{"id":21903,"href":"https:\/\/www.asajacyl.com\/palencia\/wp-json\/wp\/v2\/posts\/21891\/revisions\/21903"}],"wp:featuredmedia":[{"embeddable":true,"href":"https:\/\/www.asajacyl.com\/palencia\/wp-json\/wp\/v2\/media\/21895"}],"wp:attachment":[{"href":"https:\/\/www.asajacyl.com\/palencia\/wp-json\/wp\/v2\/media?parent=21891"}],"wp:term":[{"taxonomy":"category","embeddable":true,"href":"https:\/\/www.asajacyl.com\/palencia\/wp-json\/wp\/v2\/categories?post=21891"},{"taxonomy":"post_tag","embeddable":true,"href":"https:\/\/www.asajacyl.com\/palencia\/wp-json\/wp\/v2\/tags?post=21891"}],"curies":[{"name":"wp","href":"https:\/\/api.w.org\/{rel}","templated":true}]}}