{"id":21922,"date":"2026-01-02T14:58:13","date_gmt":"2026-01-02T13:58:13","guid":{"rendered":"https:\/\/www.asajacyl.com\/palencia\/?p=21922"},"modified":"2026-01-12T08:52:19","modified_gmt":"2026-01-12T07:52:19","slug":"los-reyes-magos-esperan-a-las-familias-en-asaja-palencia-la-tarde-del-5-antes-de-la-cabalgata","status":"publish","type":"post","link":"https:\/\/www.asajacyl.com\/palencia\/asaja-palencia-informa\/los-reyes-magos-esperan-a-las-familias-en-asaja-palencia-la-tarde-del-5-antes-de-la-cabalgata","title":{"rendered":"Los Reyes Magos esperan a las familias en ASAJA-Palencia la tarde del lunes 5, antes de la Cabalgata"},"content":{"rendered":"\n<h2 class=\"wp-block-heading\">Los Reyes Magos de Oriente han comunicado a ASAJA-Palencia que, un a\u00f1o m\u00e1s, nos visitar\u00e1n la tarde del <span style=\"text-decoration: underline\">lunes 5 de enero<\/span>, antes de la Cabalgata que recorrer\u00e1 las calles de la ciudad a partir de las 18:30 horas. <span style=\"text-decoration: underline\">De 16:30 a 18:00 horas<\/span>, Melchor, Gaspar y Baltasar, acompa\u00f1ados por sus pajes, recibir\u00e1n a los ni\u00f1os y a sus familias en las <span style=\"text-decoration: underline\">aulas de formaci\u00f3n<\/span> de nuestra organizaci\u00f3n (<span style=\"text-decoration: underline\">planta baja de la plazuela de Bigar Centro<\/span>).<\/h2>\n\n\n\n<p>Las aulas de formaci\u00f3n de ASAJA-Palencia ya se encuentran engalanadas para acoger, como cada a\u00f1o, la esperada visita de los Magos de Oriente. Nuestra asociaci\u00f3n anima a las familias de los asociados a acudir a ver de cerca a  Melchor, Gaspar y Baltasar.<\/p>\n\n\n\n<p>Los ni\u00f1os tendr\u00e1n la oportunidad de contarles directamente que en 2025 han sido muy buenos \u2014y que procurar\u00e1n serlo a\u00fan m\u00e1s en el futuro\u2014, e incluso los m\u00e1s rezagados podr\u00e1n entregarles su carta, porque su magia es tal que a\u00fan podr\u00e1n a \u00faltima hora intentar conseguir algunos regalos.<\/p>\n\n\n\n<p>Tras recibir a los ni\u00f1os de ASAJA-Palencia, hacia las seis de la tarde aproximadamente, Melchor, Gaspar y Baltasar dejar\u00e1n el sal\u00f3n con sus tronos para que todos los palentinos podamos asistir a su gran cabalgata por las calles de la ciudad, a partir de las 18:30 horas, en la noche m\u00e1s m\u00e1gica del a\u00f1o.<\/p>\n\n\n\n<p>Recordamos, adem\u00e1s, a todo el alumnado de Primaria que hasta el lunes 12 de enero permanece abierto el plazo para presentar trabajos al Concurso de Cuentos de Navidad que convoca ASAJA-Palencia. En este <a href=\"https:\/\/www.asajacyl.com\/palencia\/asaja-palencia-informa\/asaja-palencia-convoca-su-tradicional-concurso-de-cuentos-de-navidad-para-alumnado-de-primaria\">ENLACE <\/a>se encuentran las bases de participaci\u00f3n, que esta convocatoria presenta algunas novedades.\/<\/p>\n\n\n\n<figure class=\"wp-block-image size-large\"><img loading=\"lazy\" decoding=\"async\" width=\"1024\" height=\"1024\" src=\"https:\/\/www.asajacyl.com\/palencia\/wp-content\/uploads\/sites\/3\/2026\/01\/Reyes-Magos-en-ASAJA-1024x1024.jpg\" alt=\"\" class=\"wp-image-21925\" srcset=\"https:\/\/www.asajacyl.com\/palencia\/wp-content\/uploads\/sites\/3\/2026\/01\/Reyes-Magos-en-ASAJA-1024x1024.jpg 1024w, https:\/\/www.asajacyl.com\/palencia\/wp-content\/uploads\/sites\/3\/2026\/01\/Reyes-Magos-en-ASAJA-300x300.jpg 300w, https:\/\/www.asajacyl.com\/palencia\/wp-content\/uploads\/sites\/3\/2026\/01\/Reyes-Magos-en-ASAJA-150x150.jpg 150w, https:\/\/www.asajacyl.com\/palencia\/wp-content\/uploads\/sites\/3\/2026\/01\/Reyes-Magos-en-ASAJA-768x768.jpg 768w, https:\/\/www.asajacyl.com\/palencia\/wp-content\/uploads\/sites\/3\/2026\/01\/Reyes-Magos-en-ASAJA-1536x1536.jpg 1536w, https:\/\/www.asajacyl.com\/palencia\/wp-content\/uploads\/sites\/3\/2026\/01\/Reyes-Magos-en-ASAJA-2048x2048.jpg 2048w, https:\/\/www.asajacyl.com\/palencia\/wp-content\/uploads\/sites\/3\/2026\/01\/Reyes-Magos-en-ASAJA-420x420.jpg 420w, https:\/\/www.asajacyl.com\/palencia\/wp-content\/uploads\/sites\/3\/2026\/01\/Reyes-Magos-en-ASAJA-696x696.jpg 696w, https:\/\/www.asajacyl.com\/palencia\/wp-content\/uploads\/sites\/3\/2026\/01\/Reyes-Magos-en-ASAJA-1068x1068.jpg 1068w, https:\/\/www.asajacyl.com\/palencia\/wp-content\/uploads\/sites\/3\/2026\/01\/Reyes-Magos-en-ASAJA-1920x1920.jpg 1920w\" sizes=\"(max-width: 1024px) 100vw, 1024px\" \/><\/figure>\n","protected":false},"excerpt":{"rendered":"<p>Los Reyes Magos de Oriente han comunicado a ASAJA-Palencia que, un a\u00f1o m\u00e1s, nos visitar\u00e1n la tarde del lunes 5 de enero, antes de la Cabalgata que recorrer\u00e1 las calles de la ciudad a partir de las 18:30 horas. De 16:30 a 18:00 horas, Melchor, Gaspar y Baltasar, acompa\u00f1ados por sus pajes, recibir\u00e1n a los [&hellip;]<\/p>\n","protected":false},"author":9,"featured_media":21927,"comment_status":"open","ping_status":"open","sticky":false,"template":"","format":"standard","meta":{"footnotes":""},"categories":[9,29,28],"tags":[351,586],"yoast_head":"<!-- This site is optimized with the Yoast SEO plugin v24.5 - https:\/\/yoast.com\/wordpress\/plugins\/seo\/ -->\n<title>Los Reyes Magos esperan a las familias en ASAJA-Palencia la tarde del lunes 5, antes de la Cabalgata - ASAJA Palencia<\/title>\n<meta name=\"description\" content=\"Los Reyes Magos de Oriente han comunicado a ASAJA-Palencia que, un a\u00f1o m\u00e1s, nos visitar\u00e1n la tarde del lunes 5 de enero, antes de la Cabalgata que\" \/>\n<meta name=\"robots\" content=\"index, follow, max-snippet:-1, max-image-preview:large, max-video-preview:-1\" \/>\n<link rel=\"canonical\" href=\"https:\/\/www.asajacyl.com\/palencia\/asaja-palencia-informa\/los-reyes-magos-esperan-a-las-familias-en-asaja-palencia-la-tarde-del-5-antes-de-la-cabalgata\" \/>\n<meta property=\"og:locale\" content=\"es_ES\" \/>\n<meta property=\"og:type\" content=\"article\" \/>\n<meta property=\"og:title\" content=\"Los Reyes Magos esperan a las familias en ASAJA-Palencia la tarde del lunes 5, antes de la Cabalgata - ASAJA Palencia\" \/>\n<meta property=\"og:description\" content=\"Los Reyes Magos de Oriente han comunicado a ASAJA-Palencia que, un a\u00f1o m\u00e1s, nos visitar\u00e1n la tarde del lunes 5 de enero, antes de la Cabalgata que\" \/>\n<meta property=\"og:url\" content=\"https:\/\/www.asajacyl.com\/palencia\/asaja-palencia-informa\/los-reyes-magos-esperan-a-las-familias-en-asaja-palencia-la-tarde-del-5-antes-de-la-cabalgata\" \/>\n<meta property=\"og:site_name\" content=\"ASAJA Palencia\" \/>\n<meta property=\"article:published_time\" content=\"2026-01-02T13:58:13+00:00\" \/>\n<meta property=\"article:modified_time\" content=\"2026-01-12T07:52:19+00:00\" \/>\n<meta property=\"og:image\" content=\"https:\/\/www.asajacyl.com\/palencia\/wp-content\/uploads\/sites\/3\/2026\/01\/Baltasar-nino-1024x896.jpg\" \/>\n\t<meta property=\"og:image:width\" content=\"1024\" \/>\n\t<meta property=\"og:image:height\" content=\"896\" \/>\n\t<meta property=\"og:image:type\" content=\"image\/jpeg\" \/>\n<meta name=\"author\" content=\"Administrador\" \/>\n<meta name=\"twitter:card\" content=\"summary_large_image\" \/>\n<meta name=\"twitter:label1\" content=\"Escrito por\" \/>\n\t<meta name=\"twitter:data1\" content=\"Administrador\" \/>\n\t<meta name=\"twitter:label2\" content=\"Tiempo de lectura\" \/>\n\t<meta name=\"twitter:data2\" content=\"2 minutos\" \/>\n<script type=\"application\/ld+json\" class=\"yoast-schema-graph\">{\"@context\":\"https:\/\/schema.org\",\"@graph\":[{\"@type\":\"WebPage\",\"@id\":\"https:\/\/www.asajacyl.com\/palencia\/asaja-palencia-informa\/los-reyes-magos-esperan-a-las-familias-en-asaja-palencia-la-tarde-del-5-antes-de-la-cabalgata\",\"url\":\"https:\/\/www.asajacyl.com\/palencia\/asaja-palencia-informa\/los-reyes-magos-esperan-a-las-familias-en-asaja-palencia-la-tarde-del-5-antes-de-la-cabalgata\",\"name\":\"Los Reyes Magos esperan a las familias en ASAJA-Palencia la tarde del lunes 5, antes de la Cabalgata - ASAJA Palencia\",\"isPartOf\":{\"@id\":\"https:\/\/www.asajacyl.com\/palencia\/#website\"},\"primaryImageOfPage\":{\"@id\":\"https:\/\/www.asajacyl.com\/palencia\/asaja-palencia-informa\/los-reyes-magos-esperan-a-las-familias-en-asaja-palencia-la-tarde-del-5-antes-de-la-cabalgata#primaryimage\"},\"image\":{\"@id\":\"https:\/\/www.asajacyl.com\/palencia\/asaja-palencia-informa\/los-reyes-magos-esperan-a-las-familias-en-asaja-palencia-la-tarde-del-5-antes-de-la-cabalgata#primaryimage\"},\"thumbnailUrl\":\"https:\/\/www.asajacyl.com\/palencia\/wp-content\/uploads\/sites\/3\/2026\/01\/Baltasar-nino.jpg\",\"datePublished\":\"2026-01-02T13:58:13+00:00\",\"dateModified\":\"2026-01-12T07:52:19+00:00\",\"author\":{\"@id\":\"https:\/\/www.asajacyl.com\/palencia\/#\/schema\/person\/3ab17aeb03527485c317557fae64aab1\"},\"description\":\"Los Reyes Magos de Oriente han comunicado a ASAJA-Palencia que, un a\u00f1o m\u00e1s, nos visitar\u00e1n la tarde del lunes 5 de enero, antes de la Cabalgata que\",\"breadcrumb\":{\"@id\":\"https:\/\/www.asajacyl.com\/palencia\/asaja-palencia-informa\/los-reyes-magos-esperan-a-las-familias-en-asaja-palencia-la-tarde-del-5-antes-de-la-cabalgata#breadcrumb\"},\"inLanguage\":\"es\",\"potentialAction\":[{\"@type\":\"ReadAction\",\"target\":[\"https:\/\/www.asajacyl.com\/palencia\/asaja-palencia-informa\/los-reyes-magos-esperan-a-las-familias-en-asaja-palencia-la-tarde-del-5-antes-de-la-cabalgata\"]}]},{\"@type\":\"ImageObject\",\"inLanguage\":\"es\",\"@id\":\"https:\/\/www.asajacyl.com\/palencia\/asaja-palencia-informa\/los-reyes-magos-esperan-a-las-familias-en-asaja-palencia-la-tarde-del-5-antes-de-la-cabalgata#primaryimage\",\"url\":\"https:\/\/www.asajacyl.com\/palencia\/wp-content\/uploads\/sites\/3\/2026\/01\/Baltasar-nino.jpg\",\"contentUrl\":\"https:\/\/www.asajacyl.com\/palencia\/wp-content\/uploads\/sites\/3\/2026\/01\/Baltasar-nino.jpg\",\"width\":1890,\"height\":1654},{\"@type\":\"BreadcrumbList\",\"@id\":\"https:\/\/www.asajacyl.com\/palencia\/asaja-palencia-informa\/los-reyes-magos-esperan-a-las-familias-en-asaja-palencia-la-tarde-del-5-antes-de-la-cabalgata#breadcrumb\",\"itemListElement\":[{\"@type\":\"ListItem\",\"position\":1,\"name\":\"Portada\",\"item\":\"https:\/\/www.asajacyl.com\/palencia\/\"},{\"@type\":\"ListItem\",\"position\":2,\"name\":\"Los Reyes Magos esperan a las familias en ASAJA-Palencia la tarde del lunes 5, antes de la Cabalgata\"}]},{\"@type\":\"WebSite\",\"@id\":\"https:\/\/www.asajacyl.com\/palencia\/#website\",\"url\":\"https:\/\/www.asajacyl.com\/palencia\/\",\"name\":\"ASAJA Palencia\",\"description\":\"Otro sitio m\u00e1s de Provincias ASAJA Castilla y Le\u00f3n\",\"potentialAction\":[{\"@type\":\"SearchAction\",\"target\":{\"@type\":\"EntryPoint\",\"urlTemplate\":\"https:\/\/www.asajacyl.com\/palencia\/?s={search_term_string}\"},\"query-input\":{\"@type\":\"PropertyValueSpecification\",\"valueRequired\":true,\"valueName\":\"search_term_string\"}}],\"inLanguage\":\"es\"},{\"@type\":\"Person\",\"@id\":\"https:\/\/www.asajacyl.com\/palencia\/#\/schema\/person\/3ab17aeb03527485c317557fae64aab1\",\"name\":\"Administrador\",\"image\":{\"@type\":\"ImageObject\",\"inLanguage\":\"es\",\"@id\":\"https:\/\/www.asajacyl.com\/palencia\/#\/schema\/person\/image\/\",\"url\":\"https:\/\/secure.gravatar.com\/avatar\/517384810d242ca9e38c180f3c9fb973?s=96&d=mm&r=g\",\"contentUrl\":\"https:\/\/secure.gravatar.com\/avatar\/517384810d242ca9e38c180f3c9fb973?s=96&d=mm&r=g\",\"caption\":\"Administrador\"},\"url\":\"https:\/\/www.asajacyl.com\/palencia\/author\/carlosrm\"}]}<\/script>\n<!-- \/ Yoast SEO plugin. -->","yoast_head_json":{"title":"Los Reyes Magos esperan a las familias en ASAJA-Palencia la tarde del lunes 5, antes de la Cabalgata - ASAJA Palencia","description":"Los Reyes Magos de Oriente han comunicado a ASAJA-Palencia que, un a\u00f1o m\u00e1s, nos visitar\u00e1n la tarde del lunes 5 de enero, antes de la Cabalgata que","robots":{"index":"index","follow":"follow","max-snippet":"max-snippet:-1","max-image-preview":"max-image-preview:large","max-video-preview":"max-video-preview:-1"},"canonical":"https:\/\/www.asajacyl.com\/palencia\/asaja-palencia-informa\/los-reyes-magos-esperan-a-las-familias-en-asaja-palencia-la-tarde-del-5-antes-de-la-cabalgata","og_locale":"es_ES","og_type":"article","og_title":"Los Reyes Magos esperan a las familias en ASAJA-Palencia la tarde del lunes 5, antes de la Cabalgata - ASAJA Palencia","og_description":"Los Reyes Magos de Oriente han comunicado a ASAJA-Palencia que, un a\u00f1o m\u00e1s, nos visitar\u00e1n la tarde del lunes 5 de enero, antes de la Cabalgata que","og_url":"https:\/\/www.asajacyl.com\/palencia\/asaja-palencia-informa\/los-reyes-magos-esperan-a-las-familias-en-asaja-palencia-la-tarde-del-5-antes-de-la-cabalgata","og_site_name":"ASAJA Palencia","article_published_time":"2026-01-02T13:58:13+00:00","article_modified_time":"2026-01-12T07:52:19+00:00","og_image":[{"width":1024,"height":896,"url":"https:\/\/www.asajacyl.com\/palencia\/wp-content\/uploads\/sites\/3\/2026\/01\/Baltasar-nino-1024x896.jpg","type":"image\/jpeg"}],"author":"Administrador","twitter_card":"summary_large_image","twitter_misc":{"Escrito por":"Administrador","Tiempo de lectura":"2 minutos"},"schema":{"@context":"https:\/\/schema.org","@graph":[{"@type":"WebPage","@id":"https:\/\/www.asajacyl.com\/palencia\/asaja-palencia-informa\/los-reyes-magos-esperan-a-las-familias-en-asaja-palencia-la-tarde-del-5-antes-de-la-cabalgata","url":"https:\/\/www.asajacyl.com\/palencia\/asaja-palencia-informa\/los-reyes-magos-esperan-a-las-familias-en-asaja-palencia-la-tarde-del-5-antes-de-la-cabalgata","name":"Los Reyes Magos esperan a las familias en ASAJA-Palencia la tarde del lunes 5, antes de la Cabalgata - ASAJA Palencia","isPartOf":{"@id":"https:\/\/www.asajacyl.com\/palencia\/#website"},"primaryImageOfPage":{"@id":"https:\/\/www.asajacyl.com\/palencia\/asaja-palencia-informa\/los-reyes-magos-esperan-a-las-familias-en-asaja-palencia-la-tarde-del-5-antes-de-la-cabalgata#primaryimage"},"image":{"@id":"https:\/\/www.asajacyl.com\/palencia\/asaja-palencia-informa\/los-reyes-magos-esperan-a-las-familias-en-asaja-palencia-la-tarde-del-5-antes-de-la-cabalgata#primaryimage"},"thumbnailUrl":"https:\/\/www.asajacyl.com\/palencia\/wp-content\/uploads\/sites\/3\/2026\/01\/Baltasar-nino.jpg","datePublished":"2026-01-02T13:58:13+00:00","dateModified":"2026-01-12T07:52:19+00:00","author":{"@id":"https:\/\/www.asajacyl.com\/palencia\/#\/schema\/person\/3ab17aeb03527485c317557fae64aab1"},"description":"Los Reyes Magos de Oriente han comunicado a ASAJA-Palencia que, un a\u00f1o m\u00e1s, nos visitar\u00e1n la tarde del lunes 5 de enero, antes de la Cabalgata que","breadcrumb":{"@id":"https:\/\/www.asajacyl.com\/palencia\/asaja-palencia-informa\/los-reyes-magos-esperan-a-las-familias-en-asaja-palencia-la-tarde-del-5-antes-de-la-cabalgata#breadcrumb"},"inLanguage":"es","potentialAction":[{"@type":"ReadAction","target":["https:\/\/www.asajacyl.com\/palencia\/asaja-palencia-informa\/los-reyes-magos-esperan-a-las-familias-en-asaja-palencia-la-tarde-del-5-antes-de-la-cabalgata"]}]},{"@type":"ImageObject","inLanguage":"es","@id":"https:\/\/www.asajacyl.com\/palencia\/asaja-palencia-informa\/los-reyes-magos-esperan-a-las-familias-en-asaja-palencia-la-tarde-del-5-antes-de-la-cabalgata#primaryimage","url":"https:\/\/www.asajacyl.com\/palencia\/wp-content\/uploads\/sites\/3\/2026\/01\/Baltasar-nino.jpg","contentUrl":"https:\/\/www.asajacyl.com\/palencia\/wp-content\/uploads\/sites\/3\/2026\/01\/Baltasar-nino.jpg","width":1890,"height":1654},{"@type":"BreadcrumbList","@id":"https:\/\/www.asajacyl.com\/palencia\/asaja-palencia-informa\/los-reyes-magos-esperan-a-las-familias-en-asaja-palencia-la-tarde-del-5-antes-de-la-cabalgata#breadcrumb","itemListElement":[{"@type":"ListItem","position":1,"name":"Portada","item":"https:\/\/www.asajacyl.com\/palencia\/"},{"@type":"ListItem","position":2,"name":"Los Reyes Magos esperan a las familias en ASAJA-Palencia la tarde del lunes 5, antes de la Cabalgata"}]},{"@type":"WebSite","@id":"https:\/\/www.asajacyl.com\/palencia\/#website","url":"https:\/\/www.asajacyl.com\/palencia\/","name":"ASAJA Palencia","description":"Otro sitio m\u00e1s de Provincias ASAJA Castilla y Le\u00f3n","potentialAction":[{"@type":"SearchAction","target":{"@type":"EntryPoint","urlTemplate":"https:\/\/www.asajacyl.com\/palencia\/?s={search_term_string}"},"query-input":{"@type":"PropertyValueSpecification","valueRequired":true,"valueName":"search_term_string"}}],"inLanguage":"es"},{"@type":"Person","@id":"https:\/\/www.asajacyl.com\/palencia\/#\/schema\/person\/3ab17aeb03527485c317557fae64aab1","name":"Administrador","image":{"@type":"ImageObject","inLanguage":"es","@id":"https:\/\/www.asajacyl.com\/palencia\/#\/schema\/person\/image\/","url":"https:\/\/secure.gravatar.com\/avatar\/517384810d242ca9e38c180f3c9fb973?s=96&d=mm&r=g","contentUrl":"https:\/\/secure.gravatar.com\/avatar\/517384810d242ca9e38c180f3c9fb973?s=96&d=mm&r=g","caption":"Administrador"},"url":"https:\/\/www.asajacyl.com\/palencia\/author\/carlosrm"}]}},"_links":{"self":[{"href":"https:\/\/www.asajacyl.com\/palencia\/wp-json\/wp\/v2\/posts\/21922"}],"collection":[{"href":"https:\/\/www.asajacyl.com\/palencia\/wp-json\/wp\/v2\/posts"}],"about":[{"href":"https:\/\/www.asajacyl.com\/palencia\/wp-json\/wp\/v2\/types\/post"}],"author":[{"embeddable":true,"href":"https:\/\/www.asajacyl.com\/palencia\/wp-json\/wp\/v2\/users\/9"}],"replies":[{"embeddable":true,"href":"https:\/\/www.asajacyl.com\/palencia\/wp-json\/wp\/v2\/comments?post=21922"}],"version-history":[{"count":4,"href":"https:\/\/www.asajacyl.com\/palencia\/wp-json\/wp\/v2\/posts\/21922\/revisions"}],"predecessor-version":[{"id":21930,"href":"https:\/\/www.asajacyl.com\/palencia\/wp-json\/wp\/v2\/posts\/21922\/revisions\/21930"}],"wp:featuredmedia":[{"embeddable":true,"href":"https:\/\/www.asajacyl.com\/palencia\/wp-json\/wp\/v2\/media\/21927"}],"wp:attachment":[{"href":"https:\/\/www.asajacyl.com\/palencia\/wp-json\/wp\/v2\/media?parent=21922"}],"wp:term":[{"taxonomy":"category","embeddable":true,"href":"https:\/\/www.asajacyl.com\/palencia\/wp-json\/wp\/v2\/categories?post=21922"},{"taxonomy":"post_tag","embeddable":true,"href":"https:\/\/www.asajacyl.com\/palencia\/wp-json\/wp\/v2\/tags?post=21922"}],"curies":[{"name":"wp","href":"https:\/\/api.w.org\/{rel}","templated":true}]}}