{"id":21931,"date":"2026-01-05T09:56:56","date_gmt":"2026-01-05T08:56:56","guid":{"rendered":"https:\/\/www.asajacyl.com\/palencia\/?p=21931"},"modified":"2026-01-05T09:56:59","modified_gmt":"2026-01-05T08:56:59","slug":"la-junta-prolonga-todo-enero-las-medidas-ante-la-dermatosis-nodular-por-la-mala-evolucion-en-francia","status":"publish","type":"post","link":"https:\/\/www.asajacyl.com\/palencia\/asaja-palencia-informa\/la-junta-prolonga-todo-enero-las-medidas-ante-la-dermatosis-nodular-por-la-mala-evolucion-en-francia","title":{"rendered":"La Junta prolonga todo enero las medidas ante la dermatosis nodular por la mala evoluci\u00f3n en Francia"},"content":{"rendered":"\n<h2 class=\"wp-block-heading\">El Bolet\u00edn Oficial de Castilla y Le\u00f3n (BOCyL) ha publicado el 2 de enero la resoluci\u00f3n de la Direcci\u00f3n General de Producci\u00f3n Agr\u00edcola y Ganadera de la Junta de Castilla y Le\u00f3n que prorroga al menos un mes m\u00e1s (hasta el 31 de enero) las medidas de prevenci\u00f3n de la dermatosis nodular contagiosa (DNC) que afecta al ganado bovino, que tiene restringida la celebraci\u00f3n de mercados y ferias. La retirada de medidas de prevenci\u00f3n se est\u00e1 aplazando debido a la mala evoluci\u00f3n de la enfermedad en Francia. Por ese mismo motivo, el comit\u00e9 de la Red de Alerta Sanitaria Veterinaria (RASVE) decidi\u00f3 tambi\u00e9n el pasado 2 de enero ampliar la zona de vacunaci\u00f3n en Espa\u00f1a. <\/h2>\n\n\n\n<p>ASAJA-Palencia recuerda que la DNC es una enfermedad v\u00edrica que propagan principalmente los insectos. En ning\u00fan caso afecta al ser humano, ni por contacto con los animales infectados, ni por ingesti\u00f3n de productos derivados del bovino.\u00a0<\/p>\n\n\n\n<p>La orden mantiene, pues, la vigencia de la anterior resoluci\u00f3n y las medidas vigentes desde el 1 de diciembre, que permite celebrar mercados y ferias de cualquier especie, salvo de bovinos. En esos eventos, a las tareas de limpieza y desinfecci\u00f3n de las instalaciones, se a\u00f1adir\u00e1 la obligaci\u00f3n de desinsectaci\u00f3n.\u00a0<\/p>\n\n\n\n<p>La resoluci\u00f3n recoge expresamente la suspensi\u00f3n de todas las ferias, concursos, cert\u00e1menes, subastas, romer\u00edas, mercados y cualquier evento o concentraci\u00f3n de animales de bovino en Castilla y Le\u00f3n. Adem\u00e1s, sigue suspendida todo enero la presencia de animales de la especie bovina en los <strong>Mercados Nacionales de Ganados de Le\u00f3n y Salamanca<\/strong>. Asimismo, se mantienen el resto de las medidas de seguridad y vigilancia relacionadas con los movimientos de animales. \u00a0<\/p>\n\n\n\n<p>La Consejer\u00eda de Agricultura, Ganader\u00eda y Desarrollo Rural recuerda a los titulares de explotaciones, operadores y transportistas la necesidad de reforzar la aplicaci\u00f3n de las medidas de bioseguridad, la vigilancia del registro de entradas y salidas, as\u00ed como la cl\u00ednica de los animales, adem\u00e1s de la obligaci\u00f3n de notificar cualquier sospecha a los servicios veterinarios oficiale.\u00a0<\/p>\n\n\n<div class=\"wp-block-image\">\n<figure class=\"alignright is-resized\"><a href=\"https:\/\/www.asajacyl.com\/wp-content\/uploads\/2026\/01\/Captura-de-pantalla-2026-01-02-103531.png\"><img decoding=\"async\" src=\"https:\/\/www.asajacyl.com\/wp-content\/uploads\/2026\/01\/Captura-de-pantalla-2026-01-02-103531.png\" alt=\"\" class=\"wp-image-26582\" style=\"width:640px;height:auto\" \/><\/a><\/figure><\/div>\n\n\n<p><strong>MALA EVOLUCI\u00d3N EN FRANCIA. <\/strong>Esta prudencia en la retirada de medidas de prevenci\u00f3n se fundamenta principalmente en la mala evoluci\u00f3n de la DNC en Francia. Aunque se esperaba una reducci\u00f3n de la actividad de los vectores conforme avanzase el invierno, la situaci\u00f3n sigue siendo muy delicada del otro lado de los Pirineos.<\/p>\n\n\n\n<p>Por ello, el comit\u00e9 de la Red de Alerta Sanitaria Veterinaria (RASVE) decidi\u00f3 el viernes 2 de enero ampliar la<strong> zona de vacunaci\u00f3n I<\/strong> (sin focos) frente a la DNC en Espa\u00f1a (zona de vacunaci\u00f3n sin focos),\u00a0<strong>incorporando las comarcas de Arag\u00f3n, Navarra y Pa\u00eds Vasco m\u00e1s pr\u00f3ximas a la frontera francesa<\/strong>, como muestra el mapa. El objetivo de la nueva zona de vacunaci\u00f3n, ya comunicada a la Comisi\u00f3n Europea, es crear una barrera de protecci\u00f3n para el resto de la caba\u00f1a ganadera nacional ante posibles nuevos avances de la enfermedad en territorio franc\u00e9s.<\/p>\n\n\n\n<p>Con esta nueva ampliaci\u00f3n, la zona de vacunaci\u00f3n I incluir\u00e1 en total a unas 6850 explotaciones de bovino de Catalu\u00f1a, Arag\u00f3n, Navarra y Pa\u00eds Vasco, con un censo que se aproxima a los 586 500 animales. <\/p>\n\n\n\n<p>Adem\u00e1s, se mantiene la vacunaci\u00f3n en la zona restringida en determinadas comarcas de Catalu\u00f1a por los focos detectados el pasado octubre (<strong>zona de vacunaci\u00f3n II<\/strong>), un \u00e1rea con unas dos mil explotaciones y un censo total de unas 153 000 cabezas de bovino, en la que ya se ha alcanzando una cobertura vacunal cercana al 100 %. <\/p>\n\n\n<div class=\"wp-block-image\">\n<figure class=\"alignright is-resized\"><a href=\"https:\/\/www.asajacyl.com\/wp-content\/uploads\/2026\/01\/Captura-de-pantalla-2026-01-02-103608.jpg\"><img decoding=\"async\" src=\"https:\/\/www.asajacyl.com\/wp-content\/uploads\/2026\/01\/Captura-de-pantalla-2026-01-02-103608.jpg\" alt=\"\" class=\"wp-image-26583\" style=\"width:620px;height:auto\" \/><\/a><\/figure><\/div>\n\n\n<p>El Ministerio de Agricultura, Pesca y Alimentaci\u00f3n est\u00e1 adquiriendo las vacunas administradas en este programa y se encarga de su distribuci\u00f3n a las autoridades veterinarias de las respectivas comunidades aut\u00f3nomas.<\/p>\n\n\n\n<p><strong>SIN FOCOS EN ESPA\u00d1A DESDE OCTUBRE. <\/strong>Mientras en Francia siguen detect\u00e1ndose nuevos focos (ya ha notificado 115 focos desde el inicio del brote), en Espa\u00f1a no se registran nuevos desde el pasado 24 de octubre (en total hubo diecisiete, todos ellos en la provincia de Gerona).<\/p>\n\n\n\n<p>Las autoridades francesas han ampliado la zona de vacunaci\u00f3n obligatoria, mantienen las medidas adicionales para controlar estos brotes en su territorio (incluidas zonas de restricci\u00f3n) y han recuperado a nivel nacional la prohibici\u00f3n de organizar ferias. Adem\u00e1s, se obliga a declarar todos los movimientos de bovinos en las veinticuatro horas previas, para luchar contra los movimientos ilegales.<strong>\/<\/strong><\/p>\n","protected":false},"excerpt":{"rendered":"<p>El Bolet\u00edn Oficial de Castilla y Le\u00f3n (BOCyL) ha publicado el 2 de enero la resoluci\u00f3n de la Direcci\u00f3n General de Producci\u00f3n Agr\u00edcola y Ganadera de la Junta de Castilla y Le\u00f3n que prorroga al menos un mes m\u00e1s (hasta el 31 de enero) las medidas de prevenci\u00f3n de la dermatosis nodular contagiosa (DNC) que [&hellip;]<\/p>\n","protected":false},"author":9,"featured_media":21934,"comment_status":"open","ping_status":"open","sticky":false,"template":"","format":"standard","meta":{"footnotes":""},"categories":[9,31,29,28,13],"tags":[142,1490,1489,77,66,110,365,144],"yoast_head":"<!-- This site is optimized with the Yoast SEO plugin v24.5 - https:\/\/yoast.com\/wordpress\/plugins\/seo\/ -->\n<title>La Junta prolonga todo enero las medidas ante la dermatosis nodular por la mala evoluci\u00f3n en Francia - ASAJA Palencia<\/title>\n<meta name=\"description\" content=\"El Bolet\u00edn Oficial de Castilla y Le\u00f3n (BOCyL) ha publicado el 2 de enero la resoluci\u00f3n de la Direcci\u00f3n General de Producci\u00f3n Agr\u00edcola y Ganadera de la\" \/>\n<meta name=\"robots\" content=\"index, follow, max-snippet:-1, max-image-preview:large, max-video-preview:-1\" \/>\n<link rel=\"canonical\" href=\"https:\/\/www.asajacyl.com\/palencia\/asaja-palencia-informa\/la-junta-prolonga-todo-enero-las-medidas-ante-la-dermatosis-nodular-por-la-mala-evolucion-en-francia\" \/>\n<meta property=\"og:locale\" content=\"es_ES\" \/>\n<meta property=\"og:type\" content=\"article\" \/>\n<meta property=\"og:title\" content=\"La Junta prolonga todo enero las medidas ante la dermatosis nodular por la mala evoluci\u00f3n en Francia - ASAJA Palencia\" \/>\n<meta property=\"og:description\" content=\"El Bolet\u00edn Oficial de Castilla y Le\u00f3n (BOCyL) ha publicado el 2 de enero la resoluci\u00f3n de la Direcci\u00f3n General de Producci\u00f3n Agr\u00edcola y Ganadera de la\" \/>\n<meta property=\"og:url\" content=\"https:\/\/www.asajacyl.com\/palencia\/asaja-palencia-informa\/la-junta-prolonga-todo-enero-las-medidas-ante-la-dermatosis-nodular-por-la-mala-evolucion-en-francia\" \/>\n<meta property=\"og:site_name\" content=\"ASAJA Palencia\" \/>\n<meta property=\"article:published_time\" content=\"2026-01-05T08:56:56+00:00\" \/>\n<meta property=\"article:modified_time\" content=\"2026-01-05T08:56:59+00:00\" \/>\n<meta property=\"og:image\" content=\"https:\/\/www.asajacyl.com\/palencia\/wp-content\/uploads\/sites\/3\/2026\/01\/Estado-DNC-Francia-finales-2025.jpg\" \/>\n\t<meta property=\"og:image:width\" content=\"1890\" \/>\n\t<meta property=\"og:image:height\" content=\"1654\" \/>\n\t<meta property=\"og:image:type\" content=\"image\/jpeg\" \/>\n<meta name=\"author\" content=\"Administrador\" \/>\n<meta name=\"twitter:card\" content=\"summary_large_image\" \/>\n<meta name=\"twitter:label1\" content=\"Escrito por\" \/>\n\t<meta name=\"twitter:data1\" content=\"Administrador\" \/>\n\t<meta name=\"twitter:label2\" content=\"Tiempo de lectura\" \/>\n\t<meta name=\"twitter:data2\" content=\"4 minutos\" \/>\n<script type=\"application\/ld+json\" class=\"yoast-schema-graph\">{\"@context\":\"https:\/\/schema.org\",\"@graph\":[{\"@type\":\"WebPage\",\"@id\":\"https:\/\/www.asajacyl.com\/palencia\/asaja-palencia-informa\/la-junta-prolonga-todo-enero-las-medidas-ante-la-dermatosis-nodular-por-la-mala-evolucion-en-francia\",\"url\":\"https:\/\/www.asajacyl.com\/palencia\/asaja-palencia-informa\/la-junta-prolonga-todo-enero-las-medidas-ante-la-dermatosis-nodular-por-la-mala-evolucion-en-francia\",\"name\":\"La Junta prolonga todo enero las medidas ante la dermatosis nodular por la mala evoluci\u00f3n en Francia - ASAJA Palencia\",\"isPartOf\":{\"@id\":\"https:\/\/www.asajacyl.com\/palencia\/#website\"},\"primaryImageOfPage\":{\"@id\":\"https:\/\/www.asajacyl.com\/palencia\/asaja-palencia-informa\/la-junta-prolonga-todo-enero-las-medidas-ante-la-dermatosis-nodular-por-la-mala-evolucion-en-francia#primaryimage\"},\"image\":{\"@id\":\"https:\/\/www.asajacyl.com\/palencia\/asaja-palencia-informa\/la-junta-prolonga-todo-enero-las-medidas-ante-la-dermatosis-nodular-por-la-mala-evolucion-en-francia#primaryimage\"},\"thumbnailUrl\":\"https:\/\/www.asajacyl.com\/palencia\/wp-content\/uploads\/sites\/3\/2026\/01\/Estado-DNC-Francia-finales-2025.jpg\",\"datePublished\":\"2026-01-05T08:56:56+00:00\",\"dateModified\":\"2026-01-05T08:56:59+00:00\",\"author\":{\"@id\":\"https:\/\/www.asajacyl.com\/palencia\/#\/schema\/person\/3ab17aeb03527485c317557fae64aab1\"},\"description\":\"El Bolet\u00edn Oficial de Castilla y Le\u00f3n (BOCyL) ha publicado el 2 de enero la resoluci\u00f3n de la Direcci\u00f3n General de Producci\u00f3n Agr\u00edcola y Ganadera de la\",\"breadcrumb\":{\"@id\":\"https:\/\/www.asajacyl.com\/palencia\/asaja-palencia-informa\/la-junta-prolonga-todo-enero-las-medidas-ante-la-dermatosis-nodular-por-la-mala-evolucion-en-francia#breadcrumb\"},\"inLanguage\":\"es\",\"potentialAction\":[{\"@type\":\"ReadAction\",\"target\":[\"https:\/\/www.asajacyl.com\/palencia\/asaja-palencia-informa\/la-junta-prolonga-todo-enero-las-medidas-ante-la-dermatosis-nodular-por-la-mala-evolucion-en-francia\"]}]},{\"@type\":\"ImageObject\",\"inLanguage\":\"es\",\"@id\":\"https:\/\/www.asajacyl.com\/palencia\/asaja-palencia-informa\/la-junta-prolonga-todo-enero-las-medidas-ante-la-dermatosis-nodular-por-la-mala-evolucion-en-francia#primaryimage\",\"url\":\"https:\/\/www.asajacyl.com\/palencia\/wp-content\/uploads\/sites\/3\/2026\/01\/Estado-DNC-Francia-finales-2025.jpg\",\"contentUrl\":\"https:\/\/www.asajacyl.com\/palencia\/wp-content\/uploads\/sites\/3\/2026\/01\/Estado-DNC-Francia-finales-2025.jpg\",\"width\":1890,\"height\":1654},{\"@type\":\"BreadcrumbList\",\"@id\":\"https:\/\/www.asajacyl.com\/palencia\/asaja-palencia-informa\/la-junta-prolonga-todo-enero-las-medidas-ante-la-dermatosis-nodular-por-la-mala-evolucion-en-francia#breadcrumb\",\"itemListElement\":[{\"@type\":\"ListItem\",\"position\":1,\"name\":\"Portada\",\"item\":\"https:\/\/www.asajacyl.com\/palencia\/\"},{\"@type\":\"ListItem\",\"position\":2,\"name\":\"La Junta prolonga todo enero las medidas ante la dermatosis nodular por la mala evoluci\u00f3n en Francia\"}]},{\"@type\":\"WebSite\",\"@id\":\"https:\/\/www.asajacyl.com\/palencia\/#website\",\"url\":\"https:\/\/www.asajacyl.com\/palencia\/\",\"name\":\"ASAJA Palencia\",\"description\":\"Otro sitio m\u00e1s de Provincias ASAJA Castilla y Le\u00f3n\",\"potentialAction\":[{\"@type\":\"SearchAction\",\"target\":{\"@type\":\"EntryPoint\",\"urlTemplate\":\"https:\/\/www.asajacyl.com\/palencia\/?s={search_term_string}\"},\"query-input\":{\"@type\":\"PropertyValueSpecification\",\"valueRequired\":true,\"valueName\":\"search_term_string\"}}],\"inLanguage\":\"es\"},{\"@type\":\"Person\",\"@id\":\"https:\/\/www.asajacyl.com\/palencia\/#\/schema\/person\/3ab17aeb03527485c317557fae64aab1\",\"name\":\"Administrador\",\"image\":{\"@type\":\"ImageObject\",\"inLanguage\":\"es\",\"@id\":\"https:\/\/www.asajacyl.com\/palencia\/#\/schema\/person\/image\/\",\"url\":\"https:\/\/secure.gravatar.com\/avatar\/517384810d242ca9e38c180f3c9fb973?s=96&d=mm&r=g\",\"contentUrl\":\"https:\/\/secure.gravatar.com\/avatar\/517384810d242ca9e38c180f3c9fb973?s=96&d=mm&r=g\",\"caption\":\"Administrador\"},\"url\":\"https:\/\/www.asajacyl.com\/palencia\/author\/carlosrm\"}]}<\/script>\n<!-- \/ Yoast SEO plugin. -->","yoast_head_json":{"title":"La Junta prolonga todo enero las medidas ante la dermatosis nodular por la mala evoluci\u00f3n en Francia - ASAJA Palencia","description":"El Bolet\u00edn Oficial de Castilla y Le\u00f3n (BOCyL) ha publicado el 2 de enero la resoluci\u00f3n de la Direcci\u00f3n General de Producci\u00f3n Agr\u00edcola y Ganadera de la","robots":{"index":"index","follow":"follow","max-snippet":"max-snippet:-1","max-image-preview":"max-image-preview:large","max-video-preview":"max-video-preview:-1"},"canonical":"https:\/\/www.asajacyl.com\/palencia\/asaja-palencia-informa\/la-junta-prolonga-todo-enero-las-medidas-ante-la-dermatosis-nodular-por-la-mala-evolucion-en-francia","og_locale":"es_ES","og_type":"article","og_title":"La Junta prolonga todo enero las medidas ante la dermatosis nodular por la mala evoluci\u00f3n en Francia - ASAJA Palencia","og_description":"El Bolet\u00edn Oficial de Castilla y Le\u00f3n (BOCyL) ha publicado el 2 de enero la resoluci\u00f3n de la Direcci\u00f3n General de Producci\u00f3n Agr\u00edcola y Ganadera de la","og_url":"https:\/\/www.asajacyl.com\/palencia\/asaja-palencia-informa\/la-junta-prolonga-todo-enero-las-medidas-ante-la-dermatosis-nodular-por-la-mala-evolucion-en-francia","og_site_name":"ASAJA Palencia","article_published_time":"2026-01-05T08:56:56+00:00","article_modified_time":"2026-01-05T08:56:59+00:00","og_image":[{"width":1890,"height":1654,"url":"https:\/\/www.asajacyl.com\/palencia\/wp-content\/uploads\/sites\/3\/2026\/01\/Estado-DNC-Francia-finales-2025.jpg","type":"image\/jpeg"}],"author":"Administrador","twitter_card":"summary_large_image","twitter_misc":{"Escrito por":"Administrador","Tiempo de lectura":"4 minutos"},"schema":{"@context":"https:\/\/schema.org","@graph":[{"@type":"WebPage","@id":"https:\/\/www.asajacyl.com\/palencia\/asaja-palencia-informa\/la-junta-prolonga-todo-enero-las-medidas-ante-la-dermatosis-nodular-por-la-mala-evolucion-en-francia","url":"https:\/\/www.asajacyl.com\/palencia\/asaja-palencia-informa\/la-junta-prolonga-todo-enero-las-medidas-ante-la-dermatosis-nodular-por-la-mala-evolucion-en-francia","name":"La Junta prolonga todo enero las medidas ante la dermatosis nodular por la mala evoluci\u00f3n en Francia - ASAJA Palencia","isPartOf":{"@id":"https:\/\/www.asajacyl.com\/palencia\/#website"},"primaryImageOfPage":{"@id":"https:\/\/www.asajacyl.com\/palencia\/asaja-palencia-informa\/la-junta-prolonga-todo-enero-las-medidas-ante-la-dermatosis-nodular-por-la-mala-evolucion-en-francia#primaryimage"},"image":{"@id":"https:\/\/www.asajacyl.com\/palencia\/asaja-palencia-informa\/la-junta-prolonga-todo-enero-las-medidas-ante-la-dermatosis-nodular-por-la-mala-evolucion-en-francia#primaryimage"},"thumbnailUrl":"https:\/\/www.asajacyl.com\/palencia\/wp-content\/uploads\/sites\/3\/2026\/01\/Estado-DNC-Francia-finales-2025.jpg","datePublished":"2026-01-05T08:56:56+00:00","dateModified":"2026-01-05T08:56:59+00:00","author":{"@id":"https:\/\/www.asajacyl.com\/palencia\/#\/schema\/person\/3ab17aeb03527485c317557fae64aab1"},"description":"El Bolet\u00edn Oficial de Castilla y Le\u00f3n (BOCyL) ha publicado el 2 de enero la resoluci\u00f3n de la Direcci\u00f3n General de Producci\u00f3n Agr\u00edcola y Ganadera de la","breadcrumb":{"@id":"https:\/\/www.asajacyl.com\/palencia\/asaja-palencia-informa\/la-junta-prolonga-todo-enero-las-medidas-ante-la-dermatosis-nodular-por-la-mala-evolucion-en-francia#breadcrumb"},"inLanguage":"es","potentialAction":[{"@type":"ReadAction","target":["https:\/\/www.asajacyl.com\/palencia\/asaja-palencia-informa\/la-junta-prolonga-todo-enero-las-medidas-ante-la-dermatosis-nodular-por-la-mala-evolucion-en-francia"]}]},{"@type":"ImageObject","inLanguage":"es","@id":"https:\/\/www.asajacyl.com\/palencia\/asaja-palencia-informa\/la-junta-prolonga-todo-enero-las-medidas-ante-la-dermatosis-nodular-por-la-mala-evolucion-en-francia#primaryimage","url":"https:\/\/www.asajacyl.com\/palencia\/wp-content\/uploads\/sites\/3\/2026\/01\/Estado-DNC-Francia-finales-2025.jpg","contentUrl":"https:\/\/www.asajacyl.com\/palencia\/wp-content\/uploads\/sites\/3\/2026\/01\/Estado-DNC-Francia-finales-2025.jpg","width":1890,"height":1654},{"@type":"BreadcrumbList","@id":"https:\/\/www.asajacyl.com\/palencia\/asaja-palencia-informa\/la-junta-prolonga-todo-enero-las-medidas-ante-la-dermatosis-nodular-por-la-mala-evolucion-en-francia#breadcrumb","itemListElement":[{"@type":"ListItem","position":1,"name":"Portada","item":"https:\/\/www.asajacyl.com\/palencia\/"},{"@type":"ListItem","position":2,"name":"La Junta prolonga todo enero las medidas ante la dermatosis nodular por la mala evoluci\u00f3n en Francia"}]},{"@type":"WebSite","@id":"https:\/\/www.asajacyl.com\/palencia\/#website","url":"https:\/\/www.asajacyl.com\/palencia\/","name":"ASAJA Palencia","description":"Otro sitio m\u00e1s de Provincias ASAJA Castilla y Le\u00f3n","potentialAction":[{"@type":"SearchAction","target":{"@type":"EntryPoint","urlTemplate":"https:\/\/www.asajacyl.com\/palencia\/?s={search_term_string}"},"query-input":{"@type":"PropertyValueSpecification","valueRequired":true,"valueName":"search_term_string"}}],"inLanguage":"es"},{"@type":"Person","@id":"https:\/\/www.asajacyl.com\/palencia\/#\/schema\/person\/3ab17aeb03527485c317557fae64aab1","name":"Administrador","image":{"@type":"ImageObject","inLanguage":"es","@id":"https:\/\/www.asajacyl.com\/palencia\/#\/schema\/person\/image\/","url":"https:\/\/secure.gravatar.com\/avatar\/517384810d242ca9e38c180f3c9fb973?s=96&d=mm&r=g","contentUrl":"https:\/\/secure.gravatar.com\/avatar\/517384810d242ca9e38c180f3c9fb973?s=96&d=mm&r=g","caption":"Administrador"},"url":"https:\/\/www.asajacyl.com\/palencia\/author\/carlosrm"}]}},"_links":{"self":[{"href":"https:\/\/www.asajacyl.com\/palencia\/wp-json\/wp\/v2\/posts\/21931"}],"collection":[{"href":"https:\/\/www.asajacyl.com\/palencia\/wp-json\/wp\/v2\/posts"}],"about":[{"href":"https:\/\/www.asajacyl.com\/palencia\/wp-json\/wp\/v2\/types\/post"}],"author":[{"embeddable":true,"href":"https:\/\/www.asajacyl.com\/palencia\/wp-json\/wp\/v2\/users\/9"}],"replies":[{"embeddable":true,"href":"https:\/\/www.asajacyl.com\/palencia\/wp-json\/wp\/v2\/comments?post=21931"}],"version-history":[{"count":2,"href":"https:\/\/www.asajacyl.com\/palencia\/wp-json\/wp\/v2\/posts\/21931\/revisions"}],"predecessor-version":[{"id":21933,"href":"https:\/\/www.asajacyl.com\/palencia\/wp-json\/wp\/v2\/posts\/21931\/revisions\/21933"}],"wp:featuredmedia":[{"embeddable":true,"href":"https:\/\/www.asajacyl.com\/palencia\/wp-json\/wp\/v2\/media\/21934"}],"wp:attachment":[{"href":"https:\/\/www.asajacyl.com\/palencia\/wp-json\/wp\/v2\/media?parent=21931"}],"wp:term":[{"taxonomy":"category","embeddable":true,"href":"https:\/\/www.asajacyl.com\/palencia\/wp-json\/wp\/v2\/categories?post=21931"},{"taxonomy":"post_tag","embeddable":true,"href":"https:\/\/www.asajacyl.com\/palencia\/wp-json\/wp\/v2\/tags?post=21931"}],"curies":[{"name":"wp","href":"https:\/\/api.w.org\/{rel}","templated":true}]}}