{"id":21941,"date":"2026-01-07T07:30:00","date_gmt":"2026-01-07T06:30:00","guid":{"rendered":"https:\/\/www.asajacyl.com\/palencia\/?p=21941"},"modified":"2026-01-08T14:00:15","modified_gmt":"2026-01-08T13:00:15","slug":"el-bovino-para-vida-sigue-escalando-mientras-el-destrinado-a-sacrificio-mantiene-su-cotizacion","status":"publish","type":"post","link":"https:\/\/www.asajacyl.com\/palencia\/asaja-palencia-informa\/noticias\/el-bovino-para-vida-sigue-escalando-mientras-el-destrinado-a-sacrificio-mantiene-su-cotizacion","title":{"rendered":"El bovino para vida sigue escalando mientras el destinado a matadero mantiene su cotizaci\u00f3n"},"content":{"rendered":"\n<h2 class=\"wp-block-heading\">La repetici\u00f3n de precios ha dominado la mesa del bovino de carne en la Lonja de Salamanca esta semana, mientras el destinado a cr\u00eda sigue escalando posiciones, por una oferta muy ajustada: tanto machos como hembras subieron cuatro c\u00e9ntimos por kilo en las tablillas, en un escenario de demanda por parte de los ganaderos, que quieren completar sus cebaderos.<\/h2>\n\n\n\n<p>La oferta de bovino para sacrificio sigue muy ajustada aun cuando ya han pasado las fiestas de Navidad. Los compradores esperan que aumente tras este periodo, pero de momento este lunes, v\u00edspera de Reyes, las cotizaciones repitieron en todas las categor\u00edas, en una semana m\u00e1s de transici\u00f3n.<\/p>\n\n\n\n<p>Las pr\u00f3ximas sesiones de la mesa vendr\u00e1n marcadas por la insistencia de nuestros ganaderos en el desfase que viene acumulando la lonja salmantina en estas producciones con respecto a las operaciones reales del mercado, as\u00ed como por la escasez de oferta paran una demanda que sigue fuerte y que podr\u00eda verse alterada por la proximidad del ramad\u00e1n, que los musulmanes celebrar\u00e1 durante la segunda quincena de febrero y la primera de marzo.<\/p>\n\n\n\n<p>Por lo que respecta al bovino de vida, la necesidad de completar los cebaderos en un escenario de oferta muy justa vuelve a tirar de los precios una semana m\u00e1s, pese a que los compradores rechazaron ese nuevo retoque al alza.<\/p>\n\n\n\n<p>En la mesa de ovino, la Lonja de Salamanca constat\u00f3 el habitual descenso posterior a las fiestas navide\u00f1as en los lechazos, conforme <a href=\"https:\/\/www.asajacyl.com\/palencia\/sin-categoria\/el-precio-de-las-operaciones-de-lechazos-ha-bajado-ya-040-cts-kg-antes-de-acabar-las-fiestas-navidenas\">ya hab\u00eda anticipado en su \u00faltima sesi\u00f3n del a\u00f1o 2025 la de la Mesa del Lechazo de Castilla y Le\u00f3n<\/a>.<strong>\/<\/strong><\/p>\n\n\n<div class=\"wp-block-image\">\n<figure class=\"aligncenter size-large\"><img loading=\"lazy\" decoding=\"async\" width=\"1024\" height=\"768\" src=\"https:\/\/www.asajacyl.com\/palencia\/wp-content\/uploads\/sites\/3\/2026\/01\/Precios-ganaderia-5enero2026-1024x768.png\" alt=\"\" class=\"wp-image-21942\" srcset=\"https:\/\/www.asajacyl.com\/palencia\/wp-content\/uploads\/sites\/3\/2026\/01\/Precios-ganaderia-5enero2026-1024x768.png 1024w, https:\/\/www.asajacyl.com\/palencia\/wp-content\/uploads\/sites\/3\/2026\/01\/Precios-ganaderia-5enero2026-300x225.png 300w, https:\/\/www.asajacyl.com\/palencia\/wp-content\/uploads\/sites\/3\/2026\/01\/Precios-ganaderia-5enero2026-768x576.png 768w, https:\/\/www.asajacyl.com\/palencia\/wp-content\/uploads\/sites\/3\/2026\/01\/Precios-ganaderia-5enero2026-1536x1152.png 1536w, https:\/\/www.asajacyl.com\/palencia\/wp-content\/uploads\/sites\/3\/2026\/01\/Precios-ganaderia-5enero2026-2048x1536.png 2048w, https:\/\/www.asajacyl.com\/palencia\/wp-content\/uploads\/sites\/3\/2026\/01\/Precios-ganaderia-5enero2026-560x420.png 560w, https:\/\/www.asajacyl.com\/palencia\/wp-content\/uploads\/sites\/3\/2026\/01\/Precios-ganaderia-5enero2026-80x60.png 80w, https:\/\/www.asajacyl.com\/palencia\/wp-content\/uploads\/sites\/3\/2026\/01\/Precios-ganaderia-5enero2026-696x522.png 696w, https:\/\/www.asajacyl.com\/palencia\/wp-content\/uploads\/sites\/3\/2026\/01\/Precios-ganaderia-5enero2026-1068x801.png 1068w, https:\/\/www.asajacyl.com\/palencia\/wp-content\/uploads\/sites\/3\/2026\/01\/Precios-ganaderia-5enero2026-1920x1440.png 1920w\" sizes=\"(max-width: 1024px) 100vw, 1024px\" \/><\/figure><\/div>","protected":false},"excerpt":{"rendered":"<p>La repetici\u00f3n de precios ha dominado la mesa del bovino de carne en la Lonja de Salamanca esta semana, mientras el destinado a cr\u00eda sigue escalando posiciones, por una oferta muy ajustada: tanto machos como hembras subieron cuatro c\u00e9ntimos por kilo en las tablillas, en un escenario de demanda por parte de los ganaderos, que [&hellip;]<\/p>\n","protected":false},"author":9,"featured_media":21943,"comment_status":"open","ping_status":"open","sticky":false,"template":"","format":"standard","meta":{"footnotes":""},"categories":[9,29,36,28,13],"tags":[648,234,77,477,467,510,572,144],"yoast_head":"<!-- This site is optimized with the Yoast SEO plugin v24.5 - https:\/\/yoast.com\/wordpress\/plugins\/seo\/ -->\n<title>El bovino para vida sigue escalando mientras el destinado a matadero mantiene su cotizaci\u00f3n - ASAJA Palencia<\/title>\n<meta name=\"description\" content=\"La repetici\u00f3n de precios ha dominado la mesa del bovino de carne en la Lonja de Salamanca esta semana, mientras el destinado a cr\u00eda sigue escalando\" \/>\n<meta name=\"robots\" content=\"index, follow, max-snippet:-1, max-image-preview:large, max-video-preview:-1\" \/>\n<link rel=\"canonical\" href=\"https:\/\/www.asajacyl.com\/palencia\/asaja-palencia-informa\/noticias\/el-bovino-para-vida-sigue-escalando-mientras-el-destrinado-a-sacrificio-mantiene-su-cotizacion\" \/>\n<meta property=\"og:locale\" content=\"es_ES\" \/>\n<meta property=\"og:type\" content=\"article\" \/>\n<meta property=\"og:title\" content=\"El bovino para vida sigue escalando mientras el destinado a matadero mantiene su cotizaci\u00f3n - ASAJA Palencia\" \/>\n<meta property=\"og:description\" content=\"La repetici\u00f3n de precios ha dominado la mesa del bovino de carne en la Lonja de Salamanca esta semana, mientras el destinado a cr\u00eda sigue escalando\" \/>\n<meta property=\"og:url\" content=\"https:\/\/www.asajacyl.com\/palencia\/asaja-palencia-informa\/noticias\/el-bovino-para-vida-sigue-escalando-mientras-el-destrinado-a-sacrificio-mantiene-su-cotizacion\" \/>\n<meta property=\"og:site_name\" content=\"ASAJA Palencia\" \/>\n<meta property=\"article:published_time\" content=\"2026-01-07T06:30:00+00:00\" \/>\n<meta property=\"article:modified_time\" content=\"2026-01-08T13:00:15+00:00\" \/>\n<meta property=\"og:image\" content=\"https:\/\/www.asajacyl.com\/palencia\/wp-content\/uploads\/sites\/3\/2026\/01\/Bovino-Villada-1024x896.jpg\" \/>\n\t<meta property=\"og:image:width\" content=\"1024\" \/>\n\t<meta property=\"og:image:height\" content=\"896\" \/>\n\t<meta property=\"og:image:type\" content=\"image\/jpeg\" \/>\n<meta name=\"author\" content=\"Administrador\" \/>\n<meta name=\"twitter:card\" content=\"summary_large_image\" \/>\n<meta name=\"twitter:label1\" content=\"Escrito por\" \/>\n\t<meta name=\"twitter:data1\" content=\"Administrador\" \/>\n\t<meta name=\"twitter:label2\" content=\"Tiempo de lectura\" \/>\n\t<meta name=\"twitter:data2\" content=\"2 minutos\" \/>\n<script type=\"application\/ld+json\" class=\"yoast-schema-graph\">{\"@context\":\"https:\/\/schema.org\",\"@graph\":[{\"@type\":\"WebPage\",\"@id\":\"https:\/\/www.asajacyl.com\/palencia\/asaja-palencia-informa\/noticias\/el-bovino-para-vida-sigue-escalando-mientras-el-destrinado-a-sacrificio-mantiene-su-cotizacion\",\"url\":\"https:\/\/www.asajacyl.com\/palencia\/asaja-palencia-informa\/noticias\/el-bovino-para-vida-sigue-escalando-mientras-el-destrinado-a-sacrificio-mantiene-su-cotizacion\",\"name\":\"El bovino para vida sigue escalando mientras el destinado a matadero mantiene su cotizaci\u00f3n - ASAJA Palencia\",\"isPartOf\":{\"@id\":\"https:\/\/www.asajacyl.com\/palencia\/#website\"},\"primaryImageOfPage\":{\"@id\":\"https:\/\/www.asajacyl.com\/palencia\/asaja-palencia-informa\/noticias\/el-bovino-para-vida-sigue-escalando-mientras-el-destrinado-a-sacrificio-mantiene-su-cotizacion#primaryimage\"},\"image\":{\"@id\":\"https:\/\/www.asajacyl.com\/palencia\/asaja-palencia-informa\/noticias\/el-bovino-para-vida-sigue-escalando-mientras-el-destrinado-a-sacrificio-mantiene-su-cotizacion#primaryimage\"},\"thumbnailUrl\":\"https:\/\/www.asajacyl.com\/palencia\/wp-content\/uploads\/sites\/3\/2026\/01\/Bovino-Villada.jpg\",\"datePublished\":\"2026-01-07T06:30:00+00:00\",\"dateModified\":\"2026-01-08T13:00:15+00:00\",\"author\":{\"@id\":\"https:\/\/www.asajacyl.com\/palencia\/#\/schema\/person\/3ab17aeb03527485c317557fae64aab1\"},\"description\":\"La repetici\u00f3n de precios ha dominado la mesa del bovino de carne en la Lonja de Salamanca esta semana, mientras el destinado a cr\u00eda sigue escalando\",\"breadcrumb\":{\"@id\":\"https:\/\/www.asajacyl.com\/palencia\/asaja-palencia-informa\/noticias\/el-bovino-para-vida-sigue-escalando-mientras-el-destrinado-a-sacrificio-mantiene-su-cotizacion#breadcrumb\"},\"inLanguage\":\"es\",\"potentialAction\":[{\"@type\":\"ReadAction\",\"target\":[\"https:\/\/www.asajacyl.com\/palencia\/asaja-palencia-informa\/noticias\/el-bovino-para-vida-sigue-escalando-mientras-el-destrinado-a-sacrificio-mantiene-su-cotizacion\"]}]},{\"@type\":\"ImageObject\",\"inLanguage\":\"es\",\"@id\":\"https:\/\/www.asajacyl.com\/palencia\/asaja-palencia-informa\/noticias\/el-bovino-para-vida-sigue-escalando-mientras-el-destrinado-a-sacrificio-mantiene-su-cotizacion#primaryimage\",\"url\":\"https:\/\/www.asajacyl.com\/palencia\/wp-content\/uploads\/sites\/3\/2026\/01\/Bovino-Villada.jpg\",\"contentUrl\":\"https:\/\/www.asajacyl.com\/palencia\/wp-content\/uploads\/sites\/3\/2026\/01\/Bovino-Villada.jpg\",\"width\":1890,\"height\":1654},{\"@type\":\"BreadcrumbList\",\"@id\":\"https:\/\/www.asajacyl.com\/palencia\/asaja-palencia-informa\/noticias\/el-bovino-para-vida-sigue-escalando-mientras-el-destrinado-a-sacrificio-mantiene-su-cotizacion#breadcrumb\",\"itemListElement\":[{\"@type\":\"ListItem\",\"position\":1,\"name\":\"Portada\",\"item\":\"https:\/\/www.asajacyl.com\/palencia\/\"},{\"@type\":\"ListItem\",\"position\":2,\"name\":\"El bovino para vida sigue escalando mientras el destinado a matadero mantiene su cotizaci\u00f3n\"}]},{\"@type\":\"WebSite\",\"@id\":\"https:\/\/www.asajacyl.com\/palencia\/#website\",\"url\":\"https:\/\/www.asajacyl.com\/palencia\/\",\"name\":\"ASAJA Palencia\",\"description\":\"Otro sitio m\u00e1s de Provincias ASAJA Castilla y Le\u00f3n\",\"potentialAction\":[{\"@type\":\"SearchAction\",\"target\":{\"@type\":\"EntryPoint\",\"urlTemplate\":\"https:\/\/www.asajacyl.com\/palencia\/?s={search_term_string}\"},\"query-input\":{\"@type\":\"PropertyValueSpecification\",\"valueRequired\":true,\"valueName\":\"search_term_string\"}}],\"inLanguage\":\"es\"},{\"@type\":\"Person\",\"@id\":\"https:\/\/www.asajacyl.com\/palencia\/#\/schema\/person\/3ab17aeb03527485c317557fae64aab1\",\"name\":\"Administrador\",\"image\":{\"@type\":\"ImageObject\",\"inLanguage\":\"es\",\"@id\":\"https:\/\/www.asajacyl.com\/palencia\/#\/schema\/person\/image\/\",\"url\":\"https:\/\/secure.gravatar.com\/avatar\/517384810d242ca9e38c180f3c9fb973?s=96&d=mm&r=g\",\"contentUrl\":\"https:\/\/secure.gravatar.com\/avatar\/517384810d242ca9e38c180f3c9fb973?s=96&d=mm&r=g\",\"caption\":\"Administrador\"},\"url\":\"https:\/\/www.asajacyl.com\/palencia\/author\/carlosrm\"}]}<\/script>\n<!-- \/ Yoast SEO plugin. -->","yoast_head_json":{"title":"El bovino para vida sigue escalando mientras el destinado a matadero mantiene su cotizaci\u00f3n - ASAJA Palencia","description":"La repetici\u00f3n de precios ha dominado la mesa del bovino de carne en la Lonja de Salamanca esta semana, mientras el destinado a cr\u00eda sigue escalando","robots":{"index":"index","follow":"follow","max-snippet":"max-snippet:-1","max-image-preview":"max-image-preview:large","max-video-preview":"max-video-preview:-1"},"canonical":"https:\/\/www.asajacyl.com\/palencia\/asaja-palencia-informa\/noticias\/el-bovino-para-vida-sigue-escalando-mientras-el-destrinado-a-sacrificio-mantiene-su-cotizacion","og_locale":"es_ES","og_type":"article","og_title":"El bovino para vida sigue escalando mientras el destinado a matadero mantiene su cotizaci\u00f3n - ASAJA Palencia","og_description":"La repetici\u00f3n de precios ha dominado la mesa del bovino de carne en la Lonja de Salamanca esta semana, mientras el destinado a cr\u00eda sigue escalando","og_url":"https:\/\/www.asajacyl.com\/palencia\/asaja-palencia-informa\/noticias\/el-bovino-para-vida-sigue-escalando-mientras-el-destrinado-a-sacrificio-mantiene-su-cotizacion","og_site_name":"ASAJA Palencia","article_published_time":"2026-01-07T06:30:00+00:00","article_modified_time":"2026-01-08T13:00:15+00:00","og_image":[{"width":1024,"height":896,"url":"https:\/\/www.asajacyl.com\/palencia\/wp-content\/uploads\/sites\/3\/2026\/01\/Bovino-Villada-1024x896.jpg","type":"image\/jpeg"}],"author":"Administrador","twitter_card":"summary_large_image","twitter_misc":{"Escrito por":"Administrador","Tiempo de lectura":"2 minutos"},"schema":{"@context":"https:\/\/schema.org","@graph":[{"@type":"WebPage","@id":"https:\/\/www.asajacyl.com\/palencia\/asaja-palencia-informa\/noticias\/el-bovino-para-vida-sigue-escalando-mientras-el-destrinado-a-sacrificio-mantiene-su-cotizacion","url":"https:\/\/www.asajacyl.com\/palencia\/asaja-palencia-informa\/noticias\/el-bovino-para-vida-sigue-escalando-mientras-el-destrinado-a-sacrificio-mantiene-su-cotizacion","name":"El bovino para vida sigue escalando mientras el destinado a matadero mantiene su cotizaci\u00f3n - ASAJA Palencia","isPartOf":{"@id":"https:\/\/www.asajacyl.com\/palencia\/#website"},"primaryImageOfPage":{"@id":"https:\/\/www.asajacyl.com\/palencia\/asaja-palencia-informa\/noticias\/el-bovino-para-vida-sigue-escalando-mientras-el-destrinado-a-sacrificio-mantiene-su-cotizacion#primaryimage"},"image":{"@id":"https:\/\/www.asajacyl.com\/palencia\/asaja-palencia-informa\/noticias\/el-bovino-para-vida-sigue-escalando-mientras-el-destrinado-a-sacrificio-mantiene-su-cotizacion#primaryimage"},"thumbnailUrl":"https:\/\/www.asajacyl.com\/palencia\/wp-content\/uploads\/sites\/3\/2026\/01\/Bovino-Villada.jpg","datePublished":"2026-01-07T06:30:00+00:00","dateModified":"2026-01-08T13:00:15+00:00","author":{"@id":"https:\/\/www.asajacyl.com\/palencia\/#\/schema\/person\/3ab17aeb03527485c317557fae64aab1"},"description":"La repetici\u00f3n de precios ha dominado la mesa del bovino de carne en la Lonja de Salamanca esta semana, mientras el destinado a cr\u00eda sigue escalando","breadcrumb":{"@id":"https:\/\/www.asajacyl.com\/palencia\/asaja-palencia-informa\/noticias\/el-bovino-para-vida-sigue-escalando-mientras-el-destrinado-a-sacrificio-mantiene-su-cotizacion#breadcrumb"},"inLanguage":"es","potentialAction":[{"@type":"ReadAction","target":["https:\/\/www.asajacyl.com\/palencia\/asaja-palencia-informa\/noticias\/el-bovino-para-vida-sigue-escalando-mientras-el-destrinado-a-sacrificio-mantiene-su-cotizacion"]}]},{"@type":"ImageObject","inLanguage":"es","@id":"https:\/\/www.asajacyl.com\/palencia\/asaja-palencia-informa\/noticias\/el-bovino-para-vida-sigue-escalando-mientras-el-destrinado-a-sacrificio-mantiene-su-cotizacion#primaryimage","url":"https:\/\/www.asajacyl.com\/palencia\/wp-content\/uploads\/sites\/3\/2026\/01\/Bovino-Villada.jpg","contentUrl":"https:\/\/www.asajacyl.com\/palencia\/wp-content\/uploads\/sites\/3\/2026\/01\/Bovino-Villada.jpg","width":1890,"height":1654},{"@type":"BreadcrumbList","@id":"https:\/\/www.asajacyl.com\/palencia\/asaja-palencia-informa\/noticias\/el-bovino-para-vida-sigue-escalando-mientras-el-destrinado-a-sacrificio-mantiene-su-cotizacion#breadcrumb","itemListElement":[{"@type":"ListItem","position":1,"name":"Portada","item":"https:\/\/www.asajacyl.com\/palencia\/"},{"@type":"ListItem","position":2,"name":"El bovino para vida sigue escalando mientras el destinado a matadero mantiene su cotizaci\u00f3n"}]},{"@type":"WebSite","@id":"https:\/\/www.asajacyl.com\/palencia\/#website","url":"https:\/\/www.asajacyl.com\/palencia\/","name":"ASAJA Palencia","description":"Otro sitio m\u00e1s de Provincias ASAJA Castilla y Le\u00f3n","potentialAction":[{"@type":"SearchAction","target":{"@type":"EntryPoint","urlTemplate":"https:\/\/www.asajacyl.com\/palencia\/?s={search_term_string}"},"query-input":{"@type":"PropertyValueSpecification","valueRequired":true,"valueName":"search_term_string"}}],"inLanguage":"es"},{"@type":"Person","@id":"https:\/\/www.asajacyl.com\/palencia\/#\/schema\/person\/3ab17aeb03527485c317557fae64aab1","name":"Administrador","image":{"@type":"ImageObject","inLanguage":"es","@id":"https:\/\/www.asajacyl.com\/palencia\/#\/schema\/person\/image\/","url":"https:\/\/secure.gravatar.com\/avatar\/517384810d242ca9e38c180f3c9fb973?s=96&d=mm&r=g","contentUrl":"https:\/\/secure.gravatar.com\/avatar\/517384810d242ca9e38c180f3c9fb973?s=96&d=mm&r=g","caption":"Administrador"},"url":"https:\/\/www.asajacyl.com\/palencia\/author\/carlosrm"}]}},"_links":{"self":[{"href":"https:\/\/www.asajacyl.com\/palencia\/wp-json\/wp\/v2\/posts\/21941"}],"collection":[{"href":"https:\/\/www.asajacyl.com\/palencia\/wp-json\/wp\/v2\/posts"}],"about":[{"href":"https:\/\/www.asajacyl.com\/palencia\/wp-json\/wp\/v2\/types\/post"}],"author":[{"embeddable":true,"href":"https:\/\/www.asajacyl.com\/palencia\/wp-json\/wp\/v2\/users\/9"}],"replies":[{"embeddable":true,"href":"https:\/\/www.asajacyl.com\/palencia\/wp-json\/wp\/v2\/comments?post=21941"}],"version-history":[{"count":2,"href":"https:\/\/www.asajacyl.com\/palencia\/wp-json\/wp\/v2\/posts\/21941\/revisions"}],"predecessor-version":[{"id":21967,"href":"https:\/\/www.asajacyl.com\/palencia\/wp-json\/wp\/v2\/posts\/21941\/revisions\/21967"}],"wp:featuredmedia":[{"embeddable":true,"href":"https:\/\/www.asajacyl.com\/palencia\/wp-json\/wp\/v2\/media\/21943"}],"wp:attachment":[{"href":"https:\/\/www.asajacyl.com\/palencia\/wp-json\/wp\/v2\/media?parent=21941"}],"wp:term":[{"taxonomy":"category","embeddable":true,"href":"https:\/\/www.asajacyl.com\/palencia\/wp-json\/wp\/v2\/categories?post=21941"},{"taxonomy":"post_tag","embeddable":true,"href":"https:\/\/www.asajacyl.com\/palencia\/wp-json\/wp\/v2\/tags?post=21941"}],"curies":[{"name":"wp","href":"https:\/\/api.w.org\/{rel}","templated":true}]}}