{"id":21945,"date":"2026-01-08T08:00:00","date_gmt":"2026-01-08T07:00:00","guid":{"rendered":"https:\/\/www.asajacyl.com\/palencia\/?p=21945"},"modified":"2026-01-07T19:27:17","modified_gmt":"2026-01-07T18:27:17","slug":"asaja-exige-al-gobierno-de-espana-firmeza-en-contra-del-acuerdo-ue-mercosur-tal-y-como-esta-planteado","status":"publish","type":"post","link":"https:\/\/www.asajacyl.com\/palencia\/asaja-palencia-informa\/asaja-exige-al-gobierno-de-espana-firmeza-en-contra-del-acuerdo-ue-mercosur-tal-y-como-esta-planteado","title":{"rendered":"ASAJA exige al Gobierno de Espa\u00f1a firmeza en contra del acuerdo UE-Mercosur tal y como est\u00e1 planteado"},"content":{"rendered":"\n<h2 class=\"wp-block-heading\">Coincidiendo con la reuni\u00f3n extraordinaria de ministros de Agricultura de la\u00a0Uni\u00f3n Europea,\u00a0ASAJA\u00a0ha exigido al\u00a0Gobierno de Espa\u00f1a\u00a0una posici\u00f3n firme contra el acuerdo UE-Mercosur\u00a0en su forma actual, y reclama garant\u00edas reales para la agricultura y la ganader\u00eda europeas\u00a0ante la modificaci\u00f3n del\u00a0marco financiero plurianual a partir de 2028. Nuestra organizaci\u00f3n advierte de que el acuerdo amenaza la viabilidad de\u00a0miles de explotaciones, adem\u00e1s de perjudicar tambi\u00e9n a los consumidores, al permitir la entrada de alimentos con requisitos de\u00a0calidad, seguridad y sostenibilidad\u00a0inferiores a los exigidos a los productores agroganaderos del espacio comunitario.<\/h2>\n\n\n\n<p>ASAJA ha reclamado este mi\u00e9rcoles al Gobierno de Espa\u00f1a una posici\u00f3n clara y firme de oposici\u00f3n al\u00a0acuerdo UE\u2013Mercosur, coincidiendo con la reuni\u00f3n extraordinaria de ministros de Agricultura de la Uni\u00f3n Europea, donde la Comisi\u00f3n presentar\u00e1 una propuesta de modificaci\u00f3n de la financiaci\u00f3n de las pol\u00edticas comunitarias a partir de 2028.<\/p>\n\n\n\n<p>ASAJA ha trasladado esta posici\u00f3n en una carta dirigida al ministro de Agricultura, Pesca y Alimentaci\u00f3n,\u00a0Luis Planas, donde advierte del grave impacto que el acuerdo tendr\u00eda sobre sectores especialmente sensibles como la\u00a0carne de vacuno, las\u00a0aves, el\u00a0az\u00facar, el\u00a0etanol, los\u00a0c\u00edtricos, el\u00a0arroz, la\u00a0miel\u00a0o el\u00a0ma\u00edz. Asimismo, se subraya la falta de\u00a0reciprocidad\u00a0en las normas\u00a0sanitarias,\u00a0medioambientales\u00a0y de\u00a0trazabilidad\u00a0exigidas a las producciones importadas frente a las europeas.<\/p>\n\n\n<div class=\"wp-block-image\">\n<figure class=\"alignright size-large is-resized\"><img loading=\"lazy\" decoding=\"async\" width=\"1024\" height=\"641\" src=\"https:\/\/www.asajacyl.com\/palencia\/wp-content\/uploads\/sites\/3\/2026\/01\/Hansen-y-Planas-web-7enero2026-1024x641.jpg\" alt=\"\" class=\"wp-image-21959\" style=\"width:621px;height:auto\" srcset=\"https:\/\/www.asajacyl.com\/palencia\/wp-content\/uploads\/sites\/3\/2026\/01\/Hansen-y-Planas-web-7enero2026-1024x641.jpg 1024w, https:\/\/www.asajacyl.com\/palencia\/wp-content\/uploads\/sites\/3\/2026\/01\/Hansen-y-Planas-web-7enero2026-300x188.jpg 300w, https:\/\/www.asajacyl.com\/palencia\/wp-content\/uploads\/sites\/3\/2026\/01\/Hansen-y-Planas-web-7enero2026-768x481.jpg 768w, https:\/\/www.asajacyl.com\/palencia\/wp-content\/uploads\/sites\/3\/2026\/01\/Hansen-y-Planas-web-7enero2026-1536x962.jpg 1536w, https:\/\/www.asajacyl.com\/palencia\/wp-content\/uploads\/sites\/3\/2026\/01\/Hansen-y-Planas-web-7enero2026-2048x1283.jpg 2048w, https:\/\/www.asajacyl.com\/palencia\/wp-content\/uploads\/sites\/3\/2026\/01\/Hansen-y-Planas-web-7enero2026-670x420.jpg 670w, https:\/\/www.asajacyl.com\/palencia\/wp-content\/uploads\/sites\/3\/2026\/01\/Hansen-y-Planas-web-7enero2026-696x436.jpg 696w, https:\/\/www.asajacyl.com\/palencia\/wp-content\/uploads\/sites\/3\/2026\/01\/Hansen-y-Planas-web-7enero2026-1068x669.jpg 1068w, https:\/\/www.asajacyl.com\/palencia\/wp-content\/uploads\/sites\/3\/2026\/01\/Hansen-y-Planas-web-7enero2026-1920x1203.jpg 1920w\" sizes=\"(max-width: 1024px) 100vw, 1024px\" \/><figcaption class=\"wp-element-caption\">Christophe Hansen, comisario europeo de Agricultura, conversa con el ministro espa\u00f1ol del sector, Luis Planas, este mi\u00e9rcoles en la reuni\u00f3n extraordinaria celebrada este mi\u00e9rcoles.<\/figcaption><\/figure><\/div>\n\n\n<p><strong>SALVAGUARDIAS INSUFICIENTES.<\/strong> El acuerdo, tal y como est\u00e1 planteado, pone en riesgo la\u00a0viabilidad econ\u00f3mica de miles de explotaciones agrarias y ganaderas, en un contexto ya marcado por el\u00a0aumento de costes, la\u00a0presi\u00f3n regulatoria\u00a0y la\u00a0inestabilidad de los mercados. Nuestra organizaci\u00f3n considera adem\u00e1s claramente insuficiente el\u00a0reglamento de salvaguardias\u00a0propuesto por la Comisi\u00f3n Europea, al no permitir una actuaci\u00f3n\u00a0preventiva ni autom\u00e1tica\u00a0ante posibles perturbaciones del mercado.<\/p>\n\n\n\n<p>ASAJA alerta de que el acuerdo UE-Mercosur <strong>no solo perjudica a agricultores y ganaderos europeos, sino tambi\u00e9n a los\u00a0consumidores<\/strong>, al abrir la puerta a alimentos producidos con est\u00e1ndares de\u00a0calidad,\u00a0seguridad alimentaria\u00a0y\u00a0sostenibilidad\u00a0inferiores a los exigidos en la Uni\u00f3n Europea. <\/p>\n\n\n\n<p>La reciente decisi\u00f3n del\u00a0Gobierno de Francia de prohibir determinadas sustancias fitosanitarias en frutas importadas de Sudam\u00e9rica\u00a0confirma la preocupaci\u00f3n creciente por esa falta de reciprocidad.<\/p>\n\n\n\n<p>Por todo ello, nuestra organizaci\u00f3n reclama al Gobierno de Espa\u00f1a que no utilice\u00a0compensaciones presupuestarias\u00a0para justificar el acuerdo con Mercosur, y que defienda una pol\u00edtica\u00a0agraria y comercial coherente, que proteja la\u00a0producci\u00f3n europea, garantice\u00a0alimentos seguros y de calidad, y preserve el\u00a0futuro del medio rural. <\/p>\n\n\n\n<p><strong>NUEVA PROPUESTA FINANCIERA.<\/strong> En paralelo, ASAJA ha analizado la propuesta que la Comisi\u00f3n Europea present\u00f3 este mi\u00e9rcoles a los ministros de Agricultura, que prev\u00e9:<\/p>\n\n\n\n<ul>\n<li>Un incremento potencial de\u00a045 000 millones de euros\u00a0para la agricultura, mediante el adelanto de m\u00e1rgenes presupuestarios del futuro marco financiero plurianual.<\/li>\n\n\n\n<li>La apertura de\u00a048 700 millones de euros\u00a0del\u00a0fondo rural\u00a0para medidas agr\u00edcolas.<\/li>\n\n\n\n<li>Dos medidas adicionales relativas a\u00a0fertilizantes\u00a0y a la\u00a0reciprocidad comercial\u00a0ante pa\u00edses extracomunitarios.<\/li>\n<\/ul>\n\n\n\n<p>ASAJA advierte de que estos fondos ser\u00edan de car\u00e1cter\u00a0voluntario\u00a0para los Estados miembros, lo que introduce un riesgo real de\u00a0desigualdad y fragmentaci\u00f3n del mercado \u00fanico,\u00a0si algunos pa\u00edses no los solicitan o los aplican de forma desigual. <\/p>\n\n\n\n<p>Por ello, la organizaci\u00f3n exige que cualquier refuerzo presupuestario para la\u00a0PAC\u00a0sea\u00a0obligatorio,\u00a0exclusivo para la agricultura,\u00a0y cuente con un\u00a0marco de rendimiento propio, que tenga en cuenta indicadores\u00a0socioecon\u00f3micos\u00a0y no \u00fanicamente\u00a0ambientales.<strong>\/<\/strong><\/p>\n","protected":false},"excerpt":{"rendered":"<p>Coincidiendo con la reuni\u00f3n extraordinaria de ministros de Agricultura de la\u00a0Uni\u00f3n Europea,\u00a0ASAJA\u00a0ha exigido al\u00a0Gobierno de Espa\u00f1a\u00a0una posici\u00f3n firme contra el acuerdo UE-Mercosur\u00a0en su forma actual, y reclama garant\u00edas reales para la agricultura y la ganader\u00eda europeas\u00a0ante la modificaci\u00f3n del\u00a0marco financiero plurianual a partir de 2028. Nuestra organizaci\u00f3n advierte de que el acuerdo amenaza la viabilidad [&hellip;]<\/p>\n","protected":false},"author":9,"featured_media":21961,"comment_status":"open","ping_status":"open","sticky":false,"template":"","format":"standard","meta":{"footnotes":""},"categories":[9,38,28,13],"tags":[1211,58,1074,260,351,77,588,1631,1188,338],"yoast_head":"<!-- This site is optimized with the Yoast SEO plugin v24.5 - https:\/\/yoast.com\/wordpress\/plugins\/seo\/ -->\n<title>ASAJA exige al Gobierno de Espa\u00f1a firmeza en contra del acuerdo UE-Mercosur tal y como est\u00e1 planteado - ASAJA Palencia<\/title>\n<meta name=\"description\" content=\"Coincidiendo con la reuni\u00f3n extraordinaria de ministros de Agricultura de la\u00a0Uni\u00f3n Europea,\u00a0ASAJA\u00a0ha exigido al\u00a0Gobierno de Espa\u00f1a\u00a0una posici\u00f3n firme\" \/>\n<meta name=\"robots\" content=\"index, follow, max-snippet:-1, max-image-preview:large, max-video-preview:-1\" \/>\n<link rel=\"canonical\" href=\"https:\/\/www.asajacyl.com\/palencia\/asaja-palencia-informa\/asaja-exige-al-gobierno-de-espana-firmeza-en-contra-del-acuerdo-ue-mercosur-tal-y-como-esta-planteado\" \/>\n<meta property=\"og:locale\" content=\"es_ES\" \/>\n<meta property=\"og:type\" content=\"article\" \/>\n<meta property=\"og:title\" content=\"ASAJA exige al Gobierno de Espa\u00f1a firmeza en contra del acuerdo UE-Mercosur tal y como est\u00e1 planteado - ASAJA Palencia\" \/>\n<meta property=\"og:description\" content=\"Coincidiendo con la reuni\u00f3n extraordinaria de ministros de Agricultura de la\u00a0Uni\u00f3n Europea,\u00a0ASAJA\u00a0ha exigido al\u00a0Gobierno de Espa\u00f1a\u00a0una posici\u00f3n firme\" \/>\n<meta property=\"og:url\" content=\"https:\/\/www.asajacyl.com\/palencia\/asaja-palencia-informa\/asaja-exige-al-gobierno-de-espana-firmeza-en-contra-del-acuerdo-ue-mercosur-tal-y-como-esta-planteado\" \/>\n<meta property=\"og:site_name\" content=\"ASAJA Palencia\" \/>\n<meta property=\"article:published_time\" content=\"2026-01-08T07:00:00+00:00\" \/>\n<meta property=\"og:image\" content=\"https:\/\/www.asajacyl.com\/palencia\/wp-content\/uploads\/sites\/3\/2026\/01\/Hansen-y-Planas-7enero2026-c-MAPA.jpg\" \/>\n\t<meta property=\"og:image:width\" content=\"1890\" \/>\n\t<meta property=\"og:image:height\" content=\"1654\" \/>\n\t<meta property=\"og:image:type\" content=\"image\/jpeg\" \/>\n<meta name=\"author\" content=\"Administrador\" \/>\n<meta name=\"twitter:card\" content=\"summary_large_image\" \/>\n<meta name=\"twitter:label1\" content=\"Escrito por\" \/>\n\t<meta name=\"twitter:data1\" content=\"Administrador\" \/>\n\t<meta name=\"twitter:label2\" content=\"Tiempo de lectura\" \/>\n\t<meta name=\"twitter:data2\" content=\"4 minutos\" \/>\n<script type=\"application\/ld+json\" class=\"yoast-schema-graph\">{\"@context\":\"https:\/\/schema.org\",\"@graph\":[{\"@type\":\"WebPage\",\"@id\":\"https:\/\/www.asajacyl.com\/palencia\/asaja-palencia-informa\/asaja-exige-al-gobierno-de-espana-firmeza-en-contra-del-acuerdo-ue-mercosur-tal-y-como-esta-planteado\",\"url\":\"https:\/\/www.asajacyl.com\/palencia\/asaja-palencia-informa\/asaja-exige-al-gobierno-de-espana-firmeza-en-contra-del-acuerdo-ue-mercosur-tal-y-como-esta-planteado\",\"name\":\"ASAJA exige al Gobierno de Espa\u00f1a firmeza en contra del acuerdo UE-Mercosur tal y como est\u00e1 planteado - ASAJA Palencia\",\"isPartOf\":{\"@id\":\"https:\/\/www.asajacyl.com\/palencia\/#website\"},\"primaryImageOfPage\":{\"@id\":\"https:\/\/www.asajacyl.com\/palencia\/asaja-palencia-informa\/asaja-exige-al-gobierno-de-espana-firmeza-en-contra-del-acuerdo-ue-mercosur-tal-y-como-esta-planteado#primaryimage\"},\"image\":{\"@id\":\"https:\/\/www.asajacyl.com\/palencia\/asaja-palencia-informa\/asaja-exige-al-gobierno-de-espana-firmeza-en-contra-del-acuerdo-ue-mercosur-tal-y-como-esta-planteado#primaryimage\"},\"thumbnailUrl\":\"https:\/\/www.asajacyl.com\/palencia\/wp-content\/uploads\/sites\/3\/2026\/01\/Hansen-y-Planas-7enero2026-c-MAPA.jpg\",\"datePublished\":\"2026-01-08T07:00:00+00:00\",\"author\":{\"@id\":\"https:\/\/www.asajacyl.com\/palencia\/#\/schema\/person\/3ab17aeb03527485c317557fae64aab1\"},\"description\":\"Coincidiendo con la reuni\u00f3n extraordinaria de ministros de Agricultura de la\u00a0Uni\u00f3n Europea,\u00a0ASAJA\u00a0ha exigido al\u00a0Gobierno de Espa\u00f1a\u00a0una posici\u00f3n firme\",\"breadcrumb\":{\"@id\":\"https:\/\/www.asajacyl.com\/palencia\/asaja-palencia-informa\/asaja-exige-al-gobierno-de-espana-firmeza-en-contra-del-acuerdo-ue-mercosur-tal-y-como-esta-planteado#breadcrumb\"},\"inLanguage\":\"es\",\"potentialAction\":[{\"@type\":\"ReadAction\",\"target\":[\"https:\/\/www.asajacyl.com\/palencia\/asaja-palencia-informa\/asaja-exige-al-gobierno-de-espana-firmeza-en-contra-del-acuerdo-ue-mercosur-tal-y-como-esta-planteado\"]}]},{\"@type\":\"ImageObject\",\"inLanguage\":\"es\",\"@id\":\"https:\/\/www.asajacyl.com\/palencia\/asaja-palencia-informa\/asaja-exige-al-gobierno-de-espana-firmeza-en-contra-del-acuerdo-ue-mercosur-tal-y-como-esta-planteado#primaryimage\",\"url\":\"https:\/\/www.asajacyl.com\/palencia\/wp-content\/uploads\/sites\/3\/2026\/01\/Hansen-y-Planas-7enero2026-c-MAPA.jpg\",\"contentUrl\":\"https:\/\/www.asajacyl.com\/palencia\/wp-content\/uploads\/sites\/3\/2026\/01\/Hansen-y-Planas-7enero2026-c-MAPA.jpg\",\"width\":1890,\"height\":1654,\"caption\":\"Christophe Hansen\"},{\"@type\":\"BreadcrumbList\",\"@id\":\"https:\/\/www.asajacyl.com\/palencia\/asaja-palencia-informa\/asaja-exige-al-gobierno-de-espana-firmeza-en-contra-del-acuerdo-ue-mercosur-tal-y-como-esta-planteado#breadcrumb\",\"itemListElement\":[{\"@type\":\"ListItem\",\"position\":1,\"name\":\"Portada\",\"item\":\"https:\/\/www.asajacyl.com\/palencia\/\"},{\"@type\":\"ListItem\",\"position\":2,\"name\":\"ASAJA exige al Gobierno de Espa\u00f1a firmeza en contra del acuerdo UE-Mercosur tal y como est\u00e1 planteado\"}]},{\"@type\":\"WebSite\",\"@id\":\"https:\/\/www.asajacyl.com\/palencia\/#website\",\"url\":\"https:\/\/www.asajacyl.com\/palencia\/\",\"name\":\"ASAJA Palencia\",\"description\":\"Otro sitio m\u00e1s de Provincias ASAJA Castilla y Le\u00f3n\",\"potentialAction\":[{\"@type\":\"SearchAction\",\"target\":{\"@type\":\"EntryPoint\",\"urlTemplate\":\"https:\/\/www.asajacyl.com\/palencia\/?s={search_term_string}\"},\"query-input\":{\"@type\":\"PropertyValueSpecification\",\"valueRequired\":true,\"valueName\":\"search_term_string\"}}],\"inLanguage\":\"es\"},{\"@type\":\"Person\",\"@id\":\"https:\/\/www.asajacyl.com\/palencia\/#\/schema\/person\/3ab17aeb03527485c317557fae64aab1\",\"name\":\"Administrador\",\"image\":{\"@type\":\"ImageObject\",\"inLanguage\":\"es\",\"@id\":\"https:\/\/www.asajacyl.com\/palencia\/#\/schema\/person\/image\/\",\"url\":\"https:\/\/secure.gravatar.com\/avatar\/517384810d242ca9e38c180f3c9fb973?s=96&d=mm&r=g\",\"contentUrl\":\"https:\/\/secure.gravatar.com\/avatar\/517384810d242ca9e38c180f3c9fb973?s=96&d=mm&r=g\",\"caption\":\"Administrador\"},\"url\":\"https:\/\/www.asajacyl.com\/palencia\/author\/carlosrm\"}]}<\/script>\n<!-- \/ Yoast SEO plugin. -->","yoast_head_json":{"title":"ASAJA exige al Gobierno de Espa\u00f1a firmeza en contra del acuerdo UE-Mercosur tal y como est\u00e1 planteado - ASAJA Palencia","description":"Coincidiendo con la reuni\u00f3n extraordinaria de ministros de Agricultura de la\u00a0Uni\u00f3n Europea,\u00a0ASAJA\u00a0ha exigido al\u00a0Gobierno de Espa\u00f1a\u00a0una posici\u00f3n firme","robots":{"index":"index","follow":"follow","max-snippet":"max-snippet:-1","max-image-preview":"max-image-preview:large","max-video-preview":"max-video-preview:-1"},"canonical":"https:\/\/www.asajacyl.com\/palencia\/asaja-palencia-informa\/asaja-exige-al-gobierno-de-espana-firmeza-en-contra-del-acuerdo-ue-mercosur-tal-y-como-esta-planteado","og_locale":"es_ES","og_type":"article","og_title":"ASAJA exige al Gobierno de Espa\u00f1a firmeza en contra del acuerdo UE-Mercosur tal y como est\u00e1 planteado - ASAJA Palencia","og_description":"Coincidiendo con la reuni\u00f3n extraordinaria de ministros de Agricultura de la\u00a0Uni\u00f3n Europea,\u00a0ASAJA\u00a0ha exigido al\u00a0Gobierno de Espa\u00f1a\u00a0una posici\u00f3n firme","og_url":"https:\/\/www.asajacyl.com\/palencia\/asaja-palencia-informa\/asaja-exige-al-gobierno-de-espana-firmeza-en-contra-del-acuerdo-ue-mercosur-tal-y-como-esta-planteado","og_site_name":"ASAJA Palencia","article_published_time":"2026-01-08T07:00:00+00:00","og_image":[{"width":1890,"height":1654,"url":"https:\/\/www.asajacyl.com\/palencia\/wp-content\/uploads\/sites\/3\/2026\/01\/Hansen-y-Planas-7enero2026-c-MAPA.jpg","type":"image\/jpeg"}],"author":"Administrador","twitter_card":"summary_large_image","twitter_misc":{"Escrito por":"Administrador","Tiempo de lectura":"4 minutos"},"schema":{"@context":"https:\/\/schema.org","@graph":[{"@type":"WebPage","@id":"https:\/\/www.asajacyl.com\/palencia\/asaja-palencia-informa\/asaja-exige-al-gobierno-de-espana-firmeza-en-contra-del-acuerdo-ue-mercosur-tal-y-como-esta-planteado","url":"https:\/\/www.asajacyl.com\/palencia\/asaja-palencia-informa\/asaja-exige-al-gobierno-de-espana-firmeza-en-contra-del-acuerdo-ue-mercosur-tal-y-como-esta-planteado","name":"ASAJA exige al Gobierno de Espa\u00f1a firmeza en contra del acuerdo UE-Mercosur tal y como est\u00e1 planteado - ASAJA Palencia","isPartOf":{"@id":"https:\/\/www.asajacyl.com\/palencia\/#website"},"primaryImageOfPage":{"@id":"https:\/\/www.asajacyl.com\/palencia\/asaja-palencia-informa\/asaja-exige-al-gobierno-de-espana-firmeza-en-contra-del-acuerdo-ue-mercosur-tal-y-como-esta-planteado#primaryimage"},"image":{"@id":"https:\/\/www.asajacyl.com\/palencia\/asaja-palencia-informa\/asaja-exige-al-gobierno-de-espana-firmeza-en-contra-del-acuerdo-ue-mercosur-tal-y-como-esta-planteado#primaryimage"},"thumbnailUrl":"https:\/\/www.asajacyl.com\/palencia\/wp-content\/uploads\/sites\/3\/2026\/01\/Hansen-y-Planas-7enero2026-c-MAPA.jpg","datePublished":"2026-01-08T07:00:00+00:00","author":{"@id":"https:\/\/www.asajacyl.com\/palencia\/#\/schema\/person\/3ab17aeb03527485c317557fae64aab1"},"description":"Coincidiendo con la reuni\u00f3n extraordinaria de ministros de Agricultura de la\u00a0Uni\u00f3n Europea,\u00a0ASAJA\u00a0ha exigido al\u00a0Gobierno de Espa\u00f1a\u00a0una posici\u00f3n firme","breadcrumb":{"@id":"https:\/\/www.asajacyl.com\/palencia\/asaja-palencia-informa\/asaja-exige-al-gobierno-de-espana-firmeza-en-contra-del-acuerdo-ue-mercosur-tal-y-como-esta-planteado#breadcrumb"},"inLanguage":"es","potentialAction":[{"@type":"ReadAction","target":["https:\/\/www.asajacyl.com\/palencia\/asaja-palencia-informa\/asaja-exige-al-gobierno-de-espana-firmeza-en-contra-del-acuerdo-ue-mercosur-tal-y-como-esta-planteado"]}]},{"@type":"ImageObject","inLanguage":"es","@id":"https:\/\/www.asajacyl.com\/palencia\/asaja-palencia-informa\/asaja-exige-al-gobierno-de-espana-firmeza-en-contra-del-acuerdo-ue-mercosur-tal-y-como-esta-planteado#primaryimage","url":"https:\/\/www.asajacyl.com\/palencia\/wp-content\/uploads\/sites\/3\/2026\/01\/Hansen-y-Planas-7enero2026-c-MAPA.jpg","contentUrl":"https:\/\/www.asajacyl.com\/palencia\/wp-content\/uploads\/sites\/3\/2026\/01\/Hansen-y-Planas-7enero2026-c-MAPA.jpg","width":1890,"height":1654,"caption":"Christophe Hansen"},{"@type":"BreadcrumbList","@id":"https:\/\/www.asajacyl.com\/palencia\/asaja-palencia-informa\/asaja-exige-al-gobierno-de-espana-firmeza-en-contra-del-acuerdo-ue-mercosur-tal-y-como-esta-planteado#breadcrumb","itemListElement":[{"@type":"ListItem","position":1,"name":"Portada","item":"https:\/\/www.asajacyl.com\/palencia\/"},{"@type":"ListItem","position":2,"name":"ASAJA exige al Gobierno de Espa\u00f1a firmeza en contra del acuerdo UE-Mercosur tal y como est\u00e1 planteado"}]},{"@type":"WebSite","@id":"https:\/\/www.asajacyl.com\/palencia\/#website","url":"https:\/\/www.asajacyl.com\/palencia\/","name":"ASAJA Palencia","description":"Otro sitio m\u00e1s de Provincias ASAJA Castilla y Le\u00f3n","potentialAction":[{"@type":"SearchAction","target":{"@type":"EntryPoint","urlTemplate":"https:\/\/www.asajacyl.com\/palencia\/?s={search_term_string}"},"query-input":{"@type":"PropertyValueSpecification","valueRequired":true,"valueName":"search_term_string"}}],"inLanguage":"es"},{"@type":"Person","@id":"https:\/\/www.asajacyl.com\/palencia\/#\/schema\/person\/3ab17aeb03527485c317557fae64aab1","name":"Administrador","image":{"@type":"ImageObject","inLanguage":"es","@id":"https:\/\/www.asajacyl.com\/palencia\/#\/schema\/person\/image\/","url":"https:\/\/secure.gravatar.com\/avatar\/517384810d242ca9e38c180f3c9fb973?s=96&d=mm&r=g","contentUrl":"https:\/\/secure.gravatar.com\/avatar\/517384810d242ca9e38c180f3c9fb973?s=96&d=mm&r=g","caption":"Administrador"},"url":"https:\/\/www.asajacyl.com\/palencia\/author\/carlosrm"}]}},"_links":{"self":[{"href":"https:\/\/www.asajacyl.com\/palencia\/wp-json\/wp\/v2\/posts\/21945"}],"collection":[{"href":"https:\/\/www.asajacyl.com\/palencia\/wp-json\/wp\/v2\/posts"}],"about":[{"href":"https:\/\/www.asajacyl.com\/palencia\/wp-json\/wp\/v2\/types\/post"}],"author":[{"embeddable":true,"href":"https:\/\/www.asajacyl.com\/palencia\/wp-json\/wp\/v2\/users\/9"}],"replies":[{"embeddable":true,"href":"https:\/\/www.asajacyl.com\/palencia\/wp-json\/wp\/v2\/comments?post=21945"}],"version-history":[{"count":3,"href":"https:\/\/www.asajacyl.com\/palencia\/wp-json\/wp\/v2\/posts\/21945\/revisions"}],"predecessor-version":[{"id":21962,"href":"https:\/\/www.asajacyl.com\/palencia\/wp-json\/wp\/v2\/posts\/21945\/revisions\/21962"}],"wp:featuredmedia":[{"embeddable":true,"href":"https:\/\/www.asajacyl.com\/palencia\/wp-json\/wp\/v2\/media\/21961"}],"wp:attachment":[{"href":"https:\/\/www.asajacyl.com\/palencia\/wp-json\/wp\/v2\/media?parent=21945"}],"wp:term":[{"taxonomy":"category","embeddable":true,"href":"https:\/\/www.asajacyl.com\/palencia\/wp-json\/wp\/v2\/categories?post=21945"},{"taxonomy":"post_tag","embeddable":true,"href":"https:\/\/www.asajacyl.com\/palencia\/wp-json\/wp\/v2\/tags?post=21945"}],"curies":[{"name":"wp","href":"https:\/\/api.w.org\/{rel}","templated":true}]}}