{"id":21946,"date":"2026-01-09T07:30:00","date_gmt":"2026-01-09T06:30:00","guid":{"rendered":"https:\/\/www.asajacyl.com\/palencia\/?p=21946"},"modified":"2026-01-07T19:42:17","modified_gmt":"2026-01-07T18:42:17","slug":"asaja-castilla-y-leon-estrena-sede-propia-y-prepara-las-proximas-movilizaciones-en-defensa-del-sector","status":"publish","type":"post","link":"https:\/\/www.asajacyl.com\/palencia\/asaja-palencia-informa\/asaja-castilla-y-leon-estrena-sede-propia-y-prepara-las-proximas-movilizaciones-en-defensa-del-sector","title":{"rendered":"ASAJA-Castilla y Le\u00f3n estrena sede propia y prepara las pr\u00f3ximas movilizaciones en defensa del sector"},"content":{"rendered":"\n<h2 class=\"wp-block-heading\">La consejera de Agricultura, Ganader\u00eda y Desarrollo Rural, Mar\u00eda Gonz\u00e1lez Corral, y el presidente nacional de ASAJA, Pedro Barato, han inaugurado recientemente de manera oficial las nuevas oficinas de ASAJA de Castilla y Le\u00f3n en Valladolid, acto que ha contado con la asistencia de la directiva regional de la organizaci\u00f3n, presidida por Donaciano Dujo. La inauguraci\u00f3n estuvo precedida de la \u00faltima reuni\u00f3n de esta directiva antes de acabar 2025, con la vista puesta en las pr\u00f3ximas movilizaciones en defensa de una PAC fuerte y dotada econ\u00f3micamente, y el futuro del sector. A mediados de este enero se conocer\u00e1 el calendario de esas protestas a todos los niveles territoriales, desde el comunitario al provincial, pasando por el nacional y regional.<\/h2>\n\n\n\n<p>La consejera Gonz\u00e1lez Corral, Pedro Barato y Donaciano Dujo, junto con el secretario general de ASAJA-Castilla y Le\u00f3n, Jos\u00e9 Antonio Turrado, y los presidentes y representantes de las nueve organizaciones provinciales en la comunidad aut\u00f3noma \u2014entre ellos, el presidente provincial de ASAJA-Palencia, Jos\u00e9 Luis Marcos\u2014 recorrieron las nuevas oficinas, situadas en la planta baja del n\u00famero 6 de la calle Monasterio de Santa Isabel. La sede se encuentra en las inmediaciones del parque de Las Contiendas, aproximadamente en un punto intermedio entre el Centro Cultural Miguel Delibes y el Recinto Ferial, con muy buenos accesos a trav\u00e9s de la ronda, y a unos minutos a pie de la sede de la Consejer\u00eda de Agricultura. <\/p>\n\n\n<div class=\"wp-block-image\">\n<figure class=\"alignright size-large is-resized\"><img loading=\"lazy\" decoding=\"async\" width=\"1024\" height=\"510\" src=\"https:\/\/www.asajacyl.com\/palencia\/wp-content\/uploads\/sites\/3\/2026\/01\/Directiva-ASAJA-CyL-dic-2025-1024x510.jpg\" alt=\"\" class=\"wp-image-21949\" style=\"width:660px;height:auto\" srcset=\"https:\/\/www.asajacyl.com\/palencia\/wp-content\/uploads\/sites\/3\/2026\/01\/Directiva-ASAJA-CyL-dic-2025-1024x510.jpg 1024w, https:\/\/www.asajacyl.com\/palencia\/wp-content\/uploads\/sites\/3\/2026\/01\/Directiva-ASAJA-CyL-dic-2025-300x149.jpg 300w, https:\/\/www.asajacyl.com\/palencia\/wp-content\/uploads\/sites\/3\/2026\/01\/Directiva-ASAJA-CyL-dic-2025-768x383.jpg 768w, https:\/\/www.asajacyl.com\/palencia\/wp-content\/uploads\/sites\/3\/2026\/01\/Directiva-ASAJA-CyL-dic-2025-1536x765.jpg 1536w, https:\/\/www.asajacyl.com\/palencia\/wp-content\/uploads\/sites\/3\/2026\/01\/Directiva-ASAJA-CyL-dic-2025-2048x1020.jpg 2048w, https:\/\/www.asajacyl.com\/palencia\/wp-content\/uploads\/sites\/3\/2026\/01\/Directiva-ASAJA-CyL-dic-2025-843x420.jpg 843w, https:\/\/www.asajacyl.com\/palencia\/wp-content\/uploads\/sites\/3\/2026\/01\/Directiva-ASAJA-CyL-dic-2025-696x347.jpg 696w, https:\/\/www.asajacyl.com\/palencia\/wp-content\/uploads\/sites\/3\/2026\/01\/Directiva-ASAJA-CyL-dic-2025-1068x532.jpg 1068w, https:\/\/www.asajacyl.com\/palencia\/wp-content\/uploads\/sites\/3\/2026\/01\/Directiva-ASAJA-CyL-dic-2025-1920x956.jpg 1920w, https:\/\/www.asajacyl.com\/palencia\/wp-content\/uploads\/sites\/3\/2026\/01\/Directiva-ASAJA-CyL-dic-2025-324x160.jpg 324w\" sizes=\"(max-width: 1024px) 100vw, 1024px\" \/><\/figure><\/div>\n\n\n<p><a href=\"https:\/\/www.asajacyl.com\/wp-content\/uploads\/2025\/12\/sede-placa-1-e1767100798926.jpg\"><\/a>Nuria Ruiz, gerente regional, mostr\u00f3 las instalaciones, muy funcionales y adaptadas a las necesidades tecnol\u00f3gicas actuales. Cuentan con una sala de juntas y reuniones, que permitir\u00e1 acoger sectoriales y reuniones formativas. <\/p>\n\n\n<div class=\"wp-block-image\">\n<figure class=\"alignright size-large is-resized\"><img loading=\"lazy\" decoding=\"async\" width=\"1024\" height=\"520\" src=\"https:\/\/www.asajacyl.com\/palencia\/wp-content\/uploads\/sites\/3\/2026\/01\/Sede-directiva-ASAJACyL-consejera-1024x520.jpg\" alt=\"\" class=\"wp-image-21963\" style=\"width:658px;height:auto\" srcset=\"https:\/\/www.asajacyl.com\/palencia\/wp-content\/uploads\/sites\/3\/2026\/01\/Sede-directiva-ASAJACyL-consejera-1024x520.jpg 1024w, https:\/\/www.asajacyl.com\/palencia\/wp-content\/uploads\/sites\/3\/2026\/01\/Sede-directiva-ASAJACyL-consejera-300x152.jpg 300w, https:\/\/www.asajacyl.com\/palencia\/wp-content\/uploads\/sites\/3\/2026\/01\/Sede-directiva-ASAJACyL-consejera-768x390.jpg 768w, https:\/\/www.asajacyl.com\/palencia\/wp-content\/uploads\/sites\/3\/2026\/01\/Sede-directiva-ASAJACyL-consejera-1536x780.jpg 1536w, https:\/\/www.asajacyl.com\/palencia\/wp-content\/uploads\/sites\/3\/2026\/01\/Sede-directiva-ASAJACyL-consejera-2048x1040.jpg 2048w, https:\/\/www.asajacyl.com\/palencia\/wp-content\/uploads\/sites\/3\/2026\/01\/Sede-directiva-ASAJACyL-consejera-827x420.jpg 827w, https:\/\/www.asajacyl.com\/palencia\/wp-content\/uploads\/sites\/3\/2026\/01\/Sede-directiva-ASAJACyL-consejera-696x353.jpg 696w, https:\/\/www.asajacyl.com\/palencia\/wp-content\/uploads\/sites\/3\/2026\/01\/Sede-directiva-ASAJACyL-consejera-1068x542.jpg 1068w, https:\/\/www.asajacyl.com\/palencia\/wp-content\/uploads\/sites\/3\/2026\/01\/Sede-directiva-ASAJACyL-consejera-1920x975.jpg 1920w\" sizes=\"(max-width: 1024px) 100vw, 1024px\" \/><\/figure><\/div>\n\n\n<p><strong>MEJORA DEL SERVICIO Y NEXO DE UNI\u00d3N. <\/strong>Seg\u00fan manifest\u00f3 Donaciano Dujo, \u00abtras treinta y cinco a\u00f1os de la constituci\u00f3n de ASAJA-Castilla y Le\u00f3n, por fin la organizaci\u00f3n cuenta con una sede propia, lo que fortalece nuestra independencia, y permite mejorar el servicio a nuestros socios, los agricultores y ganaderos, porque la oficina regional es el nexo de uni\u00f3n entre las nueve provincias, las administraciones, la estructura nacional y la oficina permanente de ASAJA en Bruselas\u00bb. <\/p>\n\n\n\n<p>Nuestro presidente regional subray\u00f3 que esta nueva sede propia \u00abda solidez y completa el mapa de cuarenta y cinco oficinas de ASAJA en Castilla y Le\u00f3n, que atiende una plantilla de alrededor de ciento sesenta t\u00e9cnicos y profesionales\u00bb.<\/p>\n\n\n\n<p>La consejera de Agricultura ha valorado la labor desempe\u00f1ada por ASAJA en defensa y servicio del campo, yen especial su compromiso para lograr acuerdos comunes en favor del modelo de agricultura profesional de Castilla y Le\u00f3n. Gonz\u00e1lez Corral agradeci\u00f3 especialmente el compromiso de las personas que dan un paso al frente en las organizaciones, \u00abya que dedican desinteresadamente su tiempo y esfuerzo para lograr mejoras para todos los agricultores y ganaderos\u00bb.<\/p>\n\n\n\n<p><strong>2026 COMENZAR\u00c1 CON PROTESTAS<\/strong>. La junta directiva de ASAJA-Castilla y Le\u00f3n hizo balance del momento actual que vive el campo, extremadamente complicado. \u00abTerminamos 2025 y empezamos 2026 con problemas muy graves de rentabilidad en el campo, especialmente en la agricultura, tanto de secano como de regad\u00edo. Y en el horizonte pr\u00f3ximo est\u00e1 la pr\u00f3xima PAC 2028-2034, donde la Comisi\u00f3n Europea plantea un recorte del 22% del presupuesto\u00bb, sintetiz\u00f3 Donaciano Dujo, quien alert\u00f3 tambi\u00e9n sobre los acuerdos comerciales que firma la Uni\u00f3n Europea, como el de Mercosur.<\/p>\n\n\n\n<p>\u00abSi se firma en los t\u00e9rminos actuales \u2014vaticin\u00f3 nuestro presidente regional\u2014 supondr\u00e1 un mazazo para nuestras producciones agr\u00edcolas y ganaderas. La situaci\u00f3n es cr\u00edtica, as\u00ed que nuestra respuesta ser\u00e1 contundente\u00bb. Dujo avanz\u00f3 que ASAJA liderar\u00e1 la protesta, \u00abpero siempre procurando el acuerdo con todas las organizaciones, porque la fuerza radica en lograr la m\u00e1xima unidad, esa unidad del campo por la que siempre ha trabajado ASAJA\u00bb.<\/p>\n\n\n\n<p><strong>MENSAJE PARA S\u00c1NCHEZ. <\/strong>Por su parte, Pedro Barato, presidente nacional de ASAJA, fue tambi\u00e9n rotundo al se\u00f1alar que \u00abla gran crisis del campo espa\u00f1ol se llama cultivos herb\u00e1ceos\u00bb, y al apuntar directamente al presidente del Gobierno, Pedro S\u00e1nchez, para que modifique el actual rumbo de la PAC. <\/p>\n\n\n\n<p>\u00abBasta con que un presidente diga que la PAC no sale adelante para que se corrija\u00bb, advirit\u00f3 nuestro presidente nacional, quien tambi\u00e9n ha reclamado que Espa\u00f1a se alinee con Italia y Francia en la defensa de un acuerdo de Mercosur que beneficie a nuestras exportaciones. y exija total correspondencia en las importaciones para que cumplan con las normativas que se nos exige a los productores agroganaderos europeos\u00bb, \u00fanico modo de evitar una competencia injusta y desleal.<\/p>\n\n\n\n<p>Respecto a las movilizaciones, Barato avanz\u00f3 que a mediados de este mes de enero se anunciar\u00e1 el calendario tanto a nivel nacional, como provincial y auton\u00f3mico, adem\u00e1s del \u00e1mbito europeo, en la l\u00ednea con las recientes protestas en Bruselas donde <a href=\"https:\/\/www.asajacyl.com\/palencia\/asaja-palencia-informa\/asaja-palencia-participa-en-la-protesta-europea-en-bruselas-por-una-pac-autonoma-y-con-presupuesto\" target=\"_blank\" rel=\"noreferrer noopener\">ASAJA ha participado de modo activo<\/a>.<strong>\/<\/strong><\/p>\n","protected":false},"excerpt":{"rendered":"<p>La consejera de Agricultura, Ganader\u00eda y Desarrollo Rural, Mar\u00eda Gonz\u00e1lez Corral, y el presidente nacional de ASAJA, Pedro Barato, han inaugurado recientemente de manera oficial las nuevas oficinas de ASAJA de Castilla y Le\u00f3n en Valladolid, acto que ha contado con la asistencia de la directiva regional de la organizaci\u00f3n, presidida por Donaciano Dujo. La [&hellip;]<\/p>\n","protected":false},"author":9,"featured_media":21964,"comment_status":"open","ping_status":"open","sticky":false,"template":"","format":"standard","meta":{"footnotes":""},"categories":[9,38,28,13],"tags":[1211,58,142,432,351,349,77,239,350,66,1629,110,45,271],"yoast_head":"<!-- This site is optimized with the Yoast SEO plugin v24.5 - https:\/\/yoast.com\/wordpress\/plugins\/seo\/ -->\n<title>ASAJA-Castilla y Le\u00f3n estrena sede propia y prepara las pr\u00f3ximas movilizaciones en defensa del sector - ASAJA Palencia<\/title>\n<meta name=\"description\" content=\"La consejera de Agricultura, Ganader\u00eda y Desarrollo Rural, Mar\u00eda Gonz\u00e1lez Corral, y el presidente nacional de ASAJA, Pedro Barato, han inaugurado\" \/>\n<meta name=\"robots\" content=\"index, follow, max-snippet:-1, max-image-preview:large, max-video-preview:-1\" \/>\n<link rel=\"canonical\" href=\"https:\/\/www.asajacyl.com\/palencia\/asaja-palencia-informa\/asaja-castilla-y-leon-estrena-sede-propia-y-prepara-las-proximas-movilizaciones-en-defensa-del-sector\" \/>\n<meta property=\"og:locale\" content=\"es_ES\" \/>\n<meta property=\"og:type\" content=\"article\" \/>\n<meta property=\"og:title\" content=\"ASAJA-Castilla y Le\u00f3n estrena sede propia y prepara las pr\u00f3ximas movilizaciones en defensa del sector - ASAJA Palencia\" \/>\n<meta property=\"og:description\" content=\"La consejera de Agricultura, Ganader\u00eda y Desarrollo Rural, Mar\u00eda Gonz\u00e1lez Corral, y el presidente nacional de ASAJA, Pedro Barato, han inaugurado\" \/>\n<meta property=\"og:url\" content=\"https:\/\/www.asajacyl.com\/palencia\/asaja-palencia-informa\/asaja-castilla-y-leon-estrena-sede-propia-y-prepara-las-proximas-movilizaciones-en-defensa-del-sector\" \/>\n<meta property=\"og:site_name\" content=\"ASAJA Palencia\" \/>\n<meta property=\"article:published_time\" content=\"2026-01-09T06:30:00+00:00\" \/>\n<meta property=\"og:image\" content=\"https:\/\/www.asajacyl.com\/palencia\/wp-content\/uploads\/sites\/3\/2026\/01\/Sede-nueva-ASAJA-CyL-placa.jpg\" \/>\n\t<meta property=\"og:image:width\" content=\"1890\" \/>\n\t<meta property=\"og:image:height\" content=\"1654\" \/>\n\t<meta property=\"og:image:type\" content=\"image\/jpeg\" \/>\n<meta name=\"author\" content=\"Administrador\" \/>\n<meta name=\"twitter:card\" content=\"summary_large_image\" \/>\n<meta name=\"twitter:label1\" content=\"Escrito por\" \/>\n\t<meta name=\"twitter:data1\" content=\"Administrador\" \/>\n\t<meta name=\"twitter:label2\" content=\"Tiempo de lectura\" \/>\n\t<meta name=\"twitter:data2\" content=\"5 minutos\" \/>\n<script type=\"application\/ld+json\" class=\"yoast-schema-graph\">{\"@context\":\"https:\/\/schema.org\",\"@graph\":[{\"@type\":\"WebPage\",\"@id\":\"https:\/\/www.asajacyl.com\/palencia\/asaja-palencia-informa\/asaja-castilla-y-leon-estrena-sede-propia-y-prepara-las-proximas-movilizaciones-en-defensa-del-sector\",\"url\":\"https:\/\/www.asajacyl.com\/palencia\/asaja-palencia-informa\/asaja-castilla-y-leon-estrena-sede-propia-y-prepara-las-proximas-movilizaciones-en-defensa-del-sector\",\"name\":\"ASAJA-Castilla y Le\u00f3n estrena sede propia y prepara las pr\u00f3ximas movilizaciones en defensa del sector - ASAJA Palencia\",\"isPartOf\":{\"@id\":\"https:\/\/www.asajacyl.com\/palencia\/#website\"},\"primaryImageOfPage\":{\"@id\":\"https:\/\/www.asajacyl.com\/palencia\/asaja-palencia-informa\/asaja-castilla-y-leon-estrena-sede-propia-y-prepara-las-proximas-movilizaciones-en-defensa-del-sector#primaryimage\"},\"image\":{\"@id\":\"https:\/\/www.asajacyl.com\/palencia\/asaja-palencia-informa\/asaja-castilla-y-leon-estrena-sede-propia-y-prepara-las-proximas-movilizaciones-en-defensa-del-sector#primaryimage\"},\"thumbnailUrl\":\"https:\/\/www.asajacyl.com\/palencia\/wp-content\/uploads\/sites\/3\/2026\/01\/Sede-nueva-ASAJA-CyL-placa.jpg\",\"datePublished\":\"2026-01-09T06:30:00+00:00\",\"author\":{\"@id\":\"https:\/\/www.asajacyl.com\/palencia\/#\/schema\/person\/3ab17aeb03527485c317557fae64aab1\"},\"description\":\"La consejera de Agricultura, Ganader\u00eda y Desarrollo Rural, Mar\u00eda Gonz\u00e1lez Corral, y el presidente nacional de ASAJA, Pedro Barato, han inaugurado\",\"breadcrumb\":{\"@id\":\"https:\/\/www.asajacyl.com\/palencia\/asaja-palencia-informa\/asaja-castilla-y-leon-estrena-sede-propia-y-prepara-las-proximas-movilizaciones-en-defensa-del-sector#breadcrumb\"},\"inLanguage\":\"es\",\"potentialAction\":[{\"@type\":\"ReadAction\",\"target\":[\"https:\/\/www.asajacyl.com\/palencia\/asaja-palencia-informa\/asaja-castilla-y-leon-estrena-sede-propia-y-prepara-las-proximas-movilizaciones-en-defensa-del-sector\"]}]},{\"@type\":\"ImageObject\",\"inLanguage\":\"es\",\"@id\":\"https:\/\/www.asajacyl.com\/palencia\/asaja-palencia-informa\/asaja-castilla-y-leon-estrena-sede-propia-y-prepara-las-proximas-movilizaciones-en-defensa-del-sector#primaryimage\",\"url\":\"https:\/\/www.asajacyl.com\/palencia\/wp-content\/uploads\/sites\/3\/2026\/01\/Sede-nueva-ASAJA-CyL-placa.jpg\",\"contentUrl\":\"https:\/\/www.asajacyl.com\/palencia\/wp-content\/uploads\/sites\/3\/2026\/01\/Sede-nueva-ASAJA-CyL-placa.jpg\",\"width\":1890,\"height\":1654},{\"@type\":\"BreadcrumbList\",\"@id\":\"https:\/\/www.asajacyl.com\/palencia\/asaja-palencia-informa\/asaja-castilla-y-leon-estrena-sede-propia-y-prepara-las-proximas-movilizaciones-en-defensa-del-sector#breadcrumb\",\"itemListElement\":[{\"@type\":\"ListItem\",\"position\":1,\"name\":\"Portada\",\"item\":\"https:\/\/www.asajacyl.com\/palencia\/\"},{\"@type\":\"ListItem\",\"position\":2,\"name\":\"ASAJA-Castilla y Le\u00f3n estrena sede propia y prepara las pr\u00f3ximas movilizaciones en defensa del sector\"}]},{\"@type\":\"WebSite\",\"@id\":\"https:\/\/www.asajacyl.com\/palencia\/#website\",\"url\":\"https:\/\/www.asajacyl.com\/palencia\/\",\"name\":\"ASAJA Palencia\",\"description\":\"Otro sitio m\u00e1s de Provincias ASAJA Castilla y Le\u00f3n\",\"potentialAction\":[{\"@type\":\"SearchAction\",\"target\":{\"@type\":\"EntryPoint\",\"urlTemplate\":\"https:\/\/www.asajacyl.com\/palencia\/?s={search_term_string}\"},\"query-input\":{\"@type\":\"PropertyValueSpecification\",\"valueRequired\":true,\"valueName\":\"search_term_string\"}}],\"inLanguage\":\"es\"},{\"@type\":\"Person\",\"@id\":\"https:\/\/www.asajacyl.com\/palencia\/#\/schema\/person\/3ab17aeb03527485c317557fae64aab1\",\"name\":\"Administrador\",\"image\":{\"@type\":\"ImageObject\",\"inLanguage\":\"es\",\"@id\":\"https:\/\/www.asajacyl.com\/palencia\/#\/schema\/person\/image\/\",\"url\":\"https:\/\/secure.gravatar.com\/avatar\/517384810d242ca9e38c180f3c9fb973?s=96&d=mm&r=g\",\"contentUrl\":\"https:\/\/secure.gravatar.com\/avatar\/517384810d242ca9e38c180f3c9fb973?s=96&d=mm&r=g\",\"caption\":\"Administrador\"},\"url\":\"https:\/\/www.asajacyl.com\/palencia\/author\/carlosrm\"}]}<\/script>\n<!-- \/ Yoast SEO plugin. -->","yoast_head_json":{"title":"ASAJA-Castilla y Le\u00f3n estrena sede propia y prepara las pr\u00f3ximas movilizaciones en defensa del sector - ASAJA Palencia","description":"La consejera de Agricultura, Ganader\u00eda y Desarrollo Rural, Mar\u00eda Gonz\u00e1lez Corral, y el presidente nacional de ASAJA, Pedro Barato, han inaugurado","robots":{"index":"index","follow":"follow","max-snippet":"max-snippet:-1","max-image-preview":"max-image-preview:large","max-video-preview":"max-video-preview:-1"},"canonical":"https:\/\/www.asajacyl.com\/palencia\/asaja-palencia-informa\/asaja-castilla-y-leon-estrena-sede-propia-y-prepara-las-proximas-movilizaciones-en-defensa-del-sector","og_locale":"es_ES","og_type":"article","og_title":"ASAJA-Castilla y Le\u00f3n estrena sede propia y prepara las pr\u00f3ximas movilizaciones en defensa del sector - ASAJA Palencia","og_description":"La consejera de Agricultura, Ganader\u00eda y Desarrollo Rural, Mar\u00eda Gonz\u00e1lez Corral, y el presidente nacional de ASAJA, Pedro Barato, han inaugurado","og_url":"https:\/\/www.asajacyl.com\/palencia\/asaja-palencia-informa\/asaja-castilla-y-leon-estrena-sede-propia-y-prepara-las-proximas-movilizaciones-en-defensa-del-sector","og_site_name":"ASAJA Palencia","article_published_time":"2026-01-09T06:30:00+00:00","og_image":[{"width":1890,"height":1654,"url":"https:\/\/www.asajacyl.com\/palencia\/wp-content\/uploads\/sites\/3\/2026\/01\/Sede-nueva-ASAJA-CyL-placa.jpg","type":"image\/jpeg"}],"author":"Administrador","twitter_card":"summary_large_image","twitter_misc":{"Escrito por":"Administrador","Tiempo de lectura":"5 minutos"},"schema":{"@context":"https:\/\/schema.org","@graph":[{"@type":"WebPage","@id":"https:\/\/www.asajacyl.com\/palencia\/asaja-palencia-informa\/asaja-castilla-y-leon-estrena-sede-propia-y-prepara-las-proximas-movilizaciones-en-defensa-del-sector","url":"https:\/\/www.asajacyl.com\/palencia\/asaja-palencia-informa\/asaja-castilla-y-leon-estrena-sede-propia-y-prepara-las-proximas-movilizaciones-en-defensa-del-sector","name":"ASAJA-Castilla y Le\u00f3n estrena sede propia y prepara las pr\u00f3ximas movilizaciones en defensa del sector - ASAJA Palencia","isPartOf":{"@id":"https:\/\/www.asajacyl.com\/palencia\/#website"},"primaryImageOfPage":{"@id":"https:\/\/www.asajacyl.com\/palencia\/asaja-palencia-informa\/asaja-castilla-y-leon-estrena-sede-propia-y-prepara-las-proximas-movilizaciones-en-defensa-del-sector#primaryimage"},"image":{"@id":"https:\/\/www.asajacyl.com\/palencia\/asaja-palencia-informa\/asaja-castilla-y-leon-estrena-sede-propia-y-prepara-las-proximas-movilizaciones-en-defensa-del-sector#primaryimage"},"thumbnailUrl":"https:\/\/www.asajacyl.com\/palencia\/wp-content\/uploads\/sites\/3\/2026\/01\/Sede-nueva-ASAJA-CyL-placa.jpg","datePublished":"2026-01-09T06:30:00+00:00","author":{"@id":"https:\/\/www.asajacyl.com\/palencia\/#\/schema\/person\/3ab17aeb03527485c317557fae64aab1"},"description":"La consejera de Agricultura, Ganader\u00eda y Desarrollo Rural, Mar\u00eda Gonz\u00e1lez Corral, y el presidente nacional de ASAJA, Pedro Barato, han inaugurado","breadcrumb":{"@id":"https:\/\/www.asajacyl.com\/palencia\/asaja-palencia-informa\/asaja-castilla-y-leon-estrena-sede-propia-y-prepara-las-proximas-movilizaciones-en-defensa-del-sector#breadcrumb"},"inLanguage":"es","potentialAction":[{"@type":"ReadAction","target":["https:\/\/www.asajacyl.com\/palencia\/asaja-palencia-informa\/asaja-castilla-y-leon-estrena-sede-propia-y-prepara-las-proximas-movilizaciones-en-defensa-del-sector"]}]},{"@type":"ImageObject","inLanguage":"es","@id":"https:\/\/www.asajacyl.com\/palencia\/asaja-palencia-informa\/asaja-castilla-y-leon-estrena-sede-propia-y-prepara-las-proximas-movilizaciones-en-defensa-del-sector#primaryimage","url":"https:\/\/www.asajacyl.com\/palencia\/wp-content\/uploads\/sites\/3\/2026\/01\/Sede-nueva-ASAJA-CyL-placa.jpg","contentUrl":"https:\/\/www.asajacyl.com\/palencia\/wp-content\/uploads\/sites\/3\/2026\/01\/Sede-nueva-ASAJA-CyL-placa.jpg","width":1890,"height":1654},{"@type":"BreadcrumbList","@id":"https:\/\/www.asajacyl.com\/palencia\/asaja-palencia-informa\/asaja-castilla-y-leon-estrena-sede-propia-y-prepara-las-proximas-movilizaciones-en-defensa-del-sector#breadcrumb","itemListElement":[{"@type":"ListItem","position":1,"name":"Portada","item":"https:\/\/www.asajacyl.com\/palencia\/"},{"@type":"ListItem","position":2,"name":"ASAJA-Castilla y Le\u00f3n estrena sede propia y prepara las pr\u00f3ximas movilizaciones en defensa del sector"}]},{"@type":"WebSite","@id":"https:\/\/www.asajacyl.com\/palencia\/#website","url":"https:\/\/www.asajacyl.com\/palencia\/","name":"ASAJA Palencia","description":"Otro sitio m\u00e1s de Provincias ASAJA Castilla y Le\u00f3n","potentialAction":[{"@type":"SearchAction","target":{"@type":"EntryPoint","urlTemplate":"https:\/\/www.asajacyl.com\/palencia\/?s={search_term_string}"},"query-input":{"@type":"PropertyValueSpecification","valueRequired":true,"valueName":"search_term_string"}}],"inLanguage":"es"},{"@type":"Person","@id":"https:\/\/www.asajacyl.com\/palencia\/#\/schema\/person\/3ab17aeb03527485c317557fae64aab1","name":"Administrador","image":{"@type":"ImageObject","inLanguage":"es","@id":"https:\/\/www.asajacyl.com\/palencia\/#\/schema\/person\/image\/","url":"https:\/\/secure.gravatar.com\/avatar\/517384810d242ca9e38c180f3c9fb973?s=96&d=mm&r=g","contentUrl":"https:\/\/secure.gravatar.com\/avatar\/517384810d242ca9e38c180f3c9fb973?s=96&d=mm&r=g","caption":"Administrador"},"url":"https:\/\/www.asajacyl.com\/palencia\/author\/carlosrm"}]}},"_links":{"self":[{"href":"https:\/\/www.asajacyl.com\/palencia\/wp-json\/wp\/v2\/posts\/21946"}],"collection":[{"href":"https:\/\/www.asajacyl.com\/palencia\/wp-json\/wp\/v2\/posts"}],"about":[{"href":"https:\/\/www.asajacyl.com\/palencia\/wp-json\/wp\/v2\/types\/post"}],"author":[{"embeddable":true,"href":"https:\/\/www.asajacyl.com\/palencia\/wp-json\/wp\/v2\/users\/9"}],"replies":[{"embeddable":true,"href":"https:\/\/www.asajacyl.com\/palencia\/wp-json\/wp\/v2\/comments?post=21946"}],"version-history":[{"count":2,"href":"https:\/\/www.asajacyl.com\/palencia\/wp-json\/wp\/v2\/posts\/21946\/revisions"}],"predecessor-version":[{"id":21965,"href":"https:\/\/www.asajacyl.com\/palencia\/wp-json\/wp\/v2\/posts\/21946\/revisions\/21965"}],"wp:featuredmedia":[{"embeddable":true,"href":"https:\/\/www.asajacyl.com\/palencia\/wp-json\/wp\/v2\/media\/21964"}],"wp:attachment":[{"href":"https:\/\/www.asajacyl.com\/palencia\/wp-json\/wp\/v2\/media?parent=21946"}],"wp:term":[{"taxonomy":"category","embeddable":true,"href":"https:\/\/www.asajacyl.com\/palencia\/wp-json\/wp\/v2\/categories?post=21946"},{"taxonomy":"post_tag","embeddable":true,"href":"https:\/\/www.asajacyl.com\/palencia\/wp-json\/wp\/v2\/tags?post=21946"}],"curies":[{"name":"wp","href":"https:\/\/api.w.org\/{rel}","templated":true}]}}