{"id":21952,"date":"2026-01-08T07:30:00","date_gmt":"2026-01-08T06:30:00","guid":{"rendered":"https:\/\/www.asajacyl.com\/palencia\/?p=21952"},"modified":"2026-01-07T18:55:27","modified_gmt":"2026-01-07T17:55:27","slug":"los-precios-agricolas-abren-2026-estables-pero-con-un-ligero-repunte-en-el-centeno","status":"publish","type":"post","link":"https:\/\/www.asajacyl.com\/palencia\/asaja-palencia-informa\/los-precios-agricolas-abren-2026-estables-pero-con-un-ligero-repunte-en-el-centeno","title":{"rendered":"Los precios agr\u00edcolas abren 2026 estables, pero con un ligero repunte en la cotizaci\u00f3n del centeno"},"content":{"rendered":"\n<h2 class=\"wp-block-heading\">Los precios agr\u00edcolas han empezado 2026 con la misma t\u00f3nica de estabilidad que mostraron en el tramo final del a\u00f1o reci\u00e9n concluido. As\u00ed se ha constatado este mi\u00e9rcoles, 7 de enero, en la primera sesi\u00f3n del ejercicio que ha celebrado la <a href=\"https:\/\/www.asajacyl.com\/palencia\/asaja-palencia-informa\/la-lonja-de-leon-distinguida-por-asaja-palencia-con-el-arado-de-plata-2025\">Lonja de Le\u00f3n, Arado de Plata de ASAJA-Palencia 2025<\/a> por su dilatada y contrastada labor de informaci\u00f3n sobre las cotizaciones de las producciones agroganaderas.<\/h2>\n\n\n\n<p>Entre las cuatro mesas agr\u00edcolas celebradas (alubias, cereales, forrajes y patatas) en la lonja leonesa tan s\u00f3lo se ha registrado una ligera correcci\u00f3n al alza en el centeno, que opera a dos euros por tonelada m\u00e1s que en las \u00faltimas semanas del pasado diciembre, hasta situarse en los 168 euros la tonelada.<\/p>\n\n\n\n<p>Seg\u00fan explican desde el mercado leon\u00e9s, se trata de un precio todav\u00eda relativamente atractivo para cerrar contratos, al contrario de los dem\u00e1s cereales, y en especial de la avena: la abundante oferta a\u00fan existente no saca a este grano del pozo de 138 euros por tonelada. <\/p>\n\n\n\n<p>Recordemos que se trata del cereal m\u00e1s castigado en la devaluaci\u00f3n que vive \u00faltimamente este sector, al haber perdido una cuarta parte de su precio con respecto a hace un a\u00f1o (185 euros\/tonelada) y pr\u00e1cticamente la mitad del precio al que operaba hace dos en esta misma plaza (258 euros\/tonelada).<\/p>\n\n\n\n<p><strong>LECHE DE VACA Y OVINO DE CARNE. <\/strong>Por lo que respecta a las mesas ganaderas, se mantiene estable el precio de la leche de vaca para las entregas de diciembre, enero y febrero; y se ha constatado la habitual ca\u00edda de precio del lechazo propia de estas fechas, aun cuando la oferta es muy baja. Desde la Lonja de Le\u00f3n apuntan que hasta que no pase aproximadamente un mes no empezar\u00e1 el grueso de las parideras.<\/p>\n\n\n\n<p>Sin embargo, los corderos han repetido cotizaci\u00f3n debido a la poca oferta, que se explica por el precio atractivo durante pr\u00e1cticamente todo el a\u00f1o del lechazo. \u00abEsto ha desincentivado la ceba, puesto que esto conlleva para el ganadero un gasto en alimentaci\u00f3n y un riesgo de p\u00e9rdida de animales en el proceso\u00bb, explican estas mismas fuentes. Asimismo, el ramad\u00e1n llegar\u00e1 este a\u00f1o a mediados de febrero, por lo que no se hace esperar esta \u00e9poca de incremento de la exportaci\u00f3n de estos animales vivos con destino a Marruecos y Argelia.\/<\/p>\n\n\n<div class=\"wp-block-image\">\n<figure class=\"aligncenter size-large\"><img loading=\"lazy\" decoding=\"async\" width=\"1024\" height=\"768\" src=\"https:\/\/www.asajacyl.com\/palencia\/wp-content\/uploads\/sites\/3\/2026\/01\/Precios-agricultura-7enero2026-1024x768.jpg\" alt=\"\" class=\"wp-image-21953\" srcset=\"https:\/\/www.asajacyl.com\/palencia\/wp-content\/uploads\/sites\/3\/2026\/01\/Precios-agricultura-7enero2026-1024x768.jpg 1024w, https:\/\/www.asajacyl.com\/palencia\/wp-content\/uploads\/sites\/3\/2026\/01\/Precios-agricultura-7enero2026-300x225.jpg 300w, https:\/\/www.asajacyl.com\/palencia\/wp-content\/uploads\/sites\/3\/2026\/01\/Precios-agricultura-7enero2026-768x576.jpg 768w, https:\/\/www.asajacyl.com\/palencia\/wp-content\/uploads\/sites\/3\/2026\/01\/Precios-agricultura-7enero2026-1536x1152.jpg 1536w, https:\/\/www.asajacyl.com\/palencia\/wp-content\/uploads\/sites\/3\/2026\/01\/Precios-agricultura-7enero2026-2048x1536.jpg 2048w, https:\/\/www.asajacyl.com\/palencia\/wp-content\/uploads\/sites\/3\/2026\/01\/Precios-agricultura-7enero2026-560x420.jpg 560w, https:\/\/www.asajacyl.com\/palencia\/wp-content\/uploads\/sites\/3\/2026\/01\/Precios-agricultura-7enero2026-80x60.jpg 80w, https:\/\/www.asajacyl.com\/palencia\/wp-content\/uploads\/sites\/3\/2026\/01\/Precios-agricultura-7enero2026-696x522.jpg 696w, https:\/\/www.asajacyl.com\/palencia\/wp-content\/uploads\/sites\/3\/2026\/01\/Precios-agricultura-7enero2026-1068x801.jpg 1068w, https:\/\/www.asajacyl.com\/palencia\/wp-content\/uploads\/sites\/3\/2026\/01\/Precios-agricultura-7enero2026-1920x1440.jpg 1920w\" sizes=\"(max-width: 1024px) 100vw, 1024px\" \/><\/figure><\/div>","protected":false},"excerpt":{"rendered":"<p>Los precios agr\u00edcolas han empezado 2026 con la misma t\u00f3nica de estabilidad que mostraron en el tramo final del a\u00f1o reci\u00e9n concluido. As\u00ed se ha constatado este mi\u00e9rcoles, 7 de enero, en la primera sesi\u00f3n del ejercicio que ha celebrado la Lonja de Le\u00f3n, Arado de Plata de ASAJA-Palencia 2025 por su dilatada y contrastada [&hellip;]<\/p>\n","protected":false},"author":9,"featured_media":21954,"comment_status":"open","ping_status":"open","sticky":false,"template":"","format":"standard","meta":{"footnotes":""},"categories":[9,29,36,28,13],"tags":[58,925,1209,543,221,289,46,651,1052,77,477,121,868,293,219,311,198,206,309,292],"yoast_head":"<!-- This site is optimized with the Yoast SEO plugin v24.5 - https:\/\/yoast.com\/wordpress\/plugins\/seo\/ -->\n<title>Los precios agr\u00edcolas abren 2026 estables, pero con un ligero repunte en la cotizaci\u00f3n del centeno - ASAJA Palencia<\/title>\n<meta name=\"description\" content=\"Los precios agr\u00edcolas han empezado 2026 con la misma t\u00f3nica de estabilidad que mostraron en el tramo final del a\u00f1o reci\u00e9n concluido. As\u00ed se ha constatado\" \/>\n<meta name=\"robots\" content=\"index, follow, max-snippet:-1, max-image-preview:large, max-video-preview:-1\" \/>\n<link rel=\"canonical\" href=\"https:\/\/www.asajacyl.com\/palencia\/asaja-palencia-informa\/los-precios-agricolas-abren-2026-estables-pero-con-un-ligero-repunte-en-el-centeno\" \/>\n<meta property=\"og:locale\" content=\"es_ES\" \/>\n<meta property=\"og:type\" content=\"article\" \/>\n<meta property=\"og:title\" content=\"Los precios agr\u00edcolas abren 2026 estables, pero con un ligero repunte en la cotizaci\u00f3n del centeno - ASAJA Palencia\" \/>\n<meta property=\"og:description\" content=\"Los precios agr\u00edcolas han empezado 2026 con la misma t\u00f3nica de estabilidad que mostraron en el tramo final del a\u00f1o reci\u00e9n concluido. As\u00ed se ha constatado\" \/>\n<meta property=\"og:url\" content=\"https:\/\/www.asajacyl.com\/palencia\/asaja-palencia-informa\/los-precios-agricolas-abren-2026-estables-pero-con-un-ligero-repunte-en-el-centeno\" \/>\n<meta property=\"og:site_name\" content=\"ASAJA Palencia\" \/>\n<meta property=\"article:published_time\" content=\"2026-01-08T06:30:00+00:00\" \/>\n<meta property=\"og:image\" content=\"https:\/\/www.asajacyl.com\/palencia\/wp-content\/uploads\/sites\/3\/2026\/01\/Centeno.jpg\" \/>\n\t<meta property=\"og:image:width\" content=\"1600\" \/>\n\t<meta property=\"og:image:height\" content=\"1200\" \/>\n\t<meta property=\"og:image:type\" content=\"image\/jpeg\" \/>\n<meta name=\"author\" content=\"Administrador\" \/>\n<meta name=\"twitter:card\" content=\"summary_large_image\" \/>\n<meta name=\"twitter:label1\" content=\"Escrito por\" \/>\n\t<meta name=\"twitter:data1\" content=\"Administrador\" \/>\n\t<meta name=\"twitter:label2\" content=\"Tiempo de lectura\" \/>\n\t<meta name=\"twitter:data2\" content=\"3 minutos\" \/>\n<script type=\"application\/ld+json\" class=\"yoast-schema-graph\">{\"@context\":\"https:\/\/schema.org\",\"@graph\":[{\"@type\":\"WebPage\",\"@id\":\"https:\/\/www.asajacyl.com\/palencia\/asaja-palencia-informa\/los-precios-agricolas-abren-2026-estables-pero-con-un-ligero-repunte-en-el-centeno\",\"url\":\"https:\/\/www.asajacyl.com\/palencia\/asaja-palencia-informa\/los-precios-agricolas-abren-2026-estables-pero-con-un-ligero-repunte-en-el-centeno\",\"name\":\"Los precios agr\u00edcolas abren 2026 estables, pero con un ligero repunte en la cotizaci\u00f3n del centeno - ASAJA Palencia\",\"isPartOf\":{\"@id\":\"https:\/\/www.asajacyl.com\/palencia\/#website\"},\"primaryImageOfPage\":{\"@id\":\"https:\/\/www.asajacyl.com\/palencia\/asaja-palencia-informa\/los-precios-agricolas-abren-2026-estables-pero-con-un-ligero-repunte-en-el-centeno#primaryimage\"},\"image\":{\"@id\":\"https:\/\/www.asajacyl.com\/palencia\/asaja-palencia-informa\/los-precios-agricolas-abren-2026-estables-pero-con-un-ligero-repunte-en-el-centeno#primaryimage\"},\"thumbnailUrl\":\"https:\/\/www.asajacyl.com\/palencia\/wp-content\/uploads\/sites\/3\/2026\/01\/Centeno.jpg\",\"datePublished\":\"2026-01-08T06:30:00+00:00\",\"author\":{\"@id\":\"https:\/\/www.asajacyl.com\/palencia\/#\/schema\/person\/3ab17aeb03527485c317557fae64aab1\"},\"description\":\"Los precios agr\u00edcolas han empezado 2026 con la misma t\u00f3nica de estabilidad que mostraron en el tramo final del a\u00f1o reci\u00e9n concluido. As\u00ed se ha constatado\",\"breadcrumb\":{\"@id\":\"https:\/\/www.asajacyl.com\/palencia\/asaja-palencia-informa\/los-precios-agricolas-abren-2026-estables-pero-con-un-ligero-repunte-en-el-centeno#breadcrumb\"},\"inLanguage\":\"es\",\"potentialAction\":[{\"@type\":\"ReadAction\",\"target\":[\"https:\/\/www.asajacyl.com\/palencia\/asaja-palencia-informa\/los-precios-agricolas-abren-2026-estables-pero-con-un-ligero-repunte-en-el-centeno\"]}]},{\"@type\":\"ImageObject\",\"inLanguage\":\"es\",\"@id\":\"https:\/\/www.asajacyl.com\/palencia\/asaja-palencia-informa\/los-precios-agricolas-abren-2026-estables-pero-con-un-ligero-repunte-en-el-centeno#primaryimage\",\"url\":\"https:\/\/www.asajacyl.com\/palencia\/wp-content\/uploads\/sites\/3\/2026\/01\/Centeno.jpg\",\"contentUrl\":\"https:\/\/www.asajacyl.com\/palencia\/wp-content\/uploads\/sites\/3\/2026\/01\/Centeno.jpg\",\"width\":1600,\"height\":1200},{\"@type\":\"BreadcrumbList\",\"@id\":\"https:\/\/www.asajacyl.com\/palencia\/asaja-palencia-informa\/los-precios-agricolas-abren-2026-estables-pero-con-un-ligero-repunte-en-el-centeno#breadcrumb\",\"itemListElement\":[{\"@type\":\"ListItem\",\"position\":1,\"name\":\"Portada\",\"item\":\"https:\/\/www.asajacyl.com\/palencia\/\"},{\"@type\":\"ListItem\",\"position\":2,\"name\":\"Los precios agr\u00edcolas abren 2026 estables, pero con un ligero repunte en la cotizaci\u00f3n del centeno\"}]},{\"@type\":\"WebSite\",\"@id\":\"https:\/\/www.asajacyl.com\/palencia\/#website\",\"url\":\"https:\/\/www.asajacyl.com\/palencia\/\",\"name\":\"ASAJA Palencia\",\"description\":\"Otro sitio m\u00e1s de Provincias ASAJA Castilla y Le\u00f3n\",\"potentialAction\":[{\"@type\":\"SearchAction\",\"target\":{\"@type\":\"EntryPoint\",\"urlTemplate\":\"https:\/\/www.asajacyl.com\/palencia\/?s={search_term_string}\"},\"query-input\":{\"@type\":\"PropertyValueSpecification\",\"valueRequired\":true,\"valueName\":\"search_term_string\"}}],\"inLanguage\":\"es\"},{\"@type\":\"Person\",\"@id\":\"https:\/\/www.asajacyl.com\/palencia\/#\/schema\/person\/3ab17aeb03527485c317557fae64aab1\",\"name\":\"Administrador\",\"image\":{\"@type\":\"ImageObject\",\"inLanguage\":\"es\",\"@id\":\"https:\/\/www.asajacyl.com\/palencia\/#\/schema\/person\/image\/\",\"url\":\"https:\/\/secure.gravatar.com\/avatar\/517384810d242ca9e38c180f3c9fb973?s=96&d=mm&r=g\",\"contentUrl\":\"https:\/\/secure.gravatar.com\/avatar\/517384810d242ca9e38c180f3c9fb973?s=96&d=mm&r=g\",\"caption\":\"Administrador\"},\"url\":\"https:\/\/www.asajacyl.com\/palencia\/author\/carlosrm\"}]}<\/script>\n<!-- \/ Yoast SEO plugin. -->","yoast_head_json":{"title":"Los precios agr\u00edcolas abren 2026 estables, pero con un ligero repunte en la cotizaci\u00f3n del centeno - ASAJA Palencia","description":"Los precios agr\u00edcolas han empezado 2026 con la misma t\u00f3nica de estabilidad que mostraron en el tramo final del a\u00f1o reci\u00e9n concluido. As\u00ed se ha constatado","robots":{"index":"index","follow":"follow","max-snippet":"max-snippet:-1","max-image-preview":"max-image-preview:large","max-video-preview":"max-video-preview:-1"},"canonical":"https:\/\/www.asajacyl.com\/palencia\/asaja-palencia-informa\/los-precios-agricolas-abren-2026-estables-pero-con-un-ligero-repunte-en-el-centeno","og_locale":"es_ES","og_type":"article","og_title":"Los precios agr\u00edcolas abren 2026 estables, pero con un ligero repunte en la cotizaci\u00f3n del centeno - ASAJA Palencia","og_description":"Los precios agr\u00edcolas han empezado 2026 con la misma t\u00f3nica de estabilidad que mostraron en el tramo final del a\u00f1o reci\u00e9n concluido. As\u00ed se ha constatado","og_url":"https:\/\/www.asajacyl.com\/palencia\/asaja-palencia-informa\/los-precios-agricolas-abren-2026-estables-pero-con-un-ligero-repunte-en-el-centeno","og_site_name":"ASAJA Palencia","article_published_time":"2026-01-08T06:30:00+00:00","og_image":[{"width":1600,"height":1200,"url":"https:\/\/www.asajacyl.com\/palencia\/wp-content\/uploads\/sites\/3\/2026\/01\/Centeno.jpg","type":"image\/jpeg"}],"author":"Administrador","twitter_card":"summary_large_image","twitter_misc":{"Escrito por":"Administrador","Tiempo de lectura":"3 minutos"},"schema":{"@context":"https:\/\/schema.org","@graph":[{"@type":"WebPage","@id":"https:\/\/www.asajacyl.com\/palencia\/asaja-palencia-informa\/los-precios-agricolas-abren-2026-estables-pero-con-un-ligero-repunte-en-el-centeno","url":"https:\/\/www.asajacyl.com\/palencia\/asaja-palencia-informa\/los-precios-agricolas-abren-2026-estables-pero-con-un-ligero-repunte-en-el-centeno","name":"Los precios agr\u00edcolas abren 2026 estables, pero con un ligero repunte en la cotizaci\u00f3n del centeno - ASAJA Palencia","isPartOf":{"@id":"https:\/\/www.asajacyl.com\/palencia\/#website"},"primaryImageOfPage":{"@id":"https:\/\/www.asajacyl.com\/palencia\/asaja-palencia-informa\/los-precios-agricolas-abren-2026-estables-pero-con-un-ligero-repunte-en-el-centeno#primaryimage"},"image":{"@id":"https:\/\/www.asajacyl.com\/palencia\/asaja-palencia-informa\/los-precios-agricolas-abren-2026-estables-pero-con-un-ligero-repunte-en-el-centeno#primaryimage"},"thumbnailUrl":"https:\/\/www.asajacyl.com\/palencia\/wp-content\/uploads\/sites\/3\/2026\/01\/Centeno.jpg","datePublished":"2026-01-08T06:30:00+00:00","author":{"@id":"https:\/\/www.asajacyl.com\/palencia\/#\/schema\/person\/3ab17aeb03527485c317557fae64aab1"},"description":"Los precios agr\u00edcolas han empezado 2026 con la misma t\u00f3nica de estabilidad que mostraron en el tramo final del a\u00f1o reci\u00e9n concluido. As\u00ed se ha constatado","breadcrumb":{"@id":"https:\/\/www.asajacyl.com\/palencia\/asaja-palencia-informa\/los-precios-agricolas-abren-2026-estables-pero-con-un-ligero-repunte-en-el-centeno#breadcrumb"},"inLanguage":"es","potentialAction":[{"@type":"ReadAction","target":["https:\/\/www.asajacyl.com\/palencia\/asaja-palencia-informa\/los-precios-agricolas-abren-2026-estables-pero-con-un-ligero-repunte-en-el-centeno"]}]},{"@type":"ImageObject","inLanguage":"es","@id":"https:\/\/www.asajacyl.com\/palencia\/asaja-palencia-informa\/los-precios-agricolas-abren-2026-estables-pero-con-un-ligero-repunte-en-el-centeno#primaryimage","url":"https:\/\/www.asajacyl.com\/palencia\/wp-content\/uploads\/sites\/3\/2026\/01\/Centeno.jpg","contentUrl":"https:\/\/www.asajacyl.com\/palencia\/wp-content\/uploads\/sites\/3\/2026\/01\/Centeno.jpg","width":1600,"height":1200},{"@type":"BreadcrumbList","@id":"https:\/\/www.asajacyl.com\/palencia\/asaja-palencia-informa\/los-precios-agricolas-abren-2026-estables-pero-con-un-ligero-repunte-en-el-centeno#breadcrumb","itemListElement":[{"@type":"ListItem","position":1,"name":"Portada","item":"https:\/\/www.asajacyl.com\/palencia\/"},{"@type":"ListItem","position":2,"name":"Los precios agr\u00edcolas abren 2026 estables, pero con un ligero repunte en la cotizaci\u00f3n del centeno"}]},{"@type":"WebSite","@id":"https:\/\/www.asajacyl.com\/palencia\/#website","url":"https:\/\/www.asajacyl.com\/palencia\/","name":"ASAJA Palencia","description":"Otro sitio m\u00e1s de Provincias ASAJA Castilla y Le\u00f3n","potentialAction":[{"@type":"SearchAction","target":{"@type":"EntryPoint","urlTemplate":"https:\/\/www.asajacyl.com\/palencia\/?s={search_term_string}"},"query-input":{"@type":"PropertyValueSpecification","valueRequired":true,"valueName":"search_term_string"}}],"inLanguage":"es"},{"@type":"Person","@id":"https:\/\/www.asajacyl.com\/palencia\/#\/schema\/person\/3ab17aeb03527485c317557fae64aab1","name":"Administrador","image":{"@type":"ImageObject","inLanguage":"es","@id":"https:\/\/www.asajacyl.com\/palencia\/#\/schema\/person\/image\/","url":"https:\/\/secure.gravatar.com\/avatar\/517384810d242ca9e38c180f3c9fb973?s=96&d=mm&r=g","contentUrl":"https:\/\/secure.gravatar.com\/avatar\/517384810d242ca9e38c180f3c9fb973?s=96&d=mm&r=g","caption":"Administrador"},"url":"https:\/\/www.asajacyl.com\/palencia\/author\/carlosrm"}]}},"_links":{"self":[{"href":"https:\/\/www.asajacyl.com\/palencia\/wp-json\/wp\/v2\/posts\/21952"}],"collection":[{"href":"https:\/\/www.asajacyl.com\/palencia\/wp-json\/wp\/v2\/posts"}],"about":[{"href":"https:\/\/www.asajacyl.com\/palencia\/wp-json\/wp\/v2\/types\/post"}],"author":[{"embeddable":true,"href":"https:\/\/www.asajacyl.com\/palencia\/wp-json\/wp\/v2\/users\/9"}],"replies":[{"embeddable":true,"href":"https:\/\/www.asajacyl.com\/palencia\/wp-json\/wp\/v2\/comments?post=21952"}],"version-history":[{"count":3,"href":"https:\/\/www.asajacyl.com\/palencia\/wp-json\/wp\/v2\/posts\/21952\/revisions"}],"predecessor-version":[{"id":21957,"href":"https:\/\/www.asajacyl.com\/palencia\/wp-json\/wp\/v2\/posts\/21952\/revisions\/21957"}],"wp:featuredmedia":[{"embeddable":true,"href":"https:\/\/www.asajacyl.com\/palencia\/wp-json\/wp\/v2\/media\/21954"}],"wp:attachment":[{"href":"https:\/\/www.asajacyl.com\/palencia\/wp-json\/wp\/v2\/media?parent=21952"}],"wp:term":[{"taxonomy":"category","embeddable":true,"href":"https:\/\/www.asajacyl.com\/palencia\/wp-json\/wp\/v2\/categories?post=21952"},{"taxonomy":"post_tag","embeddable":true,"href":"https:\/\/www.asajacyl.com\/palencia\/wp-json\/wp\/v2\/tags?post=21952"}],"curies":[{"name":"wp","href":"https:\/\/api.w.org\/{rel}","templated":true}]}}