{"id":21968,"date":"2026-01-12T11:49:39","date_gmt":"2026-01-12T10:49:39","guid":{"rendered":"https:\/\/www.asajacyl.com\/palencia\/?p=21968"},"modified":"2026-01-12T12:43:32","modified_gmt":"2026-01-12T11:43:32","slug":"diciembre-fue-un-mes-algo-mas-humedo-de-lo-normal-en-la-mitad-central-de-la-provincia-de-palencia","status":"publish","type":"post","link":"https:\/\/www.asajacyl.com\/palencia\/asaja-palencia-informa\/diciembre-fue-un-mes-algo-mas-humedo-de-lo-normal-en-la-mitad-central-de-la-provincia-de-palencia","title":{"rendered":"Diciembre fue un mes algo m\u00e1s h\u00famedo de lo normal en la mitad central de la provincia de Palencia"},"content":{"rendered":"\n<h2 class=\"wp-block-heading\">Diciembre se comport\u00f3 como un mes algo m\u00e1s h\u00famedo de lo que cabe esperar para esta \u00e9poca del a\u00f1o en pr\u00e1cticamente toda la mitad central de la provincia de Palencia. En cuanto a las temperaturas result\u00f3 un poco m\u00e1s c\u00e1lido de lo normal, e incluso m\u00e1s c\u00e1lido en el este del territorio palentino (aproximadamente en la zona que corresponde con la cuenca del Pisuerga). As\u00ed se refleja en el resumen mensual emitido por la delegaci\u00f3n en Castilla y Le\u00f3n de la Agencia Estatal de Meteorolog\u00eda (AEMET) y los mapas adjuntos.<\/h2>\n\n\n\n<p>El <span style=\"text-decoration: underline\">mapa superior<\/span> muestra c\u00f3mo en toda la provincia de Palencia se superaron los treinta litros por metro cuadrado acumulados en el mes de diciembre, cifra que sobrepas\u00f3 los cincuenta \u2014e incluso los setenta litros\u2014 en el tercio norte de la provincia.<\/p>\n\n\n\n<p>Con esas precipitaciones, la AEMET valora, tal y como se ve en el <span style=\"text-decoration: underline\">mapa central<\/span>, que las precipitaciones fueron normales en los extremos norte y sur de la provincia (N, color blanco), y diciembre fue algo m\u00e1s h\u00famedo de lo normal (H, color verde claro) en toda la mitad central del territorio palentino.<\/p>\n\n\n\n<p>Las ocho estaciones del ITACyL (Instituto Tecnol\u00f3gico Agrario de Castilla y Le\u00f3n) de la red InfoRiego, con datos completos el pasado mes, arrojan un promedio de precipitaciones de 47 litros por metro cuadrado. La que m\u00e1s cantidad recogi\u00f3 a lo largo de todo diciembre fue la de <strong>Villaluenga de la Vega<\/strong>, con 63,4 litros por metro cuadrado; mientras <strong>Torquemada <\/strong>se qued\u00f3 en tan s\u00f3lo veinti\u00fan litros por metro cuadrado.<\/p>\n\n\n<div class=\"wp-block-image\">\n<figure class=\"alignright size-large is-resized\"><img loading=\"lazy\" decoding=\"async\" width=\"664\" height=\"1024\" src=\"https:\/\/www.asajacyl.com\/palencia\/wp-content\/uploads\/sites\/3\/2026\/01\/Mapas-aemet-CyL-dic2025-664x1024.jpg\" alt=\"\" class=\"wp-image-21969\" style=\"width:656px;height:auto\" srcset=\"https:\/\/www.asajacyl.com\/palencia\/wp-content\/uploads\/sites\/3\/2026\/01\/Mapas-aemet-CyL-dic2025-664x1024.jpg 664w, https:\/\/www.asajacyl.com\/palencia\/wp-content\/uploads\/sites\/3\/2026\/01\/Mapas-aemet-CyL-dic2025-194x300.jpg 194w, https:\/\/www.asajacyl.com\/palencia\/wp-content\/uploads\/sites\/3\/2026\/01\/Mapas-aemet-CyL-dic2025-768x1185.jpg 768w\" sizes=\"(max-width: 664px) 100vw, 664px\" \/><\/figure><\/div>\n\n\n<p><strong>MES IRREGULAR. <\/strong>Diciembre es un mes muy variable en cuanto a pluviometr\u00eda en nuestra provincia, tanto de unos a\u00f1os a otros como dentro del propio territorio palentino. Sirvan unos cuantos datos hist\u00f3ricos para manifestarlo: seg\u00fan la AEMET, la precipitaci\u00f3n media en la provincia en diciembre es de setenta litros, pero con mucha diferencia entre el promedio m\u00e1s bajo (<strong>Villaumbrales<\/strong>, con 39 litros\/metro cuadrado) y el m\u00e1s alto (<strong>Velilla del r\u00edo Carri\u00f3n<\/strong>, con 182 litros\/metro cuadrado) entre los puntos de observaci\u00f3n de la agencia estatal por todo el territorio palentino.<\/p>\n\n\n\n<p>En el observatorio del Instituto Jorge Manrique de <strong>Palencia<\/strong>, con datos de precipitaci\u00f3n entre 1920 y 1988, consta que en diciembre de 1966 tan s\u00f3lo cayeron litro y medio por metro cuadrado, mientras en ese mes de 1978 se alcanzaron nada menos que 93,7 litros\/metro cuadrado, seg\u00fan informa la AEMET.<\/p>\n\n\n\n<p>Asimismo, en el observatorio de Carralobo (<strong>Astudillo<\/strong>), que gestion\u00f3 durante 65 a\u00f1os Mariano Bustillo, el hombre del tiempo de ASAJA-Palencia, se rondaron los 140 litros por metro cuadrado en el diciembre de 2010 (139,2 litros\/metro cuadrado, concretamente), mientras hubo diciembres totalmente secos, como el de 1966; o con escas\u00edsimas precipitaciones, por debajo de los dos litros, como los diciembres de 1980 y 1988.<\/p>\n\n\n\n<p><strong>M\u00cdNIMAS M\u00c1S SUAVES. <\/strong>Por lo que respecta a las temperaturas, seg\u00fan se percibe en el <span style=\"text-decoration: underline\">mapa inferior<\/span> de la delegaci\u00f3n en Castilla y Le\u00f3n de la AEMET, el pasado diciembre fue algo m\u00e1s c\u00e1lido de lo normal en casi toda la provincia (C, color amarillo), salvo la zona de <strong>La Pern\u00eda<\/strong>, donde las temperaturas fueron normales (N, color blanco); e incluso fue muy c\u00e1lido (MC, color naranja) para lo que se espera de este mes en una franja este de la provincia (que aproximadamente coincide con la cuenca del Pisuerga), como tambi\u00e9n sucedi\u00f3 en buena parte de la provincia vecina de Burgos.<\/p>\n\n\n\n<p>Entre las estaciones del ITACyL-InfoRiego con datos completos, la temperatura m\u00ednima seregistr\u00f3 en <strong>Fuentes de Nava<\/strong>, con -8.2 \u00baC. La heladas fuertes estuvieron presentes en las ocho estaciones con registros completos (adem\u00e1s de Fuentes de Nava, B\u00e1rcena de Campos, Herrera de Pisuerga, <strong>Lantadilla <\/strong>\u2014que present\u00f3 la m\u00ednima m\u00e1s suave, con -3,4 \u00baC\u2014, Lomilla de Aguilar, Torquemada, Villaluenga de la Vega y Villamuriel de Cerrato). Por su parte, la temperatura m\u00e1s alta de esa red en todo diciembre se midi\u00f3 en <strong>Villamuriel de Cerrato<\/strong>: 14,6 \u00baC.<\/p>\n\n\n\n<p>Seg\u00fan la AEMET en Castilla y Le\u00f3n, las temperaturas m\u00e1ximas fueron relativamente normales durante diciembre, pero la anomal\u00eda positiva en las temperaturas medias fue de siete d\u00e9cimas, y en las m\u00ednimas lleg\u00f3 a grado y medio con respecto a lo que cabe esperar ese mes.<strong>\/<\/strong>   <\/p>\n","protected":false},"excerpt":{"rendered":"<p>Diciembre se comport\u00f3 como un mes algo m\u00e1s h\u00famedo de lo que cabe esperar para esta \u00e9poca del a\u00f1o en pr\u00e1cticamente toda la mitad central de la provincia de Palencia. En cuanto a las temperaturas result\u00f3 un poco m\u00e1s c\u00e1lido de lo normal, e incluso m\u00e1s c\u00e1lido en el este del territorio palentino (aproximadamente en [&hellip;]<\/p>\n","protected":false},"author":9,"featured_media":21970,"comment_status":"open","ping_status":"open","sticky":false,"template":"","format":"standard","meta":{"footnotes":""},"categories":[9,29,28],"tags":[112,58,77,613,1497,63,92,299,1692],"yoast_head":"<!-- This site is optimized with the Yoast SEO plugin v24.5 - https:\/\/yoast.com\/wordpress\/plugins\/seo\/ -->\n<title>Diciembre fue un mes algo m\u00e1s h\u00famedo de lo normal en la mitad central de la provincia de Palencia - ASAJA Palencia<\/title>\n<meta name=\"description\" content=\"Diciembre se comport\u00f3 como un mes algo m\u00e1s h\u00famedo de lo que cabe esperar para esta \u00e9poca del a\u00f1o en pr\u00e1cticamente toda la mitad central de la provincia de\" \/>\n<meta name=\"robots\" content=\"index, follow, max-snippet:-1, max-image-preview:large, max-video-preview:-1\" \/>\n<link rel=\"canonical\" href=\"https:\/\/www.asajacyl.com\/palencia\/asaja-palencia-informa\/diciembre-fue-un-mes-algo-mas-humedo-de-lo-normal-en-la-mitad-central-de-la-provincia-de-palencia\" \/>\n<meta property=\"og:locale\" content=\"es_ES\" \/>\n<meta property=\"og:type\" content=\"article\" \/>\n<meta property=\"og:title\" content=\"Diciembre fue un mes algo m\u00e1s h\u00famedo de lo normal en la mitad central de la provincia de Palencia - ASAJA Palencia\" \/>\n<meta property=\"og:description\" content=\"Diciembre se comport\u00f3 como un mes algo m\u00e1s h\u00famedo de lo que cabe esperar para esta \u00e9poca del a\u00f1o en pr\u00e1cticamente toda la mitad central de la provincia de\" \/>\n<meta property=\"og:url\" content=\"https:\/\/www.asajacyl.com\/palencia\/asaja-palencia-informa\/diciembre-fue-un-mes-algo-mas-humedo-de-lo-normal-en-la-mitad-central-de-la-provincia-de-palencia\" \/>\n<meta property=\"og:site_name\" content=\"ASAJA Palencia\" \/>\n<meta property=\"article:published_time\" content=\"2026-01-12T10:49:39+00:00\" \/>\n<meta property=\"article:modified_time\" content=\"2026-01-12T11:43:32+00:00\" \/>\n<meta property=\"og:image\" content=\"https:\/\/www.asajacyl.com\/palencia\/wp-content\/uploads\/sites\/3\/2026\/01\/Paisaje-invierno-web-1024x896.jpg\" \/>\n\t<meta property=\"og:image:width\" content=\"1024\" \/>\n\t<meta property=\"og:image:height\" content=\"896\" \/>\n\t<meta property=\"og:image:type\" content=\"image\/jpeg\" \/>\n<meta name=\"author\" content=\"Administrador\" \/>\n<meta name=\"twitter:card\" content=\"summary_large_image\" \/>\n<meta name=\"twitter:label1\" content=\"Escrito por\" \/>\n\t<meta name=\"twitter:data1\" content=\"Administrador\" \/>\n\t<meta name=\"twitter:label2\" content=\"Tiempo de lectura\" \/>\n\t<meta name=\"twitter:data2\" content=\"4 minutos\" \/>\n<script type=\"application\/ld+json\" class=\"yoast-schema-graph\">{\"@context\":\"https:\/\/schema.org\",\"@graph\":[{\"@type\":\"WebPage\",\"@id\":\"https:\/\/www.asajacyl.com\/palencia\/asaja-palencia-informa\/diciembre-fue-un-mes-algo-mas-humedo-de-lo-normal-en-la-mitad-central-de-la-provincia-de-palencia\",\"url\":\"https:\/\/www.asajacyl.com\/palencia\/asaja-palencia-informa\/diciembre-fue-un-mes-algo-mas-humedo-de-lo-normal-en-la-mitad-central-de-la-provincia-de-palencia\",\"name\":\"Diciembre fue un mes algo m\u00e1s h\u00famedo de lo normal en la mitad central de la provincia de Palencia - ASAJA Palencia\",\"isPartOf\":{\"@id\":\"https:\/\/www.asajacyl.com\/palencia\/#website\"},\"primaryImageOfPage\":{\"@id\":\"https:\/\/www.asajacyl.com\/palencia\/asaja-palencia-informa\/diciembre-fue-un-mes-algo-mas-humedo-de-lo-normal-en-la-mitad-central-de-la-provincia-de-palencia#primaryimage\"},\"image\":{\"@id\":\"https:\/\/www.asajacyl.com\/palencia\/asaja-palencia-informa\/diciembre-fue-un-mes-algo-mas-humedo-de-lo-normal-en-la-mitad-central-de-la-provincia-de-palencia#primaryimage\"},\"thumbnailUrl\":\"https:\/\/www.asajacyl.com\/palencia\/wp-content\/uploads\/sites\/3\/2026\/01\/Paisaje-invierno-web.jpg\",\"datePublished\":\"2026-01-12T10:49:39+00:00\",\"dateModified\":\"2026-01-12T11:43:32+00:00\",\"author\":{\"@id\":\"https:\/\/www.asajacyl.com\/palencia\/#\/schema\/person\/3ab17aeb03527485c317557fae64aab1\"},\"description\":\"Diciembre se comport\u00f3 como un mes algo m\u00e1s h\u00famedo de lo que cabe esperar para esta \u00e9poca del a\u00f1o en pr\u00e1cticamente toda la mitad central de la provincia de\",\"breadcrumb\":{\"@id\":\"https:\/\/www.asajacyl.com\/palencia\/asaja-palencia-informa\/diciembre-fue-un-mes-algo-mas-humedo-de-lo-normal-en-la-mitad-central-de-la-provincia-de-palencia#breadcrumb\"},\"inLanguage\":\"es\",\"potentialAction\":[{\"@type\":\"ReadAction\",\"target\":[\"https:\/\/www.asajacyl.com\/palencia\/asaja-palencia-informa\/diciembre-fue-un-mes-algo-mas-humedo-de-lo-normal-en-la-mitad-central-de-la-provincia-de-palencia\"]}]},{\"@type\":\"ImageObject\",\"inLanguage\":\"es\",\"@id\":\"https:\/\/www.asajacyl.com\/palencia\/asaja-palencia-informa\/diciembre-fue-un-mes-algo-mas-humedo-de-lo-normal-en-la-mitad-central-de-la-provincia-de-palencia#primaryimage\",\"url\":\"https:\/\/www.asajacyl.com\/palencia\/wp-content\/uploads\/sites\/3\/2026\/01\/Paisaje-invierno-web.jpg\",\"contentUrl\":\"https:\/\/www.asajacyl.com\/palencia\/wp-content\/uploads\/sites\/3\/2026\/01\/Paisaje-invierno-web.jpg\",\"width\":1890,\"height\":1654},{\"@type\":\"BreadcrumbList\",\"@id\":\"https:\/\/www.asajacyl.com\/palencia\/asaja-palencia-informa\/diciembre-fue-un-mes-algo-mas-humedo-de-lo-normal-en-la-mitad-central-de-la-provincia-de-palencia#breadcrumb\",\"itemListElement\":[{\"@type\":\"ListItem\",\"position\":1,\"name\":\"Portada\",\"item\":\"https:\/\/www.asajacyl.com\/palencia\/\"},{\"@type\":\"ListItem\",\"position\":2,\"name\":\"Diciembre fue un mes algo m\u00e1s h\u00famedo de lo normal en la mitad central de la provincia de Palencia\"}]},{\"@type\":\"WebSite\",\"@id\":\"https:\/\/www.asajacyl.com\/palencia\/#website\",\"url\":\"https:\/\/www.asajacyl.com\/palencia\/\",\"name\":\"ASAJA Palencia\",\"description\":\"Otro sitio m\u00e1s de Provincias ASAJA Castilla y Le\u00f3n\",\"potentialAction\":[{\"@type\":\"SearchAction\",\"target\":{\"@type\":\"EntryPoint\",\"urlTemplate\":\"https:\/\/www.asajacyl.com\/palencia\/?s={search_term_string}\"},\"query-input\":{\"@type\":\"PropertyValueSpecification\",\"valueRequired\":true,\"valueName\":\"search_term_string\"}}],\"inLanguage\":\"es\"},{\"@type\":\"Person\",\"@id\":\"https:\/\/www.asajacyl.com\/palencia\/#\/schema\/person\/3ab17aeb03527485c317557fae64aab1\",\"name\":\"Administrador\",\"image\":{\"@type\":\"ImageObject\",\"inLanguage\":\"es\",\"@id\":\"https:\/\/www.asajacyl.com\/palencia\/#\/schema\/person\/image\/\",\"url\":\"https:\/\/secure.gravatar.com\/avatar\/517384810d242ca9e38c180f3c9fb973?s=96&d=mm&r=g\",\"contentUrl\":\"https:\/\/secure.gravatar.com\/avatar\/517384810d242ca9e38c180f3c9fb973?s=96&d=mm&r=g\",\"caption\":\"Administrador\"},\"url\":\"https:\/\/www.asajacyl.com\/palencia\/author\/carlosrm\"}]}<\/script>\n<!-- \/ Yoast SEO plugin. -->","yoast_head_json":{"title":"Diciembre fue un mes algo m\u00e1s h\u00famedo de lo normal en la mitad central de la provincia de Palencia - ASAJA Palencia","description":"Diciembre se comport\u00f3 como un mes algo m\u00e1s h\u00famedo de lo que cabe esperar para esta \u00e9poca del a\u00f1o en pr\u00e1cticamente toda la mitad central de la provincia de","robots":{"index":"index","follow":"follow","max-snippet":"max-snippet:-1","max-image-preview":"max-image-preview:large","max-video-preview":"max-video-preview:-1"},"canonical":"https:\/\/www.asajacyl.com\/palencia\/asaja-palencia-informa\/diciembre-fue-un-mes-algo-mas-humedo-de-lo-normal-en-la-mitad-central-de-la-provincia-de-palencia","og_locale":"es_ES","og_type":"article","og_title":"Diciembre fue un mes algo m\u00e1s h\u00famedo de lo normal en la mitad central de la provincia de Palencia - ASAJA Palencia","og_description":"Diciembre se comport\u00f3 como un mes algo m\u00e1s h\u00famedo de lo que cabe esperar para esta \u00e9poca del a\u00f1o en pr\u00e1cticamente toda la mitad central de la provincia de","og_url":"https:\/\/www.asajacyl.com\/palencia\/asaja-palencia-informa\/diciembre-fue-un-mes-algo-mas-humedo-de-lo-normal-en-la-mitad-central-de-la-provincia-de-palencia","og_site_name":"ASAJA Palencia","article_published_time":"2026-01-12T10:49:39+00:00","article_modified_time":"2026-01-12T11:43:32+00:00","og_image":[{"width":1024,"height":896,"url":"https:\/\/www.asajacyl.com\/palencia\/wp-content\/uploads\/sites\/3\/2026\/01\/Paisaje-invierno-web-1024x896.jpg","type":"image\/jpeg"}],"author":"Administrador","twitter_card":"summary_large_image","twitter_misc":{"Escrito por":"Administrador","Tiempo de lectura":"4 minutos"},"schema":{"@context":"https:\/\/schema.org","@graph":[{"@type":"WebPage","@id":"https:\/\/www.asajacyl.com\/palencia\/asaja-palencia-informa\/diciembre-fue-un-mes-algo-mas-humedo-de-lo-normal-en-la-mitad-central-de-la-provincia-de-palencia","url":"https:\/\/www.asajacyl.com\/palencia\/asaja-palencia-informa\/diciembre-fue-un-mes-algo-mas-humedo-de-lo-normal-en-la-mitad-central-de-la-provincia-de-palencia","name":"Diciembre fue un mes algo m\u00e1s h\u00famedo de lo normal en la mitad central de la provincia de Palencia - ASAJA Palencia","isPartOf":{"@id":"https:\/\/www.asajacyl.com\/palencia\/#website"},"primaryImageOfPage":{"@id":"https:\/\/www.asajacyl.com\/palencia\/asaja-palencia-informa\/diciembre-fue-un-mes-algo-mas-humedo-de-lo-normal-en-la-mitad-central-de-la-provincia-de-palencia#primaryimage"},"image":{"@id":"https:\/\/www.asajacyl.com\/palencia\/asaja-palencia-informa\/diciembre-fue-un-mes-algo-mas-humedo-de-lo-normal-en-la-mitad-central-de-la-provincia-de-palencia#primaryimage"},"thumbnailUrl":"https:\/\/www.asajacyl.com\/palencia\/wp-content\/uploads\/sites\/3\/2026\/01\/Paisaje-invierno-web.jpg","datePublished":"2026-01-12T10:49:39+00:00","dateModified":"2026-01-12T11:43:32+00:00","author":{"@id":"https:\/\/www.asajacyl.com\/palencia\/#\/schema\/person\/3ab17aeb03527485c317557fae64aab1"},"description":"Diciembre se comport\u00f3 como un mes algo m\u00e1s h\u00famedo de lo que cabe esperar para esta \u00e9poca del a\u00f1o en pr\u00e1cticamente toda la mitad central de la provincia de","breadcrumb":{"@id":"https:\/\/www.asajacyl.com\/palencia\/asaja-palencia-informa\/diciembre-fue-un-mes-algo-mas-humedo-de-lo-normal-en-la-mitad-central-de-la-provincia-de-palencia#breadcrumb"},"inLanguage":"es","potentialAction":[{"@type":"ReadAction","target":["https:\/\/www.asajacyl.com\/palencia\/asaja-palencia-informa\/diciembre-fue-un-mes-algo-mas-humedo-de-lo-normal-en-la-mitad-central-de-la-provincia-de-palencia"]}]},{"@type":"ImageObject","inLanguage":"es","@id":"https:\/\/www.asajacyl.com\/palencia\/asaja-palencia-informa\/diciembre-fue-un-mes-algo-mas-humedo-de-lo-normal-en-la-mitad-central-de-la-provincia-de-palencia#primaryimage","url":"https:\/\/www.asajacyl.com\/palencia\/wp-content\/uploads\/sites\/3\/2026\/01\/Paisaje-invierno-web.jpg","contentUrl":"https:\/\/www.asajacyl.com\/palencia\/wp-content\/uploads\/sites\/3\/2026\/01\/Paisaje-invierno-web.jpg","width":1890,"height":1654},{"@type":"BreadcrumbList","@id":"https:\/\/www.asajacyl.com\/palencia\/asaja-palencia-informa\/diciembre-fue-un-mes-algo-mas-humedo-de-lo-normal-en-la-mitad-central-de-la-provincia-de-palencia#breadcrumb","itemListElement":[{"@type":"ListItem","position":1,"name":"Portada","item":"https:\/\/www.asajacyl.com\/palencia\/"},{"@type":"ListItem","position":2,"name":"Diciembre fue un mes algo m\u00e1s h\u00famedo de lo normal en la mitad central de la provincia de Palencia"}]},{"@type":"WebSite","@id":"https:\/\/www.asajacyl.com\/palencia\/#website","url":"https:\/\/www.asajacyl.com\/palencia\/","name":"ASAJA Palencia","description":"Otro sitio m\u00e1s de Provincias ASAJA Castilla y Le\u00f3n","potentialAction":[{"@type":"SearchAction","target":{"@type":"EntryPoint","urlTemplate":"https:\/\/www.asajacyl.com\/palencia\/?s={search_term_string}"},"query-input":{"@type":"PropertyValueSpecification","valueRequired":true,"valueName":"search_term_string"}}],"inLanguage":"es"},{"@type":"Person","@id":"https:\/\/www.asajacyl.com\/palencia\/#\/schema\/person\/3ab17aeb03527485c317557fae64aab1","name":"Administrador","image":{"@type":"ImageObject","inLanguage":"es","@id":"https:\/\/www.asajacyl.com\/palencia\/#\/schema\/person\/image\/","url":"https:\/\/secure.gravatar.com\/avatar\/517384810d242ca9e38c180f3c9fb973?s=96&d=mm&r=g","contentUrl":"https:\/\/secure.gravatar.com\/avatar\/517384810d242ca9e38c180f3c9fb973?s=96&d=mm&r=g","caption":"Administrador"},"url":"https:\/\/www.asajacyl.com\/palencia\/author\/carlosrm"}]}},"_links":{"self":[{"href":"https:\/\/www.asajacyl.com\/palencia\/wp-json\/wp\/v2\/posts\/21968"}],"collection":[{"href":"https:\/\/www.asajacyl.com\/palencia\/wp-json\/wp\/v2\/posts"}],"about":[{"href":"https:\/\/www.asajacyl.com\/palencia\/wp-json\/wp\/v2\/types\/post"}],"author":[{"embeddable":true,"href":"https:\/\/www.asajacyl.com\/palencia\/wp-json\/wp\/v2\/users\/9"}],"replies":[{"embeddable":true,"href":"https:\/\/www.asajacyl.com\/palencia\/wp-json\/wp\/v2\/comments?post=21968"}],"version-history":[{"count":3,"href":"https:\/\/www.asajacyl.com\/palencia\/wp-json\/wp\/v2\/posts\/21968\/revisions"}],"predecessor-version":[{"id":21973,"href":"https:\/\/www.asajacyl.com\/palencia\/wp-json\/wp\/v2\/posts\/21968\/revisions\/21973"}],"wp:featuredmedia":[{"embeddable":true,"href":"https:\/\/www.asajacyl.com\/palencia\/wp-json\/wp\/v2\/media\/21970"}],"wp:attachment":[{"href":"https:\/\/www.asajacyl.com\/palencia\/wp-json\/wp\/v2\/media?parent=21968"}],"wp:term":[{"taxonomy":"category","embeddable":true,"href":"https:\/\/www.asajacyl.com\/palencia\/wp-json\/wp\/v2\/categories?post=21968"},{"taxonomy":"post_tag","embeddable":true,"href":"https:\/\/www.asajacyl.com\/palencia\/wp-json\/wp\/v2\/tags?post=21968"}],"curies":[{"name":"wp","href":"https:\/\/api.w.org\/{rel}","templated":true}]}}