{"id":21974,"date":"2026-01-13T07:30:00","date_gmt":"2026-01-13T06:30:00","guid":{"rendered":"https:\/\/www.asajacyl.com\/palencia\/?p=21974"},"modified":"2026-01-12T14:00:49","modified_gmt":"2026-01-12T13:00:49","slug":"la-lonja-de-salamanca-constata-ligeros-retoques-al-alza-en-el-bovino-tanto-de-vida-como-de-sacrificio","status":"publish","type":"post","link":"https:\/\/www.asajacyl.com\/palencia\/asaja-palencia-informa\/la-lonja-de-salamanca-constata-ligeros-retoques-al-alza-en-el-bovino-tanto-de-vida-como-de-sacrificio","title":{"rendered":"La lonja de Salamanca constata ligeros retoques al alza en el bovino tanto de vida como de sacrificio"},"content":{"rendered":"\n<h2 class=\"wp-block-heading\">La Lonja de Salamanca ha constatado este lunes, 12 de enero, que contin\u00faa fuerte la demanda de bovino, tanto para cr\u00eda como para matadero. Los terneros y las terneras en la mesa de vida subieron tres y dos c\u00e9ntimos por kilo, respectivamente, no sin manifestar una vez m\u00e1s nuestros ganaderos que las operaciones reales del mercado est\u00e1n en torno a unos veinte c\u00e9ntimos por encima de lo que reflejan las tablillas. En la mesa de bovino de carne repuntaron dos c\u00e9ntimos tanto a\u00f1ojos como terneras.<\/h2>\n\n\n\n<p>La discrepancia fue patente en las dos mesas del bovino de la lonja salmantina un lunes m\u00e1s. Si en la mesa de vida los ganaderos se reafirmaron en el desfase de los precios con respecto a la realidad del campo, los compradores afirmaron que ya han alcanzado precios muy elevados.<\/p>\n\n\n\n<p>Los argumentos no son incompatibles. Efectivamente, las reses para cr\u00eda se cotizan en la lonja en torno a euro y medio m\u00e1s por kilo que hace un a\u00f1o, que es una subida importante. Pero tambi\u00e9n es cierto que la demanda para cubrir los cebaderos est\u00e1 fuerte y, por decirlo claramente, se valoran mucho las cabezas que salen a la venta, una oferta muy ajustada.<\/p>\n\n\n\n<p>Por lo que respecta a la mesa para sacrificio, los compradores tambi\u00e9n expresaron su malestar por la subida de dos c\u00e9ntimos por kilo, al considerar que el mercado se halla ahora estabilizado.<\/p>\n\n\n\n<p><strong>OVINO DE CARNE. <\/strong>El ovino de carne, por el contrario, m\u00e1s sujeto a la estacionalidad, manifiesta la habitual depreciaci\u00f3n a estas alturas de a\u00f1o, tras pasar la temporada alta que suponen las fiestas navide\u00f1as y las semanas previas de reuniones familiares, sociales y de empresa; una p\u00e9rdida de cotizaci\u00f3n que ya se empez\u00f3 a apuntar en la \u00faltima semana de diciembre.<\/p>\n\n\n\n<p>La Mesa del Lechazo de Castilla y Le\u00f3n, reunida en Tordesillas (Valladolid) al d\u00eda siguiente de la fiesta de los Reyes Magos ha constatado la bajada de setenta c\u00e9ntimos por kilo en las tres categor\u00edas cotizadas: lechazo IGP de Castilla y Le\u00f3n, lechazo Tierra de Sabor y lechado sin marchamo de hasta doce kilos de peso con destino a matadero. <\/p>\n\n\n\n<p>En todo caso, los precios de esta primera quincena de enero a\u00fan mantienen en torno a cuarenta c\u00e9ntimos por kilo de ganancia interanual. Asimismo, la tablilla se ha completado tambi\u00e9n con una bajada de unos diez euros por animal en los lechales de entre doce y diecis\u00e9is kilos para cebar. <\/p>\n\n\n\n<figure class=\"wp-block-image size-large is-resized\"><img loading=\"lazy\" decoding=\"async\" width=\"1024\" height=\"768\" src=\"https:\/\/www.asajacyl.com\/palencia\/wp-content\/uploads\/sites\/3\/2026\/01\/Precios-ganaderia-12enero2026-1024x768.png\" alt=\"\" class=\"wp-image-21975\" style=\"width:1064px;height:auto\" srcset=\"https:\/\/www.asajacyl.com\/palencia\/wp-content\/uploads\/sites\/3\/2026\/01\/Precios-ganaderia-12enero2026-1024x768.png 1024w, https:\/\/www.asajacyl.com\/palencia\/wp-content\/uploads\/sites\/3\/2026\/01\/Precios-ganaderia-12enero2026-300x225.png 300w, https:\/\/www.asajacyl.com\/palencia\/wp-content\/uploads\/sites\/3\/2026\/01\/Precios-ganaderia-12enero2026-768x576.png 768w, https:\/\/www.asajacyl.com\/palencia\/wp-content\/uploads\/sites\/3\/2026\/01\/Precios-ganaderia-12enero2026-1536x1152.png 1536w, https:\/\/www.asajacyl.com\/palencia\/wp-content\/uploads\/sites\/3\/2026\/01\/Precios-ganaderia-12enero2026-2048x1536.png 2048w, https:\/\/www.asajacyl.com\/palencia\/wp-content\/uploads\/sites\/3\/2026\/01\/Precios-ganaderia-12enero2026-560x420.png 560w, https:\/\/www.asajacyl.com\/palencia\/wp-content\/uploads\/sites\/3\/2026\/01\/Precios-ganaderia-12enero2026-80x60.png 80w, https:\/\/www.asajacyl.com\/palencia\/wp-content\/uploads\/sites\/3\/2026\/01\/Precios-ganaderia-12enero2026-696x522.png 696w, https:\/\/www.asajacyl.com\/palencia\/wp-content\/uploads\/sites\/3\/2026\/01\/Precios-ganaderia-12enero2026-1068x801.png 1068w, https:\/\/www.asajacyl.com\/palencia\/wp-content\/uploads\/sites\/3\/2026\/01\/Precios-ganaderia-12enero2026-1920x1440.png 1920w\" sizes=\"(max-width: 1024px) 100vw, 1024px\" \/><\/figure>\n","protected":false},"excerpt":{"rendered":"<p>La Lonja de Salamanca ha constatado este lunes, 12 de enero, que contin\u00faa fuerte la demanda de bovino, tanto para cr\u00eda como para matadero. Los terneros y las terneras en la mesa de vida subieron tres y dos c\u00e9ntimos por kilo, respectivamente, no sin manifestar una vez m\u00e1s nuestros ganaderos que las operaciones reales del [&hellip;]<\/p>\n","protected":false},"author":9,"featured_media":18115,"comment_status":"open","ping_status":"open","sticky":false,"template":"","format":"standard","meta":{"footnotes":""},"categories":[9,29,36,28,13],"tags":[648,234,478,351,77,637,692,638,467,510,143,311,631,294],"yoast_head":"<!-- This site is optimized with the Yoast SEO plugin v24.5 - https:\/\/yoast.com\/wordpress\/plugins\/seo\/ -->\n<title>La lonja de Salamanca constata ligeros retoques al alza en el bovino tanto de vida como de sacrificio - ASAJA Palencia<\/title>\n<meta name=\"description\" content=\"La Lonja de Salamanca ha constatado este lunes, 12 de enero, que contin\u00faa fuerte la demanda de bovino, tanto para cr\u00eda como para matadero. Los terneros y\" \/>\n<meta name=\"robots\" content=\"index, follow, max-snippet:-1, max-image-preview:large, max-video-preview:-1\" \/>\n<link rel=\"canonical\" href=\"https:\/\/www.asajacyl.com\/palencia\/asaja-palencia-informa\/la-lonja-de-salamanca-constata-ligeros-retoques-al-alza-en-el-bovino-tanto-de-vida-como-de-sacrificio\" \/>\n<meta property=\"og:locale\" content=\"es_ES\" \/>\n<meta property=\"og:type\" content=\"article\" \/>\n<meta property=\"og:title\" content=\"La lonja de Salamanca constata ligeros retoques al alza en el bovino tanto de vida como de sacrificio - ASAJA Palencia\" \/>\n<meta property=\"og:description\" content=\"La Lonja de Salamanca ha constatado este lunes, 12 de enero, que contin\u00faa fuerte la demanda de bovino, tanto para cr\u00eda como para matadero. Los terneros y\" \/>\n<meta property=\"og:url\" content=\"https:\/\/www.asajacyl.com\/palencia\/asaja-palencia-informa\/la-lonja-de-salamanca-constata-ligeros-retoques-al-alza-en-el-bovino-tanto-de-vida-como-de-sacrificio\" \/>\n<meta property=\"og:site_name\" content=\"ASAJA Palencia\" \/>\n<meta property=\"article:published_time\" content=\"2026-01-13T06:30:00+00:00\" \/>\n<meta property=\"og:image\" content=\"https:\/\/www.asajacyl.com\/palencia\/wp-content\/uploads\/sites\/3\/2024\/11\/Bovino-carne-ASAJA-Salamanca-web-bis.jpg\" \/>\n\t<meta property=\"og:image:width\" content=\"1890\" \/>\n\t<meta property=\"og:image:height\" content=\"1654\" \/>\n\t<meta property=\"og:image:type\" content=\"image\/jpeg\" \/>\n<meta name=\"author\" content=\"Administrador\" \/>\n<meta name=\"twitter:card\" content=\"summary_large_image\" \/>\n<meta name=\"twitter:label1\" content=\"Escrito por\" \/>\n\t<meta name=\"twitter:data1\" content=\"Administrador\" \/>\n\t<meta name=\"twitter:label2\" content=\"Tiempo de lectura\" \/>\n\t<meta name=\"twitter:data2\" content=\"3 minutos\" \/>\n<script type=\"application\/ld+json\" class=\"yoast-schema-graph\">{\"@context\":\"https:\/\/schema.org\",\"@graph\":[{\"@type\":\"WebPage\",\"@id\":\"https:\/\/www.asajacyl.com\/palencia\/asaja-palencia-informa\/la-lonja-de-salamanca-constata-ligeros-retoques-al-alza-en-el-bovino-tanto-de-vida-como-de-sacrificio\",\"url\":\"https:\/\/www.asajacyl.com\/palencia\/asaja-palencia-informa\/la-lonja-de-salamanca-constata-ligeros-retoques-al-alza-en-el-bovino-tanto-de-vida-como-de-sacrificio\",\"name\":\"La lonja de Salamanca constata ligeros retoques al alza en el bovino tanto de vida como de sacrificio - ASAJA Palencia\",\"isPartOf\":{\"@id\":\"https:\/\/www.asajacyl.com\/palencia\/#website\"},\"primaryImageOfPage\":{\"@id\":\"https:\/\/www.asajacyl.com\/palencia\/asaja-palencia-informa\/la-lonja-de-salamanca-constata-ligeros-retoques-al-alza-en-el-bovino-tanto-de-vida-como-de-sacrificio#primaryimage\"},\"image\":{\"@id\":\"https:\/\/www.asajacyl.com\/palencia\/asaja-palencia-informa\/la-lonja-de-salamanca-constata-ligeros-retoques-al-alza-en-el-bovino-tanto-de-vida-como-de-sacrificio#primaryimage\"},\"thumbnailUrl\":\"https:\/\/www.asajacyl.com\/palencia\/wp-content\/uploads\/sites\/3\/2024\/11\/Bovino-carne-ASAJA-Salamanca-web-bis.jpg\",\"datePublished\":\"2026-01-13T06:30:00+00:00\",\"author\":{\"@id\":\"https:\/\/www.asajacyl.com\/palencia\/#\/schema\/person\/3ab17aeb03527485c317557fae64aab1\"},\"description\":\"La Lonja de Salamanca ha constatado este lunes, 12 de enero, que contin\u00faa fuerte la demanda de bovino, tanto para cr\u00eda como para matadero. Los terneros y\",\"breadcrumb\":{\"@id\":\"https:\/\/www.asajacyl.com\/palencia\/asaja-palencia-informa\/la-lonja-de-salamanca-constata-ligeros-retoques-al-alza-en-el-bovino-tanto-de-vida-como-de-sacrificio#breadcrumb\"},\"inLanguage\":\"es\",\"potentialAction\":[{\"@type\":\"ReadAction\",\"target\":[\"https:\/\/www.asajacyl.com\/palencia\/asaja-palencia-informa\/la-lonja-de-salamanca-constata-ligeros-retoques-al-alza-en-el-bovino-tanto-de-vida-como-de-sacrificio\"]}]},{\"@type\":\"ImageObject\",\"inLanguage\":\"es\",\"@id\":\"https:\/\/www.asajacyl.com\/palencia\/asaja-palencia-informa\/la-lonja-de-salamanca-constata-ligeros-retoques-al-alza-en-el-bovino-tanto-de-vida-como-de-sacrificio#primaryimage\",\"url\":\"https:\/\/www.asajacyl.com\/palencia\/wp-content\/uploads\/sites\/3\/2024\/11\/Bovino-carne-ASAJA-Salamanca-web-bis.jpg\",\"contentUrl\":\"https:\/\/www.asajacyl.com\/palencia\/wp-content\/uploads\/sites\/3\/2024\/11\/Bovino-carne-ASAJA-Salamanca-web-bis.jpg\",\"width\":1890,\"height\":1654},{\"@type\":\"BreadcrumbList\",\"@id\":\"https:\/\/www.asajacyl.com\/palencia\/asaja-palencia-informa\/la-lonja-de-salamanca-constata-ligeros-retoques-al-alza-en-el-bovino-tanto-de-vida-como-de-sacrificio#breadcrumb\",\"itemListElement\":[{\"@type\":\"ListItem\",\"position\":1,\"name\":\"Portada\",\"item\":\"https:\/\/www.asajacyl.com\/palencia\/\"},{\"@type\":\"ListItem\",\"position\":2,\"name\":\"La lonja de Salamanca constata ligeros retoques al alza en el bovino tanto de vida como de sacrificio\"}]},{\"@type\":\"WebSite\",\"@id\":\"https:\/\/www.asajacyl.com\/palencia\/#website\",\"url\":\"https:\/\/www.asajacyl.com\/palencia\/\",\"name\":\"ASAJA Palencia\",\"description\":\"Otro sitio m\u00e1s de Provincias ASAJA Castilla y Le\u00f3n\",\"potentialAction\":[{\"@type\":\"SearchAction\",\"target\":{\"@type\":\"EntryPoint\",\"urlTemplate\":\"https:\/\/www.asajacyl.com\/palencia\/?s={search_term_string}\"},\"query-input\":{\"@type\":\"PropertyValueSpecification\",\"valueRequired\":true,\"valueName\":\"search_term_string\"}}],\"inLanguage\":\"es\"},{\"@type\":\"Person\",\"@id\":\"https:\/\/www.asajacyl.com\/palencia\/#\/schema\/person\/3ab17aeb03527485c317557fae64aab1\",\"name\":\"Administrador\",\"image\":{\"@type\":\"ImageObject\",\"inLanguage\":\"es\",\"@id\":\"https:\/\/www.asajacyl.com\/palencia\/#\/schema\/person\/image\/\",\"url\":\"https:\/\/secure.gravatar.com\/avatar\/517384810d242ca9e38c180f3c9fb973?s=96&d=mm&r=g\",\"contentUrl\":\"https:\/\/secure.gravatar.com\/avatar\/517384810d242ca9e38c180f3c9fb973?s=96&d=mm&r=g\",\"caption\":\"Administrador\"},\"url\":\"https:\/\/www.asajacyl.com\/palencia\/author\/carlosrm\"}]}<\/script>\n<!-- \/ Yoast SEO plugin. -->","yoast_head_json":{"title":"La lonja de Salamanca constata ligeros retoques al alza en el bovino tanto de vida como de sacrificio - ASAJA Palencia","description":"La Lonja de Salamanca ha constatado este lunes, 12 de enero, que contin\u00faa fuerte la demanda de bovino, tanto para cr\u00eda como para matadero. Los terneros y","robots":{"index":"index","follow":"follow","max-snippet":"max-snippet:-1","max-image-preview":"max-image-preview:large","max-video-preview":"max-video-preview:-1"},"canonical":"https:\/\/www.asajacyl.com\/palencia\/asaja-palencia-informa\/la-lonja-de-salamanca-constata-ligeros-retoques-al-alza-en-el-bovino-tanto-de-vida-como-de-sacrificio","og_locale":"es_ES","og_type":"article","og_title":"La lonja de Salamanca constata ligeros retoques al alza en el bovino tanto de vida como de sacrificio - ASAJA Palencia","og_description":"La Lonja de Salamanca ha constatado este lunes, 12 de enero, que contin\u00faa fuerte la demanda de bovino, tanto para cr\u00eda como para matadero. Los terneros y","og_url":"https:\/\/www.asajacyl.com\/palencia\/asaja-palencia-informa\/la-lonja-de-salamanca-constata-ligeros-retoques-al-alza-en-el-bovino-tanto-de-vida-como-de-sacrificio","og_site_name":"ASAJA Palencia","article_published_time":"2026-01-13T06:30:00+00:00","og_image":[{"width":1890,"height":1654,"url":"https:\/\/www.asajacyl.com\/palencia\/wp-content\/uploads\/sites\/3\/2024\/11\/Bovino-carne-ASAJA-Salamanca-web-bis.jpg","type":"image\/jpeg"}],"author":"Administrador","twitter_card":"summary_large_image","twitter_misc":{"Escrito por":"Administrador","Tiempo de lectura":"3 minutos"},"schema":{"@context":"https:\/\/schema.org","@graph":[{"@type":"WebPage","@id":"https:\/\/www.asajacyl.com\/palencia\/asaja-palencia-informa\/la-lonja-de-salamanca-constata-ligeros-retoques-al-alza-en-el-bovino-tanto-de-vida-como-de-sacrificio","url":"https:\/\/www.asajacyl.com\/palencia\/asaja-palencia-informa\/la-lonja-de-salamanca-constata-ligeros-retoques-al-alza-en-el-bovino-tanto-de-vida-como-de-sacrificio","name":"La lonja de Salamanca constata ligeros retoques al alza en el bovino tanto de vida como de sacrificio - ASAJA Palencia","isPartOf":{"@id":"https:\/\/www.asajacyl.com\/palencia\/#website"},"primaryImageOfPage":{"@id":"https:\/\/www.asajacyl.com\/palencia\/asaja-palencia-informa\/la-lonja-de-salamanca-constata-ligeros-retoques-al-alza-en-el-bovino-tanto-de-vida-como-de-sacrificio#primaryimage"},"image":{"@id":"https:\/\/www.asajacyl.com\/palencia\/asaja-palencia-informa\/la-lonja-de-salamanca-constata-ligeros-retoques-al-alza-en-el-bovino-tanto-de-vida-como-de-sacrificio#primaryimage"},"thumbnailUrl":"https:\/\/www.asajacyl.com\/palencia\/wp-content\/uploads\/sites\/3\/2024\/11\/Bovino-carne-ASAJA-Salamanca-web-bis.jpg","datePublished":"2026-01-13T06:30:00+00:00","author":{"@id":"https:\/\/www.asajacyl.com\/palencia\/#\/schema\/person\/3ab17aeb03527485c317557fae64aab1"},"description":"La Lonja de Salamanca ha constatado este lunes, 12 de enero, que contin\u00faa fuerte la demanda de bovino, tanto para cr\u00eda como para matadero. Los terneros y","breadcrumb":{"@id":"https:\/\/www.asajacyl.com\/palencia\/asaja-palencia-informa\/la-lonja-de-salamanca-constata-ligeros-retoques-al-alza-en-el-bovino-tanto-de-vida-como-de-sacrificio#breadcrumb"},"inLanguage":"es","potentialAction":[{"@type":"ReadAction","target":["https:\/\/www.asajacyl.com\/palencia\/asaja-palencia-informa\/la-lonja-de-salamanca-constata-ligeros-retoques-al-alza-en-el-bovino-tanto-de-vida-como-de-sacrificio"]}]},{"@type":"ImageObject","inLanguage":"es","@id":"https:\/\/www.asajacyl.com\/palencia\/asaja-palencia-informa\/la-lonja-de-salamanca-constata-ligeros-retoques-al-alza-en-el-bovino-tanto-de-vida-como-de-sacrificio#primaryimage","url":"https:\/\/www.asajacyl.com\/palencia\/wp-content\/uploads\/sites\/3\/2024\/11\/Bovino-carne-ASAJA-Salamanca-web-bis.jpg","contentUrl":"https:\/\/www.asajacyl.com\/palencia\/wp-content\/uploads\/sites\/3\/2024\/11\/Bovino-carne-ASAJA-Salamanca-web-bis.jpg","width":1890,"height":1654},{"@type":"BreadcrumbList","@id":"https:\/\/www.asajacyl.com\/palencia\/asaja-palencia-informa\/la-lonja-de-salamanca-constata-ligeros-retoques-al-alza-en-el-bovino-tanto-de-vida-como-de-sacrificio#breadcrumb","itemListElement":[{"@type":"ListItem","position":1,"name":"Portada","item":"https:\/\/www.asajacyl.com\/palencia\/"},{"@type":"ListItem","position":2,"name":"La lonja de Salamanca constata ligeros retoques al alza en el bovino tanto de vida como de sacrificio"}]},{"@type":"WebSite","@id":"https:\/\/www.asajacyl.com\/palencia\/#website","url":"https:\/\/www.asajacyl.com\/palencia\/","name":"ASAJA Palencia","description":"Otro sitio m\u00e1s de Provincias ASAJA Castilla y Le\u00f3n","potentialAction":[{"@type":"SearchAction","target":{"@type":"EntryPoint","urlTemplate":"https:\/\/www.asajacyl.com\/palencia\/?s={search_term_string}"},"query-input":{"@type":"PropertyValueSpecification","valueRequired":true,"valueName":"search_term_string"}}],"inLanguage":"es"},{"@type":"Person","@id":"https:\/\/www.asajacyl.com\/palencia\/#\/schema\/person\/3ab17aeb03527485c317557fae64aab1","name":"Administrador","image":{"@type":"ImageObject","inLanguage":"es","@id":"https:\/\/www.asajacyl.com\/palencia\/#\/schema\/person\/image\/","url":"https:\/\/secure.gravatar.com\/avatar\/517384810d242ca9e38c180f3c9fb973?s=96&d=mm&r=g","contentUrl":"https:\/\/secure.gravatar.com\/avatar\/517384810d242ca9e38c180f3c9fb973?s=96&d=mm&r=g","caption":"Administrador"},"url":"https:\/\/www.asajacyl.com\/palencia\/author\/carlosrm"}]}},"_links":{"self":[{"href":"https:\/\/www.asajacyl.com\/palencia\/wp-json\/wp\/v2\/posts\/21974"}],"collection":[{"href":"https:\/\/www.asajacyl.com\/palencia\/wp-json\/wp\/v2\/posts"}],"about":[{"href":"https:\/\/www.asajacyl.com\/palencia\/wp-json\/wp\/v2\/types\/post"}],"author":[{"embeddable":true,"href":"https:\/\/www.asajacyl.com\/palencia\/wp-json\/wp\/v2\/users\/9"}],"replies":[{"embeddable":true,"href":"https:\/\/www.asajacyl.com\/palencia\/wp-json\/wp\/v2\/comments?post=21974"}],"version-history":[{"count":2,"href":"https:\/\/www.asajacyl.com\/palencia\/wp-json\/wp\/v2\/posts\/21974\/revisions"}],"predecessor-version":[{"id":21977,"href":"https:\/\/www.asajacyl.com\/palencia\/wp-json\/wp\/v2\/posts\/21974\/revisions\/21977"}],"wp:featuredmedia":[{"embeddable":true,"href":"https:\/\/www.asajacyl.com\/palencia\/wp-json\/wp\/v2\/media\/18115"}],"wp:attachment":[{"href":"https:\/\/www.asajacyl.com\/palencia\/wp-json\/wp\/v2\/media?parent=21974"}],"wp:term":[{"taxonomy":"category","embeddable":true,"href":"https:\/\/www.asajacyl.com\/palencia\/wp-json\/wp\/v2\/categories?post=21974"},{"taxonomy":"post_tag","embeddable":true,"href":"https:\/\/www.asajacyl.com\/palencia\/wp-json\/wp\/v2\/tags?post=21974"}],"curies":[{"name":"wp","href":"https:\/\/api.w.org\/{rel}","templated":true}]}}