{"id":21991,"date":"2026-01-15T07:30:00","date_gmt":"2026-01-15T06:30:00","guid":{"rendered":"https:\/\/www.asajacyl.com\/palencia\/?p=21991"},"modified":"2026-01-14T13:47:17","modified_gmt":"2026-01-14T12:47:17","slug":"total-estabilidad-de-precios-agricolas-en-la-lonja-de-leon-con-nuevas-incertidumbres-a-nivel-mundial","status":"publish","type":"post","link":"https:\/\/www.asajacyl.com\/palencia\/asaja-palencia-informa\/total-estabilidad-de-precios-agricolas-en-la-lonja-de-leon-con-nuevas-incertidumbres-a-nivel-mundial","title":{"rendered":"Total estabilidad de precios agr\u00edcolas en la Lonja de Le\u00f3n, con nuevas incertidumbres a nivel mundial"},"content":{"rendered":"\n<h2 class=\"wp-block-heading\">La estabilidad en todos los precios agr\u00edcolas ha marcado la sesi\u00f3n de la Lonja de Le\u00f3n celebrada esta semana, con un contexto geopol\u00edtico mundial al que se a\u00f1aden nuevos escenarios de incertidumbre. Desde la lonja leonesa destacan que la campa\u00f1a de comercializaci\u00f3n de la patata se halla muy avanzada, sin que se haya detectado ning\u00fan s\u00edntoma de recuperaci\u00f3n en su grave crisis de precios. Y es que esta campa\u00f1a 2025-2026 la patata viene operando en torno a los 120 euros\/tonelada, que supone un 44 % menos que el promedio de su precio en la d\u00e9cada anterior en esa misma lonja. El tub\u00e9rculo se ha depreciado m\u00e1s de la mitad (-57 %) con respecto a la campa\u00f1a 2024-2025, y se paga a una tercera parte (-66 %) de su precio en la 2022-2023, cuando cotizaba a 360 euros\/tonelada.<\/h2>\n\n\n\n<p>Dos factores, seg\u00fan se\u00f1alan desde la Lonja de Le\u00f3n, se han a\u00f1adido a los mercados internacionales, que tanto condicionan los precios de la producci\u00f3n agr\u00edcola nacional. <\/p>\n\n\n\n<p>Por un lado, el anuncio del presidente de Estados Unidos, Donald Trumo, de aplicar un arancel del 25 % a odos los pa\u00edses que comercien con Ir\u00e1n, pa\u00eds inmerso en una cr\u00edtica situaci\u00f3n.<\/p>\n\n\n\n<p>Este arancel complicar\u00eda especialmente las operaciones a dos grandes potencias econ\u00f3micas: China y Brasil, que exporta cerca de nueve millones de toneladas de ma\u00edz a Ir\u00e1n. <\/p>\n\n\n\n<p>Sobre este cereal, esas mismas fuentes a\u00f1aden que el \u00faltimo informe del departamento de Agricultura de Estados Unidos (USDA) sorprendi\u00f3 con el anuncio de un r\u00e9cord de producci\u00f3n en este pa\u00eds, lo que repercuti\u00f3 en una bajada de cotizaci\u00f3n el pasado viernes, que se ha paliado por las noticias geopol\u00edticas.  <\/p>\n\n\n\n<p><strong>PETR\u00d3LEO AL ALZA. <\/strong>El segundo factor, tambi\u00e9n consecuencia de la crisis iran\u00ed, radica en la presi\u00f3n al alza del precio del petr\u00f3leo, que eleva los costes de exportaci\u00f3n. <\/p>\n\n\n\n<p>Con ese tel\u00f3n de fondo y sin la urgencia de cerrar operaciones por la llegada del nuevo ejercicio fiscal, todos los cereales repitieron precio, al igual que sucedi\u00f3 en las mesas de alubias y patata. <\/p>\n\n\n\n<p>Sobre este tub\u00e9rculo, desde la lonja leonesa lamentan que cualquier hipot\u00e9tica recuperaci\u00f3n que pudiera llegar ya, por el contexto internacional, llegar\u00eda tarde, con la comercializaci\u00f3n de la pasada cosecha en su recta final. <\/p>\n\n\n\n<p>En suma, a\u00f1o ruinoso para nuestros cultivadores de patata, en especial para quienes han operado en el mercado libre, sin llevar pactado un precio m\u00ednimo con la industria.<\/p>\n\n\n\n<figure class=\"wp-block-image size-large is-resized\"><img loading=\"lazy\" decoding=\"async\" width=\"1024\" height=\"768\" src=\"https:\/\/www.asajacyl.com\/palencia\/wp-content\/uploads\/sites\/3\/2026\/01\/Precios-agricultura-14enero2025-1024x768.jpg\" alt=\"\" class=\"wp-image-21993\" style=\"width:1064px;height:auto\" srcset=\"https:\/\/www.asajacyl.com\/palencia\/wp-content\/uploads\/sites\/3\/2026\/01\/Precios-agricultura-14enero2025-1024x768.jpg 1024w, https:\/\/www.asajacyl.com\/palencia\/wp-content\/uploads\/sites\/3\/2026\/01\/Precios-agricultura-14enero2025-300x225.jpg 300w, https:\/\/www.asajacyl.com\/palencia\/wp-content\/uploads\/sites\/3\/2026\/01\/Precios-agricultura-14enero2025-768x576.jpg 768w, https:\/\/www.asajacyl.com\/palencia\/wp-content\/uploads\/sites\/3\/2026\/01\/Precios-agricultura-14enero2025-1536x1152.jpg 1536w, https:\/\/www.asajacyl.com\/palencia\/wp-content\/uploads\/sites\/3\/2026\/01\/Precios-agricultura-14enero2025-2048x1536.jpg 2048w, https:\/\/www.asajacyl.com\/palencia\/wp-content\/uploads\/sites\/3\/2026\/01\/Precios-agricultura-14enero2025-560x420.jpg 560w, https:\/\/www.asajacyl.com\/palencia\/wp-content\/uploads\/sites\/3\/2026\/01\/Precios-agricultura-14enero2025-80x60.jpg 80w, https:\/\/www.asajacyl.com\/palencia\/wp-content\/uploads\/sites\/3\/2026\/01\/Precios-agricultura-14enero2025-696x522.jpg 696w, https:\/\/www.asajacyl.com\/palencia\/wp-content\/uploads\/sites\/3\/2026\/01\/Precios-agricultura-14enero2025-1068x801.jpg 1068w, https:\/\/www.asajacyl.com\/palencia\/wp-content\/uploads\/sites\/3\/2026\/01\/Precios-agricultura-14enero2025-1920x1440.jpg 1920w\" sizes=\"(max-width: 1024px) 100vw, 1024px\" \/><\/figure>\n","protected":false},"excerpt":{"rendered":"<p>La estabilidad en todos los precios agr\u00edcolas ha marcado la sesi\u00f3n de la Lonja de Le\u00f3n celebrada esta semana, con un contexto geopol\u00edtico mundial al que se a\u00f1aden nuevos escenarios de incertidumbre. Desde la lonja leonesa destacan que la campa\u00f1a de comercializaci\u00f3n de la patata se halla muy avanzada, sin que se haya detectado ning\u00fan [&hellip;]<\/p>\n","protected":false},"author":9,"featured_media":21995,"comment_status":"open","ping_status":"open","sticky":false,"template":"","format":"standard","meta":{"footnotes":""},"categories":[9,29,36,28,13],"tags":[58,925,1356,46,1693,351,1245,849,147],"yoast_head":"<!-- This site is optimized with the Yoast SEO plugin v24.5 - https:\/\/yoast.com\/wordpress\/plugins\/seo\/ -->\n<title>Total estabilidad de precios agr\u00edcolas en la Lonja de Le\u00f3n, con nuevas incertidumbres a nivel mundial - ASAJA Palencia<\/title>\n<meta name=\"description\" content=\"La estabilidad en todos los precios agr\u00edcolas ha marcado la sesi\u00f3n de la Lonja de Le\u00f3n celebrada esta semana, con un contexto geopol\u00edtico mundial al que\" \/>\n<meta name=\"robots\" content=\"index, follow, max-snippet:-1, max-image-preview:large, max-video-preview:-1\" \/>\n<link rel=\"canonical\" href=\"https:\/\/www.asajacyl.com\/palencia\/asaja-palencia-informa\/total-estabilidad-de-precios-agricolas-en-la-lonja-de-leon-con-nuevas-incertidumbres-a-nivel-mundial\" \/>\n<meta property=\"og:locale\" content=\"es_ES\" \/>\n<meta property=\"og:type\" content=\"article\" \/>\n<meta property=\"og:title\" content=\"Total estabilidad de precios agr\u00edcolas en la Lonja de Le\u00f3n, con nuevas incertidumbres a nivel mundial - ASAJA Palencia\" \/>\n<meta property=\"og:description\" content=\"La estabilidad en todos los precios agr\u00edcolas ha marcado la sesi\u00f3n de la Lonja de Le\u00f3n celebrada esta semana, con un contexto geopol\u00edtico mundial al que\" \/>\n<meta property=\"og:url\" content=\"https:\/\/www.asajacyl.com\/palencia\/asaja-palencia-informa\/total-estabilidad-de-precios-agricolas-en-la-lonja-de-leon-con-nuevas-incertidumbres-a-nivel-mundial\" \/>\n<meta property=\"og:site_name\" content=\"ASAJA Palencia\" \/>\n<meta property=\"article:published_time\" content=\"2026-01-15T06:30:00+00:00\" \/>\n<meta property=\"og:image\" content=\"https:\/\/www.asajacyl.com\/palencia\/wp-content\/uploads\/sites\/3\/2026\/01\/Patatas-Soto-de-Cerrato-web2-1024x896.jpg\" \/>\n\t<meta property=\"og:image:width\" content=\"1024\" \/>\n\t<meta property=\"og:image:height\" content=\"896\" \/>\n\t<meta property=\"og:image:type\" content=\"image\/jpeg\" \/>\n<meta name=\"author\" content=\"Administrador\" \/>\n<meta name=\"twitter:card\" content=\"summary_large_image\" \/>\n<meta name=\"twitter:label1\" content=\"Escrito por\" \/>\n\t<meta name=\"twitter:data1\" content=\"Administrador\" \/>\n\t<meta name=\"twitter:label2\" content=\"Tiempo de lectura\" \/>\n\t<meta name=\"twitter:data2\" content=\"3 minutos\" \/>\n<script type=\"application\/ld+json\" class=\"yoast-schema-graph\">{\"@context\":\"https:\/\/schema.org\",\"@graph\":[{\"@type\":\"WebPage\",\"@id\":\"https:\/\/www.asajacyl.com\/palencia\/asaja-palencia-informa\/total-estabilidad-de-precios-agricolas-en-la-lonja-de-leon-con-nuevas-incertidumbres-a-nivel-mundial\",\"url\":\"https:\/\/www.asajacyl.com\/palencia\/asaja-palencia-informa\/total-estabilidad-de-precios-agricolas-en-la-lonja-de-leon-con-nuevas-incertidumbres-a-nivel-mundial\",\"name\":\"Total estabilidad de precios agr\u00edcolas en la Lonja de Le\u00f3n, con nuevas incertidumbres a nivel mundial - ASAJA Palencia\",\"isPartOf\":{\"@id\":\"https:\/\/www.asajacyl.com\/palencia\/#website\"},\"primaryImageOfPage\":{\"@id\":\"https:\/\/www.asajacyl.com\/palencia\/asaja-palencia-informa\/total-estabilidad-de-precios-agricolas-en-la-lonja-de-leon-con-nuevas-incertidumbres-a-nivel-mundial#primaryimage\"},\"image\":{\"@id\":\"https:\/\/www.asajacyl.com\/palencia\/asaja-palencia-informa\/total-estabilidad-de-precios-agricolas-en-la-lonja-de-leon-con-nuevas-incertidumbres-a-nivel-mundial#primaryimage\"},\"thumbnailUrl\":\"https:\/\/www.asajacyl.com\/palencia\/wp-content\/uploads\/sites\/3\/2026\/01\/Patatas-Soto-de-Cerrato-web2.jpg\",\"datePublished\":\"2026-01-15T06:30:00+00:00\",\"author\":{\"@id\":\"https:\/\/www.asajacyl.com\/palencia\/#\/schema\/person\/3ab17aeb03527485c317557fae64aab1\"},\"description\":\"La estabilidad en todos los precios agr\u00edcolas ha marcado la sesi\u00f3n de la Lonja de Le\u00f3n celebrada esta semana, con un contexto geopol\u00edtico mundial al que\",\"breadcrumb\":{\"@id\":\"https:\/\/www.asajacyl.com\/palencia\/asaja-palencia-informa\/total-estabilidad-de-precios-agricolas-en-la-lonja-de-leon-con-nuevas-incertidumbres-a-nivel-mundial#breadcrumb\"},\"inLanguage\":\"es\",\"potentialAction\":[{\"@type\":\"ReadAction\",\"target\":[\"https:\/\/www.asajacyl.com\/palencia\/asaja-palencia-informa\/total-estabilidad-de-precios-agricolas-en-la-lonja-de-leon-con-nuevas-incertidumbres-a-nivel-mundial\"]}]},{\"@type\":\"ImageObject\",\"inLanguage\":\"es\",\"@id\":\"https:\/\/www.asajacyl.com\/palencia\/asaja-palencia-informa\/total-estabilidad-de-precios-agricolas-en-la-lonja-de-leon-con-nuevas-incertidumbres-a-nivel-mundial#primaryimage\",\"url\":\"https:\/\/www.asajacyl.com\/palencia\/wp-content\/uploads\/sites\/3\/2026\/01\/Patatas-Soto-de-Cerrato-web2.jpg\",\"contentUrl\":\"https:\/\/www.asajacyl.com\/palencia\/wp-content\/uploads\/sites\/3\/2026\/01\/Patatas-Soto-de-Cerrato-web2.jpg\",\"width\":1890,\"height\":1654},{\"@type\":\"BreadcrumbList\",\"@id\":\"https:\/\/www.asajacyl.com\/palencia\/asaja-palencia-informa\/total-estabilidad-de-precios-agricolas-en-la-lonja-de-leon-con-nuevas-incertidumbres-a-nivel-mundial#breadcrumb\",\"itemListElement\":[{\"@type\":\"ListItem\",\"position\":1,\"name\":\"Portada\",\"item\":\"https:\/\/www.asajacyl.com\/palencia\/\"},{\"@type\":\"ListItem\",\"position\":2,\"name\":\"Total estabilidad de precios agr\u00edcolas en la Lonja de Le\u00f3n, con nuevas incertidumbres a nivel mundial\"}]},{\"@type\":\"WebSite\",\"@id\":\"https:\/\/www.asajacyl.com\/palencia\/#website\",\"url\":\"https:\/\/www.asajacyl.com\/palencia\/\",\"name\":\"ASAJA Palencia\",\"description\":\"Otro sitio m\u00e1s de Provincias ASAJA Castilla y Le\u00f3n\",\"potentialAction\":[{\"@type\":\"SearchAction\",\"target\":{\"@type\":\"EntryPoint\",\"urlTemplate\":\"https:\/\/www.asajacyl.com\/palencia\/?s={search_term_string}\"},\"query-input\":{\"@type\":\"PropertyValueSpecification\",\"valueRequired\":true,\"valueName\":\"search_term_string\"}}],\"inLanguage\":\"es\"},{\"@type\":\"Person\",\"@id\":\"https:\/\/www.asajacyl.com\/palencia\/#\/schema\/person\/3ab17aeb03527485c317557fae64aab1\",\"name\":\"Administrador\",\"image\":{\"@type\":\"ImageObject\",\"inLanguage\":\"es\",\"@id\":\"https:\/\/www.asajacyl.com\/palencia\/#\/schema\/person\/image\/\",\"url\":\"https:\/\/secure.gravatar.com\/avatar\/517384810d242ca9e38c180f3c9fb973?s=96&d=mm&r=g\",\"contentUrl\":\"https:\/\/secure.gravatar.com\/avatar\/517384810d242ca9e38c180f3c9fb973?s=96&d=mm&r=g\",\"caption\":\"Administrador\"},\"url\":\"https:\/\/www.asajacyl.com\/palencia\/author\/carlosrm\"}]}<\/script>\n<!-- \/ Yoast SEO plugin. -->","yoast_head_json":{"title":"Total estabilidad de precios agr\u00edcolas en la Lonja de Le\u00f3n, con nuevas incertidumbres a nivel mundial - ASAJA Palencia","description":"La estabilidad en todos los precios agr\u00edcolas ha marcado la sesi\u00f3n de la Lonja de Le\u00f3n celebrada esta semana, con un contexto geopol\u00edtico mundial al que","robots":{"index":"index","follow":"follow","max-snippet":"max-snippet:-1","max-image-preview":"max-image-preview:large","max-video-preview":"max-video-preview:-1"},"canonical":"https:\/\/www.asajacyl.com\/palencia\/asaja-palencia-informa\/total-estabilidad-de-precios-agricolas-en-la-lonja-de-leon-con-nuevas-incertidumbres-a-nivel-mundial","og_locale":"es_ES","og_type":"article","og_title":"Total estabilidad de precios agr\u00edcolas en la Lonja de Le\u00f3n, con nuevas incertidumbres a nivel mundial - ASAJA Palencia","og_description":"La estabilidad en todos los precios agr\u00edcolas ha marcado la sesi\u00f3n de la Lonja de Le\u00f3n celebrada esta semana, con un contexto geopol\u00edtico mundial al que","og_url":"https:\/\/www.asajacyl.com\/palencia\/asaja-palencia-informa\/total-estabilidad-de-precios-agricolas-en-la-lonja-de-leon-con-nuevas-incertidumbres-a-nivel-mundial","og_site_name":"ASAJA Palencia","article_published_time":"2026-01-15T06:30:00+00:00","og_image":[{"width":1024,"height":896,"url":"https:\/\/www.asajacyl.com\/palencia\/wp-content\/uploads\/sites\/3\/2026\/01\/Patatas-Soto-de-Cerrato-web2-1024x896.jpg","type":"image\/jpeg"}],"author":"Administrador","twitter_card":"summary_large_image","twitter_misc":{"Escrito por":"Administrador","Tiempo de lectura":"3 minutos"},"schema":{"@context":"https:\/\/schema.org","@graph":[{"@type":"WebPage","@id":"https:\/\/www.asajacyl.com\/palencia\/asaja-palencia-informa\/total-estabilidad-de-precios-agricolas-en-la-lonja-de-leon-con-nuevas-incertidumbres-a-nivel-mundial","url":"https:\/\/www.asajacyl.com\/palencia\/asaja-palencia-informa\/total-estabilidad-de-precios-agricolas-en-la-lonja-de-leon-con-nuevas-incertidumbres-a-nivel-mundial","name":"Total estabilidad de precios agr\u00edcolas en la Lonja de Le\u00f3n, con nuevas incertidumbres a nivel mundial - ASAJA Palencia","isPartOf":{"@id":"https:\/\/www.asajacyl.com\/palencia\/#website"},"primaryImageOfPage":{"@id":"https:\/\/www.asajacyl.com\/palencia\/asaja-palencia-informa\/total-estabilidad-de-precios-agricolas-en-la-lonja-de-leon-con-nuevas-incertidumbres-a-nivel-mundial#primaryimage"},"image":{"@id":"https:\/\/www.asajacyl.com\/palencia\/asaja-palencia-informa\/total-estabilidad-de-precios-agricolas-en-la-lonja-de-leon-con-nuevas-incertidumbres-a-nivel-mundial#primaryimage"},"thumbnailUrl":"https:\/\/www.asajacyl.com\/palencia\/wp-content\/uploads\/sites\/3\/2026\/01\/Patatas-Soto-de-Cerrato-web2.jpg","datePublished":"2026-01-15T06:30:00+00:00","author":{"@id":"https:\/\/www.asajacyl.com\/palencia\/#\/schema\/person\/3ab17aeb03527485c317557fae64aab1"},"description":"La estabilidad en todos los precios agr\u00edcolas ha marcado la sesi\u00f3n de la Lonja de Le\u00f3n celebrada esta semana, con un contexto geopol\u00edtico mundial al que","breadcrumb":{"@id":"https:\/\/www.asajacyl.com\/palencia\/asaja-palencia-informa\/total-estabilidad-de-precios-agricolas-en-la-lonja-de-leon-con-nuevas-incertidumbres-a-nivel-mundial#breadcrumb"},"inLanguage":"es","potentialAction":[{"@type":"ReadAction","target":["https:\/\/www.asajacyl.com\/palencia\/asaja-palencia-informa\/total-estabilidad-de-precios-agricolas-en-la-lonja-de-leon-con-nuevas-incertidumbres-a-nivel-mundial"]}]},{"@type":"ImageObject","inLanguage":"es","@id":"https:\/\/www.asajacyl.com\/palencia\/asaja-palencia-informa\/total-estabilidad-de-precios-agricolas-en-la-lonja-de-leon-con-nuevas-incertidumbres-a-nivel-mundial#primaryimage","url":"https:\/\/www.asajacyl.com\/palencia\/wp-content\/uploads\/sites\/3\/2026\/01\/Patatas-Soto-de-Cerrato-web2.jpg","contentUrl":"https:\/\/www.asajacyl.com\/palencia\/wp-content\/uploads\/sites\/3\/2026\/01\/Patatas-Soto-de-Cerrato-web2.jpg","width":1890,"height":1654},{"@type":"BreadcrumbList","@id":"https:\/\/www.asajacyl.com\/palencia\/asaja-palencia-informa\/total-estabilidad-de-precios-agricolas-en-la-lonja-de-leon-con-nuevas-incertidumbres-a-nivel-mundial#breadcrumb","itemListElement":[{"@type":"ListItem","position":1,"name":"Portada","item":"https:\/\/www.asajacyl.com\/palencia\/"},{"@type":"ListItem","position":2,"name":"Total estabilidad de precios agr\u00edcolas en la Lonja de Le\u00f3n, con nuevas incertidumbres a nivel mundial"}]},{"@type":"WebSite","@id":"https:\/\/www.asajacyl.com\/palencia\/#website","url":"https:\/\/www.asajacyl.com\/palencia\/","name":"ASAJA Palencia","description":"Otro sitio m\u00e1s de Provincias ASAJA Castilla y Le\u00f3n","potentialAction":[{"@type":"SearchAction","target":{"@type":"EntryPoint","urlTemplate":"https:\/\/www.asajacyl.com\/palencia\/?s={search_term_string}"},"query-input":{"@type":"PropertyValueSpecification","valueRequired":true,"valueName":"search_term_string"}}],"inLanguage":"es"},{"@type":"Person","@id":"https:\/\/www.asajacyl.com\/palencia\/#\/schema\/person\/3ab17aeb03527485c317557fae64aab1","name":"Administrador","image":{"@type":"ImageObject","inLanguage":"es","@id":"https:\/\/www.asajacyl.com\/palencia\/#\/schema\/person\/image\/","url":"https:\/\/secure.gravatar.com\/avatar\/517384810d242ca9e38c180f3c9fb973?s=96&d=mm&r=g","contentUrl":"https:\/\/secure.gravatar.com\/avatar\/517384810d242ca9e38c180f3c9fb973?s=96&d=mm&r=g","caption":"Administrador"},"url":"https:\/\/www.asajacyl.com\/palencia\/author\/carlosrm"}]}},"_links":{"self":[{"href":"https:\/\/www.asajacyl.com\/palencia\/wp-json\/wp\/v2\/posts\/21991"}],"collection":[{"href":"https:\/\/www.asajacyl.com\/palencia\/wp-json\/wp\/v2\/posts"}],"about":[{"href":"https:\/\/www.asajacyl.com\/palencia\/wp-json\/wp\/v2\/types\/post"}],"author":[{"embeddable":true,"href":"https:\/\/www.asajacyl.com\/palencia\/wp-json\/wp\/v2\/users\/9"}],"replies":[{"embeddable":true,"href":"https:\/\/www.asajacyl.com\/palencia\/wp-json\/wp\/v2\/comments?post=21991"}],"version-history":[{"count":4,"href":"https:\/\/www.asajacyl.com\/palencia\/wp-json\/wp\/v2\/posts\/21991\/revisions"}],"predecessor-version":[{"id":21998,"href":"https:\/\/www.asajacyl.com\/palencia\/wp-json\/wp\/v2\/posts\/21991\/revisions\/21998"}],"wp:featuredmedia":[{"embeddable":true,"href":"https:\/\/www.asajacyl.com\/palencia\/wp-json\/wp\/v2\/media\/21995"}],"wp:attachment":[{"href":"https:\/\/www.asajacyl.com\/palencia\/wp-json\/wp\/v2\/media?parent=21991"}],"wp:term":[{"taxonomy":"category","embeddable":true,"href":"https:\/\/www.asajacyl.com\/palencia\/wp-json\/wp\/v2\/categories?post=21991"},{"taxonomy":"post_tag","embeddable":true,"href":"https:\/\/www.asajacyl.com\/palencia\/wp-json\/wp\/v2\/tags?post=21991"}],"curies":[{"name":"wp","href":"https:\/\/api.w.org\/{rel}","templated":true}]}}