{"id":21999,"date":"2026-01-15T13:40:06","date_gmt":"2026-01-15T12:40:06","guid":{"rendered":"https:\/\/www.asajacyl.com\/palencia\/?p=21999"},"modified":"2026-01-15T13:40:08","modified_gmt":"2026-01-15T12:40:08","slug":"asaja-gestiono-en-palencia-dos-de-cada-tres-ayudas-a-la-incorporacion-y-modernizacion-agraria-de-2025","status":"publish","type":"post","link":"https:\/\/www.asajacyl.com\/palencia\/asaja-palencia-informa\/asaja-gestiono-en-palencia-dos-de-cada-tres-ayudas-a-la-incorporacion-y-modernizacion-agraria-de-2025","title":{"rendered":"ASAJA gestion\u00f3 en Palencia dos de cada tres ayudas a la incorporaci\u00f3n y modernizaci\u00f3n agraria de 2025"},"content":{"rendered":"\n<h2 class=\"wp-block-heading\">ASAJA-Palencia ha vuelto una convocatoria m\u00e1s a liderar la gesti\u00f3n y tramitaci\u00f3n de solicitudes de ayudas de desarrollo rural a la incorporaci\u00f3n de j\u00f3venes profesionales y a la modernizaci\u00f3n de las explotaciones agrarias. Dos de cada tres expedientes (67 %) que se presentaron ante la Junta de Castilla y Le\u00f3n en la convocatoria de 2025 se elaboraron y tramitaron por parte de los t\u00e9cnicos de nuestra organizaci\u00f3n agraria. Los 283 expedientes de nuestra provincia (190 de ellos gestionados desde ASAJA-Palencia) han supuesto en total m\u00e1s de 12,8 millones en ayudas, lo que representa aproximadamente una d\u00e9cima parte del total concedido en la comunidad (cerca de 128,55 millones de euros).<\/h2>\n\n\n\n<p>Se mantuvieron las tres l\u00edneas de ayuda (ahora denominadas intervenciones) en la \u00faltima convocatoria, cerrada el pasado 31 de octubre, si bien p<span style=\"text-decoration: underline\">ueden seguir present\u00e1ndose solicitudes a la administraci\u00f3n regional entre convocatorias<\/span>:<\/p>\n\n\n\n<ul>\n<li>Ayudas a inversiones productivas en explotaciones agrarias para mitigar el\u00a0<strong>cambio clim\u00e1tico<\/strong>, o adaptarse a \u00e9l;\u00a0<strong>uso m\u00e1s eficiente de los recursos\u00a0<\/strong>naturales y el\u00a0<strong>bienestar animal\u00a0<\/strong>(sufragan el 40 % del importe de la inversi\u00f3n auxiliable \u2014que no podr\u00e1 superar los 200 000 \u20ac por explotaci\u00f3n\u2014, porcentaje que puede aumentar hasta en un 25 % por factores diversos y el cumplimiento de ciertos requisitos).<br><em>En esta l\u00ednea se han presentado en la provincia de Palencia 21 expedientes (13 de ellos, desde ASAJA-Palencia, el 62 % del total).<\/em><\/li>\n\n\n\n<li>Ayudas a inversiones en\u00a0<strong>modernizaci\u00f3n o mejora de<\/strong>\u00a0<strong>explotaciones agrarias\u00a0<\/strong>(sufragan tambi\u00e9n el 40 % de la inversi\u00f3n auxiliable, con un m\u00e1ximo de 100 000 \u20ac por UTA \u2014unidad de trabajo agr\u00edcola\/a\u00f1o\u2014, con un m\u00e1ximo de 200 000 \u20ac por explotaci\u00f3n; y tambi\u00e9n con aumentos de hasta el 25 % por ciertos factores y requisitos).<br><em>En esta l\u00ednea \u2014entendida como planes de mejora sin incorporaci\u00f3n de nuevo profesional\u2014 se han presentado en la provincia de Palencia 176 expedientes (131 de ellos, desde ASAJA-Palencia, el 74 %; es decir, pr\u00e1cticamente tres de cada cuatro).<\/em><\/li>\n\n\n\n<li><strong>Establecimiento de j\u00f3venes&nbsp;<\/strong>en el sector agroganadero (se establece un importe base de ayuda de 30 000 \u20ac, que podr\u00e1 aumentar seg\u00fan diversos criterios, pero nunca superar los 100 000 \u20ac, ni el importe de los gastos e inversiones de establecimiento incluidos en el plan empresarial).&nbsp;Esta intervenci\u00f3n pod\u00eda combinarse con las anteriores.<br><em>De hecho, de las 86 de nuevo establecimiento presentadas en Palencia, 34 concurr\u00edan tambi\u00e9n con un plan de mejora. En este caso, las tranmitadas desde ASAJA-Palencia han sido 46 establecimientos (algo m\u00e1s de la mitad del total, el 53 %), de las que 21 presentaban plan de mejora o modernizaci\u00f3n.<\/em><\/li>\n<\/ul>\n\n\n\n<p>ASAJA-Palencia muestra su satisfacci\u00f3n y agradecimiento a los asociados por su confianza en la organizaci\u00f3n para la elaboraci\u00f3n y tr\u00e1mite de estas importantes ayudas, tanto en t\u00e9rminos puramente econ\u00f3micos, como para el rejuvenecimiento y la modernizaci\u00f3n del sector agroganadero en nuestra provincia, tan necesarios para el futuro de la actividad agr\u00edcola y pecuaria.<strong>\/<\/strong><\/p>\n","protected":false},"excerpt":{"rendered":"<p>ASAJA-Palencia ha vuelto una convocatoria m\u00e1s a liderar la gesti\u00f3n y tramitaci\u00f3n de solicitudes de ayudas de desarrollo rural a la incorporaci\u00f3n de j\u00f3venes profesionales y a la modernizaci\u00f3n de las explotaciones agrarias. Dos de cada tres expedientes (67 %) que se presentaron ante la Junta de Castilla y Le\u00f3n en la convocatoria de 2025 [&hellip;]<\/p>\n","protected":false},"author":9,"featured_media":22004,"comment_status":"open","ping_status":"open","sticky":false,"template":"","format":"standard","meta":{"footnotes":""},"categories":[9,28],"tags":[58,142,351,370,77,754,297,1694,232],"yoast_head":"<!-- This site is optimized with the Yoast SEO plugin v24.5 - https:\/\/yoast.com\/wordpress\/plugins\/seo\/ -->\n<title>ASAJA gestion\u00f3 en Palencia dos de cada tres ayudas a la incorporaci\u00f3n y modernizaci\u00f3n agraria de 2025 - ASAJA Palencia<\/title>\n<meta name=\"description\" content=\"ASAJA-Palencia ha vuelto una convocatoria m\u00e1s a liderar la gesti\u00f3n y tramitaci\u00f3n de solicitudes de ayudas de desarrollo rural a la incorporaci\u00f3n de\" \/>\n<meta name=\"robots\" content=\"index, follow, max-snippet:-1, max-image-preview:large, max-video-preview:-1\" \/>\n<link rel=\"canonical\" href=\"https:\/\/www.asajacyl.com\/palencia\/asaja-palencia-informa\/asaja-gestiono-en-palencia-dos-de-cada-tres-ayudas-a-la-incorporacion-y-modernizacion-agraria-de-2025\" \/>\n<meta property=\"og:locale\" content=\"es_ES\" \/>\n<meta property=\"og:type\" content=\"article\" \/>\n<meta property=\"og:title\" content=\"ASAJA gestion\u00f3 en Palencia dos de cada tres ayudas a la incorporaci\u00f3n y modernizaci\u00f3n agraria de 2025 - ASAJA Palencia\" \/>\n<meta property=\"og:description\" content=\"ASAJA-Palencia ha vuelto una convocatoria m\u00e1s a liderar la gesti\u00f3n y tramitaci\u00f3n de solicitudes de ayudas de desarrollo rural a la incorporaci\u00f3n de\" \/>\n<meta property=\"og:url\" content=\"https:\/\/www.asajacyl.com\/palencia\/asaja-palencia-informa\/asaja-gestiono-en-palencia-dos-de-cada-tres-ayudas-a-la-incorporacion-y-modernizacion-agraria-de-2025\" \/>\n<meta property=\"og:site_name\" content=\"ASAJA Palencia\" \/>\n<meta property=\"article:published_time\" content=\"2026-01-15T12:40:06+00:00\" \/>\n<meta property=\"article:modified_time\" content=\"2026-01-15T12:40:08+00:00\" \/>\n<meta property=\"og:image\" content=\"https:\/\/www.asajacyl.com\/palencia\/wp-content\/uploads\/sites\/3\/2026\/01\/modernizacion-joven-agricultor-relevo-generacional-web-1024x896.jpg\" \/>\n\t<meta property=\"og:image:width\" content=\"1024\" \/>\n\t<meta property=\"og:image:height\" content=\"896\" \/>\n\t<meta property=\"og:image:type\" content=\"image\/jpeg\" \/>\n<meta name=\"author\" content=\"Administrador\" \/>\n<meta name=\"twitter:card\" content=\"summary_large_image\" \/>\n<meta name=\"twitter:label1\" content=\"Escrito por\" \/>\n\t<meta name=\"twitter:data1\" content=\"Administrador\" \/>\n\t<meta name=\"twitter:label2\" content=\"Tiempo de lectura\" \/>\n\t<meta name=\"twitter:data2\" content=\"3 minutos\" \/>\n<script type=\"application\/ld+json\" class=\"yoast-schema-graph\">{\"@context\":\"https:\/\/schema.org\",\"@graph\":[{\"@type\":\"WebPage\",\"@id\":\"https:\/\/www.asajacyl.com\/palencia\/asaja-palencia-informa\/asaja-gestiono-en-palencia-dos-de-cada-tres-ayudas-a-la-incorporacion-y-modernizacion-agraria-de-2025\",\"url\":\"https:\/\/www.asajacyl.com\/palencia\/asaja-palencia-informa\/asaja-gestiono-en-palencia-dos-de-cada-tres-ayudas-a-la-incorporacion-y-modernizacion-agraria-de-2025\",\"name\":\"ASAJA gestion\u00f3 en Palencia dos de cada tres ayudas a la incorporaci\u00f3n y modernizaci\u00f3n agraria de 2025 - ASAJA Palencia\",\"isPartOf\":{\"@id\":\"https:\/\/www.asajacyl.com\/palencia\/#website\"},\"primaryImageOfPage\":{\"@id\":\"https:\/\/www.asajacyl.com\/palencia\/asaja-palencia-informa\/asaja-gestiono-en-palencia-dos-de-cada-tres-ayudas-a-la-incorporacion-y-modernizacion-agraria-de-2025#primaryimage\"},\"image\":{\"@id\":\"https:\/\/www.asajacyl.com\/palencia\/asaja-palencia-informa\/asaja-gestiono-en-palencia-dos-de-cada-tres-ayudas-a-la-incorporacion-y-modernizacion-agraria-de-2025#primaryimage\"},\"thumbnailUrl\":\"https:\/\/www.asajacyl.com\/palencia\/wp-content\/uploads\/sites\/3\/2026\/01\/modernizacion-joven-agricultor-relevo-generacional-web.jpg\",\"datePublished\":\"2026-01-15T12:40:06+00:00\",\"dateModified\":\"2026-01-15T12:40:08+00:00\",\"author\":{\"@id\":\"https:\/\/www.asajacyl.com\/palencia\/#\/schema\/person\/3ab17aeb03527485c317557fae64aab1\"},\"description\":\"ASAJA-Palencia ha vuelto una convocatoria m\u00e1s a liderar la gesti\u00f3n y tramitaci\u00f3n de solicitudes de ayudas de desarrollo rural a la incorporaci\u00f3n de\",\"breadcrumb\":{\"@id\":\"https:\/\/www.asajacyl.com\/palencia\/asaja-palencia-informa\/asaja-gestiono-en-palencia-dos-de-cada-tres-ayudas-a-la-incorporacion-y-modernizacion-agraria-de-2025#breadcrumb\"},\"inLanguage\":\"es\",\"potentialAction\":[{\"@type\":\"ReadAction\",\"target\":[\"https:\/\/www.asajacyl.com\/palencia\/asaja-palencia-informa\/asaja-gestiono-en-palencia-dos-de-cada-tres-ayudas-a-la-incorporacion-y-modernizacion-agraria-de-2025\"]}]},{\"@type\":\"ImageObject\",\"inLanguage\":\"es\",\"@id\":\"https:\/\/www.asajacyl.com\/palencia\/asaja-palencia-informa\/asaja-gestiono-en-palencia-dos-de-cada-tres-ayudas-a-la-incorporacion-y-modernizacion-agraria-de-2025#primaryimage\",\"url\":\"https:\/\/www.asajacyl.com\/palencia\/wp-content\/uploads\/sites\/3\/2026\/01\/modernizacion-joven-agricultor-relevo-generacional-web.jpg\",\"contentUrl\":\"https:\/\/www.asajacyl.com\/palencia\/wp-content\/uploads\/sites\/3\/2026\/01\/modernizacion-joven-agricultor-relevo-generacional-web.jpg\",\"width\":1890,\"height\":1654},{\"@type\":\"BreadcrumbList\",\"@id\":\"https:\/\/www.asajacyl.com\/palencia\/asaja-palencia-informa\/asaja-gestiono-en-palencia-dos-de-cada-tres-ayudas-a-la-incorporacion-y-modernizacion-agraria-de-2025#breadcrumb\",\"itemListElement\":[{\"@type\":\"ListItem\",\"position\":1,\"name\":\"Portada\",\"item\":\"https:\/\/www.asajacyl.com\/palencia\/\"},{\"@type\":\"ListItem\",\"position\":2,\"name\":\"ASAJA gestion\u00f3 en Palencia dos de cada tres ayudas a la incorporaci\u00f3n y modernizaci\u00f3n agraria de 2025\"}]},{\"@type\":\"WebSite\",\"@id\":\"https:\/\/www.asajacyl.com\/palencia\/#website\",\"url\":\"https:\/\/www.asajacyl.com\/palencia\/\",\"name\":\"ASAJA Palencia\",\"description\":\"Otro sitio m\u00e1s de Provincias ASAJA Castilla y Le\u00f3n\",\"potentialAction\":[{\"@type\":\"SearchAction\",\"target\":{\"@type\":\"EntryPoint\",\"urlTemplate\":\"https:\/\/www.asajacyl.com\/palencia\/?s={search_term_string}\"},\"query-input\":{\"@type\":\"PropertyValueSpecification\",\"valueRequired\":true,\"valueName\":\"search_term_string\"}}],\"inLanguage\":\"es\"},{\"@type\":\"Person\",\"@id\":\"https:\/\/www.asajacyl.com\/palencia\/#\/schema\/person\/3ab17aeb03527485c317557fae64aab1\",\"name\":\"Administrador\",\"image\":{\"@type\":\"ImageObject\",\"inLanguage\":\"es\",\"@id\":\"https:\/\/www.asajacyl.com\/palencia\/#\/schema\/person\/image\/\",\"url\":\"https:\/\/secure.gravatar.com\/avatar\/517384810d242ca9e38c180f3c9fb973?s=96&d=mm&r=g\",\"contentUrl\":\"https:\/\/secure.gravatar.com\/avatar\/517384810d242ca9e38c180f3c9fb973?s=96&d=mm&r=g\",\"caption\":\"Administrador\"},\"url\":\"https:\/\/www.asajacyl.com\/palencia\/author\/carlosrm\"}]}<\/script>\n<!-- \/ Yoast SEO plugin. -->","yoast_head_json":{"title":"ASAJA gestion\u00f3 en Palencia dos de cada tres ayudas a la incorporaci\u00f3n y modernizaci\u00f3n agraria de 2025 - ASAJA Palencia","description":"ASAJA-Palencia ha vuelto una convocatoria m\u00e1s a liderar la gesti\u00f3n y tramitaci\u00f3n de solicitudes de ayudas de desarrollo rural a la incorporaci\u00f3n de","robots":{"index":"index","follow":"follow","max-snippet":"max-snippet:-1","max-image-preview":"max-image-preview:large","max-video-preview":"max-video-preview:-1"},"canonical":"https:\/\/www.asajacyl.com\/palencia\/asaja-palencia-informa\/asaja-gestiono-en-palencia-dos-de-cada-tres-ayudas-a-la-incorporacion-y-modernizacion-agraria-de-2025","og_locale":"es_ES","og_type":"article","og_title":"ASAJA gestion\u00f3 en Palencia dos de cada tres ayudas a la incorporaci\u00f3n y modernizaci\u00f3n agraria de 2025 - ASAJA Palencia","og_description":"ASAJA-Palencia ha vuelto una convocatoria m\u00e1s a liderar la gesti\u00f3n y tramitaci\u00f3n de solicitudes de ayudas de desarrollo rural a la incorporaci\u00f3n de","og_url":"https:\/\/www.asajacyl.com\/palencia\/asaja-palencia-informa\/asaja-gestiono-en-palencia-dos-de-cada-tres-ayudas-a-la-incorporacion-y-modernizacion-agraria-de-2025","og_site_name":"ASAJA Palencia","article_published_time":"2026-01-15T12:40:06+00:00","article_modified_time":"2026-01-15T12:40:08+00:00","og_image":[{"width":1024,"height":896,"url":"https:\/\/www.asajacyl.com\/palencia\/wp-content\/uploads\/sites\/3\/2026\/01\/modernizacion-joven-agricultor-relevo-generacional-web-1024x896.jpg","type":"image\/jpeg"}],"author":"Administrador","twitter_card":"summary_large_image","twitter_misc":{"Escrito por":"Administrador","Tiempo de lectura":"3 minutos"},"schema":{"@context":"https:\/\/schema.org","@graph":[{"@type":"WebPage","@id":"https:\/\/www.asajacyl.com\/palencia\/asaja-palencia-informa\/asaja-gestiono-en-palencia-dos-de-cada-tres-ayudas-a-la-incorporacion-y-modernizacion-agraria-de-2025","url":"https:\/\/www.asajacyl.com\/palencia\/asaja-palencia-informa\/asaja-gestiono-en-palencia-dos-de-cada-tres-ayudas-a-la-incorporacion-y-modernizacion-agraria-de-2025","name":"ASAJA gestion\u00f3 en Palencia dos de cada tres ayudas a la incorporaci\u00f3n y modernizaci\u00f3n agraria de 2025 - ASAJA Palencia","isPartOf":{"@id":"https:\/\/www.asajacyl.com\/palencia\/#website"},"primaryImageOfPage":{"@id":"https:\/\/www.asajacyl.com\/palencia\/asaja-palencia-informa\/asaja-gestiono-en-palencia-dos-de-cada-tres-ayudas-a-la-incorporacion-y-modernizacion-agraria-de-2025#primaryimage"},"image":{"@id":"https:\/\/www.asajacyl.com\/palencia\/asaja-palencia-informa\/asaja-gestiono-en-palencia-dos-de-cada-tres-ayudas-a-la-incorporacion-y-modernizacion-agraria-de-2025#primaryimage"},"thumbnailUrl":"https:\/\/www.asajacyl.com\/palencia\/wp-content\/uploads\/sites\/3\/2026\/01\/modernizacion-joven-agricultor-relevo-generacional-web.jpg","datePublished":"2026-01-15T12:40:06+00:00","dateModified":"2026-01-15T12:40:08+00:00","author":{"@id":"https:\/\/www.asajacyl.com\/palencia\/#\/schema\/person\/3ab17aeb03527485c317557fae64aab1"},"description":"ASAJA-Palencia ha vuelto una convocatoria m\u00e1s a liderar la gesti\u00f3n y tramitaci\u00f3n de solicitudes de ayudas de desarrollo rural a la incorporaci\u00f3n de","breadcrumb":{"@id":"https:\/\/www.asajacyl.com\/palencia\/asaja-palencia-informa\/asaja-gestiono-en-palencia-dos-de-cada-tres-ayudas-a-la-incorporacion-y-modernizacion-agraria-de-2025#breadcrumb"},"inLanguage":"es","potentialAction":[{"@type":"ReadAction","target":["https:\/\/www.asajacyl.com\/palencia\/asaja-palencia-informa\/asaja-gestiono-en-palencia-dos-de-cada-tres-ayudas-a-la-incorporacion-y-modernizacion-agraria-de-2025"]}]},{"@type":"ImageObject","inLanguage":"es","@id":"https:\/\/www.asajacyl.com\/palencia\/asaja-palencia-informa\/asaja-gestiono-en-palencia-dos-de-cada-tres-ayudas-a-la-incorporacion-y-modernizacion-agraria-de-2025#primaryimage","url":"https:\/\/www.asajacyl.com\/palencia\/wp-content\/uploads\/sites\/3\/2026\/01\/modernizacion-joven-agricultor-relevo-generacional-web.jpg","contentUrl":"https:\/\/www.asajacyl.com\/palencia\/wp-content\/uploads\/sites\/3\/2026\/01\/modernizacion-joven-agricultor-relevo-generacional-web.jpg","width":1890,"height":1654},{"@type":"BreadcrumbList","@id":"https:\/\/www.asajacyl.com\/palencia\/asaja-palencia-informa\/asaja-gestiono-en-palencia-dos-de-cada-tres-ayudas-a-la-incorporacion-y-modernizacion-agraria-de-2025#breadcrumb","itemListElement":[{"@type":"ListItem","position":1,"name":"Portada","item":"https:\/\/www.asajacyl.com\/palencia\/"},{"@type":"ListItem","position":2,"name":"ASAJA gestion\u00f3 en Palencia dos de cada tres ayudas a la incorporaci\u00f3n y modernizaci\u00f3n agraria de 2025"}]},{"@type":"WebSite","@id":"https:\/\/www.asajacyl.com\/palencia\/#website","url":"https:\/\/www.asajacyl.com\/palencia\/","name":"ASAJA Palencia","description":"Otro sitio m\u00e1s de Provincias ASAJA Castilla y Le\u00f3n","potentialAction":[{"@type":"SearchAction","target":{"@type":"EntryPoint","urlTemplate":"https:\/\/www.asajacyl.com\/palencia\/?s={search_term_string}"},"query-input":{"@type":"PropertyValueSpecification","valueRequired":true,"valueName":"search_term_string"}}],"inLanguage":"es"},{"@type":"Person","@id":"https:\/\/www.asajacyl.com\/palencia\/#\/schema\/person\/3ab17aeb03527485c317557fae64aab1","name":"Administrador","image":{"@type":"ImageObject","inLanguage":"es","@id":"https:\/\/www.asajacyl.com\/palencia\/#\/schema\/person\/image\/","url":"https:\/\/secure.gravatar.com\/avatar\/517384810d242ca9e38c180f3c9fb973?s=96&d=mm&r=g","contentUrl":"https:\/\/secure.gravatar.com\/avatar\/517384810d242ca9e38c180f3c9fb973?s=96&d=mm&r=g","caption":"Administrador"},"url":"https:\/\/www.asajacyl.com\/palencia\/author\/carlosrm"}]}},"_links":{"self":[{"href":"https:\/\/www.asajacyl.com\/palencia\/wp-json\/wp\/v2\/posts\/21999"}],"collection":[{"href":"https:\/\/www.asajacyl.com\/palencia\/wp-json\/wp\/v2\/posts"}],"about":[{"href":"https:\/\/www.asajacyl.com\/palencia\/wp-json\/wp\/v2\/types\/post"}],"author":[{"embeddable":true,"href":"https:\/\/www.asajacyl.com\/palencia\/wp-json\/wp\/v2\/users\/9"}],"replies":[{"embeddable":true,"href":"https:\/\/www.asajacyl.com\/palencia\/wp-json\/wp\/v2\/comments?post=21999"}],"version-history":[{"count":4,"href":"https:\/\/www.asajacyl.com\/palencia\/wp-json\/wp\/v2\/posts\/21999\/revisions"}],"predecessor-version":[{"id":22005,"href":"https:\/\/www.asajacyl.com\/palencia\/wp-json\/wp\/v2\/posts\/21999\/revisions\/22005"}],"wp:featuredmedia":[{"embeddable":true,"href":"https:\/\/www.asajacyl.com\/palencia\/wp-json\/wp\/v2\/media\/22004"}],"wp:attachment":[{"href":"https:\/\/www.asajacyl.com\/palencia\/wp-json\/wp\/v2\/media?parent=21999"}],"wp:term":[{"taxonomy":"category","embeddable":true,"href":"https:\/\/www.asajacyl.com\/palencia\/wp-json\/wp\/v2\/categories?post=21999"},{"taxonomy":"post_tag","embeddable":true,"href":"https:\/\/www.asajacyl.com\/palencia\/wp-json\/wp\/v2\/tags?post=21999"}],"curies":[{"name":"wp","href":"https:\/\/api.w.org\/{rel}","templated":true}]}}